{"id":28852,"date":"2023-06-29T20:53:24","date_gmt":"2023-06-29T18:53:24","guid":{"rendered":"https:\/\/www.newsendip.com\/?p=28852"},"modified":"2024-07-18T15:14:18","modified_gmt":"2024-07-18T13:14:18","slug":"en-colombie-le-lancement-dun-programme-pilote-pour-aider-les-procedures-migratoires-vers-les-etats-unis-visa","status":"publish","type":"post","link":"https:\/\/www.newsendip.com\/fr\/en-colombie-le-lancement-dun-programme-pilote-pour-aider-les-procedures-migratoires-vers-les-etats-unis-visa\/","title":{"rendered":"En Colombie, le lancement d\u2019un programme pilote pour aider les proc\u00e9dures migratoires vers les \u00c9tats-Unis"},"content":{"rendered":"<p><strong>En Colombie, le Movilidad Segura, un programme test men\u00e9 par les \u00c9tats-Unis pour aider la proc\u00e9dure d\u2019immigration aux \u00c9tats-Unis, a \u00e9t\u00e9 lanc\u00e9. L\u2019administration Biden esp\u00e8re que cela r\u00e9duira le nombre de personnes franchissant ill\u00e9galement la fronti\u00e8re mexicaine. Mais il n\u2019est pas destin\u00e9 aux Colombiens. D\u2019autres initiatives similaires sont \u00e9galement en place au Guatemala et au Costa&nbsp;Rica.<\/strong><\/p>\n<figure id=\"attachment_28889\" aria-describedby=\"caption-attachment-28889\" style=\"width: 1024px\" class=\"wp-caption aligncenter\"><img decoding=\"async\" class=\"wp-image-28889 size-large\" src=\"https:\/\/www.newsendip.com\/wp-content\/uploads\/2023\/06\/us-border-control-june-2023-1024x683.webp\" alt=\"Service des douanes et de la protection des fronti\u00e8res\" width=\"1024\" height=\"683\" srcset=\"https:\/\/www.newsendip.com\/wp-content\/uploads\/2023\/06\/us-border-control-june-2023-1024x683.webp 1024w, https:\/\/www.newsendip.com\/wp-content\/uploads\/2023\/06\/us-border-control-june-2023-60x40.webp 60w, https:\/\/www.newsendip.com\/wp-content\/uploads\/2023\/06\/us-border-control-june-2023-720x480.webp 720w, https:\/\/www.newsendip.com\/wp-content\/uploads\/2023\/06\/us-border-control-june-2023-300x200.webp 300w, https:\/\/www.newsendip.com\/wp-content\/uploads\/2023\/06\/us-border-control-june-2023-768x512.webp 768w, https:\/\/www.newsendip.com\/wp-content\/uploads\/2023\/06\/us-border-control-june-2023-1536x1024.webp 1536w, https:\/\/www.newsendip.com\/wp-content\/uploads\/2023\/06\/us-border-control-june-2023.webp 2048w\" sizes=\"(max-width: 1024px) 100vw, 1024px\"><figcaption id=\"caption-attachment-28889\" class=\"wp-caption-text\">Personnel du service des douanes et de la protection des fronti\u00e8res avec des migrants ill\u00e9gaux \u00e0 Hidalgo, au Texas. Illustration | \u00a9 CBP Photo par Jaime Rodriguez Sr., juin&nbsp;2023<\/figcaption><\/figure>\n<p>Depuis le 28 juin, le programme <a href=\"https:\/\/movilidadsegura.org\/\">Movilidad Segura<\/a> (Mobilit\u00e9 s\u00fbre) s\u2019est ouvert en Colombie avec le lancement d\u2019un site internet destin\u00e9 \u00e0 recevoir les demandes d\u2019immigration vers les \u00c9tats-Unis.<\/p>\n<p>Ce programme test de six mois vise \u00e0 aider les aspirants migrants \u00e0 se rendre aux \u00c9tats-Unis par des voies l\u00e9gales et \u00e0 r\u00e9duire le trafic d\u2019\u00eatres humains et les passages ill\u00e9gaux \u00e0 la fronti\u00e8re mexicaine.<\/p>\n<p>Selon les donn\u00e9es du <a href=\"https:\/\/www.cbp.gov\/document\/stats\/nationwide-encounters\">service des douanes et de la protection des fronti\u00e8res<\/a> des \u00c9tats-Unis (Customs and Border Protection, CBP), un nombre record de 131 000 Colombiens ont \u00e9t\u00e9 appr\u00e9hend\u00e9s en tentant de franchir ill\u00e9galement la fronti\u00e8re am\u00e9ricaine entre octobre 2022, le d\u00e9but de l\u2019ann\u00e9e fiscale de l\u2019administration am\u00e9ricaine, et mai 2022. Des statistiques qui d\u00e9passent d\u00e9j\u00e0 les chiffres pour l\u2019ensemble de l\u2019ann\u00e9e fiscale 2022.<\/p>\n<p>Jusqu\u2019\u00e0 pr\u00e9sent, au cours de l\u2019exercice fiscal 2023, les Colombiens repr\u00e9sentent la quatri\u00e8me nationalit\u00e9 la plus stopp\u00e9e par les \u00c9tats-Unis \u00e0 la fronti\u00e8re.<\/p>\n<p>Toutefois, au cours de l\u2019exercice fiscal 2022, les patrouilles am\u00e9ricaines ont arr\u00eat\u00e9 plus de Mexicains (823 000), de Guat\u00e9malt\u00e8ques (233 000), de Cubains (225 000), de Honduriens (215 000), de V\u00e9n\u00e9zu\u00e9liens (190 000) ou de Nicaraguayens (165 000) que de Colombiens (131&nbsp;000).<\/p>\n<p>En effet, le programme Movilidad Segura en Colombie n\u2019est ouvert qu\u2019aux personnes originaires du <a href=\"https:\/\/www.newsendip.com\/fr\/etiquette\/venezuela-fr\/\">Venezuela<\/a>, d\u2019Ha\u00efti et de <a href=\"https:\/\/www.newsendip.com\/fr\/etiquette\/cuba-fr\/\">Cuba<\/a> qui peuvent prouver qu\u2019elles r\u00e9sidaient l\u00e9galement en Colombie avant le 12&nbsp;juin.<\/p>\n<h2>Le programme en Colombie n\u2019est ouvert qu\u2019aux citoyens du Venezuela, du Nicaragua, de Cuba et d\u2019Ha\u00efti<\/h2>\n<p>Movilidad Segura est un projet pilote des \u00c9tats-Unis soutenu par l\u2019Agence des Nations unies pour les r\u00e9fugi\u00e9s (HCR) et l\u2019Organisation internationale pour les migrations (OIM).<\/p>\n<p>Il vise \u00e0 aider <a href=\"https:\/\/www.newsendip.com\/fr\/le-perou-et-le-venezuela-saccordent-sur-le-rapatriement-de-42-000-venezueliens\/\">les r\u00e9fugi\u00e9s<\/a> et les migrants des pays d\u2019Am\u00e9rique du sud et latine \u00e0 se rendre en toute s\u00e9curit\u00e9 et l\u00e9galit\u00e9 aux \u00c9tats-Unis et dans d\u2019autres pays. Gr\u00e2ce \u00e0 ce site internet, les autorit\u00e9s am\u00e9ricaines esp\u00e8rent orienter les demandeurs vers des voies l\u00e9gales pour entrer sur le sol am\u00e9ricain et r\u00e9duire les passages ill\u00e9gaux aux fronti\u00e8res, notamment via le Mexique.<\/p>\n<p>Au d\u00e9but de l\u2019ann\u00e9e 2023, l\u2019administration Biden a annonc\u00e9 que les \u00c9tats-Unis, en coordination avec le <a href=\"https:\/\/www.newsendip.com\/fr\/etiquette\/mexique\/\">Mexique<\/a>, accepteraient jusqu\u2019\u00e0 30 000 migrants par mois en provenance du Venezuela, du Nicaragua, de Cuba et d\u2019Ha\u00efti \u00e0 la fronti\u00e8re mexicaine. Mais d\u2019un autre c\u00f4t\u00e9, ils renforceront les restrictions impos\u00e9es \u00e0 ceux qui tentent de franchir la fronti\u00e8re avec le Mexique sans les documents n\u00e9cessaires.<\/p>\n<p>Les \u00c9tats-Unis esp\u00e8rent att\u00e9nuer la crise migratoire \u00e0 la fronti\u00e8re mexicaine longue de 3 100\u202fkm qui s\u2019est amplifi\u00e9e depuis 2021.<\/p>\n<figure id=\"attachment_28891\" aria-describedby=\"caption-attachment-28891\" style=\"width: 1024px\" class=\"wp-caption aligncenter\"><img decoding=\"async\" class=\"wp-image-28891 size-large\" src=\"https:\/\/www.newsendip.com\/wp-content\/uploads\/2023\/06\/migration-arrest-us-border-data-1024x539.webp\" alt=\"Le nombre de migrants ill\u00e9gaux appr\u00e9hend\u00e9s par les services frontaliers des \u00c9tats-Unis par ann\u00e9e et par mois\" width=\"1024\" height=\"539\" srcset=\"https:\/\/www.newsendip.com\/wp-content\/uploads\/2023\/06\/migration-arrest-us-border-data-1024x539.webp 1024w, https:\/\/www.newsendip.com\/wp-content\/uploads\/2023\/06\/migration-arrest-us-border-data-300x158.webp 300w, https:\/\/www.newsendip.com\/wp-content\/uploads\/2023\/06\/migration-arrest-us-border-data-768x404.webp 768w, https:\/\/www.newsendip.com\/wp-content\/uploads\/2023\/06\/migration-arrest-us-border-data.webp 1254w\" sizes=\"(max-width: 1024px) 100vw, 1024px\"><figcaption id=\"caption-attachment-28891\" class=\"wp-caption-text\">Le nombre de migrants ill\u00e9gaux appr\u00e9hend\u00e9s par les services frontaliers des \u00c9tats-Unis par ann\u00e9e et par mois. Le nombre de migrants ill\u00e9gaux appr\u00e9hend\u00e9s a fortement augment\u00e9 depuis 2021 | \u00a9 U.S. Customs Border and Protection<\/figcaption><\/figure>\n<p>Fin avril, le <a href=\"https:\/\/www.dhs.gov\/news\/2023\/04\/27\/fact-sheet-us-government-announces-sweeping-new-actions-manage-regional-migration\">D\u00e9partement d\u2019\u00c9tat et le D\u00e9partement de la s\u00e9curit\u00e9 int\u00e9rieure<\/a> ont annonc\u00e9, entre autres mesures, l\u2019ouverture de centres de r\u00e9gionaux dans les pays partenaires \u00ab\u202f<em>afin de r\u00e9duire la migration irr\u00e9guli\u00e8re et de faciliter des voies d\u2019acc\u00e8s s\u00fbres, ordonn\u00e9es, humaines et l\u00e9gales depuis les Am\u00e9riques\u202f\u00bb<\/em>.<\/p>\n<p>Sur le site internet de Movilidad Segura, les personnes peuvent remplir des formulaires en ligne pour demander un visa aux \u00c9tats-Unis. Si elles remplissent les crit\u00e8res d\u2019entr\u00e9e, elles peuvent ensuite \u00eatre invit\u00e9es \u00e0 un entretien en personne dans ces centres de traitement locaux. L\u2019ensemble de la proc\u00e9dure est gratuit. Les agents v\u00e9rifient \u00e9galement si les demandeurs peuvent pr\u00e9tendre \u00e0 un statut de r\u00e9fugi\u00e9 ou \u00e0 d\u2019autres visas au Canada et en Espagne.<\/p>\n<p>Le programme Movilidad Segura est une extension d\u2019un programme similaire lanc\u00e9 en octobre pour les V\u00e9n\u00e9zu\u00e9liens, avec un maximum de 24 000 personnes par an, lui-m\u00eame inspir\u00e9 d\u2019un programmes pour les Ukrainiens fuyant la guerre avec la Russie.<\/p>\n<p>CBPOne, une application mobile qui permet aux personnes de prendre rendez-vous \u00e0 un poste frontalier, a \u00e9t\u00e9 introduite en octobre dernier et est maintenant \u00e9tendue aux autres nationalit\u00e9s.<\/p>\n<h2>Pr\u00e8s de 2 millions de V\u00e9n\u00e9zu\u00e9liens ont fui vers la Colombie<\/h2>\n<p>La Colombie est le pays d\u2019Am\u00e9rique du Sud qui accueille <a href=\"https:\/\/www.newsendip.com\/fr\/1-milliard-de-dollars-pour-aider-les-refugies-venezueliens\/\">le plus de r\u00e9fugi\u00e9s v\u00e9n\u00e9zu\u00e9liens<\/a>.<\/p>\n<p>Malgr\u00e9 la fermeture de la fronti\u00e8re de 2 200 kilom\u00e8tres pendant plusieurs ann\u00e9es, 1,8 million de V\u00e9n\u00e9zu\u00e9liens ont migr\u00e9 vers la Colombie entre 2015 et 2021, et la moiti\u00e9 d\u2019entre eux ont franchi la fronti\u00e8re sans papiers. L\u2019ancien pr\u00e9sident colombien Iv\u00e1n Duque, grand opposant au r\u00e9gime de Nicol\u00e1s Maduro, souhaitait naturaliser tous les V\u00e9n\u00e9zu\u00e9liens d\u00e9j\u00e0 pr\u00e9sents en Colombie. En 2021, le pays a vu 1,2 million de personnes s\u2019inscrire en ligne pour obtenir un statut de protection de 10 ans en Colombie, ce qui leur permettait de travailler l\u00e9galement.<\/p>\n<p>Avec l\u2019\u00e9lection de Gustavo Petro en 2022, le premier pr\u00e9sident de gauche de la Colombie a reconnu Nicol\u00e1s Maduro comme le dirigeant l\u00e9gitime du Venezuela, les <a href=\"https:\/\/www.newsendip.com\/fr\/la-reouverture-de-la-frontiere-entre-la-colombie-et-le-venezuela-nouvelle-etape-dans-les-relations-entre-les-deux-voisins\/\">relations diplomatiques et la fronti\u00e8re furent r\u00e9tablies entre les deux voisins<\/a>.<\/p>\n<p>Les Colombiens ne font pas partie du programme pilote et ne peuvent pas <a href=\"https:\/\/www.newsendip.com\/fr\/le-royaume-uni-supprime-le-visa-touristique-pour-la-colombie-le-perou-et-le-guyana-esperant-attirer-davantage-de-visiteurs\/\">demander un visa<\/a> par l\u2019interm\u00e9diaire de Movilidad Segura.<\/p>\n<p>N\u00e9anmoins, les \u00c9tats-Unis ont promis d\u2019\u00e9largir les possibilit\u00e9s de r\u00e9sidence l\u00e9gale pour les citoyens colombiens qui ont \u00e9migr\u00e9 ou esp\u00e8rent \u00e9migrer aux \u00c9tats-Unis avec la mobilit\u00e9 \u00e9conomique, les visas d\u2019\u00e9tude et les programmes de regroupement familial, et de r\u00e9duire les d\u00e9lais d\u2019obtention des rendez-vous pour les demandeurs de&nbsp;visa.<\/p>\n<h2>Les demandes de visa temporairement indisponibles<\/h2>\n<p>Le lancement du site internet en Colombie, retard\u00e9 d\u2019une douzaine de jours, n\u2019est pas sans accrocs.<\/p>\n<p>Le site pr\u00e9vient que le formulaire en ligne peut occasionnellement ne pas \u00eatre disponible pour les nouvelles demandes car le programme est <em>\u00ab\u202fen cours de lancement\u202f\u00bb<\/em>. Il peut p\u00e9riodiquement cesser d\u2019accepter des demandes afin de r\u00e9soudre les divers probl\u00e8mes qui peuvent surgir. Et jeudi, un jour apr\u00e8s le lancement, les candidatures en ligne \u00e9taient d\u00e9j\u00e0 temporairement ferm\u00e9es et les personnes invit\u00e9es \u00e0 revenir plus&nbsp;tard.<\/p>\n<p>Le programme de mobilit\u00e9 s\u00fbre existe \u00e9galement dans deux autres pays \u00e0 l\u2019heure actuelle. Au <a href=\"https:\/\/www.newsendip.com\/fr\/le-bureau-du-procureur-general-du-guatemala-souhaite-larrestation-du-ministre-de-la-defense-de-colombie\/\">Guatemala<\/a>, le programme est ouvert aux Guat\u00e9malt\u00e8ques et aux ressortissants du Salvador, du Honduras et du Nicaragua, mais le 29 juin, les candidatures en ligne \u00e9taient \u00e9galement temporairement ferm\u00e9es.<\/p>\n<p>Au Costa Rica, le programme est r\u00e9serv\u00e9 aux Nicaraguayens et aux V\u00e9n\u00e9zu\u00e9liens, du moins pour une phase initiale de deux&nbsp;mois.<\/p>\n<p><a href=\"https:\/\/www.newsendip.com\/fr\/etiquette\/colombie\/\"><strong>D\u00e9couvrez plus d\u2019actualit\u00e9s sur la Colombie<\/strong><\/a><\/p>\n","protected":false},"excerpt":{"rendered":"<p>En Colombie, le Movilidad Segura, un programme test men\u00e9 par les \u00c9tats-Unis pour aider la proc\u00e9dure d\u2019immigration aux \u00c9tats-Unis, a \u00e9t\u00e9 lanc\u00e9. Mais il n\u2019est pas destin\u00e9 aux Colombiens.<\/p>\n","protected":false},"author":1,"featured_media":28889,"comment_status":"closed","ping_status":"open","sticky":false,"template":"","format":"standard","meta":{"wp_typography_post_enhancements_disabled":false,"footnotes":""},"categories":[409],"tags":[440,469,807,417,1342,802,421],"class_list":["post-28852","post","type-post","status-publish","format-standard","has-post-thumbnail","hentry","category-societe","tag-colombie","tag-costa-rica-fr","tag-cuba-fr","tag-etats-unis","tag-guatemala-fr","tag-venezuela-fr","tag-vieux"],"yoast_head":"<!-- This site is optimized with the Yoast SEO Premium plugin v27.4 (Yoast SEO v27.4) - https:\/\/yoast.com\/product\/yoast-seo-premium-wordpress\/ -->\n<title>En Colombie, le lancement d&#039;un programme pilote pour aider les proc\u00e9dures migratoires vers les \u00c9tats-Unis<\/title>\n<meta name=\"description\" content=\"En Colombie, le Movilidad Segura, un programme test men\u00e9 par les \u00c9tats-Unis pour aider la proc\u00e9dure d&#039;immigration aux \u00c9tats-Unis, a \u00e9t\u00e9 lanc\u00e9. Mais il n&#039;est pas destin\u00e9 aux Colombiens.\" \/>\n<meta name=\"robots\" content=\"index, follow, max-snippet:-1, max-image-preview:large, max-video-preview:-1\" \/>\n<link rel=\"canonical\" href=\"https:\/\/www.newsendip.com\/fr\/en-colombie-le-lancement-dun-programme-pilote-pour-aider-les-procedures-migratoires-vers-les-etats-unis-visa\/\" \/>\n<meta property=\"og:locale\" content=\"fr_FR\" \/>\n<meta property=\"og:type\" content=\"article\" \/>\n<meta property=\"og:title\" content=\"En Colombie, le lancement d&#039;un programme pilote pour aider les proc\u00e9dures migratoires vers les \u00c9tats-Unis\" \/>\n<meta property=\"og:description\" content=\"En Colombie, le Movilidad Segura, un programme test men\u00e9 par les \u00c9tats-Unis pour aider la proc\u00e9dure d&#039;immigration aux \u00c9tats-Unis, a \u00e9t\u00e9 lanc\u00e9. Mais il n&#039;est pas destin\u00e9 aux Colombiens.\" \/>\n<meta property=\"og:url\" content=\"https:\/\/www.newsendip.com\/fr\/en-colombie-le-lancement-dun-programme-pilote-pour-aider-les-procedures-migratoires-vers-les-etats-unis-visa\/\" \/>\n<meta property=\"og:site_name\" content=\"Newsendip\" \/>\n<meta property=\"article:publisher\" content=\"https:\/\/www.facebook.com\/newsendip\" \/>\n<meta property=\"article:published_time\" content=\"2023-06-29T18:53:24+00:00\" \/>\n<meta property=\"article:modified_time\" content=\"2024-07-18T13:14:18+00:00\" \/>\n<meta property=\"og:image\" content=\"https:\/\/www.newsendip.com\/wp-content\/uploads\/2023\/06\/us-border-control-june-2023.jpeg\" \/>\n\t<meta property=\"og:image:width\" content=\"2048\" \/>\n\t<meta property=\"og:image:height\" content=\"1365\" \/>\n\t<meta property=\"og:image:type\" content=\"image\/jpeg\" \/>\n<meta name=\"author\" content=\"Cl\u00e9ment V\u00e9rit\u00e9\" \/>\n<meta name=\"twitter:card\" content=\"summary_large_image\" \/>\n<meta name=\"twitter:image\" content=\"https:\/\/www.newsendip.com\/wp-content\/uploads\/2023\/06\/us-border-control-june-2023.jpeg\" \/>\n<meta name=\"twitter:creator\" content=\"@https:\/\/twitter.com\/cverite\" \/>\n<meta name=\"twitter:site\" content=\"@newsendip\" \/>\n<meta name=\"twitter:label1\" content=\"\u00c9crit par\" \/>\n\t<meta name=\"twitter:data1\" content=\"Cl\u00e9ment V\u00e9rit\u00e9\" \/>\n\t<meta name=\"twitter:label2\" content=\"Dur\u00e9e de lecture estim\u00e9e\" \/>\n\t<meta name=\"twitter:data2\" content=\"6 minutes\" \/>\n<!-- \/ Yoast SEO Premium plugin. -->","yoast_head_json":{"title":"En Colombie, le lancement d'un programme pilote pour aider les proc\u00e9dures migratoires vers les \u00c9tats-Unis","description":"En Colombie, le Movilidad Segura, un programme test men\u00e9 par les \u00c9tats-Unis pour aider la proc\u00e9dure d'immigration aux \u00c9tats-Unis, a \u00e9t\u00e9 lanc\u00e9. Mais il n'est pas destin\u00e9 aux Colombiens.","robots":{"index":"index","follow":"follow","max-snippet":"max-snippet:-1","max-image-preview":"max-image-preview:large","max-video-preview":"max-video-preview:-1"},"canonical":"https:\/\/www.newsendip.com\/fr\/en-colombie-le-lancement-dun-programme-pilote-pour-aider-les-procedures-migratoires-vers-les-etats-unis-visa\/","og_locale":"fr_FR","og_type":"article","og_title":"En Colombie, le lancement d'un programme pilote pour aider les proc\u00e9dures migratoires vers les \u00c9tats-Unis","og_description":"En Colombie, le Movilidad Segura, un programme test men\u00e9 par les \u00c9tats-Unis pour aider la proc\u00e9dure d'immigration aux \u00c9tats-Unis, a \u00e9t\u00e9 lanc\u00e9. Mais il n'est pas destin\u00e9 aux Colombiens.","og_url":"https:\/\/www.newsendip.com\/fr\/en-colombie-le-lancement-dun-programme-pilote-pour-aider-les-procedures-migratoires-vers-les-etats-unis-visa\/","og_site_name":"Newsendip","article_publisher":"https:\/\/www.facebook.com\/newsendip","article_published_time":"2023-06-29T18:53:24+00:00","article_modified_time":"2024-07-18T13:14:18+00:00","og_image":[{"width":2048,"height":1365,"url":"https:\/\/www.newsendip.com\/wp-content\/uploads\/2023\/06\/us-border-control-june-2023.jpeg","type":"image\/jpeg"}],"author":"Cl\u00e9ment V\u00e9rit\u00e9","twitter_card":"summary_large_image","twitter_image":"https:\/\/www.newsendip.com\/wp-content\/uploads\/2023\/06\/us-border-control-june-2023.jpeg","twitter_creator":"@https:\/\/twitter.com\/cverite","twitter_site":"@newsendip","twitter_misc":{"\u00c9crit par":"Cl\u00e9ment V\u00e9rit\u00e9","Dur\u00e9e de lecture estim\u00e9e":"6 minutes"},"schema":{"@context":"https:\/\/schema.org","@graph":[{"@type":"NewsArticle","@id":"https:\/\/www.newsendip.com\/fr\/en-colombie-le-lancement-dun-programme-pilote-pour-aider-les-procedures-migratoires-vers-les-etats-unis-visa\/#article","isPartOf":{"@id":"https:\/\/www.newsendip.com\/fr\/en-colombie-le-lancement-dun-programme-pilote-pour-aider-les-procedures-migratoires-vers-les-etats-unis-visa\/"},"author":{"name":"Cl\u00e9ment V\u00e9rit\u00e9","@id":"https:\/\/www.newsendip.com\/fr\/#\/schema\/person\/ea22c01755f464a3cbc2c619584d6363"},"headline":"En Colombie, le lancement d\u2019un programme pilote pour aider les proc\u00e9dures migratoires vers les \u00c9tats-Unis","datePublished":"2023-06-29T18:53:24+00:00","dateModified":"2024-07-18T13:14:18+00:00","mainEntityOfPage":{"@id":"https:\/\/www.newsendip.com\/fr\/en-colombie-le-lancement-dun-programme-pilote-pour-aider-les-procedures-migratoires-vers-les-etats-unis-visa\/"},"wordCount":1276,"publisher":{"@id":"https:\/\/www.newsendip.com\/fr\/#organization"},"image":{"@id":"https:\/\/www.newsendip.com\/fr\/en-colombie-le-lancement-dun-programme-pilote-pour-aider-les-procedures-migratoires-vers-les-etats-unis-visa\/#primaryimage"},"thumbnailUrl":"https:\/\/www.newsendip.com\/wp-content\/uploads\/2023\/06\/us-border-control-june-2023.webp","keywords":["Colombie","Costa Rica","Cuba","\u00c9tats-Unis","Guatemala","V\u00e9n\u00e9zu\u00e9la","Vieux"],"articleSection":["Soci\u00e9t\u00e9"],"inLanguage":"fr-FR","copyrightYear":"2023","copyrightHolder":{"@id":"https:\/\/www.newsendip.com\/#organization"}},{"@type":"WebPage","@id":"https:\/\/www.newsendip.com\/fr\/en-colombie-le-lancement-dun-programme-pilote-pour-aider-les-procedures-migratoires-vers-les-etats-unis-visa\/","url":"https:\/\/www.newsendip.com\/fr\/en-colombie-le-lancement-dun-programme-pilote-pour-aider-les-procedures-migratoires-vers-les-etats-unis-visa\/","name":"En Colombie, le lancement d'un programme pilote pour aider les proc\u00e9dures migratoires vers les \u00c9tats-Unis","isPartOf":{"@id":"https:\/\/www.newsendip.com\/fr\/#website"},"primaryImageOfPage":{"@id":"https:\/\/www.newsendip.com\/fr\/en-colombie-le-lancement-dun-programme-pilote-pour-aider-les-procedures-migratoires-vers-les-etats-unis-visa\/#primaryimage"},"image":{"@id":"https:\/\/www.newsendip.com\/fr\/en-colombie-le-lancement-dun-programme-pilote-pour-aider-les-procedures-migratoires-vers-les-etats-unis-visa\/#primaryimage"},"thumbnailUrl":"https:\/\/www.newsendip.com\/wp-content\/uploads\/2023\/06\/us-border-control-june-2023.webp","datePublished":"2023-06-29T18:53:24+00:00","dateModified":"2024-07-18T13:14:18+00:00","description":"En Colombie, le Movilidad Segura, un programme test men\u00e9 par les \u00c9tats-Unis pour aider la proc\u00e9dure d'immigration aux \u00c9tats-Unis, a \u00e9t\u00e9 lanc\u00e9. Mais il n'est pas destin\u00e9 aux Colombiens.","breadcrumb":{"@id":"https:\/\/www.newsendip.com\/fr\/en-colombie-le-lancement-dun-programme-pilote-pour-aider-les-procedures-migratoires-vers-les-etats-unis-visa\/#breadcrumb"},"inLanguage":"fr-FR","potentialAction":[{"@type":"ReadAction","target":["https:\/\/www.newsendip.com\/fr\/en-colombie-le-lancement-dun-programme-pilote-pour-aider-les-procedures-migratoires-vers-les-etats-unis-visa\/"]}]},{"@type":"ImageObject","inLanguage":"fr-FR","@id":"https:\/\/www.newsendip.com\/fr\/en-colombie-le-lancement-dun-programme-pilote-pour-aider-les-procedures-migratoires-vers-les-etats-unis-visa\/#primaryimage","url":"https:\/\/www.newsendip.com\/wp-content\/uploads\/2023\/06\/us-border-control-june-2023.webp","contentUrl":"https:\/\/www.newsendip.com\/wp-content\/uploads\/2023\/06\/us-border-control-june-2023.webp","width":2048,"height":1365,"caption":"Personnel du service des douanes et de la protection des fronti\u00e8res avec des migrants ill\u00e9gaux \u00e0 Hidalgo, au Texas. Illustration | \u00a9 CBP Photo par Jaime Rodriguez Sr., juin 2023"},{"@type":"BreadcrumbList","@id":"https:\/\/www.newsendip.com\/fr\/en-colombie-le-lancement-dun-programme-pilote-pour-aider-les-procedures-migratoires-vers-les-etats-unis-visa\/#breadcrumb","itemListElement":[{"@type":"ListItem","position":1,"name":"Accueil","item":"https:\/\/www.newsendip.com\/fr\/"},{"@type":"ListItem","position":2,"name":"En Colombie, le lancement d&#8217;un programme pilote pour aider les proc\u00e9dures migratoires vers les \u00c9tats-Unis"}]},{"@type":"WebSite","@id":"https:\/\/www.newsendip.com\/fr\/#website","url":"https:\/\/www.newsendip.com\/fr\/","name":"Newsendip","description":"Red\u00e9couvrez l&#039;actualit\u00e9 internationale","publisher":{"@id":"https:\/\/www.newsendip.com\/fr\/#organization"},"potentialAction":[{"@type":"SearchAction","target":{"@type":"EntryPoint","urlTemplate":"https:\/\/www.newsendip.com\/fr\/?s={search_term_string}"},"query-input":{"@type":"PropertyValueSpecification","valueRequired":true,"valueName":"search_term_string"}}],"inLanguage":"fr-FR"},{"@type":"Organization","@id":"https:\/\/www.newsendip.com\/fr\/#organization","name":"Newsendip","url":"https:\/\/www.newsendip.com\/fr\/","logo":{"@type":"ImageObject","inLanguage":"fr-FR","@id":"https:\/\/www.newsendip.com\/fr\/#\/schema\/logo\/image\/","url":"https:\/\/www.newsendip.com\/wp-content\/uploads\/2023\/12\/512x512.svg","contentUrl":"https:\/\/www.newsendip.com\/wp-content\/uploads\/2023\/12\/512x512.svg","width":1,"height":1,"caption":"Newsendip"},"image":{"@id":"https:\/\/www.newsendip.com\/fr\/#\/schema\/logo\/image\/"},"sameAs":["https:\/\/www.facebook.com\/newsendip","https:\/\/x.com\/newsendip","https:\/\/mastodon.social\/@newsendip","https:\/\/www.linkedin.com\/company\/newsendip"],"description":"Newsendip est un site qui a pour mission de rendre l'actualit\u00e9 internationale accessible et diversifi\u00e9e","email":"contact@newsendip.com","legalName":"Newsendip SAS","foundingDate":"2022-11-04","vatID":"FR60921124723","numberOfEmployees":{"@type":"QuantitativeValue","minValue":"1","maxValue":"10"},"publishingPrinciples":"https:\/\/www.newsendip.com\/about-us\/","ownershipFundingInfo":"https:\/\/www.newsendip.com\/legal-notice\/","actionableFeedbackPolicy":"https:\/\/www.newsendip.com\/about-us\/","correctionsPolicy":"https:\/\/www.newsendip.com\/about-us\/","ethicsPolicy":"https:\/\/www.newsendip.com\/about-us\/","diversityPolicy":"https:\/\/www.newsendip.com\/about-us\/"},{"@type":"Person","@id":"https:\/\/www.newsendip.com\/fr\/#\/schema\/person\/ea22c01755f464a3cbc2c619584d6363","name":"Cl\u00e9ment V\u00e9rit\u00e9","description":"Cl\u00e9ment is the executive editor and founder of Newsendip. He started in the media industry as a freelance reporter at 16 for a local French newspaper after school and has never left it. He later worked for seven years at The New York Times, notably as a data analyst. He holds a Master of Management in France and a Master of Arts in the United Kingdom in International Marketing &amp; Communications Strategy. He has lived in France, the United Kingdom, and Italy.","sameAs":["https:\/\/www.newsendip.com\/","https:\/\/www.linkedin.com\/in\/clementverite\/","https:\/\/x.com\/https:\/\/twitter.com\/cverite"],"knowsAbout":["News","International","Business","Media monitoring"],"knowsLanguage":["English","French","Italian","Spanish"],"url":"https:\/\/www.newsendip.com\/fr\/author\/clement-verite\/"}]}},"_links":{"self":[{"href":"https:\/\/www.newsendip.com\/fr\/wp-json\/wp\/v2\/posts\/28852","targetHints":{"allow":["GET"]}}],"collection":[{"href":"https:\/\/www.newsendip.com\/fr\/wp-json\/wp\/v2\/posts"}],"about":[{"href":"https:\/\/www.newsendip.com\/fr\/wp-json\/wp\/v2\/types\/post"}],"author":[{"embeddable":true,"href":"https:\/\/www.newsendip.com\/fr\/wp-json\/wp\/v2\/users\/1"}],"replies":[{"embeddable":true,"href":"https:\/\/www.newsendip.com\/fr\/wp-json\/wp\/v2\/comments?post=28852"}],"version-history":[{"count":0,"href":"https:\/\/www.newsendip.com\/fr\/wp-json\/wp\/v2\/posts\/28852\/revisions"}],"wp:featuredmedia":[{"embeddable":true,"href":"https:\/\/www.newsendip.com\/fr\/wp-json\/wp\/v2\/media\/28889"}],"wp:attachment":[{"href":"https:\/\/www.newsendip.com\/fr\/wp-json\/wp\/v2\/media?parent=28852"}],"wp:term":[{"taxonomy":"category","embeddable":true,"href":"https:\/\/www.newsendip.com\/fr\/wp-json\/wp\/v2\/categories?post=28852"},{"taxonomy":"post_tag","embeddable":true,"href":"https:\/\/www.newsendip.com\/fr\/wp-json\/wp\/v2\/tags?post=28852"}],"curies":[{"name":"wp","href":"https:\/\/api.w.org\/{rel}","templated":true}]}}