{"id":29208,"date":"2021-03-24T14:44:32","date_gmt":"2021-03-24T13:44:32","guid":{"rendered":"https:\/\/www.newsendip.com\/?p=29208"},"modified":"2024-07-23T18:09:27","modified_gmt":"2024-07-23T16:09:27","slug":"au-ghana-deux-lyceens-sont-exclus-a-cause-de-leurs-dreadlocks","status":"publish","type":"post","link":"https:\/\/www.newsendip.com\/fr\/au-ghana-deux-lyceens-sont-exclus-a-cause-de-leurs-dreadlocks\/","title":{"rendered":"Au Ghana, deux lyc\u00e9ens sont exclus \u00e0 cause de leurs dreadlocks"},"content":{"rendered":"<p><strong>Deux \u00e9l\u00e8ves ne peuvent pas assister aux cours de l\u2019\u00e9cole Achimota parce qu\u2019ils portent des dreadlocks. Le service \u00e9ducatif du Ghana a d\u2019abord demand\u00e9 \u00e0 l\u2019\u00e9cole de les admettre avant de revenir sur sa d\u00e9cision.<\/strong><\/p>\n<p><img decoding=\"async\" class=\"aligncenter wp-image-13885 size-full\" src=\"https:\/\/www.newsendip.com\/wp-content\/uploads\/2022\/01\/ghana-dreadlock-students-achimota.webp\" alt=\"dreadlocks\" width=\"640\" height=\"435\" srcset=\"https:\/\/www.newsendip.com\/wp-content\/uploads\/2022\/01\/ghana-dreadlock-students-achimota.webp 640w, https:\/\/www.newsendip.com\/wp-content\/uploads\/2022\/01\/ghana-dreadlock-students-achimota-300x204.webp 300w, https:\/\/www.newsendip.com\/wp-content\/uploads\/2022\/01\/ghana-dreadlock-students-achimota-220x150.webp 220w\" sizes=\"(max-width: 640px) 100vw, 640px\"><\/p>\n<h2>Les dreadlocks&nbsp;: simple coiffure ou symbole religieux\u202f?<\/h2>\n<p>Deux \u00e9l\u00e8ves du cycle secondaire ont \u00e9t\u00e9 exclus d\u2019une \u00e9cole publique renomm\u00e9e du Ghana parce qu\u2019ils refusaient de couper leurs dreadlocks.<\/p>\n<p>Inspir\u00e9e d\u2019un syst\u00e8me scolaire public britannique, l\u2019\u00e9cole Achimota fut la premi\u00e8re \u00e9cole mixte de la Gold Coast. Plusieurs dirigeants africains, dont d\u2019anciens chefs d\u2019\u00c9tat ghan\u00e9ens, ont suivi les cours de cet \u00e9tablissement r\u00e9nomm\u00e9.<\/p>\n<p>Tyron Marghuy, l\u2019un des \u00e9l\u00e8ves \u00e0 l\u2019origine de la controverse, a <a href=\"#ref\">d\u00e9clar\u00e9 dans une interview <\/a>qu\u2019il estimait qu\u2019il n\u2019\u00e9tait \u00ab\u202f<em>pas n\u00e9cessaire de (se) couper les cheveux. Ce n\u2019est pas la premi\u00e8re fois que des personnes vont \u00e0 l\u2019\u00e9cole avec mes cheveux\u202f\u00bb.<\/em><\/p>\n<p>M. Marghuy conna\u00eet \u00e9galement le r\u00e8glement de l\u2019\u00e9cole&nbsp;: \u00ab\u202f<em>Lorsque vous acceptez l\u2019offre d\u2019admission, vous vous conformez aux r\u00e8gles de l\u2019\u00e9cole. Dans la section \u201capparence\u201d, vous devez couper vos cheveux\u202f\u00bb<\/em>.<\/p>\n<p>Cependant, il signale plusieurs cas o\u00f9 le r\u00e8glement est capable de s\u2019adapter \u00e0 des cas particuliers, mais \u00ab\u202f<em>lorsqu\u2019il s\u2019agit de lignes directrices sur l\u2019apparence, nous n\u2019avons qu\u2019une seule ligne g\u00e9n\u00e9rale sur l\u2019apparence\u202f\u00bb<\/em>.<\/p>\n<p>Le jeune homme de 17 ans a eu les cheveux courts de 1 \u00e0 13 ans, puis a d\u00e9cid\u00e9 de les laisser pousser. Il a \u00e9galement justifi\u00e9 sa d\u00e9cision actuelle&nbsp;: \u00ab\u202f<em>Je suivrai la religion de mon p\u00e8re tant que je resterai \u00e0 la maison\u202f\u00bb<\/em>.<\/p>\n<p>En effet,&nbsp; la pol\u00e9mique porte surtout sur la question de savoir si la d\u00e9cision est discriminatoire \u00e0 l\u2019\u00e9gard des Rastafaris.<\/p>\n<figure id=\"attachment_13489\" aria-describedby=\"caption-attachment-13489\" style=\"width: 1024px\" class=\"wp-caption aligncenter\"><img decoding=\"async\" class=\"wp-image-13489 size-large\" src=\"https:\/\/www.newsendip.com\/wp-content\/uploads\/2021\/03\/ACHIMOTA-1024x768.jpg\" alt=\"Ecole Achimota au Ghana\" width=\"1024\" height=\"768\" srcset=\"https:\/\/www.newsendip.com\/wp-content\/uploads\/2021\/03\/ACHIMOTA-1024x768.jpg 1024w, https:\/\/www.newsendip.com\/wp-content\/uploads\/2021\/03\/ACHIMOTA-60x45.jpg 60w, https:\/\/www.newsendip.com\/wp-content\/uploads\/2021\/03\/ACHIMOTA-300x225.jpg 300w, https:\/\/www.newsendip.com\/wp-content\/uploads\/2021\/03\/ACHIMOTA-768x576.jpg 768w, https:\/\/www.newsendip.com\/wp-content\/uploads\/2021\/03\/ACHIMOTA-1536x1152.jpg 1536w, https:\/\/www.newsendip.com\/wp-content\/uploads\/2021\/03\/ACHIMOTA.jpg 1559w\" sizes=\"(max-width: 1024px) 100vw, 1024px\"><figcaption id=\"caption-attachment-13489\" class=\"wp-caption-text\">L\u2019\u00e9cole Achimota au Ghana refusait deux \u00e9tudiants d\u2019avoir des dreadlocks<\/figcaption><\/figure>\n<h2>Le rastafarisme comme religion<\/h2>\n<p><!--more--><\/p>\n<p>Le mouvement rastafari est assimil\u00e9 par beaucoup comme un mouvement social initi\u00e9 par Bob Marley consistant \u00e0 <a href=\"https:\/\/www.newsendip.com\/fr\/pour-la-premiere-fois-en-suisse-des-personnes-peuvent-acheter-du-cannabis-a-usage-recreatif-legalement-dans-le-cadre-dune-etude\/\">fumer de l\u2019herbe<\/a> et \u00e0 rejeter le consum\u00e9risme. Mais le rastafarisme est une religion n\u00e9e en Jama\u00efque dans les ann\u00e9es 1930.<\/p>\n<p>Et les dreadlocks font partie des principaux symboles rasta.<\/p>\n<p>Bob Marley est devenu rasta en 1966, l\u2019ann\u00e9e o\u00f9 Hail\u00e9 S\u00e9lassi\u00e9, l\u2019empereur d\u2019\u00c9thiopie de 1930 \u00e0 1974, s\u2019est rendu en Jama\u00efque.<\/p>\n<p>Bien qu\u2019Hail\u00e9 S\u00e9lassi\u00e9 f\u00fbt un fervent chr\u00e9tien, les Rastafaris v\u00e9n\u00e9raient l\u2019ancien empereur et le consid\u00e9raient comme une figure cl\u00e9 de l\u2019id\u00e9ologie rastafari.<\/p>\n<p>Il \u00e9tait consid\u00e9r\u00e9 comme celui qui conduirait la diaspora africaine vers la libert\u00e9. Il \u00e9tait \u00e9galement consid\u00e9r\u00e9 comme une r\u00e9incarnation de&nbsp;J\u00e9sus.<\/p>\n<p>Les Rastas sont afrocentriques et rejettent la soci\u00e9t\u00e9 occidentale, \u00e9galement appel\u00e9e \u00ab\u202fBabylone\u202f\u00bb, qui a opprim\u00e9 l\u2019Afrique. L\u2019\u00c9thiopie est d\u2019ailleurs le seul pays africain \u00e0 avoir r\u00e9sist\u00e9 au colonialisme.<\/p>\n<p>Pour les rastafariens, la terre promise, ou \u00ab\u202fZion\u202f\u00bb, se situe en \u00c9thiopie et de mani\u00e8re plus large en Afrique.<\/p>\n<p>Leur apparence physique est une forme de dissidence par rapport \u00e0 l\u2019Occident. Les dreadlocks sont une cons\u00e9quence de leur attachement \u00e0 la nature.<\/p>\n<figure id=\"attachment_13490\" aria-describedby=\"caption-attachment-13490\" style=\"width: 256px\" class=\"wp-caption aligncenter\"><img decoding=\"async\" class=\"wp-image-13490 size-full\" src=\"https:\/\/www.newsendip.com\/wp-content\/uploads\/2021\/03\/haile_selassie.jpg\" alt=\"Ha\u00efl\u00e9 S\u00e9lassi\u00e9 Ier d'\u00c9thiopie\" width=\"256\" height=\"319\" srcset=\"https:\/\/www.newsendip.com\/wp-content\/uploads\/2021\/03\/haile_selassie.jpg 256w, https:\/\/www.newsendip.com\/wp-content\/uploads\/2021\/03\/haile_selassie-241x300.jpg 241w\" sizes=\"(max-width: 256px) 100vw, 256px\"><figcaption id=\"caption-attachment-13490\" class=\"wp-caption-text\">Ha\u00efl\u00e9 S\u00e9lassi\u00e9 Ier d\u2019\u00c9thiopie en 1930 est li\u00e9 aux origines de la religion rastafari, Collection de photographies de G. Eric et Edith Matson.<\/figcaption><\/figure>\n<p>Le Ghana compte de nombreux Rastas. Leur mode de vie est plus tol\u00e9r\u00e9 dans le pays que dans d\u2019autres r\u00e9gions d\u2019Afrique. Nana Rita Marley, la veuve de Bob Marley, a \u00e9t\u00e9 <a href=\"#ref\">nomm\u00e9e citoyenne d\u2019honneur du Ghana<\/a> et a re\u00e7u un passeport ghan\u00e9en en&nbsp;2015.<\/p>\n<p>La constitution ghan\u00e9enne ne d\u00e9signe pas de religion d\u2019\u00c9tat et interdit toute discrimination religieuse. Environ 70\u202f% des Ghan\u00e9ens sont chr\u00e9tiens, 18\u202f% sont musulmans et 12\u202f% pratiquent des religions animistes, pastorales ou autres, telles que le bouddhisme, le juda\u00efsme, l\u2019hindouisme, le shinto\u00efsme ou le rastafarisme.<\/p>\n<h2>Une r\u00e9glementation in\u00e9galement appliqu\u00e9e\u202f?<\/h2>\n<p>Le Service de l\u2019\u00e9ducation du Ghana, une agence gouvernementale d\u00e9pendant du ministre de l\u2019\u00e9ducation, a d\u2019abord demand\u00e9 \u00e0 admettre les \u00e9l\u00e8ves \u00e0 condition que leurs cheveux soient \u00ab\u202f<em>bien attach\u00e9s\u202f\u00bb<\/em>. Mais l\u2019administration de l\u2019ecole a refus\u00e9 d\u2019obtemp\u00e9rer.<\/p>\n<p>Pour Joel Nettey, <a href=\"#ref\">pr\u00e9sident de l\u2019association Old Achimota<\/a>, \u00ab\u202f<em>il est injuste de venir dire&nbsp;: <\/em>\u201csi je dois me couper les cheveux, vous me discriminez\u201d<em>. Vous connaissiez les r\u00e8gles\u202f\u00bb<\/em>.<\/p>\n<p>Le syst\u00e8me \u00e9ducatif ghan\u00e9en aurait ensuite <a href=\"#ref\">rencontr\u00e9 l\u2019\u00e9cole Achimota<\/a> et soutenu la d\u00e9cision de l\u2019\u00e9cole de n\u2019admettre les \u00e9l\u00e8ves qu\u2019avec les cheveux coup\u00e9s.<\/p>\n<p>Plusieurs photos d\u2019\u00e9l\u00e8ves ayant les cheveux longs \u00e0 Achimota ont \u00e9t\u00e9 mises en ligne sur les r\u00e9seaux sociaux pour prouver qu\u2019il s\u2019agit d\u2019une application discriminatoire de la&nbsp;r\u00e8gle.<\/p>\n<p>Tyron Marghuy, quant \u00e0 lui, estime qu\u2019il faut faire \u00ab\u202f<em>la distinction entre les situations inoffensives et les situations qui font du mal\u202f\u00bb<\/em>.<\/p>\n<p>Mise \u00e0 jour&nbsp;: <a href=\"https:\/\/www.newsendip.com\/fr\/la-haute-cour-du-ghana-accepte-les-dreadlocks-au-lycee\/\">la Haute Cour de justice du Ghana a ordonn\u00e9 l\u2019admission des deux \u00e9tudiants rastafaris<\/a>.<\/p>\n<p><strong><a href=\"https:\/\/www.newsendip.com\/fr\/etiquette\/ghana-fr\/\">D\u00e9couvrez plus d\u2019informations sur le&nbsp;Ghana<\/a><\/strong><\/p>\n<h3 id=\"ref\">Sources et liens utiles<\/h3>\n<ul>\n<li><a href=\"https:\/\/www.myjoyonline.com\/i-wont-cut-my-dreadlocks-even-if-it-costs-me-my-place-at-achimota-school-rejected-student\/\">I won\u2019t cut my dreadlocks even if it costs me my place at Achimota School<\/a>, My Joy Online, mars&nbsp;2021<\/li>\n<li><a href=\"https:\/\/www.myjoyonline.com\/kwami-alorvi-the-achimota-rastafarian-boys-brouhaha-a-needless-controversy\/\" rel=\"noopener\">Kwami Alorvi&nbsp;: The Achimota\/Rastafarian boys brouhaha, a needless controversy\u202f?<\/a>, My Joy Online, Mars&nbsp;2021<\/li>\n<li><a href=\"https:\/\/www.jamaicaobserver.com\/entertainment\/Ghana-to-honour-Nana-Rita-Marley_14775754\" target=\"_blank\" rel=\"noopener\">Ghana to honour Nana Rita Marley<\/a>, Jamaica Observer, 2013<\/li>\n<li><a href=\"https:\/\/theculturetrip.com\/africa\/ghana\/articles\/ghanas-entwined-history-with-rastafarianism\/\">Ghana\u2019s Entwined History With Rastafarianism<\/a>, 2017, The Culture Trip<\/li>\n<li><a href=\"http:\/\/cdn.jwplayer.com\/players\/bjuFzySf-bOZsmy48.html\" target=\"_blank\" rel=\"noopener\">We cannot allow a Rastafarian student defy existing rules<\/a>, My Joy Online, mars&nbsp;2021<\/li>\n<li><a href=\"https:\/\/yen.com.gh\/184256-8-photos-fair-achimota-students-long-natural-hair-pop-blacks-rejected.html\" target=\"_blank\" rel=\"noopener\">8 photos of \u201cforeign\u201d Achimote students with natural long hair<\/a>, Yen, mars&nbsp;2021<\/li>\n<li><a href=\"https:\/\/www.myjoyonline.com\/ges-backtracks-on-its-directive-for-achimota-school-to-admit-students-with-dreadlocks-rastafari-council\/\">GES backtracks on its directive for Achimota School to admit students with dreadlocks<\/a>, My Joy Online, mars&nbsp;2021<\/li>\n<\/ul>\n","protected":false},"excerpt":{"rendered":"<p>Deux \u00e9l\u00e8ves ne peuvent pas assister aux cours de l\u2019\u00e9cole Achimota parce qu\u2019ils portent des dreadlocks. Le service \u00e9ducatif du Ghana a d\u2019abord demand\u00e9 \u00e0 l\u2019\u00e9cole de les admettre avant de revenir sur sa d\u00e9cision.<\/p>\n","protected":false},"author":1,"featured_media":13489,"comment_status":"closed","ping_status":"closed","sticky":false,"template":"","format":"standard","meta":{"wp_typography_post_enhancements_disabled":false,"footnotes":""},"categories":[409],"tags":[426,421],"class_list":["post-29208","post","type-post","status-publish","format-standard","has-post-thumbnail","hentry","category-societe","tag-ghana-fr","tag-vieux"],"yoast_head":"<!-- This site is optimized with the Yoast SEO Premium plugin v27.4 (Yoast SEO v27.4) - https:\/\/yoast.com\/product\/yoast-seo-premium-wordpress\/ -->\n<title>Au Ghana, deux lyc\u00e9ens sont exclus \u00e0 cause de leurs dreadlocks<\/title>\n<meta name=\"description\" content=\"Deux \u00e9l\u00e8ves ne peuvent pas assister aux cours de l&#039;\u00e9cole Achimota parce qu&#039;ils portent des dreadlocks. Le service \u00e9ducatif du Ghana a d&#039;abord demand\u00e9 \u00e0 l&#039;\u00e9cole de les admettre avant de revenir sur sa d\u00e9cision.\" \/>\n<meta name=\"robots\" content=\"index, follow, max-snippet:-1, max-image-preview:large, max-video-preview:-1\" \/>\n<link rel=\"canonical\" href=\"https:\/\/www.newsendip.com\/fr\/au-ghana-deux-lyceens-sont-exclus-a-cause-de-leurs-dreadlocks\/\" \/>\n<meta property=\"og:locale\" content=\"fr_FR\" \/>\n<meta property=\"og:type\" content=\"article\" \/>\n<meta property=\"og:title\" content=\"Au Ghana, deux lyc\u00e9ens sont exclus \u00e0 cause de leurs dreadlocks\" \/>\n<meta property=\"og:description\" content=\"Deux \u00e9l\u00e8ves ne peuvent pas assister aux cours de l&#039;\u00e9cole Achimota parce qu&#039;ils portent des dreadlocks. Le service \u00e9ducatif du Ghana a d&#039;abord demand\u00e9 \u00e0 l&#039;\u00e9cole de les admettre avant de revenir sur sa d\u00e9cision.\" \/>\n<meta property=\"og:url\" content=\"https:\/\/www.newsendip.com\/fr\/au-ghana-deux-lyceens-sont-exclus-a-cause-de-leurs-dreadlocks\/\" \/>\n<meta property=\"og:site_name\" content=\"Newsendip\" \/>\n<meta property=\"article:publisher\" content=\"https:\/\/www.facebook.com\/newsendip\" \/>\n<meta property=\"article:published_time\" content=\"2021-03-24T13:44:32+00:00\" \/>\n<meta property=\"article:modified_time\" content=\"2024-07-23T16:09:27+00:00\" \/>\n<meta property=\"og:image\" content=\"https:\/\/www.newsendip.com\/wp-content\/uploads\/2021\/03\/ACHIMOTA.jpg\" \/>\n\t<meta property=\"og:image:width\" content=\"1559\" \/>\n\t<meta property=\"og:image:height\" content=\"1169\" \/>\n\t<meta property=\"og:image:type\" content=\"image\/jpeg\" \/>\n<meta name=\"author\" content=\"Cl\u00e9ment V\u00e9rit\u00e9\" \/>\n<meta name=\"twitter:card\" content=\"summary_large_image\" \/>\n<meta name=\"twitter:creator\" content=\"@https:\/\/twitter.com\/cverite\" \/>\n<meta name=\"twitter:site\" content=\"@newsendip\" \/>\n<meta name=\"twitter:label1\" content=\"\u00c9crit par\" \/>\n\t<meta name=\"twitter:data1\" content=\"Cl\u00e9ment V\u00e9rit\u00e9\" \/>\n\t<meta name=\"twitter:label2\" content=\"Dur\u00e9e de lecture estim\u00e9e\" \/>\n\t<meta name=\"twitter:data2\" content=\"5 minutes\" \/>\n<!-- \/ Yoast SEO Premium plugin. -->","yoast_head_json":{"title":"Au Ghana, deux lyc\u00e9ens sont exclus \u00e0 cause de leurs dreadlocks","description":"Deux \u00e9l\u00e8ves ne peuvent pas assister aux cours de l'\u00e9cole Achimota parce qu'ils portent des dreadlocks. Le service \u00e9ducatif du Ghana a d'abord demand\u00e9 \u00e0 l'\u00e9cole de les admettre avant de revenir sur sa d\u00e9cision.","robots":{"index":"index","follow":"follow","max-snippet":"max-snippet:-1","max-image-preview":"max-image-preview:large","max-video-preview":"max-video-preview:-1"},"canonical":"https:\/\/www.newsendip.com\/fr\/au-ghana-deux-lyceens-sont-exclus-a-cause-de-leurs-dreadlocks\/","og_locale":"fr_FR","og_type":"article","og_title":"Au Ghana, deux lyc\u00e9ens sont exclus \u00e0 cause de leurs dreadlocks","og_description":"Deux \u00e9l\u00e8ves ne peuvent pas assister aux cours de l'\u00e9cole Achimota parce qu'ils portent des dreadlocks. Le service \u00e9ducatif du Ghana a d'abord demand\u00e9 \u00e0 l'\u00e9cole de les admettre avant de revenir sur sa d\u00e9cision.","og_url":"https:\/\/www.newsendip.com\/fr\/au-ghana-deux-lyceens-sont-exclus-a-cause-de-leurs-dreadlocks\/","og_site_name":"Newsendip","article_publisher":"https:\/\/www.facebook.com\/newsendip","article_published_time":"2021-03-24T13:44:32+00:00","article_modified_time":"2024-07-23T16:09:27+00:00","og_image":[{"width":1559,"height":1169,"url":"https:\/\/www.newsendip.com\/wp-content\/uploads\/2021\/03\/ACHIMOTA.jpg","type":"image\/jpeg"}],"author":"Cl\u00e9ment V\u00e9rit\u00e9","twitter_card":"summary_large_image","twitter_creator":"@https:\/\/twitter.com\/cverite","twitter_site":"@newsendip","twitter_misc":{"\u00c9crit par":"Cl\u00e9ment V\u00e9rit\u00e9","Dur\u00e9e de lecture estim\u00e9e":"5 minutes"},"schema":{"@context":"https:\/\/schema.org","@graph":[{"@type":"NewsArticle","@id":"https:\/\/www.newsendip.com\/fr\/au-ghana-deux-lyceens-sont-exclus-a-cause-de-leurs-dreadlocks\/#article","isPartOf":{"@id":"https:\/\/www.newsendip.com\/fr\/au-ghana-deux-lyceens-sont-exclus-a-cause-de-leurs-dreadlocks\/"},"author":{"name":"Cl\u00e9ment V\u00e9rit\u00e9","@id":"https:\/\/www.newsendip.com\/fr\/#\/schema\/person\/ea22c01755f464a3cbc2c619584d6363"},"headline":"Au Ghana, deux lyc\u00e9ens sont exclus \u00e0 cause de leurs dreadlocks","datePublished":"2021-03-24T13:44:32+00:00","dateModified":"2024-07-23T16:09:27+00:00","mainEntityOfPage":{"@id":"https:\/\/www.newsendip.com\/fr\/au-ghana-deux-lyceens-sont-exclus-a-cause-de-leurs-dreadlocks\/"},"wordCount":969,"publisher":{"@id":"https:\/\/www.newsendip.com\/fr\/#organization"},"image":{"@id":"https:\/\/www.newsendip.com\/fr\/au-ghana-deux-lyceens-sont-exclus-a-cause-de-leurs-dreadlocks\/#primaryimage"},"thumbnailUrl":"https:\/\/www.newsendip.com\/wp-content\/uploads\/2021\/03\/ACHIMOTA.jpg","keywords":["Ghana","Vieux"],"articleSection":["Soci\u00e9t\u00e9"],"inLanguage":"fr-FR","copyrightYear":"2021","copyrightHolder":{"@id":"https:\/\/www.newsendip.com\/#organization"}},{"@type":"WebPage","@id":"https:\/\/www.newsendip.com\/fr\/au-ghana-deux-lyceens-sont-exclus-a-cause-de-leurs-dreadlocks\/","url":"https:\/\/www.newsendip.com\/fr\/au-ghana-deux-lyceens-sont-exclus-a-cause-de-leurs-dreadlocks\/","name":"Au Ghana, deux lyc\u00e9ens sont exclus \u00e0 cause de leurs dreadlocks","isPartOf":{"@id":"https:\/\/www.newsendip.com\/fr\/#website"},"primaryImageOfPage":{"@id":"https:\/\/www.newsendip.com\/fr\/au-ghana-deux-lyceens-sont-exclus-a-cause-de-leurs-dreadlocks\/#primaryimage"},"image":{"@id":"https:\/\/www.newsendip.com\/fr\/au-ghana-deux-lyceens-sont-exclus-a-cause-de-leurs-dreadlocks\/#primaryimage"},"thumbnailUrl":"https:\/\/www.newsendip.com\/wp-content\/uploads\/2021\/03\/ACHIMOTA.jpg","datePublished":"2021-03-24T13:44:32+00:00","dateModified":"2024-07-23T16:09:27+00:00","description":"Deux \u00e9l\u00e8ves ne peuvent pas assister aux cours de l'\u00e9cole Achimota parce qu'ils portent des dreadlocks. Le service \u00e9ducatif du Ghana a d'abord demand\u00e9 \u00e0 l'\u00e9cole de les admettre avant de revenir sur sa d\u00e9cision.","breadcrumb":{"@id":"https:\/\/www.newsendip.com\/fr\/au-ghana-deux-lyceens-sont-exclus-a-cause-de-leurs-dreadlocks\/#breadcrumb"},"inLanguage":"fr-FR","potentialAction":[{"@type":"ReadAction","target":["https:\/\/www.newsendip.com\/fr\/au-ghana-deux-lyceens-sont-exclus-a-cause-de-leurs-dreadlocks\/"]}]},{"@type":"ImageObject","inLanguage":"fr-FR","@id":"https:\/\/www.newsendip.com\/fr\/au-ghana-deux-lyceens-sont-exclus-a-cause-de-leurs-dreadlocks\/#primaryimage","url":"https:\/\/www.newsendip.com\/wp-content\/uploads\/2021\/03\/ACHIMOTA.jpg","contentUrl":"https:\/\/www.newsendip.com\/wp-content\/uploads\/2021\/03\/ACHIMOTA.jpg","width":1559,"height":1169,"caption":"L'\u00e9cole Achimota au Ghana refusait deux \u00e9tudiants d'avoir des dreadlocks"},{"@type":"BreadcrumbList","@id":"https:\/\/www.newsendip.com\/fr\/au-ghana-deux-lyceens-sont-exclus-a-cause-de-leurs-dreadlocks\/#breadcrumb","itemListElement":[{"@type":"ListItem","position":1,"name":"Accueil","item":"https:\/\/www.newsendip.com\/fr\/"},{"@type":"ListItem","position":2,"name":"Au Ghana, deux lyc\u00e9ens sont exclus \u00e0 cause de leurs dreadlocks"}]},{"@type":"WebSite","@id":"https:\/\/www.newsendip.com\/fr\/#website","url":"https:\/\/www.newsendip.com\/fr\/","name":"Newsendip","description":"Red\u00e9couvrez l&#039;actualit\u00e9 internationale","publisher":{"@id":"https:\/\/www.newsendip.com\/fr\/#organization"},"potentialAction":[{"@type":"SearchAction","target":{"@type":"EntryPoint","urlTemplate":"https:\/\/www.newsendip.com\/fr\/?s={search_term_string}"},"query-input":{"@type":"PropertyValueSpecification","valueRequired":true,"valueName":"search_term_string"}}],"inLanguage":"fr-FR"},{"@type":"Organization","@id":"https:\/\/www.newsendip.com\/fr\/#organization","name":"Newsendip","url":"https:\/\/www.newsendip.com\/fr\/","logo":{"@type":"ImageObject","inLanguage":"fr-FR","@id":"https:\/\/www.newsendip.com\/fr\/#\/schema\/logo\/image\/","url":"https:\/\/www.newsendip.com\/wp-content\/uploads\/2023\/12\/512x512.svg","contentUrl":"https:\/\/www.newsendip.com\/wp-content\/uploads\/2023\/12\/512x512.svg","width":1,"height":1,"caption":"Newsendip"},"image":{"@id":"https:\/\/www.newsendip.com\/fr\/#\/schema\/logo\/image\/"},"sameAs":["https:\/\/www.facebook.com\/newsendip","https:\/\/x.com\/newsendip","https:\/\/mastodon.social\/@newsendip","https:\/\/www.linkedin.com\/company\/newsendip"],"description":"Newsendip est un site qui a pour mission de rendre l'actualit\u00e9 internationale accessible et diversifi\u00e9e","email":"contact@newsendip.com","legalName":"Newsendip SAS","foundingDate":"2022-11-04","vatID":"FR60921124723","numberOfEmployees":{"@type":"QuantitativeValue","minValue":"1","maxValue":"10"},"publishingPrinciples":"https:\/\/www.newsendip.com\/about-us\/","ownershipFundingInfo":"https:\/\/www.newsendip.com\/legal-notice\/","actionableFeedbackPolicy":"https:\/\/www.newsendip.com\/about-us\/","correctionsPolicy":"https:\/\/www.newsendip.com\/about-us\/","ethicsPolicy":"https:\/\/www.newsendip.com\/about-us\/","diversityPolicy":"https:\/\/www.newsendip.com\/about-us\/"},{"@type":"Person","@id":"https:\/\/www.newsendip.com\/fr\/#\/schema\/person\/ea22c01755f464a3cbc2c619584d6363","name":"Cl\u00e9ment V\u00e9rit\u00e9","description":"Cl\u00e9ment is the executive editor and founder of Newsendip. He started in the media industry as a freelance reporter at 16 for a local French newspaper after school and has never left it. He later worked for seven years at The New York Times, notably as a data analyst. He holds a Master of Management in France and a Master of Arts in the United Kingdom in International Marketing &amp; Communications Strategy. He has lived in France, the United Kingdom, and Italy.","sameAs":["https:\/\/www.newsendip.com\/","https:\/\/www.linkedin.com\/in\/clementverite\/","https:\/\/x.com\/https:\/\/twitter.com\/cverite"],"knowsAbout":["News","International","Business","Media monitoring"],"knowsLanguage":["English","French","Italian","Spanish"],"url":"https:\/\/www.newsendip.com\/fr\/author\/clement-verite\/"}]}},"_links":{"self":[{"href":"https:\/\/www.newsendip.com\/fr\/wp-json\/wp\/v2\/posts\/29208","targetHints":{"allow":["GET"]}}],"collection":[{"href":"https:\/\/www.newsendip.com\/fr\/wp-json\/wp\/v2\/posts"}],"about":[{"href":"https:\/\/www.newsendip.com\/fr\/wp-json\/wp\/v2\/types\/post"}],"author":[{"embeddable":true,"href":"https:\/\/www.newsendip.com\/fr\/wp-json\/wp\/v2\/users\/1"}],"replies":[{"embeddable":true,"href":"https:\/\/www.newsendip.com\/fr\/wp-json\/wp\/v2\/comments?post=29208"}],"version-history":[{"count":0,"href":"https:\/\/www.newsendip.com\/fr\/wp-json\/wp\/v2\/posts\/29208\/revisions"}],"wp:featuredmedia":[{"embeddable":true,"href":"https:\/\/www.newsendip.com\/fr\/wp-json\/wp\/v2\/media\/13489"}],"wp:attachment":[{"href":"https:\/\/www.newsendip.com\/fr\/wp-json\/wp\/v2\/media?parent=29208"}],"wp:term":[{"taxonomy":"category","embeddable":true,"href":"https:\/\/www.newsendip.com\/fr\/wp-json\/wp\/v2\/categories?post=29208"},{"taxonomy":"post_tag","embeddable":true,"href":"https:\/\/www.newsendip.com\/fr\/wp-json\/wp\/v2\/tags?post=29208"}],"curies":[{"name":"wp","href":"https:\/\/api.w.org\/{rel}","templated":true}]}}