{"id":29213,"date":"2022-02-14T16:43:19","date_gmt":"2022-02-14T15:43:19","guid":{"rendered":"https:\/\/www.newsendip.com\/?p=29213"},"modified":"2024-07-16T23:36:40","modified_gmt":"2024-07-16T21:36:40","slug":"un-leader-de-la-societe-civile-ghaneenne-accuse-de-trahison-apres-avoir-publie-un-message-evoquant-un-coup-detat","status":"publish","type":"post","link":"https:\/\/www.newsendip.com\/fr\/un-leader-de-la-societe-civile-ghaneenne-accuse-de-trahison-apres-avoir-publie-un-message-evoquant-un-coup-detat\/","title":{"rendered":"Un leader de la soci\u00e9t\u00e9 civile ghan\u00e9enne accus\u00e9 de trahison apr\u00e8s avoir publi\u00e9 un message \u00e9voquant un coup d\u2019\u00c9tat"},"content":{"rendered":"<p><strong>Les autorit\u00e9s ghan\u00e9ennes sont sur le qui-vive contre les tentatives de coup d\u2019\u00c9tat. Elles ont emprisonn\u00e9 un dirigeant d\u2019une organisation civique protestant contre l\u2019E-Levy, car il aurait sugg\u00e9r\u00e9 un coup d\u2019\u00c9tat contre le gouvernement. Il s\u2019agit de la derni\u00e8re arrestation en date de plusieurs critiques du gouvernement.<br>\n<\/strong><\/p>\n<figure id=\"attachment_14062\" aria-describedby=\"caption-attachment-14062\" style=\"width: 1024px\" class=\"wp-caption aligncenter\"><img decoding=\"async\" class=\"wp-image-14062 size-large\" src=\"https:\/\/www.newsendip.com\/wp-content\/uploads\/2022\/02\/ghana-president-nana-addo-dankwa-akufo-1024x683.webp\" alt=\"Nana Akufo-Addo\" width=\"1024\" height=\"683\" srcset=\"https:\/\/www.newsendip.com\/wp-content\/uploads\/2022\/02\/ghana-president-nana-addo-dankwa-akufo-1024x683.webp 1024w, https:\/\/www.newsendip.com\/wp-content\/uploads\/2022\/02\/ghana-president-nana-addo-dankwa-akufo-60x40.webp 60w, https:\/\/www.newsendip.com\/wp-content\/uploads\/2022\/02\/ghana-president-nana-addo-dankwa-akufo-720x480.webp 720w, https:\/\/www.newsendip.com\/wp-content\/uploads\/2022\/02\/ghana-president-nana-addo-dankwa-akufo-300x200.webp 300w, https:\/\/www.newsendip.com\/wp-content\/uploads\/2022\/02\/ghana-president-nana-addo-dankwa-akufo-768x512.webp 768w, https:\/\/www.newsendip.com\/wp-content\/uploads\/2022\/02\/ghana-president-nana-addo-dankwa-akufo-1536x1024.webp 1536w, https:\/\/www.newsendip.com\/wp-content\/uploads\/2022\/02\/ghana-president-nana-addo-dankwa-akufo.webp 2048w\" sizes=\"(max-width: 1024px) 100vw, 1024px\"><figcaption id=\"caption-attachment-14062\" class=\"wp-caption-text\">Le pr\u00e9sident du Ghana, Nana Akufo-Addo, en d\u00e9cembre 2021, lors d\u2019une visite de chefs d\u2019\u00c9tat africains en Afrique du Sud | \u00a9 Gouvernement d\u2019Afrique du&nbsp;Sud<\/figcaption><\/figure>\n<p>Le militant Oliver Barker-Vormawor a \u00e9t\u00e9 arr\u00eat\u00e9 par les autorit\u00e9s ghan\u00e9ennes le 11 f\u00e9vrier \u00e0 l\u2019a\u00e9roport d\u2019<a href=\"https:\/\/www.newsendip.com\/fr\/pourquoi-la-capitale-du-ghana-interdit-le-bruit-pendant-un-mois\/\">Accra<\/a>, o\u00f9 il avait atterri en provenance du Royaume-Uni.<\/p>\n<p>Oliver Barker-Vormawor est le leader de <em>Fix The Country<\/em>, un mouvement civique lanc\u00e9 en mai&nbsp;2021.<\/p>\n<p>Lundi, le tribunal de district d\u2019Ashaiman a plac\u00e9 Oliver Barker-Vormawor en garde \u00e0 vue jusqu\u2019au 28 f\u00e9vrier. Il est accus\u00e9 de trahison.<\/p>\n<p>Les autorit\u00e9s consid\u00e8rent qu\u2019il a appel\u00e9 \u00e0 un coup d\u2019\u00c9tat. \u00ab\u202f<em>Si cette E\u2011Levy passe apr\u00e8s ces conneries de Cake, je ferai le coup d\u2019\u00c9tat moi-m\u00eame. Arm\u00e9e inutile\u202f!\u202f\u00bb<\/em>, a post\u00e9 Oliver Barker-Vormawor sur <a href=\"https:\/\/www.facebook.com\/barkervogues\/posts\/10161615979084689\">Facebook<\/a> le 9 f\u00e9vrier.<\/p>\n<p>Le <a href=\"https:\/\/www.facebook.com\/GhPoliceService\/posts\/309102954580898\">communiqu\u00e9 de la police<\/a> indique que son \u00ab\u202f<em>message contenait une intention claire avec une possible volont\u00e9 d\u2019ex\u00e9cuter un coup d\u2019\u00c9tat dans sa d\u00e9claration d\u2019intention de subvertir la constitution de la R\u00e9publique du Ghana\u202f\u00bb<\/em>.<\/p>\n<p>L\u2019E-Levy est un projet de loi controvers\u00e9 au Ghana qui a donn\u00e9 lieu \u00e0 plusieurs manifestations depuis son annonce.<\/p>\n<p>En novembre 2021, le ministre des finances du Ghana annon\u00e7ait l\u2019introduction d\u2019une taxe de 1,75\u202f% sur toutes les transactions \u00e9lectroniques, y compris les paiements mobiles, \u00e0 partir de janvier 2022.<\/p>\n<p>L\u2019E-levy, abr\u00e9viation de Electronic Transaction Levy, s\u2019appliquerait \u00e0 partir de 100 cedis (16 dollars) d\u00e9pens\u00e9s en ligne par jour. La taxe a ensuite \u00e9t\u00e9 r\u00e9duite \u00e0 1,5\u202f%. La nouvelle directive devrait rapporter 9 milliards de cedis (1,5 million de dollars) \u00e0 l\u2019\u00c9tat chaque ann\u00e9e.<\/p>\n<p>La taxe E\u2011Levy est tr\u00e8s critiqu\u00e9e alors que les <a href=\"https:\/\/www.newsendip.com\/fr\/au-ghana-un-appel-au-boycott-des-appels-telephoniques\/\">services bancaires mobiles<\/a> et les paiements \u00e9lectroniques peuvent contribuer \u00e0 r\u00e9duire l\u2019exclusion financi\u00e8re dans les zones recul\u00e9es. Les d\u00e9tracteurs du projet de loi affirment que la population se tournerait vers l\u2019<a href=\"https:\/\/www.newsendip.com\/fr\/en-italie-le-nouveau-gouvernement-veut-augmenter-la-limite-des-paiements-en-especes\/\">argent liquide<\/a> pour \u00e9viter la&nbsp;taxe.<\/p>\n<p>Le projet de loi n\u2019a pas encore \u00e9t\u00e9 adopt\u00e9.<\/p>\n<h2>Une \u00ab\u202fcriminalisation de la parole\u202f\u00bb pour l\u2019ancien pr\u00e9sident du&nbsp;Ghana<\/h2>\n<p>Les autorit\u00e9s ghan\u00e9ennes ont r\u00e9cemment arr\u00eat\u00e9 un certain nombre d\u2019opposants au gouvernement. Depuis d\u00e9cembre, trois journalistes et le directeur d\u2019un groupe de r\u00e9flexion ont \u00e9t\u00e9 arr\u00eat\u00e9s.<!--more--><\/p>\n<p>L\u2019ancien pr\u00e9sident John Dramani Mahama, qui a \u00e9chou\u00e9 \u00e0 se faire r\u00e9\u00e9lire pour un second mandat en 2016, a <a href=\"https:\/\/www.facebook.com\/JDMahama\/posts\/490956249052779\">\u00e9crit une lettre ouverte<\/a> au pr\u00e9sident Nana Akufo-Addo. Il s\u2019est dit \u00ab\u202f<em>constern\u00e9 par la criminalisation croissante de la parole et du <a href=\"https:\/\/www.newsendip.com\/fr\/un-tiers-des-journalistes-tues-sur-les-deux-premiers-mois-de-2022-etaient-au-mexique\/\">journalisme<\/a> au Ghana\u202f\u00bb<\/em>, d\u00e9non\u00e7ant \u00ab\u202f<em>des incidents troublants de harc\u00e8lement de journalistes dans l\u2019exercice de leurs fonctions\u202f\u00bb<\/em> ainsi que le meurtre d\u2019un journaliste d\u2019investigation \u00ab\u202f<em>dans des circonstances tr\u00e8s concernantes\u202f\u00bb.<\/em><\/p>\n<p>Le vice-ministre ghan\u00e9en de la d\u00e9fense, Kofi Amankwa Manu, a d\u00e9clar\u00e9 que les agences de s\u00e9curit\u00e9 \u00e9taient pr\u00eates \u00e0 emp\u00eacher toute tentative de coup d\u2019\u00c9tat&nbsp;: \u00ab\u202f<em>Si nous voulons prendre la d\u00e9cision de changer le gouvernement de ce pays, nous irons aux urnes et nous n\u2019utiliserons pas de balles\u202f\u00bb<\/em>, a <a href=\"https:\/\/www.ghanaweb.com\/GhanaHomePage\/NewsArchive\/Deputy-Defence-Minister-warns-persons-calling-for-coup-in-Ghana-1468219\">d\u00e9clar\u00e9 le ministre<\/a>.<\/p>\n<p>Kofi Amankwa Manu a par ailleurs estim\u00e9 que les mentions d\u2019un coup d\u2019\u00c9tat nuisent \u00e0 <a href=\"https:\/\/www.newsendip.com\/fr\/pourquoi-la-norvege-investit-dans-lavenir-numerique-du-ghana\/\">l\u2019image internationale du Ghana<\/a>, effrayant les investisseurs et avec un effet d\u00e9vastateur sur l\u2019\u00e9conomie ghan\u00e9enne.<\/p>\n<p>L\u2019Afrique a \u00e9t\u00e9 touch\u00e9e par plusieurs coups d\u2019\u00c9tat r\u00e9cemment, comme au Soudan, au Mali ou au Burkina Faso.<\/p>\n<p><a href=\"https:\/\/www.newsendip.com\/fr\/etiquette\/ghana-fr\/\"><strong>Lire plus d\u2019informations sur le&nbsp;Ghana<\/strong><\/a><\/p>\n","protected":false},"excerpt":{"rendered":"<p>Les autorit\u00e9s ghan\u00e9ennes sont sur le qui-vive contre les tentatives de coup d\u2019\u00c9tat. Elles ont emprisonn\u00e9 un dirigeant d\u2019une organisation civique protestant contre l\u2019E-Levy, car il aurait sugg\u00e9r\u00e9 un coup d\u2019\u00c9tat contre le gouvernement. Il s\u2019agit de la derni\u00e8re arrestation en date de plusieurs critiques du gouvernement.<\/p>\n","protected":false},"author":1,"featured_media":14062,"comment_status":"closed","ping_status":"closed","sticky":false,"template":"","format":"standard","meta":{"wp_typography_post_enhancements_disabled":false,"footnotes":""},"categories":[416],"tags":[426,421],"class_list":["post-29213","post","type-post","status-publish","format-standard","has-post-thumbnail","hentry","category-politique","tag-ghana-fr","tag-vieux"],"yoast_head":"<!-- This site is optimized with the Yoast SEO Premium plugin v27.4 (Yoast SEO v27.4) - https:\/\/yoast.com\/product\/yoast-seo-premium-wordpress\/ -->\n<title>Un leader de la soci\u00e9t\u00e9 civile ghan\u00e9enne accus\u00e9 de trahison apr\u00e8s avoir publi\u00e9 un message \u00e9voquant un coup d&#039;\u00c9tat<\/title>\n<meta name=\"description\" content=\"Les autorit\u00e9s ghan\u00e9ennes sont sur le qui-vive contre les tentatives de coup d&#039;\u00c9tat. Elles ont emprisonn\u00e9 un dirigeant d&#039;une organisation civique protestant contre l&#039;E-Levy, car il aurait sugg\u00e9r\u00e9 un coup d&#039;\u00c9tat contre le gouvernement. Il s&#039;agit de la derni\u00e8re arrestation en date de plusieurs critiques du gouvernement.\" \/>\n<meta name=\"robots\" content=\"index, follow, max-snippet:-1, max-image-preview:large, max-video-preview:-1\" \/>\n<link rel=\"canonical\" href=\"https:\/\/www.newsendip.com\/fr\/un-leader-de-la-societe-civile-ghaneenne-accuse-de-trahison-apres-avoir-publie-un-message-evoquant-un-coup-detat\/\" \/>\n<meta property=\"og:locale\" content=\"fr_FR\" \/>\n<meta property=\"og:type\" content=\"article\" \/>\n<meta property=\"og:title\" content=\"Un leader de la soci\u00e9t\u00e9 civile ghan\u00e9enne accus\u00e9 de trahison apr\u00e8s avoir publi\u00e9 un message \u00e9voquant un coup d&#039;\u00c9tat\" \/>\n<meta property=\"og:description\" content=\"Les autorit\u00e9s ghan\u00e9ennes sont sur le qui-vive contre les tentatives de coup d&#039;\u00c9tat. Elles ont emprisonn\u00e9 un dirigeant d&#039;une organisation civique protestant contre l&#039;E-Levy, car il aurait sugg\u00e9r\u00e9 un coup d&#039;\u00c9tat contre le gouvernement. Il s&#039;agit de la derni\u00e8re arrestation en date de plusieurs critiques du gouvernement.\" \/>\n<meta property=\"og:url\" content=\"https:\/\/www.newsendip.com\/fr\/un-leader-de-la-societe-civile-ghaneenne-accuse-de-trahison-apres-avoir-publie-un-message-evoquant-un-coup-detat\/\" \/>\n<meta property=\"og:site_name\" content=\"Newsendip\" \/>\n<meta property=\"article:publisher\" content=\"https:\/\/www.facebook.com\/newsendip\" \/>\n<meta property=\"article:published_time\" content=\"2022-02-14T15:43:19+00:00\" \/>\n<meta property=\"article:modified_time\" content=\"2024-07-16T21:36:40+00:00\" \/>\n<meta property=\"og:image\" content=\"https:\/\/www.newsendip.com\/wp-content\/uploads\/2022\/02\/ghana-president-nana-addo-dankwa-akufo-progressive.jpeg\" \/>\n\t<meta property=\"og:image:width\" content=\"2048\" \/>\n\t<meta property=\"og:image:height\" content=\"1365\" \/>\n\t<meta property=\"og:image:type\" content=\"image\/jpeg\" \/>\n<meta name=\"author\" content=\"Cl\u00e9ment V\u00e9rit\u00e9\" \/>\n<meta name=\"twitter:card\" content=\"summary_large_image\" \/>\n<meta name=\"twitter:image\" content=\"https:\/\/www.newsendip.com\/wp-content\/uploads\/2022\/02\/ghana-president-nana-addo-dankwa-akufo-progressive.jpeg\" \/>\n<meta name=\"twitter:creator\" content=\"@https:\/\/twitter.com\/cverite\" \/>\n<meta name=\"twitter:site\" content=\"@newsendip\" \/>\n<meta name=\"twitter:label1\" content=\"\u00c9crit par\" \/>\n\t<meta name=\"twitter:data1\" content=\"Cl\u00e9ment V\u00e9rit\u00e9\" \/>\n\t<meta name=\"twitter:label2\" content=\"Dur\u00e9e de lecture estim\u00e9e\" \/>\n\t<meta name=\"twitter:data2\" content=\"3 minutes\" \/>\n<!-- \/ Yoast SEO Premium plugin. -->","yoast_head_json":{"title":"Un leader de la soci\u00e9t\u00e9 civile ghan\u00e9enne accus\u00e9 de trahison apr\u00e8s avoir publi\u00e9 un message \u00e9voquant un coup d'\u00c9tat","description":"Les autorit\u00e9s ghan\u00e9ennes sont sur le qui-vive contre les tentatives de coup d'\u00c9tat. Elles ont emprisonn\u00e9 un dirigeant d'une organisation civique protestant contre l'E-Levy, car il aurait sugg\u00e9r\u00e9 un coup d'\u00c9tat contre le gouvernement. Il s'agit de la derni\u00e8re arrestation en date de plusieurs critiques du gouvernement.","robots":{"index":"index","follow":"follow","max-snippet":"max-snippet:-1","max-image-preview":"max-image-preview:large","max-video-preview":"max-video-preview:-1"},"canonical":"https:\/\/www.newsendip.com\/fr\/un-leader-de-la-societe-civile-ghaneenne-accuse-de-trahison-apres-avoir-publie-un-message-evoquant-un-coup-detat\/","og_locale":"fr_FR","og_type":"article","og_title":"Un leader de la soci\u00e9t\u00e9 civile ghan\u00e9enne accus\u00e9 de trahison apr\u00e8s avoir publi\u00e9 un message \u00e9voquant un coup d'\u00c9tat","og_description":"Les autorit\u00e9s ghan\u00e9ennes sont sur le qui-vive contre les tentatives de coup d'\u00c9tat. Elles ont emprisonn\u00e9 un dirigeant d'une organisation civique protestant contre l'E-Levy, car il aurait sugg\u00e9r\u00e9 un coup d'\u00c9tat contre le gouvernement. Il s'agit de la derni\u00e8re arrestation en date de plusieurs critiques du gouvernement.","og_url":"https:\/\/www.newsendip.com\/fr\/un-leader-de-la-societe-civile-ghaneenne-accuse-de-trahison-apres-avoir-publie-un-message-evoquant-un-coup-detat\/","og_site_name":"Newsendip","article_publisher":"https:\/\/www.facebook.com\/newsendip","article_published_time":"2022-02-14T15:43:19+00:00","article_modified_time":"2024-07-16T21:36:40+00:00","og_image":[{"width":2048,"height":1365,"url":"https:\/\/www.newsendip.com\/wp-content\/uploads\/2022\/02\/ghana-president-nana-addo-dankwa-akufo-progressive.jpeg","type":"image\/jpeg"}],"author":"Cl\u00e9ment V\u00e9rit\u00e9","twitter_card":"summary_large_image","twitter_image":"https:\/\/www.newsendip.com\/wp-content\/uploads\/2022\/02\/ghana-president-nana-addo-dankwa-akufo-progressive.jpeg","twitter_creator":"@https:\/\/twitter.com\/cverite","twitter_site":"@newsendip","twitter_misc":{"\u00c9crit par":"Cl\u00e9ment V\u00e9rit\u00e9","Dur\u00e9e de lecture estim\u00e9e":"3 minutes"},"schema":{"@context":"https:\/\/schema.org","@graph":[{"@type":"NewsArticle","@id":"https:\/\/www.newsendip.com\/fr\/un-leader-de-la-societe-civile-ghaneenne-accuse-de-trahison-apres-avoir-publie-un-message-evoquant-un-coup-detat\/#article","isPartOf":{"@id":"https:\/\/www.newsendip.com\/fr\/un-leader-de-la-societe-civile-ghaneenne-accuse-de-trahison-apres-avoir-publie-un-message-evoquant-un-coup-detat\/"},"author":{"name":"Cl\u00e9ment V\u00e9rit\u00e9","@id":"https:\/\/www.newsendip.com\/fr\/#\/schema\/person\/ea22c01755f464a3cbc2c619584d6363"},"headline":"Un leader de la soci\u00e9t\u00e9 civile ghan\u00e9enne accus\u00e9 de trahison apr\u00e8s avoir publi\u00e9 un message \u00e9voquant un coup d\u2019\u00c9tat","datePublished":"2022-02-14T15:43:19+00:00","dateModified":"2024-07-16T21:36:40+00:00","mainEntityOfPage":{"@id":"https:\/\/www.newsendip.com\/fr\/un-leader-de-la-societe-civile-ghaneenne-accuse-de-trahison-apres-avoir-publie-un-message-evoquant-un-coup-detat\/"},"wordCount":670,"publisher":{"@id":"https:\/\/www.newsendip.com\/fr\/#organization"},"image":{"@id":"https:\/\/www.newsendip.com\/fr\/un-leader-de-la-societe-civile-ghaneenne-accuse-de-trahison-apres-avoir-publie-un-message-evoquant-un-coup-detat\/#primaryimage"},"thumbnailUrl":"https:\/\/www.newsendip.com\/wp-content\/uploads\/2022\/02\/ghana-president-nana-addo-dankwa-akufo.webp","keywords":["Ghana","Vieux"],"articleSection":["Politique"],"inLanguage":"fr-FR","copyrightYear":"2022","copyrightHolder":{"@id":"https:\/\/www.newsendip.com\/#organization"}},{"@type":"WebPage","@id":"https:\/\/www.newsendip.com\/fr\/un-leader-de-la-societe-civile-ghaneenne-accuse-de-trahison-apres-avoir-publie-un-message-evoquant-un-coup-detat\/","url":"https:\/\/www.newsendip.com\/fr\/un-leader-de-la-societe-civile-ghaneenne-accuse-de-trahison-apres-avoir-publie-un-message-evoquant-un-coup-detat\/","name":"Un leader de la soci\u00e9t\u00e9 civile ghan\u00e9enne accus\u00e9 de trahison apr\u00e8s avoir publi\u00e9 un message \u00e9voquant un coup d'\u00c9tat","isPartOf":{"@id":"https:\/\/www.newsendip.com\/fr\/#website"},"primaryImageOfPage":{"@id":"https:\/\/www.newsendip.com\/fr\/un-leader-de-la-societe-civile-ghaneenne-accuse-de-trahison-apres-avoir-publie-un-message-evoquant-un-coup-detat\/#primaryimage"},"image":{"@id":"https:\/\/www.newsendip.com\/fr\/un-leader-de-la-societe-civile-ghaneenne-accuse-de-trahison-apres-avoir-publie-un-message-evoquant-un-coup-detat\/#primaryimage"},"thumbnailUrl":"https:\/\/www.newsendip.com\/wp-content\/uploads\/2022\/02\/ghana-president-nana-addo-dankwa-akufo.webp","datePublished":"2022-02-14T15:43:19+00:00","dateModified":"2024-07-16T21:36:40+00:00","description":"Les autorit\u00e9s ghan\u00e9ennes sont sur le qui-vive contre les tentatives de coup d'\u00c9tat. Elles ont emprisonn\u00e9 un dirigeant d'une organisation civique protestant contre l'E-Levy, car il aurait sugg\u00e9r\u00e9 un coup d'\u00c9tat contre le gouvernement. Il s'agit de la derni\u00e8re arrestation en date de plusieurs critiques du gouvernement.","breadcrumb":{"@id":"https:\/\/www.newsendip.com\/fr\/un-leader-de-la-societe-civile-ghaneenne-accuse-de-trahison-apres-avoir-publie-un-message-evoquant-un-coup-detat\/#breadcrumb"},"inLanguage":"fr-FR","potentialAction":[{"@type":"ReadAction","target":["https:\/\/www.newsendip.com\/fr\/un-leader-de-la-societe-civile-ghaneenne-accuse-de-trahison-apres-avoir-publie-un-message-evoquant-un-coup-detat\/"]}]},{"@type":"ImageObject","inLanguage":"fr-FR","@id":"https:\/\/www.newsendip.com\/fr\/un-leader-de-la-societe-civile-ghaneenne-accuse-de-trahison-apres-avoir-publie-un-message-evoquant-un-coup-detat\/#primaryimage","url":"https:\/\/www.newsendip.com\/wp-content\/uploads\/2022\/02\/ghana-president-nana-addo-dankwa-akufo.webp","contentUrl":"https:\/\/www.newsendip.com\/wp-content\/uploads\/2022\/02\/ghana-president-nana-addo-dankwa-akufo.webp","width":2048,"height":1365,"caption":"Le pr\u00e9sident du Ghana, Nana Akufo-Addo, en d\u00e9cembre 2021, lors d'une visite de chefs d'\u00c9tat africains en Afrique du Sud | \u00a9 Gouvernement d'Afrique du Sud"},{"@type":"BreadcrumbList","@id":"https:\/\/www.newsendip.com\/fr\/un-leader-de-la-societe-civile-ghaneenne-accuse-de-trahison-apres-avoir-publie-un-message-evoquant-un-coup-detat\/#breadcrumb","itemListElement":[{"@type":"ListItem","position":1,"name":"Accueil","item":"https:\/\/www.newsendip.com\/fr\/"},{"@type":"ListItem","position":2,"name":"Un leader de la soci\u00e9t\u00e9 civile ghan\u00e9enne accus\u00e9 de trahison apr\u00e8s avoir publi\u00e9 un message \u00e9voquant un coup d&#8217;\u00c9tat"}]},{"@type":"WebSite","@id":"https:\/\/www.newsendip.com\/fr\/#website","url":"https:\/\/www.newsendip.com\/fr\/","name":"Newsendip","description":"Red\u00e9couvrez l&#039;actualit\u00e9 internationale","publisher":{"@id":"https:\/\/www.newsendip.com\/fr\/#organization"},"potentialAction":[{"@type":"SearchAction","target":{"@type":"EntryPoint","urlTemplate":"https:\/\/www.newsendip.com\/fr\/?s={search_term_string}"},"query-input":{"@type":"PropertyValueSpecification","valueRequired":true,"valueName":"search_term_string"}}],"inLanguage":"fr-FR"},{"@type":"Organization","@id":"https:\/\/www.newsendip.com\/fr\/#organization","name":"Newsendip","url":"https:\/\/www.newsendip.com\/fr\/","logo":{"@type":"ImageObject","inLanguage":"fr-FR","@id":"https:\/\/www.newsendip.com\/fr\/#\/schema\/logo\/image\/","url":"https:\/\/www.newsendip.com\/wp-content\/uploads\/2023\/12\/512x512.svg","contentUrl":"https:\/\/www.newsendip.com\/wp-content\/uploads\/2023\/12\/512x512.svg","width":1,"height":1,"caption":"Newsendip"},"image":{"@id":"https:\/\/www.newsendip.com\/fr\/#\/schema\/logo\/image\/"},"sameAs":["https:\/\/www.facebook.com\/newsendip","https:\/\/x.com\/newsendip","https:\/\/mastodon.social\/@newsendip","https:\/\/www.linkedin.com\/company\/newsendip"],"description":"Newsendip est un site qui a pour mission de rendre l'actualit\u00e9 internationale accessible et diversifi\u00e9e","email":"contact@newsendip.com","legalName":"Newsendip SAS","foundingDate":"2022-11-04","vatID":"FR60921124723","numberOfEmployees":{"@type":"QuantitativeValue","minValue":"1","maxValue":"10"},"publishingPrinciples":"https:\/\/www.newsendip.com\/about-us\/","ownershipFundingInfo":"https:\/\/www.newsendip.com\/legal-notice\/","actionableFeedbackPolicy":"https:\/\/www.newsendip.com\/about-us\/","correctionsPolicy":"https:\/\/www.newsendip.com\/about-us\/","ethicsPolicy":"https:\/\/www.newsendip.com\/about-us\/","diversityPolicy":"https:\/\/www.newsendip.com\/about-us\/"},{"@type":"Person","@id":"https:\/\/www.newsendip.com\/fr\/#\/schema\/person\/ea22c01755f464a3cbc2c619584d6363","name":"Cl\u00e9ment V\u00e9rit\u00e9","description":"Cl\u00e9ment is the executive editor and founder of Newsendip. He started in the media industry as a freelance reporter at 16 for a local French newspaper after school and has never left it. He later worked for seven years at The New York Times, notably as a data analyst. He holds a Master of Management in France and a Master of Arts in the United Kingdom in International Marketing &amp; Communications Strategy. He has lived in France, the United Kingdom, and Italy.","sameAs":["https:\/\/www.newsendip.com\/","https:\/\/www.linkedin.com\/in\/clementverite\/","https:\/\/x.com\/https:\/\/twitter.com\/cverite"],"knowsAbout":["News","International","Business","Media monitoring"],"knowsLanguage":["English","French","Italian","Spanish"],"url":"https:\/\/www.newsendip.com\/fr\/author\/clement-verite\/"}]}},"_links":{"self":[{"href":"https:\/\/www.newsendip.com\/fr\/wp-json\/wp\/v2\/posts\/29213","targetHints":{"allow":["GET"]}}],"collection":[{"href":"https:\/\/www.newsendip.com\/fr\/wp-json\/wp\/v2\/posts"}],"about":[{"href":"https:\/\/www.newsendip.com\/fr\/wp-json\/wp\/v2\/types\/post"}],"author":[{"embeddable":true,"href":"https:\/\/www.newsendip.com\/fr\/wp-json\/wp\/v2\/users\/1"}],"replies":[{"embeddable":true,"href":"https:\/\/www.newsendip.com\/fr\/wp-json\/wp\/v2\/comments?post=29213"}],"version-history":[{"count":0,"href":"https:\/\/www.newsendip.com\/fr\/wp-json\/wp\/v2\/posts\/29213\/revisions"}],"wp:featuredmedia":[{"embeddable":true,"href":"https:\/\/www.newsendip.com\/fr\/wp-json\/wp\/v2\/media\/14062"}],"wp:attachment":[{"href":"https:\/\/www.newsendip.com\/fr\/wp-json\/wp\/v2\/media?parent=29213"}],"wp:term":[{"taxonomy":"category","embeddable":true,"href":"https:\/\/www.newsendip.com\/fr\/wp-json\/wp\/v2\/categories?post=29213"},{"taxonomy":"post_tag","embeddable":true,"href":"https:\/\/www.newsendip.com\/fr\/wp-json\/wp\/v2\/tags?post=29213"}],"curies":[{"name":"wp","href":"https:\/\/api.w.org\/{rel}","templated":true}]}}