{"id":29243,"date":"2023-07-07T12:37:52","date_gmt":"2023-07-07T10:37:52","guid":{"rendered":"https:\/\/www.newsendip.com\/?p=29243"},"modified":"2024-07-18T15:43:24","modified_gmt":"2024-07-18T13:43:24","slug":"aux-pays-bas-la-soudaine-crise-gouvernementale-au-sujet-du-regroupement-familial-des-refugies-de-guerre","status":"publish","type":"post","link":"https:\/\/www.newsendip.com\/fr\/aux-pays-bas-la-soudaine-crise-gouvernementale-au-sujet-du-regroupement-familial-des-refugies-de-guerre\/","title":{"rendered":"Aux Pays-Bas, la soudaine crise gouvernementale sur le regroupement familial des r\u00e9fugi\u00e9s de guerre"},"content":{"rendered":"<p><strong>Suite \u00e0 une soudaine proposition de limiter le regroupement familial pour les r\u00e9fugi\u00e9s de guerre, le gouvernement des Pays-Bas fut confront\u00e9 \u00e0 une crise qui a men\u00e9 \u00e0 sa dissolution juste avant la fin de la session parlementaire.<\/strong><\/p>\n<figure id=\"attachment_29251\" aria-describedby=\"caption-attachment-29251\" style=\"width: 1024px\" class=\"wp-caption aligncenter\"><img decoding=\"async\" class=\"wp-image-29251 size-large\" src=\"https:\/\/www.newsendip.com\/wp-content\/uploads\/2023\/07\/mark-rutte-prime-minister-netherlands-1024x682.webp\" alt=\"Mark Rutte\" width=\"1024\" height=\"682\" srcset=\"https:\/\/www.newsendip.com\/wp-content\/uploads\/2023\/07\/mark-rutte-prime-minister-netherlands-1024x682.webp 1024w, https:\/\/www.newsendip.com\/wp-content\/uploads\/2023\/07\/mark-rutte-prime-minister-netherlands-60x40.webp 60w, https:\/\/www.newsendip.com\/wp-content\/uploads\/2023\/07\/mark-rutte-prime-minister-netherlands-720x480.webp 720w, https:\/\/www.newsendip.com\/wp-content\/uploads\/2023\/07\/mark-rutte-prime-minister-netherlands-300x200.webp 300w, https:\/\/www.newsendip.com\/wp-content\/uploads\/2023\/07\/mark-rutte-prime-minister-netherlands-768x512.webp 768w, https:\/\/www.newsendip.com\/wp-content\/uploads\/2023\/07\/mark-rutte-prime-minister-netherlands-1536x1024.webp 1536w, https:\/\/www.newsendip.com\/wp-content\/uploads\/2023\/07\/mark-rutte-prime-minister-netherlands.webp 2000w\" sizes=\"(max-width: 1024px) 100vw, 1024px\"><figcaption id=\"caption-attachment-29251\" class=\"wp-caption-text\">Mark Rutte, Premier ministre des Pays-Bas | \u00a9 Alliance des d\u00e9mocrates et des lib\u00e9raux pour l\u2019Europe, octobre 2022<\/figcaption><\/figure>\n<p><em>MIse \u00e0 jour&nbsp;: le gouvernement de coalition a \u00e9t\u00e9 dissous vendredi soir, ce qui am\u00e8nera \u00e0 des \u00e9lections \u00e0 l\u2019automne.<\/em><\/p>\n<p>La r\u00e9union de crise du gouvernement n\u00e9erlandais de jeudi soir n\u2019a donn\u00e9 aucun r\u00e9sultat.<\/p>\n<p>Les n\u00e9gociations entre le Parti populaire pour la libert\u00e9 et la d\u00e9mocratie, D\u00e9mocrates 66, l\u2019Appel chr\u00e9tien-d\u00e9mocrate et l\u2019Union chr\u00e9tienne sur les restrictions des droits d\u2019asile se sont arr\u00eat\u00e9es vers 1 h 45 la nuit derni\u00e8re. Elles se poursuivront vendredi avec vraisemblablement l\u2019avenir du gouvernement de coalition en&nbsp;jeu.<\/p>\n<p>La crise a commenc\u00e9 en milieu de semaine lorsque le parti populaire pour la libert\u00e9 et la d\u00e9mocratie (VVD), qui dirige le gouvernement avec son leader Mark Rutte comme premier ministre, a propos\u00e9 une mesure visant \u00e0 limiter le regroupement familial des demandeurs d\u2019asile, une id\u00e9e jug\u00e9e inacceptable par d\u2019autres membres de la coalition.<\/p>\n<p>Le gouvernement de coalition quadripartite est d\u2019accord sur l\u2019introduction d\u2019un syst\u00e8me de r\u00e9fugi\u00e9s \u00e0 deux statuts, mais pas sur un&nbsp;quota.<\/p>\n<p>Le syst\u00e8me, dont les partis politiques discutent depuis quelques temps, \u00e9met une distinction entre les r\u00e9fugi\u00e9s de guerre et les demandeurs expos\u00e9s \u00e0 des risques dans leur pays li\u00e9s \u00e0 leur personne, parce qu\u2019ils sont pers\u00e9cut\u00e9s pour leur orientation sexuelle ou leurs convictions politiques, par exemple.<\/p>\n<p>Ces derniers pourront recevoir un <a href=\"https:\/\/www.newsendip.com\/fr\/en-colombie-le-lancement-dun-programme-pilote-pour-aider-les-procedures-migratoires-vers-les-etats-unis-visa\/\">permis de s\u00e9jour<\/a> permanent. Quant aux r\u00e9fugi\u00e9s de guerre, ils ne recevraient qu\u2019un visa temporaire jusqu\u2019\u00e0 ce qu\u2019ils puissent retourner dans leur pays d\u2019origine.<\/p>\n<p>Un tel syst\u00e8me existait aux Pays-Bas jusqu\u2019en 2000 et est toujours en vigueur chez leurs voisins belges ou allemands par exemple.<\/p>\n<p>Mais le VVD souhaite aussi limiter le nombre de regroupements familiaux pour les r\u00e9fugi\u00e9s de guerre \u00e0 un maximum de 200 membres de famille par mois. De plus, les membres de la famille devraient attendre au moins deux ans avant de venir aux Pays-Bas.<\/p>\n<p>Face \u00e0 cette proposition soudaine, le parti social-lib\u00e9ral Democrats 66 (D66) et l\u2019Union chr\u00e9tienne centriste s\u2019opposent fermement \u00e0 ces restrictions. L\u2019Appel chr\u00e9tien-d\u00e9mocrate (CDA), de centre-droit, serait peut-\u00eatre plus enclin \u00e0 voter en sa faveur.<\/p>\n<p>L\u2019Union chr\u00e9tienne, qui se consid\u00e8re comme un \u00ab\u202fparti familial\u202f\u00bb, ne peut accepter de telles restrictions, a r\u00e9agi hier Mirjam Bikker, la pr\u00e9sidente du parti. Bien que l\u2019Union chr\u00e9tienne ne dispose que de cinq si\u00e8ges \u00e0 la Chambre des repr\u00e9sentants et qu\u2019elle soit le plus petit parti de la coalition, sa d\u00e9fection signifierait que le quatri\u00e8me gouvernement de M. Rutte perdrait sa majorit\u00e9 au Parlement.<\/p>\n<p>Mais M. Rutte s\u2019est montr\u00e9 pr\u00eat \u00e0 faire passer la mesure jusqu\u2019\u00e0 menacer la chute du gouvernement, ce que certains commentateurs consid\u00e8rent comme une strat\u00e9gie politique du premier ministre dont les motivations restent encore floues. Dans le cas de nouvelles \u00e9lections, le VVD resterait \u00e0 ce jour le favori des&nbsp;urnes.<\/p>\n<p>Mona Keijzer, une membre du CDA et ancienne secr\u00e9taire d\u2019\u00c9tat du gouvernement Rutte, a jug\u00e9 la situation \u00ab\u202f<em>incroyable\u202f\u00bb<\/em> lors d\u2019une <a href=\"https:\/\/twitter.com\/op1npo\/status\/1677056294266589186\">interview sur Op1<\/a>&nbsp;: \u00ab\u202f<em>Cela fait des ann\u00e9es que des personnes se noient dans la M\u00e9diterran\u00e9e. Cela fait des ann\u00e9es que les centres de demandeurs d\u2019asile se remplissent. Et maintenant, nous sommes juste avant les vacances, et Rutte va agir avec fermet\u00e9.\u202f\u00bb<\/em><\/p>\n<p>Les n\u00e9gociations se poursuivent et portent par exemple sur des restrictions dans d\u2019autres secteur d\u2019immigration comme pour les <a href=\"https:\/\/www.newsendip.com\/fr\/penurie-de-main-doeuvre-record-aux-pays-bas-plus-de-postes-vacants-que-de-sans-emplois\/\">travailleurs<\/a>, les \u00e9tudiants \u00e9trangers ou la regroupement de conjoints. Mais la proposition et son passage en force sont peut-\u00eatre devenus un point de non-retour pour les partis de la coalition pour pouvoir continuer de travailler au sein du m\u00eame gouvernement.<\/p>\n<p>La session parlementaire se termine ce vendredi 7 juillet pour une pause estivale et reprendra le 4 septembre.<\/p>\n<p><a href=\"https:\/\/www.newsendip.com\/fr\/etiquette\/pays-bas\/\"><strong>D\u00e9couvrez plus d\u2019actualit\u00e9s sur les Pays-Bas<\/strong><\/a><\/p>\n","protected":false},"excerpt":{"rendered":"<p>Suite \u00e0 une soudaine proposition de limiter le regroupement familial pour les r\u00e9fugi\u00e9s de guerre, le gouvernement des Pays-Bas fut confront\u00e9 \u00e0 une crise qui a men\u00e9 \u00e0 sa dissolution juste avant la fin de la session parlementaire.<\/p>\n","protected":false},"author":1,"featured_media":29251,"comment_status":"closed","ping_status":"open","sticky":false,"template":"","format":"standard","meta":{"wp_typography_post_enhancements_disabled":false,"footnotes":""},"categories":[416],"tags":[434,421],"class_list":["post-29243","post","type-post","status-publish","format-standard","has-post-thumbnail","hentry","category-politique","tag-pays-bas","tag-vieux"],"yoast_head":"<!-- This site is optimized with the Yoast SEO Premium plugin v27.4 (Yoast SEO v27.4) - https:\/\/yoast.com\/product\/yoast-seo-premium-wordpress\/ -->\n<title>Aux Pays-Bas, la soudaine crise gouvernementale sur le regroupement familial des r\u00e9fugi\u00e9s de guerre<\/title>\n<meta name=\"description\" content=\"Suite \u00e0 une soudaine proposition de limiter le regroupement familial pour les r\u00e9fugi\u00e9s de guerre, le gouvernement des Pays-Bas fut confront\u00e9 \u00e0 une crise qui a men\u00e9 \u00e0 sa dissolution juste avant la fin de la session parlementaire.\" \/>\n<meta name=\"robots\" content=\"index, follow, max-snippet:-1, max-image-preview:large, max-video-preview:-1\" \/>\n<link rel=\"canonical\" href=\"https:\/\/www.newsendip.com\/fr\/aux-pays-bas-la-soudaine-crise-gouvernementale-au-sujet-du-regroupement-familial-des-refugies-de-guerre\/\" \/>\n<meta property=\"og:locale\" content=\"fr_FR\" \/>\n<meta property=\"og:type\" content=\"article\" \/>\n<meta property=\"og:title\" content=\"Aux Pays-Bas, la soudaine crise gouvernementale sur le regroupement familial des r\u00e9fugi\u00e9s de guerre\" \/>\n<meta property=\"og:description\" content=\"Suite \u00e0 une soudaine proposition de limiter le regroupement familial pour les r\u00e9fugi\u00e9s de guerre, le gouvernement des Pays-Bas fut confront\u00e9 \u00e0 une crise qui a men\u00e9 \u00e0 sa dissolution juste avant la fin de la session parlementaire.\" \/>\n<meta property=\"og:url\" content=\"https:\/\/www.newsendip.com\/fr\/aux-pays-bas-la-soudaine-crise-gouvernementale-au-sujet-du-regroupement-familial-des-refugies-de-guerre\/\" \/>\n<meta property=\"og:site_name\" content=\"Newsendip\" \/>\n<meta property=\"article:publisher\" content=\"https:\/\/www.facebook.com\/newsendip\" \/>\n<meta property=\"article:published_time\" content=\"2023-07-07T10:37:52+00:00\" \/>\n<meta property=\"article:modified_time\" content=\"2024-07-18T13:43:24+00:00\" \/>\n<meta property=\"og:image\" content=\"https:\/\/www.newsendip.com\/wp-content\/uploads\/2023\/07\/mark-rutte-prime-minister-netherlands.jpeg\" \/>\n\t<meta property=\"og:image:width\" content=\"2000\" \/>\n\t<meta property=\"og:image:height\" content=\"1333\" \/>\n\t<meta property=\"og:image:type\" content=\"image\/jpeg\" \/>\n<meta name=\"author\" content=\"Cl\u00e9ment V\u00e9rit\u00e9\" \/>\n<meta name=\"twitter:card\" content=\"summary_large_image\" \/>\n<meta name=\"twitter:image\" content=\"https:\/\/www.newsendip.com\/wp-content\/uploads\/2023\/07\/mark-rutte-prime-minister-netherlands.jpeg\" \/>\n<meta name=\"twitter:creator\" content=\"@https:\/\/twitter.com\/cverite\" \/>\n<meta name=\"twitter:site\" content=\"@newsendip\" \/>\n<meta name=\"twitter:label1\" content=\"\u00c9crit par\" \/>\n\t<meta name=\"twitter:data1\" content=\"Cl\u00e9ment V\u00e9rit\u00e9\" \/>\n\t<meta name=\"twitter:label2\" content=\"Dur\u00e9e de lecture estim\u00e9e\" \/>\n\t<meta name=\"twitter:data2\" content=\"4 minutes\" \/>\n<!-- \/ Yoast SEO Premium plugin. -->","yoast_head_json":{"title":"Aux Pays-Bas, la soudaine crise gouvernementale sur le regroupement familial des r\u00e9fugi\u00e9s de guerre","description":"Suite \u00e0 une soudaine proposition de limiter le regroupement familial pour les r\u00e9fugi\u00e9s de guerre, le gouvernement des Pays-Bas fut confront\u00e9 \u00e0 une crise qui a men\u00e9 \u00e0 sa dissolution juste avant la fin de la session parlementaire.","robots":{"index":"index","follow":"follow","max-snippet":"max-snippet:-1","max-image-preview":"max-image-preview:large","max-video-preview":"max-video-preview:-1"},"canonical":"https:\/\/www.newsendip.com\/fr\/aux-pays-bas-la-soudaine-crise-gouvernementale-au-sujet-du-regroupement-familial-des-refugies-de-guerre\/","og_locale":"fr_FR","og_type":"article","og_title":"Aux Pays-Bas, la soudaine crise gouvernementale sur le regroupement familial des r\u00e9fugi\u00e9s de guerre","og_description":"Suite \u00e0 une soudaine proposition de limiter le regroupement familial pour les r\u00e9fugi\u00e9s de guerre, le gouvernement des Pays-Bas fut confront\u00e9 \u00e0 une crise qui a men\u00e9 \u00e0 sa dissolution juste avant la fin de la session parlementaire.","og_url":"https:\/\/www.newsendip.com\/fr\/aux-pays-bas-la-soudaine-crise-gouvernementale-au-sujet-du-regroupement-familial-des-refugies-de-guerre\/","og_site_name":"Newsendip","article_publisher":"https:\/\/www.facebook.com\/newsendip","article_published_time":"2023-07-07T10:37:52+00:00","article_modified_time":"2024-07-18T13:43:24+00:00","og_image":[{"width":2000,"height":1333,"url":"https:\/\/www.newsendip.com\/wp-content\/uploads\/2023\/07\/mark-rutte-prime-minister-netherlands.jpeg","type":"image\/jpeg"}],"author":"Cl\u00e9ment V\u00e9rit\u00e9","twitter_card":"summary_large_image","twitter_image":"https:\/\/www.newsendip.com\/wp-content\/uploads\/2023\/07\/mark-rutte-prime-minister-netherlands.jpeg","twitter_creator":"@https:\/\/twitter.com\/cverite","twitter_site":"@newsendip","twitter_misc":{"\u00c9crit par":"Cl\u00e9ment V\u00e9rit\u00e9","Dur\u00e9e de lecture estim\u00e9e":"4 minutes"},"schema":{"@context":"https:\/\/schema.org","@graph":[{"@type":"NewsArticle","@id":"https:\/\/www.newsendip.com\/fr\/aux-pays-bas-la-soudaine-crise-gouvernementale-au-sujet-du-regroupement-familial-des-refugies-de-guerre\/#article","isPartOf":{"@id":"https:\/\/www.newsendip.com\/fr\/aux-pays-bas-la-soudaine-crise-gouvernementale-au-sujet-du-regroupement-familial-des-refugies-de-guerre\/"},"author":{"name":"Cl\u00e9ment V\u00e9rit\u00e9","@id":"https:\/\/www.newsendip.com\/fr\/#\/schema\/person\/ea22c01755f464a3cbc2c619584d6363"},"headline":"Aux Pays-Bas, la soudaine crise gouvernementale sur le regroupement familial des r\u00e9fugi\u00e9s de guerre","datePublished":"2023-07-07T10:37:52+00:00","dateModified":"2024-07-18T13:43:24+00:00","mainEntityOfPage":{"@id":"https:\/\/www.newsendip.com\/fr\/aux-pays-bas-la-soudaine-crise-gouvernementale-au-sujet-du-regroupement-familial-des-refugies-de-guerre\/"},"wordCount":733,"publisher":{"@id":"https:\/\/www.newsendip.com\/fr\/#organization"},"image":{"@id":"https:\/\/www.newsendip.com\/fr\/aux-pays-bas-la-soudaine-crise-gouvernementale-au-sujet-du-regroupement-familial-des-refugies-de-guerre\/#primaryimage"},"thumbnailUrl":"https:\/\/www.newsendip.com\/wp-content\/uploads\/2023\/07\/mark-rutte-prime-minister-netherlands.webp","keywords":["Pays-Bas","Vieux"],"articleSection":["Politique"],"inLanguage":"fr-FR","copyrightYear":"2023","copyrightHolder":{"@id":"https:\/\/www.newsendip.com\/#organization"}},{"@type":"WebPage","@id":"https:\/\/www.newsendip.com\/fr\/aux-pays-bas-la-soudaine-crise-gouvernementale-au-sujet-du-regroupement-familial-des-refugies-de-guerre\/","url":"https:\/\/www.newsendip.com\/fr\/aux-pays-bas-la-soudaine-crise-gouvernementale-au-sujet-du-regroupement-familial-des-refugies-de-guerre\/","name":"Aux Pays-Bas, la soudaine crise gouvernementale sur le regroupement familial des r\u00e9fugi\u00e9s de guerre","isPartOf":{"@id":"https:\/\/www.newsendip.com\/fr\/#website"},"primaryImageOfPage":{"@id":"https:\/\/www.newsendip.com\/fr\/aux-pays-bas-la-soudaine-crise-gouvernementale-au-sujet-du-regroupement-familial-des-refugies-de-guerre\/#primaryimage"},"image":{"@id":"https:\/\/www.newsendip.com\/fr\/aux-pays-bas-la-soudaine-crise-gouvernementale-au-sujet-du-regroupement-familial-des-refugies-de-guerre\/#primaryimage"},"thumbnailUrl":"https:\/\/www.newsendip.com\/wp-content\/uploads\/2023\/07\/mark-rutte-prime-minister-netherlands.webp","datePublished":"2023-07-07T10:37:52+00:00","dateModified":"2024-07-18T13:43:24+00:00","description":"Suite \u00e0 une soudaine proposition de limiter le regroupement familial pour les r\u00e9fugi\u00e9s de guerre, le gouvernement des Pays-Bas fut confront\u00e9 \u00e0 une crise qui a men\u00e9 \u00e0 sa dissolution juste avant la fin de la session parlementaire.","breadcrumb":{"@id":"https:\/\/www.newsendip.com\/fr\/aux-pays-bas-la-soudaine-crise-gouvernementale-au-sujet-du-regroupement-familial-des-refugies-de-guerre\/#breadcrumb"},"inLanguage":"fr-FR","potentialAction":[{"@type":"ReadAction","target":["https:\/\/www.newsendip.com\/fr\/aux-pays-bas-la-soudaine-crise-gouvernementale-au-sujet-du-regroupement-familial-des-refugies-de-guerre\/"]}]},{"@type":"ImageObject","inLanguage":"fr-FR","@id":"https:\/\/www.newsendip.com\/fr\/aux-pays-bas-la-soudaine-crise-gouvernementale-au-sujet-du-regroupement-familial-des-refugies-de-guerre\/#primaryimage","url":"https:\/\/www.newsendip.com\/wp-content\/uploads\/2023\/07\/mark-rutte-prime-minister-netherlands.webp","contentUrl":"https:\/\/www.newsendip.com\/wp-content\/uploads\/2023\/07\/mark-rutte-prime-minister-netherlands.webp","width":2000,"height":1333,"caption":"Mark Rutte, Premier ministre des Pays-Bas | \u00a9 Alliance des d\u00e9mocrates et des lib\u00e9raux pour l'Europe, octobre 2022"},{"@type":"BreadcrumbList","@id":"https:\/\/www.newsendip.com\/fr\/aux-pays-bas-la-soudaine-crise-gouvernementale-au-sujet-du-regroupement-familial-des-refugies-de-guerre\/#breadcrumb","itemListElement":[{"@type":"ListItem","position":1,"name":"Accueil","item":"https:\/\/www.newsendip.com\/fr\/"},{"@type":"ListItem","position":2,"name":"Aux Pays-Bas, la soudaine crise gouvernementale sur le regroupement familial des r\u00e9fugi\u00e9s de guerre"}]},{"@type":"WebSite","@id":"https:\/\/www.newsendip.com\/fr\/#website","url":"https:\/\/www.newsendip.com\/fr\/","name":"Newsendip","description":"Red\u00e9couvrez l&#039;actualit\u00e9 internationale","publisher":{"@id":"https:\/\/www.newsendip.com\/fr\/#organization"},"potentialAction":[{"@type":"SearchAction","target":{"@type":"EntryPoint","urlTemplate":"https:\/\/www.newsendip.com\/fr\/?s={search_term_string}"},"query-input":{"@type":"PropertyValueSpecification","valueRequired":true,"valueName":"search_term_string"}}],"inLanguage":"fr-FR"},{"@type":"Organization","@id":"https:\/\/www.newsendip.com\/fr\/#organization","name":"Newsendip","url":"https:\/\/www.newsendip.com\/fr\/","logo":{"@type":"ImageObject","inLanguage":"fr-FR","@id":"https:\/\/www.newsendip.com\/fr\/#\/schema\/logo\/image\/","url":"https:\/\/www.newsendip.com\/wp-content\/uploads\/2023\/12\/512x512.svg","contentUrl":"https:\/\/www.newsendip.com\/wp-content\/uploads\/2023\/12\/512x512.svg","width":1,"height":1,"caption":"Newsendip"},"image":{"@id":"https:\/\/www.newsendip.com\/fr\/#\/schema\/logo\/image\/"},"sameAs":["https:\/\/www.facebook.com\/newsendip","https:\/\/x.com\/newsendip","https:\/\/mastodon.social\/@newsendip","https:\/\/www.linkedin.com\/company\/newsendip"],"description":"Newsendip est un site qui a pour mission de rendre l'actualit\u00e9 internationale accessible et diversifi\u00e9e","email":"contact@newsendip.com","legalName":"Newsendip SAS","foundingDate":"2022-11-04","vatID":"FR60921124723","numberOfEmployees":{"@type":"QuantitativeValue","minValue":"1","maxValue":"10"},"publishingPrinciples":"https:\/\/www.newsendip.com\/about-us\/","ownershipFundingInfo":"https:\/\/www.newsendip.com\/legal-notice\/","actionableFeedbackPolicy":"https:\/\/www.newsendip.com\/about-us\/","correctionsPolicy":"https:\/\/www.newsendip.com\/about-us\/","ethicsPolicy":"https:\/\/www.newsendip.com\/about-us\/","diversityPolicy":"https:\/\/www.newsendip.com\/about-us\/"},{"@type":"Person","@id":"https:\/\/www.newsendip.com\/fr\/#\/schema\/person\/ea22c01755f464a3cbc2c619584d6363","name":"Cl\u00e9ment V\u00e9rit\u00e9","description":"Cl\u00e9ment is the executive editor and founder of Newsendip. He started in the media industry as a freelance reporter at 16 for a local French newspaper after school and has never left it. He later worked for seven years at The New York Times, notably as a data analyst. He holds a Master of Management in France and a Master of Arts in the United Kingdom in International Marketing &amp; Communications Strategy. He has lived in France, the United Kingdom, and Italy.","sameAs":["https:\/\/www.newsendip.com\/","https:\/\/www.linkedin.com\/in\/clementverite\/","https:\/\/x.com\/https:\/\/twitter.com\/cverite"],"knowsAbout":["News","International","Business","Media monitoring"],"knowsLanguage":["English","French","Italian","Spanish"],"url":"https:\/\/www.newsendip.com\/fr\/author\/clement-verite\/"}]}},"_links":{"self":[{"href":"https:\/\/www.newsendip.com\/fr\/wp-json\/wp\/v2\/posts\/29243","targetHints":{"allow":["GET"]}}],"collection":[{"href":"https:\/\/www.newsendip.com\/fr\/wp-json\/wp\/v2\/posts"}],"about":[{"href":"https:\/\/www.newsendip.com\/fr\/wp-json\/wp\/v2\/types\/post"}],"author":[{"embeddable":true,"href":"https:\/\/www.newsendip.com\/fr\/wp-json\/wp\/v2\/users\/1"}],"replies":[{"embeddable":true,"href":"https:\/\/www.newsendip.com\/fr\/wp-json\/wp\/v2\/comments?post=29243"}],"version-history":[{"count":0,"href":"https:\/\/www.newsendip.com\/fr\/wp-json\/wp\/v2\/posts\/29243\/revisions"}],"wp:featuredmedia":[{"embeddable":true,"href":"https:\/\/www.newsendip.com\/fr\/wp-json\/wp\/v2\/media\/29251"}],"wp:attachment":[{"href":"https:\/\/www.newsendip.com\/fr\/wp-json\/wp\/v2\/media?parent=29243"}],"wp:term":[{"taxonomy":"category","embeddable":true,"href":"https:\/\/www.newsendip.com\/fr\/wp-json\/wp\/v2\/categories?post=29243"},{"taxonomy":"post_tag","embeddable":true,"href":"https:\/\/www.newsendip.com\/fr\/wp-json\/wp\/v2\/tags?post=29243"}],"curies":[{"name":"wp","href":"https:\/\/api.w.org\/{rel}","templated":true}]}}