{"id":29276,"date":"2023-07-07T18:36:38","date_gmt":"2023-07-07T16:36:38","guid":{"rendered":"https:\/\/www.newsendip.com\/?p=29276"},"modified":"2024-07-18T15:43:17","modified_gmt":"2024-07-18T13:43:17","slug":"la-cigarette-bientot-interdite-dans-les-voitures-avec-des-enfants-dans-toute-lallemagne","status":"publish","type":"post","link":"https:\/\/www.newsendip.com\/fr\/la-cigarette-bientot-interdite-dans-les-voitures-avec-des-enfants-dans-toute-lallemagne\/","title":{"rendered":"La cigarette bient\u00f4t interdite avec un enfant dans la voiture dans toute l\u2019Allemagne\u202f?"},"content":{"rendered":"<p><strong>Dans un projet de loi li\u00e9 \u00e0 la l\u00e9galisation du cannabis, le gouvernement f\u00e9d\u00e9ral allemand pr\u00e9voit une interdiction de fumer dans les v\u00e9hicules en pr\u00e9sence de femmes enceintes ou d\u2019enfants afin de les prot\u00e9ger du tabagisme passif. Une initiative qui ne date pas d\u2019hier mais qui n\u2019a encore jamais vu le jour au niveau f\u00e9d\u00e9ral.<\/strong><\/p>\n<figure id=\"attachment_29288\" aria-describedby=\"caption-attachment-29288\" style=\"width: 1024px\" class=\"wp-caption aligncenter\"><img decoding=\"async\" class=\"wp-image-29288 size-large\" src=\"https:\/\/www.newsendip.com\/wp-content\/uploads\/2023\/07\/white-smoke-1024x683.webp\" alt=\"fum\u00e9e\" width=\"1024\" height=\"683\" srcset=\"https:\/\/www.newsendip.com\/wp-content\/uploads\/2023\/07\/white-smoke-1024x683.webp 1024w, https:\/\/www.newsendip.com\/wp-content\/uploads\/2023\/07\/white-smoke-60x40.webp 60w, https:\/\/www.newsendip.com\/wp-content\/uploads\/2023\/07\/white-smoke-720x480.webp 720w, https:\/\/www.newsendip.com\/wp-content\/uploads\/2023\/07\/white-smoke-300x200.webp 300w, https:\/\/www.newsendip.com\/wp-content\/uploads\/2023\/07\/white-smoke-768x512.webp 768w, https:\/\/www.newsendip.com\/wp-content\/uploads\/2023\/07\/white-smoke-1536x1024.webp 1536w, https:\/\/www.newsendip.com\/wp-content\/uploads\/2023\/07\/white-smoke.webp 1920w\" sizes=\"(max-width: 1024px) 100vw, 1024px\"><figcaption id=\"caption-attachment-29288\" class=\"wp-caption-text\">\u00a9 Pascal Meier<\/figcaption><\/figure>\n<p>Le ministre f\u00e9d\u00e9ral allemand de la sant\u00e9, Karl Lauterbach (Parti social-d\u00e9mocrate, SPD), souhaite que les enfants et les femmes enceintes soient prot\u00e9g\u00e9s du tabagisme passif dans les v\u00e9hicules.<\/p>\n<p>D\u2019abord rapport\u00e9 par <a href=\"https:\/\/www.rnd.de\/politik\/rauchverbot-karl-lauterbach-will-rauchen-im-auto-verbieten-CUIRRKK3ONC5DOV43LSCEOOAMI.html\">RDN<\/a>, un m\u00e9dia de Hanovre proche du SPD, le projet d\u2019amendement de la loi sur la protection des non-fumeurs interdirait de fumer dans les v\u00e9hicules ferm\u00e9s, tels que les voitures, lorsqu\u2019une femme enceinte ou un enfant se trouve \u00e0&nbsp;bord.<\/p>\n<p>Cette mesure vise \u00e0 \u00ab\u202f<em>assurer la protection n\u00e9cessaire contre le tabagisme passif pour ce groupe de personnes particuli\u00e8rement vuln\u00e9rables,<\/em> selon le document justificatif du projet de loi. <em>L\u2019exposition \u00e0 la fum\u00e9e dans la voiture est extr\u00eamement \u00e9lev\u00e9e en raison du faible volume de l\u2019espace\u202f\u00bb<\/em>.<\/p>\n<p>L\u2019amendement propos\u00e9 est inclus dans le projet de loi pour la l\u00e9galisation du cannabis qui fait partie l\u2019accord de coalition gouvernementale entre le SPD, le Parti d\u00e9mocrate libre (FDP) et les Verts. L\u2019interdiction de fumer s\u2019appliquerait aux <a href=\"https:\/\/www.newsendip.com\/fr\/la-perte-de-productivite-premier-facteur-de-couts-lies-aux-addictions-en-australie-selon-un-rapport\/\">cigarettes<\/a>, aux cigarettes \u00e9lectroniques, \u00e0 la fum\u00e9e issue de tabac chauff\u00e9 et au <a href=\"https:\/\/www.newsendip.com\/fr\/pour-la-premiere-fois-en-suisse-des-personnes-peuvent-acheter-du-cannabis-a-usage-recreatif-legalement-dans-le-cadre-dune-etude\/\">cannabis<\/a>.<\/p>\n<p>Le ministre de la sant\u00e9 a <a href=\"https:\/\/twitter.com\/Karl_Lauterbach\/status\/1677219067252310022\">tweet\u00e9<\/a> que \u00ab\u202f<em>les enfants et les femmes enceintes doivent \u00eatre mieux prot\u00e9g\u00e9s dans la soci\u00e9t\u00e9. L\u2019interdiction de fumer dans la voiture lorsqu\u2019ils sont \u00e0 bord est indispensable. Elle aurait d\u00fb \u00eatre introduite plus t\u00f4t\u202f; des dommages permanents peuvent survenir, en particulier pendant la grossesse et chez les jeunes enfants\u202f\u00bb<\/em>.<\/p>\n<p>Selon le <a href=\"https:\/\/www.dkfz.de\/de\/tabakkontrolle\/download\/Publikationen\/FzR\/FzR_2019_Rauchen-und-Lungenerkrankungen.pdf\">Centre allemand de recherche sur le cancer<\/a> (DKFZ), le tabagisme passif augmente de 40\u202f% les risques de d\u00e9velopper un cancer du poumon, et les enfants sont presque deux fois plus susceptibles d\u00e9velopper de l\u2019asthme. Des \u00e9tudes ont montr\u00e9 que la concentration de polluants dans une voiture o\u00f9 l\u2019on fume est en moyenne cinq fois plus \u00e9lev\u00e9e que dans un bar o\u00f9 fumer est autoris\u00e9.<\/p>\n<p>Les contrevenants \u00e0 la loi sur l\u2019interdiction de fumer seraient passibles d\u2019une amende, dont le montant n\u2019est pas pr\u00e9cis\u00e9.<\/p>\n<p>Approuv\u00e9 par tous les minist\u00e8res, le projet d\u2019amendement est encore susceptible d\u2019\u00eatre modifi\u00e9 \u00e0 la suite de discussions avec des associations et avant une d\u00e9cision finale du gouvernement f\u00e9d\u00e9ral. Le Fonds allemand pour l\u2019enfance a salu\u00e9 l\u2019initiative du gouvernement.<\/p>\n<p>L\u2019id\u00e9e d\u2019interdire de fumer en pr\u00e9sence d\u2019enfants a \u00e9t\u00e9 r\u00e9guli\u00e8rement \u00e9voqu\u00e9e en Allemagne, mais n\u2019a, \u00e0 ce jour, encore jamais abouti au niveau f\u00e9d\u00e9ral.<\/p>\n<h2>Des pr\u00e9occupations d\u2019ordre constitutionnel\u202f?<\/h2>\n<figure id=\"attachment_20744\" aria-describedby=\"caption-attachment-20744\" style=\"width: 1024px\" class=\"wp-caption aligncenter\"><img decoding=\"async\" class=\"wp-image-20744 size-large\" src=\"https:\/\/www.newsendip.com\/wp-content\/uploads\/2022\/10\/federal-minister-health-germany-karl-lauterbach-zdf-e1688747419899-1024x697.webp\" alt=\"Karl Lauterbach, ministre f\u00e9d\u00e9ral allemand de la Sant\u00e9, sur ZDF | \u00a9 ZDF, 18 octobre 2022\" width=\"1024\" height=\"697\" srcset=\"https:\/\/www.newsendip.com\/wp-content\/uploads\/2022\/10\/federal-minister-health-germany-karl-lauterbach-zdf-e1688747419899-1024x697.webp 1024w, https:\/\/www.newsendip.com\/wp-content\/uploads\/2022\/10\/federal-minister-health-germany-karl-lauterbach-zdf-e1688747419899-60x41.webp 60w, https:\/\/www.newsendip.com\/wp-content\/uploads\/2022\/10\/federal-minister-health-germany-karl-lauterbach-zdf-e1688747419899-300x204.webp 300w, https:\/\/www.newsendip.com\/wp-content\/uploads\/2022\/10\/federal-minister-health-germany-karl-lauterbach-zdf-e1688747419899-768x522.webp 768w, https:\/\/www.newsendip.com\/wp-content\/uploads\/2022\/10\/federal-minister-health-germany-karl-lauterbach-zdf-e1688747419899.webp 1276w\" sizes=\"(max-width: 1024px) 100vw, 1024px\"><figcaption id=\"caption-attachment-20744\" class=\"wp-caption-text\">Karl Lauterbach, ministre f\u00e9d\u00e9ral allemand de la Sant\u00e9, sur ZDF | \u00a9 ZDF, 18 octobre 2022<\/figcaption><\/figure>\n<p>Une loi f\u00e9d\u00e9rale de 2007 interdit de fumer dans les b\u00e2timents publics et les transports en commun dans toute l\u2019Allemagne.<\/p>\n<p>Cependant, le gouvernement f\u00e9d\u00e9ral avait estim\u00e9 qu\u2019il incombait aux \u00c9tats de l\u00e9gif\u00e9rer pour les restaurants, les bars et les bo\u00eetes de nuit. La plupart des \u00c9tats pr\u00e9voient des exceptions \u00e0 l\u2019interdiction de fumer dans ces lieux, sauf en Bavi\u00e8re, en Rh\u00e9nanie-du-Nord-Westphalie et en Sarre, o\u00f9 la protection des non-fumeurs est plus stricte.<\/p>\n<p>Mais depuis 2019, au moins cinq \u00c9tats f\u00e9d\u00e9raux ont mis en \u0153uvre des interdictions de fumer dans les v\u00e9hicules en pr\u00e9sence d\u2019enfants et ont impos\u00e9 des amendes allant de 500 \u00e0 3 000 euros aux fumeurs contrevenants.<\/p>\n<p>Certains \u00c9tats f\u00e9d\u00e9raux poussent pour une interdiction \u00e0 l\u2019\u00e9chelle nationale.<\/p>\n<p>En avril 2022, le <a href=\"https:\/\/dserver.bundestag.de\/btd\/20\/015\/2001531.pdf\">Bundesrat<\/a>, un organe l\u00e9gislatif qui repr\u00e9sente les seize L\u00e4nder allemands au niveau f\u00e9d\u00e9ral, a publi\u00e9 un projet de loi visant \u00e0 interdire de fumer dans les voitures afin d\u2019\u00e9viter le tabagisme passif. Il a reconnu la difficult\u00e9 de faire respecter une telle interdiction dans les foyers, mais a propos\u00e9 de l\u2019appliquer \u00e0 l\u2019int\u00e9rieur des v\u00e9hicules.<\/p>\n<p>Certains critiques affirment qu\u2019une telle interdiction est difficile \u00e0 appliquer. La police par exemple doute qu\u2019elle puisse \u00eatre contr\u00f4l\u00e9e, m\u00eame si l\u2019interdiction d\u2019utiliser un <a href=\"https:\/\/www.newsendip.com\/fr\/en-pologne-les-pietons-aussi-peuvent-recevoir-une-amende-pour-avoir-utilise-leur-telephone\/\">t\u00e9l\u00e9phone portable<\/a> au volant est d\u00e9j\u00e0 en vigueur par exemple.<\/p>\n<p>Lars Lindemann, responsable politique du FDP en mati\u00e8re de sant\u00e9, a d\u00e9clar\u00e9 vendredi \u00e0 l\u2019agence de presse allemande DPA qu\u2019une \u00ab\u202f<em>approche visant \u00e0 soutenir et \u00e0 promouvoir l\u2019arr\u00eat du tabac serait une meilleure solution\u202f\u00bb<\/em>.<\/p>\n<p>Ulrich Lange, de l\u2019Union chr\u00e9tienne-sociale, l\u2019homologue bavarois de l\u2019Union chr\u00e9tienne-d\u00e9mocrate (CDU), a appel\u00e9 \u00e0 la responsabilit\u00e9 des fumeurs, au respect des autres passagers et attend des \u00e9claircissements sur le projet de&nbsp;loi.<\/p>\n<p>Pour Tino Sorge, porte-parole de la CDU pour la politique de sant\u00e9, le projet du ministre est \u00ab\u202f<em>hypocrite\u202f\u00bb<\/em>, estimant que M. Lauterbach aurait pu mettre en \u0153uvre l\u2019interdiction il y a longtemps alors qu\u2019il n\u2019a pas poursuivi l\u2019initiative apr\u00e8s la proposition des \u00c9tats. \u00ab\u202f<em>De plus, le gouvernement f\u00e9d\u00e9ral avait \u00e9mis des r\u00e9serves constitutionnelles sur l\u2019interdiction de fumer dans les voitures. La question de savoir si ces probl\u00e8mes ont \u00e9t\u00e9 r\u00e9solus entre-temps se pose toujours\u202f\u00bb<\/em>, a\u2011t-il d\u00e9clar\u00e9 au <a href=\"https:\/\/rp-online.de\/politik\/deutschland\/lauterbach-plan-rauchverbot-im-auto-scheinheilig-oder-richtig_aid-93360439\">Rheinische Post<\/a>, un journal bas\u00e9 en Rh\u00e9nanie-du-Nord-Westphalie.<\/p>\n<p>L\u2019ann\u00e9e derni\u00e8re, le gouvernement f\u00e9d\u00e9ral a d\u00e9clar\u00e9 que l\u2019interdiction serait \u00ab\u202f<em>accueillie sans r\u00e9serve\u202f\u00bb<\/em>, mais qu\u2019elle soulevait des probl\u00e8mes potentiels en mati\u00e8re de droits constitutionnels. Comme une <a href=\"https:\/\/www.newsendip.com\/fr\/un-test-pour-mieux-evaluer-la-valeur-des-biens-immobiliers-aux-pays-bas-souleve-des-inquietudes-pour-le-respect-de-la-vie-privee\/\">maison<\/a>, une voiture est consid\u00e9r\u00e9e comme un espace priv\u00e9, et la loi pourrait empi\u00e9ter sur les droits \u00e0 la <a href=\"https:\/\/www.newsendip.com\/fr\/la-loi-sur-le-renseignement-surveillance-en-baviere-devait-etre-plus-stricte-selon-la-cour-constitutionnelle-allemagne\/\">libert\u00e9 individuelle<\/a>.<\/p>\n<p>En 2014 d\u00e9j\u00e0, le minist\u00e8re f\u00e9d\u00e9ral de la sant\u00e9, dirig\u00e9 alors par la CDU d\u2019Angela Merkel, estimait que l\u2019interdiction de fumer \u00e0 l\u2019int\u00e9rieur d\u2019une voiture en pr\u00e9sence d\u2019enfants constituerait un empi\u00e8tement sur l\u2019autorit\u00e9 parentale et doutait que le gouvernement f\u00e9d\u00e9ral ait la comp\u00e9tence l\u00e9gislative pour adopter une telle&nbsp;loi.<\/p>\n<p>Mais en octobre 2015, le m\u00eame mois o\u00f9 le <a href=\"https:\/\/www.newsendip.com\/fr\/etiquette\/royaume-uni\/\">Royaume-Uni<\/a> a promulgu\u00e9 une interdiction de fumer dans les voitures, les <a href=\"https:\/\/www.bundestag.de\/resource\/blob\/416150\/5bdc9bda48b0135a17aab0d9c756ae54\/WD-3-215-15-pdf-data.pdf\">services de recherche du Bundestag<\/a> estimaient qu\u2019une interdiction de fumer dans les v\u00e9hicules \u00e9tait compatible avec la Loi fondamentale qui fait office de constitution allemande.<\/p>\n<p>Ils jugeaient que l\u2019empi\u00e8tement sur les libert\u00e9s des <a href=\"https:\/\/www.newsendip.com\/fr\/moins-de-nicotine-dans-les-cigarettes-en-nouvelle-zelande-et-interdiction-du-tabac-pour-les-nouvelles-generations\/\">fumeurs<\/a> \u00e9tait proportionn\u00e9, \u00e9tant donn\u00e9 qu\u2019ils peuvent faire des pauses pour fumer lors de longs trajets, alors que les enfants n\u2019ont souvent pas la libert\u00e9 de choisir de voyager \u00e0 l\u2019int\u00e9rieur d\u2019un v\u00e9hicule non fumeur.<\/p>\n<p><a href=\"https:\/\/www.newsendip.com\/fr\/etiquette\/allemagne\/\"><strong>D\u00e9couvrez plus d\u2019actualit\u00e9s sur l\u2019Allemagne<\/strong><\/a><\/p>\n","protected":false},"excerpt":{"rendered":"<p>Le gouvernement f\u00e9d\u00e9ral allemand pr\u00e9voit d\u2019interdire de fumer dans les v\u00e9hicules en pr\u00e9sence de femmes enceintes ou d\u2019enfants sur tout le territoire afin de les prot\u00e9ger du tabagisme passif. Une initiative qui ne date pas d\u2019hier mais qui n\u2019a encore jamais vu le jour au niveau f\u00e9d\u00e9ral.<\/p>\n","protected":false},"author":1,"featured_media":29288,"comment_status":"closed","ping_status":"open","sticky":false,"template":"","format":"standard","meta":{"wp_typography_post_enhancements_disabled":false,"footnotes":""},"categories":[412],"tags":[478,421],"class_list":["post-29276","post","type-post","status-publish","format-standard","has-post-thumbnail","hentry","category-sciences-et-sante","tag-allemagne","tag-vieux"],"yoast_head":"<!-- This site is optimized with the Yoast SEO Premium plugin v27.4 (Yoast SEO v27.4) - https:\/\/yoast.com\/product\/yoast-seo-premium-wordpress\/ -->\n<title>La cigarette bient\u00f4t interdite avec un enfant dans la voiture dans toute l&#039;Allemagne ?<\/title>\n<meta name=\"description\" content=\"Le gouvernement f\u00e9d\u00e9ral allemand pr\u00e9voit d&#039;interdire de fumer dans les v\u00e9hicules en pr\u00e9sence de femmes enceintes ou d&#039;enfants sur tout le territoire afin de les prot\u00e9ger du tabagisme passif. Une initiative qui ne date pas d&#039;hier mais qui n&#039;a encore jamais vu le jour au niveau f\u00e9d\u00e9ral.\" \/>\n<meta name=\"robots\" content=\"index, follow, max-snippet:-1, max-image-preview:large, max-video-preview:-1\" \/>\n<link rel=\"canonical\" href=\"https:\/\/www.newsendip.com\/fr\/la-cigarette-bientot-interdite-dans-les-voitures-avec-des-enfants-dans-toute-lallemagne\/\" \/>\n<meta property=\"og:locale\" content=\"fr_FR\" \/>\n<meta property=\"og:type\" content=\"article\" \/>\n<meta property=\"og:title\" content=\"La cigarette bient\u00f4t interdite avec un enfant dans la voiture dans toute l&#039;Allemagne ?\" \/>\n<meta property=\"og:description\" content=\"Le gouvernement f\u00e9d\u00e9ral allemand pr\u00e9voit d&#039;interdire de fumer dans les v\u00e9hicules en pr\u00e9sence de femmes enceintes ou d&#039;enfants sur tout le territoire afin de les prot\u00e9ger du tabagisme passif. Une initiative qui ne date pas d&#039;hier mais qui n&#039;a encore jamais vu le jour au niveau f\u00e9d\u00e9ral.\" \/>\n<meta property=\"og:url\" content=\"https:\/\/www.newsendip.com\/fr\/la-cigarette-bientot-interdite-dans-les-voitures-avec-des-enfants-dans-toute-lallemagne\/\" \/>\n<meta property=\"og:site_name\" content=\"Newsendip\" \/>\n<meta property=\"article:publisher\" content=\"https:\/\/www.facebook.com\/newsendip\" \/>\n<meta property=\"article:published_time\" content=\"2023-07-07T16:36:38+00:00\" \/>\n<meta property=\"article:modified_time\" content=\"2024-07-18T13:43:17+00:00\" \/>\n<meta property=\"og:image\" content=\"https:\/\/www.newsendip.com\/wp-content\/uploads\/2023\/07\/white-smoke.jpeg\" \/>\n\t<meta property=\"og:image:width\" content=\"1920\" \/>\n\t<meta property=\"og:image:height\" content=\"1280\" \/>\n\t<meta property=\"og:image:type\" content=\"image\/jpeg\" \/>\n<meta name=\"author\" content=\"Cl\u00e9ment V\u00e9rit\u00e9\" \/>\n<meta name=\"twitter:card\" content=\"summary_large_image\" \/>\n<meta name=\"twitter:image\" content=\"https:\/\/www.newsendip.com\/wp-content\/uploads\/2023\/07\/white-smoke.jpeg\" \/>\n<meta name=\"twitter:creator\" content=\"@https:\/\/twitter.com\/cverite\" \/>\n<meta name=\"twitter:site\" content=\"@newsendip\" \/>\n<meta name=\"twitter:label1\" content=\"\u00c9crit par\" \/>\n\t<meta name=\"twitter:data1\" content=\"Cl\u00e9ment V\u00e9rit\u00e9\" \/>\n\t<meta name=\"twitter:label2\" content=\"Dur\u00e9e de lecture estim\u00e9e\" \/>\n\t<meta name=\"twitter:data2\" content=\"5 minutes\" \/>\n<!-- \/ Yoast SEO Premium plugin. -->","yoast_head_json":{"title":"La cigarette bient\u00f4t interdite avec un enfant dans la voiture dans toute l'Allemagne ?","description":"Le gouvernement f\u00e9d\u00e9ral allemand pr\u00e9voit d'interdire de fumer dans les v\u00e9hicules en pr\u00e9sence de femmes enceintes ou d'enfants sur tout le territoire afin de les prot\u00e9ger du tabagisme passif. Une initiative qui ne date pas d'hier mais qui n'a encore jamais vu le jour au niveau f\u00e9d\u00e9ral.","robots":{"index":"index","follow":"follow","max-snippet":"max-snippet:-1","max-image-preview":"max-image-preview:large","max-video-preview":"max-video-preview:-1"},"canonical":"https:\/\/www.newsendip.com\/fr\/la-cigarette-bientot-interdite-dans-les-voitures-avec-des-enfants-dans-toute-lallemagne\/","og_locale":"fr_FR","og_type":"article","og_title":"La cigarette bient\u00f4t interdite avec un enfant dans la voiture dans toute l'Allemagne ?","og_description":"Le gouvernement f\u00e9d\u00e9ral allemand pr\u00e9voit d'interdire de fumer dans les v\u00e9hicules en pr\u00e9sence de femmes enceintes ou d'enfants sur tout le territoire afin de les prot\u00e9ger du tabagisme passif. Une initiative qui ne date pas d'hier mais qui n'a encore jamais vu le jour au niveau f\u00e9d\u00e9ral.","og_url":"https:\/\/www.newsendip.com\/fr\/la-cigarette-bientot-interdite-dans-les-voitures-avec-des-enfants-dans-toute-lallemagne\/","og_site_name":"Newsendip","article_publisher":"https:\/\/www.facebook.com\/newsendip","article_published_time":"2023-07-07T16:36:38+00:00","article_modified_time":"2024-07-18T13:43:17+00:00","og_image":[{"width":1920,"height":1280,"url":"https:\/\/www.newsendip.com\/wp-content\/uploads\/2023\/07\/white-smoke.jpeg","type":"image\/jpeg"}],"author":"Cl\u00e9ment V\u00e9rit\u00e9","twitter_card":"summary_large_image","twitter_image":"https:\/\/www.newsendip.com\/wp-content\/uploads\/2023\/07\/white-smoke.jpeg","twitter_creator":"@https:\/\/twitter.com\/cverite","twitter_site":"@newsendip","twitter_misc":{"\u00c9crit par":"Cl\u00e9ment V\u00e9rit\u00e9","Dur\u00e9e de lecture estim\u00e9e":"5 minutes"},"schema":{"@context":"https:\/\/schema.org","@graph":[{"@type":"NewsArticle","@id":"https:\/\/www.newsendip.com\/fr\/la-cigarette-bientot-interdite-dans-les-voitures-avec-des-enfants-dans-toute-lallemagne\/#article","isPartOf":{"@id":"https:\/\/www.newsendip.com\/fr\/la-cigarette-bientot-interdite-dans-les-voitures-avec-des-enfants-dans-toute-lallemagne\/"},"author":{"name":"Cl\u00e9ment V\u00e9rit\u00e9","@id":"https:\/\/www.newsendip.com\/fr\/#\/schema\/person\/ea22c01755f464a3cbc2c619584d6363"},"headline":"La cigarette bient\u00f4t interdite avec un enfant dans la voiture dans toute l\u2019Allemagne\u202f?","datePublished":"2023-07-07T16:36:38+00:00","dateModified":"2024-07-18T13:43:17+00:00","mainEntityOfPage":{"@id":"https:\/\/www.newsendip.com\/fr\/la-cigarette-bientot-interdite-dans-les-voitures-avec-des-enfants-dans-toute-lallemagne\/"},"wordCount":1182,"publisher":{"@id":"https:\/\/www.newsendip.com\/fr\/#organization"},"image":{"@id":"https:\/\/www.newsendip.com\/fr\/la-cigarette-bientot-interdite-dans-les-voitures-avec-des-enfants-dans-toute-lallemagne\/#primaryimage"},"thumbnailUrl":"https:\/\/www.newsendip.com\/wp-content\/uploads\/2023\/07\/white-smoke.webp","keywords":["Allemagne","Vieux"],"articleSection":["Sciences et sant\u00e9"],"inLanguage":"fr-FR","copyrightYear":"2023","copyrightHolder":{"@id":"https:\/\/www.newsendip.com\/#organization"}},{"@type":"WebPage","@id":"https:\/\/www.newsendip.com\/fr\/la-cigarette-bientot-interdite-dans-les-voitures-avec-des-enfants-dans-toute-lallemagne\/","url":"https:\/\/www.newsendip.com\/fr\/la-cigarette-bientot-interdite-dans-les-voitures-avec-des-enfants-dans-toute-lallemagne\/","name":"La cigarette bient\u00f4t interdite avec un enfant dans la voiture dans toute l'Allemagne ?","isPartOf":{"@id":"https:\/\/www.newsendip.com\/fr\/#website"},"primaryImageOfPage":{"@id":"https:\/\/www.newsendip.com\/fr\/la-cigarette-bientot-interdite-dans-les-voitures-avec-des-enfants-dans-toute-lallemagne\/#primaryimage"},"image":{"@id":"https:\/\/www.newsendip.com\/fr\/la-cigarette-bientot-interdite-dans-les-voitures-avec-des-enfants-dans-toute-lallemagne\/#primaryimage"},"thumbnailUrl":"https:\/\/www.newsendip.com\/wp-content\/uploads\/2023\/07\/white-smoke.webp","datePublished":"2023-07-07T16:36:38+00:00","dateModified":"2024-07-18T13:43:17+00:00","description":"Le gouvernement f\u00e9d\u00e9ral allemand pr\u00e9voit d'interdire de fumer dans les v\u00e9hicules en pr\u00e9sence de femmes enceintes ou d'enfants sur tout le territoire afin de les prot\u00e9ger du tabagisme passif. Une initiative qui ne date pas d'hier mais qui n'a encore jamais vu le jour au niveau f\u00e9d\u00e9ral.","breadcrumb":{"@id":"https:\/\/www.newsendip.com\/fr\/la-cigarette-bientot-interdite-dans-les-voitures-avec-des-enfants-dans-toute-lallemagne\/#breadcrumb"},"inLanguage":"fr-FR","potentialAction":[{"@type":"ReadAction","target":["https:\/\/www.newsendip.com\/fr\/la-cigarette-bientot-interdite-dans-les-voitures-avec-des-enfants-dans-toute-lallemagne\/"]}]},{"@type":"ImageObject","inLanguage":"fr-FR","@id":"https:\/\/www.newsendip.com\/fr\/la-cigarette-bientot-interdite-dans-les-voitures-avec-des-enfants-dans-toute-lallemagne\/#primaryimage","url":"https:\/\/www.newsendip.com\/wp-content\/uploads\/2023\/07\/white-smoke.webp","contentUrl":"https:\/\/www.newsendip.com\/wp-content\/uploads\/2023\/07\/white-smoke.webp","width":1920,"height":1280,"caption":"\u00a9 Pascal Meier"},{"@type":"BreadcrumbList","@id":"https:\/\/www.newsendip.com\/fr\/la-cigarette-bientot-interdite-dans-les-voitures-avec-des-enfants-dans-toute-lallemagne\/#breadcrumb","itemListElement":[{"@type":"ListItem","position":1,"name":"Accueil","item":"https:\/\/www.newsendip.com\/fr\/"},{"@type":"ListItem","position":2,"name":"La cigarette bient\u00f4t interdite avec un enfant dans la voiture dans toute l&#8217;Allemagne ?"}]},{"@type":"WebSite","@id":"https:\/\/www.newsendip.com\/fr\/#website","url":"https:\/\/www.newsendip.com\/fr\/","name":"Newsendip","description":"Red\u00e9couvrez l&#039;actualit\u00e9 internationale","publisher":{"@id":"https:\/\/www.newsendip.com\/fr\/#organization"},"potentialAction":[{"@type":"SearchAction","target":{"@type":"EntryPoint","urlTemplate":"https:\/\/www.newsendip.com\/fr\/?s={search_term_string}"},"query-input":{"@type":"PropertyValueSpecification","valueRequired":true,"valueName":"search_term_string"}}],"inLanguage":"fr-FR"},{"@type":"Organization","@id":"https:\/\/www.newsendip.com\/fr\/#organization","name":"Newsendip","url":"https:\/\/www.newsendip.com\/fr\/","logo":{"@type":"ImageObject","inLanguage":"fr-FR","@id":"https:\/\/www.newsendip.com\/fr\/#\/schema\/logo\/image\/","url":"https:\/\/www.newsendip.com\/wp-content\/uploads\/2023\/12\/512x512.svg","contentUrl":"https:\/\/www.newsendip.com\/wp-content\/uploads\/2023\/12\/512x512.svg","width":1,"height":1,"caption":"Newsendip"},"image":{"@id":"https:\/\/www.newsendip.com\/fr\/#\/schema\/logo\/image\/"},"sameAs":["https:\/\/www.facebook.com\/newsendip","https:\/\/x.com\/newsendip","https:\/\/mastodon.social\/@newsendip","https:\/\/www.linkedin.com\/company\/newsendip"],"description":"Newsendip est un site qui a pour mission de rendre l'actualit\u00e9 internationale accessible et diversifi\u00e9e","email":"contact@newsendip.com","legalName":"Newsendip SAS","foundingDate":"2022-11-04","vatID":"FR60921124723","numberOfEmployees":{"@type":"QuantitativeValue","minValue":"1","maxValue":"10"},"publishingPrinciples":"https:\/\/www.newsendip.com\/about-us\/","ownershipFundingInfo":"https:\/\/www.newsendip.com\/legal-notice\/","actionableFeedbackPolicy":"https:\/\/www.newsendip.com\/about-us\/","correctionsPolicy":"https:\/\/www.newsendip.com\/about-us\/","ethicsPolicy":"https:\/\/www.newsendip.com\/about-us\/","diversityPolicy":"https:\/\/www.newsendip.com\/about-us\/"},{"@type":"Person","@id":"https:\/\/www.newsendip.com\/fr\/#\/schema\/person\/ea22c01755f464a3cbc2c619584d6363","name":"Cl\u00e9ment V\u00e9rit\u00e9","description":"Cl\u00e9ment is the executive editor and founder of Newsendip. He started in the media industry as a freelance reporter at 16 for a local French newspaper after school and has never left it. He later worked for seven years at The New York Times, notably as a data analyst. He holds a Master of Management in France and a Master of Arts in the United Kingdom in International Marketing &amp; Communications Strategy. He has lived in France, the United Kingdom, and Italy.","sameAs":["https:\/\/www.newsendip.com\/","https:\/\/www.linkedin.com\/in\/clementverite\/","https:\/\/x.com\/https:\/\/twitter.com\/cverite"],"knowsAbout":["News","International","Business","Media monitoring"],"knowsLanguage":["English","French","Italian","Spanish"],"url":"https:\/\/www.newsendip.com\/fr\/author\/clement-verite\/"}]}},"_links":{"self":[{"href":"https:\/\/www.newsendip.com\/fr\/wp-json\/wp\/v2\/posts\/29276","targetHints":{"allow":["GET"]}}],"collection":[{"href":"https:\/\/www.newsendip.com\/fr\/wp-json\/wp\/v2\/posts"}],"about":[{"href":"https:\/\/www.newsendip.com\/fr\/wp-json\/wp\/v2\/types\/post"}],"author":[{"embeddable":true,"href":"https:\/\/www.newsendip.com\/fr\/wp-json\/wp\/v2\/users\/1"}],"replies":[{"embeddable":true,"href":"https:\/\/www.newsendip.com\/fr\/wp-json\/wp\/v2\/comments?post=29276"}],"version-history":[{"count":0,"href":"https:\/\/www.newsendip.com\/fr\/wp-json\/wp\/v2\/posts\/29276\/revisions"}],"wp:featuredmedia":[{"embeddable":true,"href":"https:\/\/www.newsendip.com\/fr\/wp-json\/wp\/v2\/media\/29288"}],"wp:attachment":[{"href":"https:\/\/www.newsendip.com\/fr\/wp-json\/wp\/v2\/media?parent=29276"}],"wp:term":[{"taxonomy":"category","embeddable":true,"href":"https:\/\/www.newsendip.com\/fr\/wp-json\/wp\/v2\/categories?post=29276"},{"taxonomy":"post_tag","embeddable":true,"href":"https:\/\/www.newsendip.com\/fr\/wp-json\/wp\/v2\/tags?post=29276"}],"curies":[{"name":"wp","href":"https:\/\/api.w.org\/{rel}","templated":true}]}}