{"id":29401,"date":"2021-04-20T10:03:26","date_gmt":"2021-04-20T08:03:26","guid":{"rendered":"https:\/\/www.newsendip.com\/?p=29401"},"modified":"2024-07-23T18:06:22","modified_gmt":"2024-07-23T16:06:22","slug":"ses-empreintes-digitales-biometrie-pour-avoir-le-droit-davoir-une-telephone-portable-au-mexique","status":"publish","type":"post","link":"https:\/\/www.newsendip.com\/fr\/ses-empreintes-digitales-biometrie-pour-avoir-le-droit-davoir-une-telephone-portable-au-mexique\/","title":{"rendered":"Ses empreintes digitales pour avoir le droit d\u2019avoir une t\u00e9l\u00e9phone portable au Mexique\u202f?"},"content":{"rendered":"<p><strong>Le S\u00e9nat mexicain a approuv\u00e9 un amendement obligeant les personnes \u00e0 enregistrer leurs donn\u00e9es biom\u00e9triques pour utiliser un t\u00e9l\u00e9phone portable. L\u2019objectif est de r\u00e9duire les enl\u00e8vements et les extorsions.<\/strong><\/p>\n<figure id=\"attachment_13524\" aria-describedby=\"caption-attachment-13524\" style=\"width: 640px\" class=\"wp-caption aligncenter\"><img decoding=\"async\" class=\"wp-image-13524 size-full\" src=\"https:\/\/www.newsendip.com\/wp-content\/uploads\/2021\/04\/mobile-phone-data-mexico-1.jpg\" alt=\"t\u00e9lephone portable\" width=\"640\" height=\"427\" srcset=\"https:\/\/www.newsendip.com\/wp-content\/uploads\/2021\/04\/mobile-phone-data-mexico-1.jpg 640w, https:\/\/www.newsendip.com\/wp-content\/uploads\/2021\/04\/mobile-phone-data-mexico-1-60x40.jpg 60w, https:\/\/www.newsendip.com\/wp-content\/uploads\/2021\/04\/mobile-phone-data-mexico-1-300x200.jpg 300w\" sizes=\"(max-width: 640px) 100vw, 640px\"><figcaption id=\"caption-attachment-13524\" class=\"wp-caption-text\">Les Mexicains devront fournir des donn\u00e9es biom\u00e9triques pour utiliser un num\u00e9ro de t\u00e9l\u00e9phone portable | Jonas&nbsp;Leupe<\/figcaption><\/figure>\n<h2>Donn\u00e9es biom\u00e9triques pour utiliser ou acheter un num\u00e9ro de t\u00e9l\u00e9phone portable<\/h2>\n<p>Le 16 avril 2021, le <a href=\"https:\/\/dof.gob.mx\/nota_detalle.php?codigo=5616165&amp;fecha=16\/04\/2021\">S\u00e9nat mexicain<\/a> a approuv\u00e9 un amendement obligeant les Mexicains \u00e0 fournir des donn\u00e9es personnelles pour utiliser un num\u00e9ro de t\u00e9l\u00e9phone portable.<\/p>\n<p>Trois jours apr\u00e8s la cr\u00e9ation d\u2019un registre national des utilisateurs de t\u00e9l\u00e9phones mobiles (Padr\u00f3n Nacional de Usuarios de Telefon\u00eda M\u00f3vil), le S\u00e9nat a d\u00e9taill\u00e9 les donn\u00e9es que les particuliers doivent fournir aux op\u00e9rateurs de t\u00e9l\u00e9phonie.<\/p>\n<p>Le <a href=\"https:\/\/www.newsendip.com\/fr\/au-mexique-le-senat-vote-pour-un-registre-des-parents-qui-ne-versent-pas-la-pension-alimentaire-ils-seront-interdits-de-quitter-le-pays\/\">registre<\/a> contiendrait des informations sur l\u2019identit\u00e9 des utilisateurs, telles que leur adresse ou leur nationalit\u00e9. Mais le d\u00e9cret mentionne \u00e9galement une exigence plus controvers\u00e9e&nbsp;: Les donn\u00e9es biom\u00e9triques de l\u2019utilisateur.<\/p>\n<p>Le texte ne pr\u00e9cise pas quelles donn\u00e9es biom\u00e9triques doivent \u00eatre collect\u00e9es. Les identifiants biom\u00e9triques uniques pourraient donc inclure les empreintes digitales, les veines de la paume, la reconnaissance faciale ou m\u00eame l\u2019<a href=\"https:\/\/www.newsendip.com\/fr\/comment-la-police-australienne-espere-resoudre-un-meurtre-de-1982-avec-un-nouveau-portrait-robot-issu-de-ladn-du-suspect\/\">ADN<\/a> de l\u2019utilisateur. Les entreprises pourront \u00e9ventuellement \u00ab\u202f<em>\u00e9changer des informations avec les autorit\u00e9s comp\u00e9tentes\u202f\u00bb<\/em> pour des raisons de s\u00e9curit\u00e9 et dans des affaires judiciaires li\u00e9es aux <a href=\"https:\/\/www.newsendip.com\/fr\/au-mexique-les-cartels-de-la-drogue-recrutent-aussi-par-les-jeux-video-en-ligne-free-fire\/\">activit\u00e9s criminelles<\/a>.<\/p>\n<p>Ainsi, pour utiliser un t\u00e9l\u00e9phone portable, un Mexicain devra peut-\u00eatre donner ses empreintes digitales avant d\u2019appeler un proche, bien que la mani\u00e8re dont les fournisseurs de op\u00e9rateurs collecteront et transmettront ces donn\u00e9es n\u2019ait pas encore \u00e9t\u00e9 d\u00e9finie.<\/p>\n<h2>Lutte contre les enl\u00e8vements et les extorsions<\/h2>\n<p><!--more--><\/p>\n<p>En r\u00e9action \u00e0 l\u2019amendement, l\u2019<a href=\"https:\/\/home.inai.org.mx\/wp-content\/documentos\/SalaDePrensa\/Comunicados\/Comunicado%20INAI-123-21.pdf\">Institut national pour la transparence, l\u2019acc\u00e8s \u00e0 l\u2019information et la protection des donn\u00e9es personnelles<\/a> a averti que \u00ab\u202f<em>la collecte de donn\u00e9es biom\u00e9triques devrait \u00eatre aussi limit\u00e9e que possible<\/em>\u202f\u00bb car toute \u00ab\u202f<em>vuln\u00e9rabilit\u00e9 des donn\u00e9es biom\u00e9triques peut conduire \u00e0 des dommages significatifs et parfois irr\u00e9parables\u202f\u00bb<\/em>.<\/p>\n<p>Le fait de ne pas enregistrer son num\u00e9ro de t\u00e9l\u00e9phone portable peut entra\u00eener une amende comprise entre 280 et 560 dollars.<\/p>\n<p>Selon les <a href=\"http:\/\/comunicacion.senado.gob.mx\/index.php\/informacion\/boletines\/50696-senado-aprueba-en-lo-general-crear-padron-nacional-de-usuarios-de-telefonia-movil.html\">l\u00e9gislateurs mexicains<\/a>, l\u2019objectif est surtout de \u00ab\u202f<em>mettre fin \u00e0 des crimes tels que l\u2019extorsion et l\u2019enl\u00e8vement qui, dans de nombreux cas, sont commis \u00e0 l\u2019aide de <a href=\"https:\/\/www.newsendip.com\/fr\/le-nigeria-suspend-des-millions-de-numeros-de-telephone\/\">t\u00e9l\u00e9phones portables<\/a>\u202f\u00bb<\/em>.<\/p>\n<p>La pr\u00e9sidente de la Commission des transports et des t\u00e9l\u00e9communications, Luc\u00eda Meza Guzm\u00e1n, a d\u00e9clar\u00e9 que 89\u202f% des extorsions ont \u00e9t\u00e9 r\u00e9alis\u00e9es par t\u00e9l\u00e9phone en 2019. De plus, ces activit\u00e9s g\u00e9n\u00e8rent 600 millions de dollars pour le crime organis\u00e9 chaque ann\u00e9e. Le registre viserait \u00e0 identifier plus facilement un crime, ses auteurs et \u00e0 suspendre instantan\u00e9ment les communications.<\/p>\n<h2>Inqui\u00e9tudes sur la protection de la vie priv\u00e9e et doutes sur l\u2019efficacit\u00e9<\/h2>\n<p>Les opposants au projet de loi demandent le <a href=\"https:\/\/www.newsendip.com\/fr\/lotage-dun-apple-store-a-amsterdam-demande-le-respect-de-sa-vie-privee\/\">respect de la confidentialit\u00e9<\/a> des donn\u00e9es personnelles sensibles et doutent de son efficacit\u00e9.<\/p>\n<p><a href=\"https:\/\/r3d.mx\/2020\/12\/03\/legisladores-buscan-revivir-el-renaut-con-el-registro-de-usuarios-de-telefonia-movil\/\">R3D<\/a>, une organisation mexicaine de d\u00e9fense des droits num\u00e9riques, s\u2019inqui\u00e8te des cons\u00e9quences d\u2019un enregistrement des donn\u00e9es de personnes innocentes \u00ab\u202f<em>compte tenu de la facilit\u00e9 avec laquelle un num\u00e9ro de t\u00e9l\u00e9phone peut \u00eatre usurp\u00e9 et de la vuln\u00e9rabilit\u00e9 des enregistrements\u202f\u00bb<\/em>.<\/p>\n<p>En 2009, une base de donn\u00e9es similaire, sans biom\u00e9trie, avait \u00e9t\u00e9 mise en place au Mexique pour r\u00e9guler la criminalit\u00e9. Deux ans plus tard, le syst\u00e8me \u00ab\u202f<a href=\"https:\/\/www.eleconomista.com.mx\/politica\/Dejan-colgado-al-Renaut-20110429-0030.html\">RENAUT<\/a>\u202f\u00bb avait \u00e9t\u00e9 supprim\u00e9 en raison de son inefficacit\u00e9 et remplac\u00e9 par la <a href=\"https:\/\/www.newsendip.com\/fr\/la-police-italienne-retrouve-un-mafieux-en-espagne-grace-a-google-street-view\/\">g\u00e9olocalisation<\/a> des appareils mobiles. Moins de deux mois apr\u00e8s l\u2019adoption de la loi, l\u2019ensemble des donn\u00e9es s\u2019\u00e9tait retrouv\u00e9 en vente libre sur internet.<\/p>\n<p>Selon <a href=\"https:\/\/www.jornada.com.mx\/notas\/2021\/04\/14\/economia\/mexico-se-une-a-18-paises-que-piden-datos-biometricos\/\">La Jornada<\/a>, 18 pays dans le monde exigent des donn\u00e9es biom\u00e9triques pour obtenir une <a href=\"https:\/\/www.newsendip.com\/fr\/au-ghana-un-appel-au-boycott-des-appels-telephoniques\/\">carte SIM<\/a>, dont la Chine, Singapour et le&nbsp;P\u00e9rou.<\/p>\n<p><strong><a href=\"https:\/\/www.newsendip.com\/fr\/etiquette\/mexique\/\">D\u00e9couvrez plus d\u2019actualit\u00e9s sur le Mexique<\/a><\/strong><\/p>\n","protected":false},"excerpt":{"rendered":"<p>Le S\u00e9nat mexicain a approuv\u00e9 un amendement obligeant les personnes \u00e0 enregistrer leurs donn\u00e9es biom\u00e9triques pour utiliser un t\u00e9l\u00e9phone portable. L\u2019objectif est de r\u00e9duire les enl\u00e8vements et les extorsions.<\/p>\n","protected":false},"author":1,"featured_media":13524,"comment_status":"closed","ping_status":"closed","sticky":false,"template":"","format":"standard","meta":{"wp_typography_post_enhancements_disabled":false,"footnotes":""},"categories":[416],"tags":[411,419],"class_list":["post-29401","post","type-post","status-publish","format-standard","has-post-thumbnail","hentry","category-politique","tag-actuel","tag-mexique"],"yoast_head":"<!-- This site is optimized with the Yoast SEO Premium plugin v27.4 (Yoast SEO v27.4) - https:\/\/yoast.com\/product\/yoast-seo-premium-wordpress\/ -->\n<title>Ses empreintes digitales pour avoir le droit d&#039;avoir une t\u00e9l\u00e9phone portable au Mexique ?<\/title>\n<meta name=\"description\" content=\"Le S\u00e9nat mexicain a approuv\u00e9 un amendement obligeant les personnes \u00e0 enregistrer leurs donn\u00e9es biom\u00e9triques pour utiliser un t\u00e9l\u00e9phone portable. L&#039;objectif est de r\u00e9duire les enl\u00e8vements et les extorsions.\" \/>\n<meta name=\"robots\" content=\"index, follow, max-snippet:-1, max-image-preview:large, max-video-preview:-1\" \/>\n<link rel=\"canonical\" href=\"https:\/\/www.newsendip.com\/fr\/ses-empreintes-digitales-biometrie-pour-avoir-le-droit-davoir-une-telephone-portable-au-mexique\/\" \/>\n<meta property=\"og:locale\" content=\"fr_FR\" \/>\n<meta property=\"og:type\" content=\"article\" \/>\n<meta property=\"og:title\" content=\"Ses empreintes digitales pour avoir le droit d&#039;avoir une t\u00e9l\u00e9phone portable au Mexique ?\" \/>\n<meta property=\"og:description\" content=\"Le S\u00e9nat mexicain a approuv\u00e9 un amendement obligeant les personnes \u00e0 enregistrer leurs donn\u00e9es biom\u00e9triques pour utiliser un t\u00e9l\u00e9phone portable. L&#039;objectif est de r\u00e9duire les enl\u00e8vements et les extorsions.\" \/>\n<meta property=\"og:url\" content=\"https:\/\/www.newsendip.com\/fr\/ses-empreintes-digitales-biometrie-pour-avoir-le-droit-davoir-une-telephone-portable-au-mexique\/\" \/>\n<meta property=\"og:site_name\" content=\"Newsendip\" \/>\n<meta property=\"article:publisher\" content=\"https:\/\/www.facebook.com\/newsendip\" \/>\n<meta property=\"article:published_time\" content=\"2021-04-20T08:03:26+00:00\" \/>\n<meta property=\"article:modified_time\" content=\"2024-07-23T16:06:22+00:00\" \/>\n<meta property=\"og:image\" content=\"https:\/\/www.newsendip.com\/wp-content\/uploads\/2021\/04\/mobile-phone-data-mexico-1.jpg\" \/>\n\t<meta property=\"og:image:width\" content=\"640\" \/>\n\t<meta property=\"og:image:height\" content=\"427\" \/>\n\t<meta property=\"og:image:type\" content=\"image\/jpeg\" \/>\n<meta name=\"author\" content=\"Cl\u00e9ment V\u00e9rit\u00e9\" \/>\n<meta name=\"twitter:card\" content=\"summary_large_image\" \/>\n<meta name=\"twitter:creator\" content=\"@https:\/\/twitter.com\/cverite\" \/>\n<meta name=\"twitter:site\" content=\"@newsendip\" \/>\n<meta name=\"twitter:label1\" content=\"\u00c9crit par\" \/>\n\t<meta name=\"twitter:data1\" content=\"Cl\u00e9ment V\u00e9rit\u00e9\" \/>\n\t<meta name=\"twitter:label2\" content=\"Dur\u00e9e de lecture estim\u00e9e\" \/>\n\t<meta name=\"twitter:data2\" content=\"3 minutes\" \/>\n<!-- \/ Yoast SEO Premium plugin. -->","yoast_head_json":{"title":"Ses empreintes digitales pour avoir le droit d'avoir une t\u00e9l\u00e9phone portable au Mexique ?","description":"Le S\u00e9nat mexicain a approuv\u00e9 un amendement obligeant les personnes \u00e0 enregistrer leurs donn\u00e9es biom\u00e9triques pour utiliser un t\u00e9l\u00e9phone portable. L'objectif est de r\u00e9duire les enl\u00e8vements et les extorsions.","robots":{"index":"index","follow":"follow","max-snippet":"max-snippet:-1","max-image-preview":"max-image-preview:large","max-video-preview":"max-video-preview:-1"},"canonical":"https:\/\/www.newsendip.com\/fr\/ses-empreintes-digitales-biometrie-pour-avoir-le-droit-davoir-une-telephone-portable-au-mexique\/","og_locale":"fr_FR","og_type":"article","og_title":"Ses empreintes digitales pour avoir le droit d'avoir une t\u00e9l\u00e9phone portable au Mexique ?","og_description":"Le S\u00e9nat mexicain a approuv\u00e9 un amendement obligeant les personnes \u00e0 enregistrer leurs donn\u00e9es biom\u00e9triques pour utiliser un t\u00e9l\u00e9phone portable. L'objectif est de r\u00e9duire les enl\u00e8vements et les extorsions.","og_url":"https:\/\/www.newsendip.com\/fr\/ses-empreintes-digitales-biometrie-pour-avoir-le-droit-davoir-une-telephone-portable-au-mexique\/","og_site_name":"Newsendip","article_publisher":"https:\/\/www.facebook.com\/newsendip","article_published_time":"2021-04-20T08:03:26+00:00","article_modified_time":"2024-07-23T16:06:22+00:00","og_image":[{"width":640,"height":427,"url":"https:\/\/www.newsendip.com\/wp-content\/uploads\/2021\/04\/mobile-phone-data-mexico-1.jpg","type":"image\/jpeg"}],"author":"Cl\u00e9ment V\u00e9rit\u00e9","twitter_card":"summary_large_image","twitter_creator":"@https:\/\/twitter.com\/cverite","twitter_site":"@newsendip","twitter_misc":{"\u00c9crit par":"Cl\u00e9ment V\u00e9rit\u00e9","Dur\u00e9e de lecture estim\u00e9e":"3 minutes"},"schema":{"@context":"https:\/\/schema.org","@graph":[{"@type":"NewsArticle","@id":"https:\/\/www.newsendip.com\/fr\/ses-empreintes-digitales-biometrie-pour-avoir-le-droit-davoir-une-telephone-portable-au-mexique\/#article","isPartOf":{"@id":"https:\/\/www.newsendip.com\/fr\/ses-empreintes-digitales-biometrie-pour-avoir-le-droit-davoir-une-telephone-portable-au-mexique\/"},"author":{"name":"Cl\u00e9ment V\u00e9rit\u00e9","@id":"https:\/\/www.newsendip.com\/fr\/#\/schema\/person\/ea22c01755f464a3cbc2c619584d6363"},"headline":"Ses empreintes digitales pour avoir le droit d\u2019avoir une t\u00e9l\u00e9phone portable au Mexique\u202f?","datePublished":"2021-04-20T08:03:26+00:00","dateModified":"2024-07-23T16:06:22+00:00","mainEntityOfPage":{"@id":"https:\/\/www.newsendip.com\/fr\/ses-empreintes-digitales-biometrie-pour-avoir-le-droit-davoir-une-telephone-portable-au-mexique\/"},"wordCount":714,"publisher":{"@id":"https:\/\/www.newsendip.com\/fr\/#organization"},"image":{"@id":"https:\/\/www.newsendip.com\/fr\/ses-empreintes-digitales-biometrie-pour-avoir-le-droit-davoir-une-telephone-portable-au-mexique\/#primaryimage"},"thumbnailUrl":"https:\/\/www.newsendip.com\/wp-content\/uploads\/2021\/04\/mobile-phone-data-mexico-1.jpg","keywords":["Actuel","Mexique"],"articleSection":["Politique"],"inLanguage":"fr-FR","copyrightYear":"2021","copyrightHolder":{"@id":"https:\/\/www.newsendip.com\/#organization"}},{"@type":"WebPage","@id":"https:\/\/www.newsendip.com\/fr\/ses-empreintes-digitales-biometrie-pour-avoir-le-droit-davoir-une-telephone-portable-au-mexique\/","url":"https:\/\/www.newsendip.com\/fr\/ses-empreintes-digitales-biometrie-pour-avoir-le-droit-davoir-une-telephone-portable-au-mexique\/","name":"Ses empreintes digitales pour avoir le droit d'avoir une t\u00e9l\u00e9phone portable au Mexique ?","isPartOf":{"@id":"https:\/\/www.newsendip.com\/fr\/#website"},"primaryImageOfPage":{"@id":"https:\/\/www.newsendip.com\/fr\/ses-empreintes-digitales-biometrie-pour-avoir-le-droit-davoir-une-telephone-portable-au-mexique\/#primaryimage"},"image":{"@id":"https:\/\/www.newsendip.com\/fr\/ses-empreintes-digitales-biometrie-pour-avoir-le-droit-davoir-une-telephone-portable-au-mexique\/#primaryimage"},"thumbnailUrl":"https:\/\/www.newsendip.com\/wp-content\/uploads\/2021\/04\/mobile-phone-data-mexico-1.jpg","datePublished":"2021-04-20T08:03:26+00:00","dateModified":"2024-07-23T16:06:22+00:00","description":"Le S\u00e9nat mexicain a approuv\u00e9 un amendement obligeant les personnes \u00e0 enregistrer leurs donn\u00e9es biom\u00e9triques pour utiliser un t\u00e9l\u00e9phone portable. L'objectif est de r\u00e9duire les enl\u00e8vements et les extorsions.","breadcrumb":{"@id":"https:\/\/www.newsendip.com\/fr\/ses-empreintes-digitales-biometrie-pour-avoir-le-droit-davoir-une-telephone-portable-au-mexique\/#breadcrumb"},"inLanguage":"fr-FR","potentialAction":[{"@type":"ReadAction","target":["https:\/\/www.newsendip.com\/fr\/ses-empreintes-digitales-biometrie-pour-avoir-le-droit-davoir-une-telephone-portable-au-mexique\/"]}]},{"@type":"ImageObject","inLanguage":"fr-FR","@id":"https:\/\/www.newsendip.com\/fr\/ses-empreintes-digitales-biometrie-pour-avoir-le-droit-davoir-une-telephone-portable-au-mexique\/#primaryimage","url":"https:\/\/www.newsendip.com\/wp-content\/uploads\/2021\/04\/mobile-phone-data-mexico-1.jpg","contentUrl":"https:\/\/www.newsendip.com\/wp-content\/uploads\/2021\/04\/mobile-phone-data-mexico-1.jpg","width":640,"height":427,"caption":"Les Mexicains devront fournir des donn\u00e9es biom\u00e9triques pour utiliser un num\u00e9ro de t\u00e9l\u00e9phone portable | Jonas Leupe"},{"@type":"BreadcrumbList","@id":"https:\/\/www.newsendip.com\/fr\/ses-empreintes-digitales-biometrie-pour-avoir-le-droit-davoir-une-telephone-portable-au-mexique\/#breadcrumb","itemListElement":[{"@type":"ListItem","position":1,"name":"Accueil","item":"https:\/\/www.newsendip.com\/fr\/"},{"@type":"ListItem","position":2,"name":"Ses empreintes digitales pour avoir le droit d&#8217;avoir une t\u00e9l\u00e9phone portable au Mexique ?"}]},{"@type":"WebSite","@id":"https:\/\/www.newsendip.com\/fr\/#website","url":"https:\/\/www.newsendip.com\/fr\/","name":"Newsendip","description":"Red\u00e9couvrez l&#039;actualit\u00e9 internationale","publisher":{"@id":"https:\/\/www.newsendip.com\/fr\/#organization"},"potentialAction":[{"@type":"SearchAction","target":{"@type":"EntryPoint","urlTemplate":"https:\/\/www.newsendip.com\/fr\/?s={search_term_string}"},"query-input":{"@type":"PropertyValueSpecification","valueRequired":true,"valueName":"search_term_string"}}],"inLanguage":"fr-FR"},{"@type":"Organization","@id":"https:\/\/www.newsendip.com\/fr\/#organization","name":"Newsendip","url":"https:\/\/www.newsendip.com\/fr\/","logo":{"@type":"ImageObject","inLanguage":"fr-FR","@id":"https:\/\/www.newsendip.com\/fr\/#\/schema\/logo\/image\/","url":"https:\/\/www.newsendip.com\/wp-content\/uploads\/2023\/12\/512x512.svg","contentUrl":"https:\/\/www.newsendip.com\/wp-content\/uploads\/2023\/12\/512x512.svg","width":1,"height":1,"caption":"Newsendip"},"image":{"@id":"https:\/\/www.newsendip.com\/fr\/#\/schema\/logo\/image\/"},"sameAs":["https:\/\/www.facebook.com\/newsendip","https:\/\/x.com\/newsendip","https:\/\/mastodon.social\/@newsendip","https:\/\/www.linkedin.com\/company\/newsendip"],"description":"Newsendip est un site qui a pour mission de rendre l'actualit\u00e9 internationale accessible et diversifi\u00e9e","email":"contact@newsendip.com","legalName":"Newsendip SAS","foundingDate":"2022-11-04","vatID":"FR60921124723","numberOfEmployees":{"@type":"QuantitativeValue","minValue":"1","maxValue":"10"},"publishingPrinciples":"https:\/\/www.newsendip.com\/about-us\/","ownershipFundingInfo":"https:\/\/www.newsendip.com\/legal-notice\/","actionableFeedbackPolicy":"https:\/\/www.newsendip.com\/about-us\/","correctionsPolicy":"https:\/\/www.newsendip.com\/about-us\/","ethicsPolicy":"https:\/\/www.newsendip.com\/about-us\/","diversityPolicy":"https:\/\/www.newsendip.com\/about-us\/"},{"@type":"Person","@id":"https:\/\/www.newsendip.com\/fr\/#\/schema\/person\/ea22c01755f464a3cbc2c619584d6363","name":"Cl\u00e9ment V\u00e9rit\u00e9","description":"Cl\u00e9ment is the executive editor and founder of Newsendip. He started in the media industry as a freelance reporter at 16 for a local French newspaper after school and has never left it. He later worked for seven years at The New York Times, notably as a data analyst. He holds a Master of Management in France and a Master of Arts in the United Kingdom in International Marketing &amp; Communications Strategy. He has lived in France, the United Kingdom, and Italy.","sameAs":["https:\/\/www.newsendip.com\/","https:\/\/www.linkedin.com\/in\/clementverite\/","https:\/\/x.com\/https:\/\/twitter.com\/cverite"],"knowsAbout":["News","International","Business","Media monitoring"],"knowsLanguage":["English","French","Italian","Spanish"],"url":"https:\/\/www.newsendip.com\/fr\/author\/clement-verite\/"}]}},"_links":{"self":[{"href":"https:\/\/www.newsendip.com\/fr\/wp-json\/wp\/v2\/posts\/29401","targetHints":{"allow":["GET"]}}],"collection":[{"href":"https:\/\/www.newsendip.com\/fr\/wp-json\/wp\/v2\/posts"}],"about":[{"href":"https:\/\/www.newsendip.com\/fr\/wp-json\/wp\/v2\/types\/post"}],"author":[{"embeddable":true,"href":"https:\/\/www.newsendip.com\/fr\/wp-json\/wp\/v2\/users\/1"}],"replies":[{"embeddable":true,"href":"https:\/\/www.newsendip.com\/fr\/wp-json\/wp\/v2\/comments?post=29401"}],"version-history":[{"count":0,"href":"https:\/\/www.newsendip.com\/fr\/wp-json\/wp\/v2\/posts\/29401\/revisions"}],"wp:featuredmedia":[{"embeddable":true,"href":"https:\/\/www.newsendip.com\/fr\/wp-json\/wp\/v2\/media\/13524"}],"wp:attachment":[{"href":"https:\/\/www.newsendip.com\/fr\/wp-json\/wp\/v2\/media?parent=29401"}],"wp:term":[{"taxonomy":"category","embeddable":true,"href":"https:\/\/www.newsendip.com\/fr\/wp-json\/wp\/v2\/categories?post=29401"},{"taxonomy":"post_tag","embeddable":true,"href":"https:\/\/www.newsendip.com\/fr\/wp-json\/wp\/v2\/tags?post=29401"}],"curies":[{"name":"wp","href":"https:\/\/api.w.org\/{rel}","templated":true}]}}