{"id":29448,"date":"2021-05-21T07:00:00","date_gmt":"2021-05-21T05:00:00","guid":{"rendered":"https:\/\/www.newsendip.com\/?p=29448"},"modified":"2024-07-23T17:59:33","modified_gmt":"2024-07-23T15:59:33","slug":"le-soudan-allege-encore-sa-dette-avec-5-milliards-de-dollars-annules-par-la-france","status":"publish","type":"post","link":"https:\/\/www.newsendip.com\/fr\/le-soudan-allege-encore-sa-dette-avec-5-milliards-de-dollars-annules-par-la-france\/","title":{"rendered":"Le Soudan all\u00e8ge encore sa dette avec 5 milliards de dollars annul\u00e9s par la France"},"content":{"rendered":"<p><strong>Le pr\u00e9sident fran\u00e7ais a annonc\u00e9 que le pays abandonnerait la dette du Soudan, qui s\u2019\u00e9levait \u00e0 5 milliards de dollars. L\u2019annonce du deuxi\u00e8me cr\u00e9ancier du Soudan est la plus grande \u00e9tape d\u2019une s\u00e9rie d\u2019all\u00e8gements financiers accord\u00e9s par les \u00e9conomies occidentales depuis le d\u00e9but de la transition d\u00e9mocratique soudanaise en&nbsp;2019.<\/strong><\/p>\n<figure id=\"attachment_13552\" aria-describedby=\"caption-attachment-13552\" style=\"width: 1024px\" class=\"wp-caption aligncenter\"><img decoding=\"async\" class=\"wp-image-13552 size-large\" src=\"https:\/\/www.newsendip.com\/wp-content\/uploads\/2021\/05\/macron-international-conference-sudan-support-transition-1024x576.png\" alt=\"Emmanuel Macron\" width=\"1024\" height=\"576\" srcset=\"https:\/\/www.newsendip.com\/wp-content\/uploads\/2021\/05\/macron-international-conference-sudan-support-transition-1024x576.png 1024w, https:\/\/www.newsendip.com\/wp-content\/uploads\/2021\/05\/macron-international-conference-sudan-support-transition-60x34.png 60w, https:\/\/www.newsendip.com\/wp-content\/uploads\/2021\/05\/macron-international-conference-sudan-support-transition-300x169.png 300w, https:\/\/www.newsendip.com\/wp-content\/uploads\/2021\/05\/macron-international-conference-sudan-support-transition-768x432.png 768w, https:\/\/www.newsendip.com\/wp-content\/uploads\/2021\/05\/macron-international-conference-sudan-support-transition-1536x864.png 1536w, https:\/\/www.newsendip.com\/wp-content\/uploads\/2021\/05\/macron-international-conference-sudan-support-transition.png 1920w\" sizes=\"(max-width: 1024px) 100vw, 1024px\"><figcaption id=\"caption-attachment-13552\" class=\"wp-caption-text\">Emmanuel Macron lors de la Conf\u00e9rence internationale d\u2019appui \u00e0 la transition soudanaise<\/figcaption><\/figure>\n<p>La <a href=\"https:\/\/www.elysee.fr\/emmanuel-macron\/2021\/05\/17\/conference-internationale-dappui-a-la-transition-soudanaise\">Conf\u00e9rence internationale d\u2019appui \u00e0 la transition soudanaise<\/a> s\u2019est tenue \u00e0 Paris le 17 mai 2021. Et elle s\u2019est achev\u00e9e avec le pr\u00e9sident fran\u00e7ais Emmanuel Macron qui a diminu\u00e9 Khartoum de sa dette de 5 milliards de dollars. \u00ab\u202f<em>Nous sommes favorables \u00e0 une annulation pure et simple de notre cr\u00e9dit avec le Soudan\u202f\u00bb<\/em>, a d\u00e9clar\u00e9 M.&nbsp;Macon.<\/p>\n<p>Le Soudan est un pays en transition d\u00e9mocratique depuis 2019 et la destitution de la dictature dirig\u00e9e par Omar al-Bashir. Il a supprim\u00e9 la charia, interdit les mutilations g\u00e9nitales f\u00e9minines. Il a reconnu l\u2019\u00c9tat d\u2019Isra\u00ebl. Il a vers\u00e9 aux \u00c9tats-Unis 335 millions de dollars pour indemniser les victimes de l\u2019attentat de 1998 contre l\u2019ambassade par Al-Qa\u00efda. Et en d\u00e9cembre 2020, les \u00c9tats-Unis ont retir\u00e9 le Soudan de la liste des pays soutenant le terrorisme et ont accept\u00e9 de soutenir Khartoum pour \u00e9ponger sa&nbsp;dette.<\/p>\n<p>Car, parall\u00e8lement \u00e0 sa transition politique, le Soudan a besoin de reconstruire son \u00e9conomie. Le pays est en r\u00e9cession depuis trois ans, avec une inflation galopante et une p\u00e9nurie de produits de premi\u00e8re n\u00e9cessit\u00e9. La s\u00e9cession du Sud-Soudan en 2005 a priv\u00e9 le pays de la plupart de ses ressources p\u00e9troli\u00e8res. De plus, la r\u00e9cente guerre civile a consid\u00e9rablement plomb\u00e9 les efforts budg\u00e9taires du&nbsp;pays.<\/p>\n<h2>Le Club de Paris, premier cr\u00e9ancier du Soudan<\/h2>\n<p><!--more--><\/p>\n<p>Le Soudan est paralys\u00e9 par une dette ext\u00e9rieure de 60 milliards de dollars, estim\u00e9e \u00e0 176\u202f% du produit int\u00e9rieur brut national. Seuls la Gr\u00e8ce et le Japon ont un endettement relatif \u00e0 leur \u00e9conomie plus \u00e9lev\u00e9. De plus, le pays a souffert du d\u00e9faut de paiement de sa&nbsp;dette.<\/p>\n<p>La <a href=\"https:\/\/www.newsendip.com\/fr\/etiquette\/france-fr\/\">France<\/a> a confirm\u00e9 qu\u2019elle accorderait un cr\u00e9dit de 1,5 milliard de dollars pour r\u00e9gler les arri\u00e9r\u00e9s aupr\u00e8s du <a href=\"https:\/\/www.newsendip.com\/fr\/argentine-et-le-fmi-trouvent-un-accord-sur-la-restructuration-de-la-dette-le-congres-doit-encore-lapprouver\/\">Fonds mon\u00e9taire international<\/a>. Le m\u00eame jour, l\u2019Allemagne a d\u00e9clar\u00e9 qu\u2019elle verserait 110 millions de dollars pour r\u00e9gler les frais de retard de paiement au FMI et qu\u2019elle r\u00e9duirait la dette soudanaise de 440 millions de dollars.<\/p>\n<p>Le Premier ministre soudanais Abdallah Hamdok avait d\u00e9j\u00e0 effac\u00e9 sa dette envers la Banque mondiale gr\u00e2ce au pr\u00eat de 1,15 milliard de dollars accord\u00e9 par les \u00c9tats-Unis. Il a \u00e9galement contract\u00e9 un cr\u00e9dit aupr\u00e8s du Royaume-Uni, de l\u2019Irlande et de la Su\u00e8de pour 425 millions de dollars pour r\u00e9gler le diff\u00e9rend avec la Banque africaine de d\u00e9veloppement.<\/p>\n<p>Abdallah Hamdok s\u2019est efforc\u00e9 de lib\u00e9rer le pays des pr\u00eats des institutions financi\u00e8res multilat\u00e9rales. Combin\u00e9es \u00e0 de solides r\u00e9formes \u00e9conomiques, les conditions \u00e9taient r\u00e9unies pour que la France all\u00e8ge le fardeau de sa dette. La d\u00e9cision de la France ouvre la voie \u00e0 d\u2019autres pays pour travailler avec le FMI et le Soudan sur sa dette. Le Club de Paris, un groupe de 22 pays travaillant \u00e0 la restructuration de la dette, dont la France, les \u00c9tats-Unis, le Royaume-Uni, l\u2019Irlande, la Su\u00e8de ou l\u2019Allemagne, d\u00e9tient encore 38\u202f% de la dette soudanaise.<\/p>\n<p>Comme ce fut le cas pour les \u00c9tats-Unis, l\u2019all\u00e9gement de la dette ne se fait pas qu\u2019\u00e0 perte pour les pays qui l\u2019accordent. Des responsables industriels fran\u00e7ais envisagent de se rendre au <a href=\"https:\/\/www.newsendip.com\/fr\/lethiopie-legypte-et-le-soudan-ne-parviennent-pas-a-sentendre-sur-le-barrage-du-nil\/\">Soudan<\/a> afin d\u2019\u00e9tudier les opportunit\u00e9s d\u2019investissement sur le sol soudanais.<\/p>\n<p><em>Traduit \u00e0 partir de l\u2019anglais.<\/em><\/p>\n","protected":false},"excerpt":{"rendered":"<p>Le pr\u00e9sident fran\u00e7ais a annonc\u00e9 que le pays abandonnerait la dette du Soudan, qui s\u2019\u00e9levait \u00e0 5 milliards de dollars.<\/p>\n","protected":false},"author":1,"featured_media":13552,"comment_status":"closed","ping_status":"closed","sticky":false,"template":"","format":"standard","meta":{"wp_typography_post_enhancements_disabled":false,"footnotes":""},"categories":[416],"tags":[428,421],"class_list":["post-29448","post","type-post","status-publish","format-standard","has-post-thumbnail","hentry","category-politique","tag-france-fr","tag-vieux"],"yoast_head":"<!-- This site is optimized with the Yoast SEO Premium plugin v27.4 (Yoast SEO v27.4) - https:\/\/yoast.com\/product\/yoast-seo-premium-wordpress\/ -->\n<title>Le Soudan all\u00e8ge encore sa dette avec 5 milliards de dollars annul\u00e9s par la France<\/title>\n<meta name=\"description\" content=\"Le pr\u00e9sident fran\u00e7ais a annonc\u00e9 que le pays abandonnerait la dette du Soudan, qui s&#039;\u00e9levait \u00e0 5 milliards de dollars.\" \/>\n<meta name=\"robots\" content=\"index, follow, max-snippet:-1, max-image-preview:large, max-video-preview:-1\" \/>\n<link rel=\"canonical\" href=\"https:\/\/www.newsendip.com\/fr\/le-soudan-allege-encore-sa-dette-avec-5-milliards-de-dollars-annules-par-la-france\/\" \/>\n<meta property=\"og:locale\" content=\"fr_FR\" \/>\n<meta property=\"og:type\" content=\"article\" \/>\n<meta property=\"og:title\" content=\"Le Soudan all\u00e8ge encore sa dette avec 5 milliards de dollars annul\u00e9s par la France\" \/>\n<meta property=\"og:description\" content=\"Le pr\u00e9sident fran\u00e7ais a annonc\u00e9 que le pays abandonnerait la dette du Soudan, qui s&#039;\u00e9levait \u00e0 5 milliards de dollars.\" \/>\n<meta property=\"og:url\" content=\"https:\/\/www.newsendip.com\/fr\/le-soudan-allege-encore-sa-dette-avec-5-milliards-de-dollars-annules-par-la-france\/\" \/>\n<meta property=\"og:site_name\" content=\"Newsendip\" \/>\n<meta property=\"article:publisher\" content=\"https:\/\/www.facebook.com\/newsendip\" \/>\n<meta property=\"article:published_time\" content=\"2021-05-21T05:00:00+00:00\" \/>\n<meta property=\"article:modified_time\" content=\"2024-07-23T15:59:33+00:00\" \/>\n<meta property=\"og:image\" content=\"https:\/\/www.newsendip.com\/wp-content\/uploads\/2021\/05\/macron-international-conference-sudan-support-transition.png\" \/>\n\t<meta property=\"og:image:width\" content=\"1920\" \/>\n\t<meta property=\"og:image:height\" content=\"1080\" \/>\n\t<meta property=\"og:image:type\" content=\"image\/png\" \/>\n<meta name=\"author\" content=\"Cl\u00e9ment V\u00e9rit\u00e9\" \/>\n<meta name=\"twitter:card\" content=\"summary_large_image\" \/>\n<meta name=\"twitter:creator\" content=\"@https:\/\/twitter.com\/cverite\" \/>\n<meta name=\"twitter:site\" content=\"@newsendip\" \/>\n<meta name=\"twitter:label1\" content=\"\u00c9crit par\" \/>\n\t<meta name=\"twitter:data1\" content=\"Cl\u00e9ment V\u00e9rit\u00e9\" \/>\n\t<meta name=\"twitter:label2\" content=\"Dur\u00e9e de lecture estim\u00e9e\" \/>\n\t<meta name=\"twitter:data2\" content=\"3 minutes\" \/>\n<!-- \/ Yoast SEO Premium plugin. -->","yoast_head_json":{"title":"Le Soudan all\u00e8ge encore sa dette avec 5 milliards de dollars annul\u00e9s par la France","description":"Le pr\u00e9sident fran\u00e7ais a annonc\u00e9 que le pays abandonnerait la dette du Soudan, qui s'\u00e9levait \u00e0 5 milliards de dollars.","robots":{"index":"index","follow":"follow","max-snippet":"max-snippet:-1","max-image-preview":"max-image-preview:large","max-video-preview":"max-video-preview:-1"},"canonical":"https:\/\/www.newsendip.com\/fr\/le-soudan-allege-encore-sa-dette-avec-5-milliards-de-dollars-annules-par-la-france\/","og_locale":"fr_FR","og_type":"article","og_title":"Le Soudan all\u00e8ge encore sa dette avec 5 milliards de dollars annul\u00e9s par la France","og_description":"Le pr\u00e9sident fran\u00e7ais a annonc\u00e9 que le pays abandonnerait la dette du Soudan, qui s'\u00e9levait \u00e0 5 milliards de dollars.","og_url":"https:\/\/www.newsendip.com\/fr\/le-soudan-allege-encore-sa-dette-avec-5-milliards-de-dollars-annules-par-la-france\/","og_site_name":"Newsendip","article_publisher":"https:\/\/www.facebook.com\/newsendip","article_published_time":"2021-05-21T05:00:00+00:00","article_modified_time":"2024-07-23T15:59:33+00:00","og_image":[{"width":1920,"height":1080,"url":"https:\/\/www.newsendip.com\/wp-content\/uploads\/2021\/05\/macron-international-conference-sudan-support-transition.png","type":"image\/png"}],"author":"Cl\u00e9ment V\u00e9rit\u00e9","twitter_card":"summary_large_image","twitter_creator":"@https:\/\/twitter.com\/cverite","twitter_site":"@newsendip","twitter_misc":{"\u00c9crit par":"Cl\u00e9ment V\u00e9rit\u00e9","Dur\u00e9e de lecture estim\u00e9e":"3 minutes"},"schema":{"@context":"https:\/\/schema.org","@graph":[{"@type":"NewsArticle","@id":"https:\/\/www.newsendip.com\/fr\/le-soudan-allege-encore-sa-dette-avec-5-milliards-de-dollars-annules-par-la-france\/#article","isPartOf":{"@id":"https:\/\/www.newsendip.com\/fr\/le-soudan-allege-encore-sa-dette-avec-5-milliards-de-dollars-annules-par-la-france\/"},"author":{"name":"Cl\u00e9ment V\u00e9rit\u00e9","@id":"https:\/\/www.newsendip.com\/fr\/#\/schema\/person\/ea22c01755f464a3cbc2c619584d6363"},"headline":"Le Soudan all\u00e8ge encore sa dette avec 5 milliards de dollars annul\u00e9s par la France","datePublished":"2021-05-21T05:00:00+00:00","dateModified":"2024-07-23T15:59:33+00:00","mainEntityOfPage":{"@id":"https:\/\/www.newsendip.com\/fr\/le-soudan-allege-encore-sa-dette-avec-5-milliards-de-dollars-annules-par-la-france\/"},"wordCount":666,"publisher":{"@id":"https:\/\/www.newsendip.com\/fr\/#organization"},"image":{"@id":"https:\/\/www.newsendip.com\/fr\/le-soudan-allege-encore-sa-dette-avec-5-milliards-de-dollars-annules-par-la-france\/#primaryimage"},"thumbnailUrl":"https:\/\/www.newsendip.com\/wp-content\/uploads\/2021\/05\/macron-international-conference-sudan-support-transition.png","keywords":["France","Vieux"],"articleSection":["Politique"],"inLanguage":"fr-FR","copyrightYear":"2021","copyrightHolder":{"@id":"https:\/\/www.newsendip.com\/#organization"}},{"@type":"WebPage","@id":"https:\/\/www.newsendip.com\/fr\/le-soudan-allege-encore-sa-dette-avec-5-milliards-de-dollars-annules-par-la-france\/","url":"https:\/\/www.newsendip.com\/fr\/le-soudan-allege-encore-sa-dette-avec-5-milliards-de-dollars-annules-par-la-france\/","name":"Le Soudan all\u00e8ge encore sa dette avec 5 milliards de dollars annul\u00e9s par la France","isPartOf":{"@id":"https:\/\/www.newsendip.com\/fr\/#website"},"primaryImageOfPage":{"@id":"https:\/\/www.newsendip.com\/fr\/le-soudan-allege-encore-sa-dette-avec-5-milliards-de-dollars-annules-par-la-france\/#primaryimage"},"image":{"@id":"https:\/\/www.newsendip.com\/fr\/le-soudan-allege-encore-sa-dette-avec-5-milliards-de-dollars-annules-par-la-france\/#primaryimage"},"thumbnailUrl":"https:\/\/www.newsendip.com\/wp-content\/uploads\/2021\/05\/macron-international-conference-sudan-support-transition.png","datePublished":"2021-05-21T05:00:00+00:00","dateModified":"2024-07-23T15:59:33+00:00","description":"Le pr\u00e9sident fran\u00e7ais a annonc\u00e9 que le pays abandonnerait la dette du Soudan, qui s'\u00e9levait \u00e0 5 milliards de dollars.","breadcrumb":{"@id":"https:\/\/www.newsendip.com\/fr\/le-soudan-allege-encore-sa-dette-avec-5-milliards-de-dollars-annules-par-la-france\/#breadcrumb"},"inLanguage":"fr-FR","potentialAction":[{"@type":"ReadAction","target":["https:\/\/www.newsendip.com\/fr\/le-soudan-allege-encore-sa-dette-avec-5-milliards-de-dollars-annules-par-la-france\/"]}]},{"@type":"ImageObject","inLanguage":"fr-FR","@id":"https:\/\/www.newsendip.com\/fr\/le-soudan-allege-encore-sa-dette-avec-5-milliards-de-dollars-annules-par-la-france\/#primaryimage","url":"https:\/\/www.newsendip.com\/wp-content\/uploads\/2021\/05\/macron-international-conference-sudan-support-transition.png","contentUrl":"https:\/\/www.newsendip.com\/wp-content\/uploads\/2021\/05\/macron-international-conference-sudan-support-transition.png","width":1920,"height":1080,"caption":"Emmanuel Macron lors de la Conf\u00e9rence internationale d\u2019appui \u00e0 la transition soudanaise"},{"@type":"BreadcrumbList","@id":"https:\/\/www.newsendip.com\/fr\/le-soudan-allege-encore-sa-dette-avec-5-milliards-de-dollars-annules-par-la-france\/#breadcrumb","itemListElement":[{"@type":"ListItem","position":1,"name":"Accueil","item":"https:\/\/www.newsendip.com\/fr\/"},{"@type":"ListItem","position":2,"name":"Le Soudan all\u00e8ge encore sa dette avec 5 milliards de dollars annul\u00e9s par la France"}]},{"@type":"WebSite","@id":"https:\/\/www.newsendip.com\/fr\/#website","url":"https:\/\/www.newsendip.com\/fr\/","name":"Newsendip","description":"Red\u00e9couvrez l&#039;actualit\u00e9 internationale","publisher":{"@id":"https:\/\/www.newsendip.com\/fr\/#organization"},"potentialAction":[{"@type":"SearchAction","target":{"@type":"EntryPoint","urlTemplate":"https:\/\/www.newsendip.com\/fr\/?s={search_term_string}"},"query-input":{"@type":"PropertyValueSpecification","valueRequired":true,"valueName":"search_term_string"}}],"inLanguage":"fr-FR"},{"@type":"Organization","@id":"https:\/\/www.newsendip.com\/fr\/#organization","name":"Newsendip","url":"https:\/\/www.newsendip.com\/fr\/","logo":{"@type":"ImageObject","inLanguage":"fr-FR","@id":"https:\/\/www.newsendip.com\/fr\/#\/schema\/logo\/image\/","url":"https:\/\/www.newsendip.com\/wp-content\/uploads\/2023\/12\/512x512.svg","contentUrl":"https:\/\/www.newsendip.com\/wp-content\/uploads\/2023\/12\/512x512.svg","width":1,"height":1,"caption":"Newsendip"},"image":{"@id":"https:\/\/www.newsendip.com\/fr\/#\/schema\/logo\/image\/"},"sameAs":["https:\/\/www.facebook.com\/newsendip","https:\/\/x.com\/newsendip","https:\/\/mastodon.social\/@newsendip","https:\/\/www.linkedin.com\/company\/newsendip"],"description":"Newsendip est un site qui a pour mission de rendre l'actualit\u00e9 internationale accessible et diversifi\u00e9e","email":"contact@newsendip.com","legalName":"Newsendip SAS","foundingDate":"2022-11-04","vatID":"FR60921124723","numberOfEmployees":{"@type":"QuantitativeValue","minValue":"1","maxValue":"10"},"publishingPrinciples":"https:\/\/www.newsendip.com\/about-us\/","ownershipFundingInfo":"https:\/\/www.newsendip.com\/legal-notice\/","actionableFeedbackPolicy":"https:\/\/www.newsendip.com\/about-us\/","correctionsPolicy":"https:\/\/www.newsendip.com\/about-us\/","ethicsPolicy":"https:\/\/www.newsendip.com\/about-us\/","diversityPolicy":"https:\/\/www.newsendip.com\/about-us\/"},{"@type":"Person","@id":"https:\/\/www.newsendip.com\/fr\/#\/schema\/person\/ea22c01755f464a3cbc2c619584d6363","name":"Cl\u00e9ment V\u00e9rit\u00e9","description":"Cl\u00e9ment is the executive editor and founder of Newsendip. He started in the media industry as a freelance reporter at 16 for a local French newspaper after school and has never left it. He later worked for seven years at The New York Times, notably as a data analyst. He holds a Master of Management in France and a Master of Arts in the United Kingdom in International Marketing &amp; Communications Strategy. He has lived in France, the United Kingdom, and Italy.","sameAs":["https:\/\/www.newsendip.com\/","https:\/\/www.linkedin.com\/in\/clementverite\/","https:\/\/x.com\/https:\/\/twitter.com\/cverite"],"knowsAbout":["News","International","Business","Media monitoring"],"knowsLanguage":["English","French","Italian","Spanish"],"url":"https:\/\/www.newsendip.com\/fr\/author\/clement-verite\/"}]}},"_links":{"self":[{"href":"https:\/\/www.newsendip.com\/fr\/wp-json\/wp\/v2\/posts\/29448","targetHints":{"allow":["GET"]}}],"collection":[{"href":"https:\/\/www.newsendip.com\/fr\/wp-json\/wp\/v2\/posts"}],"about":[{"href":"https:\/\/www.newsendip.com\/fr\/wp-json\/wp\/v2\/types\/post"}],"author":[{"embeddable":true,"href":"https:\/\/www.newsendip.com\/fr\/wp-json\/wp\/v2\/users\/1"}],"replies":[{"embeddable":true,"href":"https:\/\/www.newsendip.com\/fr\/wp-json\/wp\/v2\/comments?post=29448"}],"version-history":[{"count":0,"href":"https:\/\/www.newsendip.com\/fr\/wp-json\/wp\/v2\/posts\/29448\/revisions"}],"wp:featuredmedia":[{"embeddable":true,"href":"https:\/\/www.newsendip.com\/fr\/wp-json\/wp\/v2\/media\/13552"}],"wp:attachment":[{"href":"https:\/\/www.newsendip.com\/fr\/wp-json\/wp\/v2\/media?parent=29448"}],"wp:term":[{"taxonomy":"category","embeddable":true,"href":"https:\/\/www.newsendip.com\/fr\/wp-json\/wp\/v2\/categories?post=29448"},{"taxonomy":"post_tag","embeddable":true,"href":"https:\/\/www.newsendip.com\/fr\/wp-json\/wp\/v2\/tags?post=29448"}],"curies":[{"name":"wp","href":"https:\/\/api.w.org\/{rel}","templated":true}]}}