{"id":29455,"date":"2022-02-28T19:04:48","date_gmt":"2022-02-28T18:04:48","guid":{"rendered":"https:\/\/www.newsendip.com\/?p=29455"},"modified":"2023-08-14T17:50:23","modified_gmt":"2023-08-14T15:50:23","slug":"quand-un-politique-francais-du-centre-aide-une-dirigeante-dextreme-droite-a-se-presenter-a-lelection-presidentielle-pour-sauver-la-democratie","status":"publish","type":"post","link":"https:\/\/www.newsendip.com\/fr\/quand-un-politique-francais-du-centre-aide-une-dirigeante-dextreme-droite-a-se-presenter-a-lelection-presidentielle-pour-sauver-la-democratie\/","title":{"rendered":"Quand un politique fran\u00e7ais du centre aide une dirigeante d\u2019extr\u00eame droite \u00e0 se pr\u00e9senter \u00e0 l\u2019\u00e9lection pr\u00e9sidentielle pour \u00ab\u202fsauver la d\u00e9mocratie\u202f\u00bb"},"content":{"rendered":"<p><strong>Le maire fran\u00e7ais et chef de parti du Mouvement d\u00e9mocrate Fran\u00e7ois Bayrou aidera la dirigeante du Rassemblement national Marine Le Pen \u00e0 se pr\u00e9senter \u00e0 l\u2019\u00e9lection pr\u00e9sidentielle pour \u00ab\u202f<em>sauver la d\u00e9mocratie\u202f\u00bb<\/em>. Les sondages d\u2019opinion placent r\u00e9guli\u00e8rement Mme Le Pen en deuxi\u00e8me position pour l\u2019\u00e9lection pr\u00e9sidentielle fran\u00e7aise de 2022, mais elle pourrait ne pas \u00eatre \u00e9ligible.<br>\n<\/strong><\/p>\n<figure id=\"attachment_14143\" aria-describedby=\"caption-attachment-14143\" style=\"width: 589px\" class=\"wp-caption aligncenter\"><img decoding=\"async\" class=\"size-full wp-image-14143\" src=\"https:\/\/www.newsendip.com\/wp-content\/uploads\/2022\/02\/francois-bayrou-france-presidential-elections.webp\" alt=\"Fran\u00e7ois Bayrou\" width=\"589\" height=\"426\" srcset=\"https:\/\/www.newsendip.com\/wp-content\/uploads\/2022\/02\/francois-bayrou-france-presidential-elections.webp 589w, https:\/\/www.newsendip.com\/wp-content\/uploads\/2022\/02\/francois-bayrou-france-presidential-elections-60x43.webp 60w, https:\/\/www.newsendip.com\/wp-content\/uploads\/2022\/02\/francois-bayrou-france-presidential-elections-300x217.webp 300w\" sizes=\"(max-width: 589px) 100vw, 589px\"><figcaption id=\"caption-attachment-14143\" class=\"wp-caption-text\">Fran\u00e7ois Bayrou \u00e0 la t\u00e9l\u00e9vision fran\u00e7aise expliquant son souhait de voir Marine Le Pen se pr\u00e9senter \u00e0 la prochaine \u00e9lection pr\u00e9sidentielle | \u00a9&nbsp;LCI<\/figcaption><\/figure>\n<p>Fran\u00e7ois Bayrou a annonc\u00e9 le 27 f\u00e9vrier sur la <a href=\"https:\/\/www.tf1info.fr\/replay-lci\/video-le-grand-jury-du-27-fevrier-2022-francois-bayrou-2212011.html\">t\u00e9l\u00e9vision fran\u00e7aise LCI<\/a> qu\u2019il parrainerait Marine Le Pen pour l\u2019aider \u00e0 devenir candidate \u00e0 la prochaine \u00e9lection pr\u00e9sidentielle pr\u00e9vue en avril&nbsp;2022.<\/p>\n<p>Bayrou est le leader du MODEM, pour Mouvement d\u00e9mocrate, un parti politique qu\u2019il a cr\u00e9\u00e9 et positionn\u00e9 au centre du spectre politique gauche-droite. Proche soutien de l\u2019actuel pr\u00e9sident Emmanuel Macron, il cependant d\u00e9cid\u00e9 de parrainer Marine Le Pen, l\u2019adversaire potentiellement la plus importante de M. Macron dans la course \u00e0 la pr\u00e9sidence.<\/p>\n<p>Marine Le Pen est la dirigeante du Rassemblement national, un parti politique nationaliste d\u2019extr\u00eame droite. Elle appara\u00eet souvent en deuxi\u00e8me position derri\u00e8re Emmanuel Macron, avec trois autres candidats, dans les sondages d\u2019opinion en vue de la prochaine \u00e9lection pr\u00e9sidentielle. Lors de la derni\u00e8re \u00e9lection en 2017, elle s\u2019est qualifi\u00e9e pour le second tour avec Emmanuel Macron, mais a perdu contre le pr\u00e9sident actuel avec 34\u202f% des&nbsp;voix.<\/p>\n<p>Mais elle pourrait ne pas \u00eatre en mesure de se pr\u00e9senter aux prochaines \u00e9lections. Ce serait la premi\u00e8re fois depuis 1981 que son parti, anciennement dirig\u00e9 par son p\u00e8re Jean-Marie Le Pen, qui a perdu la course \u00e0 la pr\u00e9sidence au second tour contre Jacques Chirac en 2002, ne propose pas de candidat \u00e0 l\u2019\u00e9lection pr\u00e9sidentielle.<\/p>\n<h2>Beaucoup de parrainages d\u2019\u00e9lus<\/h2>\n<p>Les pr\u00e9sidents fran\u00e7ais sont \u00e9lus au suffrage universel direct lors d\u2019un scrutin \u00e0 deux tours. Les deux candidats qui ont recueilli le plus de voix au premier tour esp\u00e8rent \u00eatre \u00e9lus au second (\u00eatre \u00e9lu \u00e0 la majorit\u00e9 absolue au premier tour est possible mais ne s\u2019est jamais produit depuis que l\u2019\u00e9lection est devenue un vote populaire direct en&nbsp;1962).<\/p>\n<p>Mais pour \u00eatre \u00e9ligible \u00e0 la pr\u00e9sidence fran\u00e7aise, les candidats doivent recueillir au moins 500 signatures de 42 000 \u00e9lus fran\u00e7ais, ce qui inclut les 36 000 maires des villes du&nbsp;pays.<\/p>\n<p>Marine Le Pen et \u00c9ric Zemmour, un autre candidat nationaliste potentiel cr\u00e9dit\u00e9 d\u2019environ 15\u202f% des bulletins de vote pour le premier tour dans les sondages, doivent encore recueillir au moins 17\u202f% des 500 signatures requises, ou \u00ab\u202fparrainages\u202f\u00bb.<\/p>\n<p>La date limite pour les recueillir est le 4 mars, soit dans quatre jours.<\/p>\n<p>La semaine derni\u00e8re, Mme Le Pen a d\u00e9clar\u00e9 qu\u2019elle avait interrompu sa campagne politique afin de recueillir suffisamment de signatures.<\/p>\n<p>Par cons\u00e9quent, M. Bayrou, en tant que maire de Pau, une ville de 76 000 habitants situ\u00e9e dans le sud-ouest de la France, a d\u00e9cid\u00e9 d\u2019en donner une \u00e0 Marine Le Pen. Mais avec un \u00ab\u202f<em>petit pincement au c\u0153ur\u202f\u00bb<\/em> pour l\u2019ancien candidat \u00e0 la pr\u00e9sidence qui avait termin\u00e9 troisi\u00e8me en&nbsp;2007.<\/p>\n<p>Les adversaires politiques de l\u2019extr\u00eame droite pr\u00e9f\u00e9reraient g\u00e9n\u00e9ralement que ces candidats ne se pr\u00e9sentent pas du tout \u00e0 l\u2019\u00e9lection pr\u00e9sidentielle.<\/p>\n<p>Mais M. Bayrou a justifi\u00e9 sa d\u00e9cision par le fait qu\u2019il n\u2019acceptait pas que \u00ab\u202f<em>le pr\u00e9sident de la R\u00e9publique fran\u00e7aise soit \u00e9lu dans une \u00e9lection o\u00f9 les principaux candidats sont exclus\u202f\u00bb<\/em> d\u2019y participer. \u00ab\u202f<em>L\u2019\u00e9lection pr\u00e9sidentielle serait en danger si les principaux candidats qui d\u00e9fendent des id\u00e9es [qui sont en progression] ne pouvaient pas se pr\u00e9senter, m\u00eame si je trouve ces id\u00e9es insupportables\u202f\u00bb<\/em>.<\/p>\n<p>Il n\u2019est pas le seul homme politique \u00e0 soutenir un candidat oppos\u00e9 \u00e0 ses opinions politiques. Le maire de Cannes, David Lisnard, du parti de la droite r\u00e9publicaine, a donn\u00e9 sa signature au populiste de gauche Jean-Luc M\u00e9lenchon la semaine derni\u00e8re. Ce dernier a d\u00e9sormais recueilli suffisamment de signatures pour se pr\u00e9senter.<\/p>\n<h2>Une critique r\u00e9currente de la part d\u2019aspirants \u00e0 la pr\u00e9sidence<\/h2>\n<p>Le processus de parrainage par des \u00e9lus pour valider une candidature \u00e0 l\u2019\u00e9lection pr\u00e9sidentielle existe en France depuis 1962.<!--more--><\/p>\n<p>Le nombre de signataires requis est pass\u00e9 \u00e0 500\u202fen 1976 et est devenu public pour l\u2019\u00e9lection pr\u00e9sidentielle de 1981. De 1981 \u00e0 2012, 500 signatures \u00e9taient rendues publiques de mani\u00e8re al\u00e9atoire sur l\u2019ensemble des signatures recueillies par les candidats.<\/p>\n<p>Un \u00e9lu ne peut parrainer qu\u2019un seul candidat mais plusieurs candidats peuvent recueillir plus de 500 parrainages. C\u2019est le cas d\u2019Emmanuel Macron, qui a recueilli plus de 1 500 signatures alors qu\u2019il n\u2019a pas encore officiellement d\u00e9clar\u00e9 sa candidature.<\/p>\n<p>Depuis la derni\u00e8re \u00e9lection pr\u00e9sidentielle de 2017, toutes les signatures sont rendues publiques.<\/p>\n<p>La r\u00e9v\u00e9lation publique des signataires a \u00e9t\u00e9 critiqu\u00e9e par les aspirants candidats qui luttent pour atteindre le seuil avant chaque \u00e9lection pr\u00e9sidentielle.<\/p>\n<p>Et comme <a href=\"https:\/\/www.newsendip.com\/fr\/la-maire-dun-village-de-colombie-demise-de-ses-fonctions-par-les-habitants-lors-dun-referendum\/\">les \u00e9lus locaux<\/a> fran\u00e7ais font de plus en plus l\u2019objet de critiques virulentes et de menaces au sein d\u2019une soci\u00e9t\u00e9 fragment\u00e9e, nombreux sont ceux qui h\u00e9sitent \u00e0 soutenir un candidat. Car signer un parrainage est largement per\u00e7u comme un soutien aux id\u00e9es du candidat.<\/p>\n<h2>Laisser Le Pen se pr\u00e9senter \u00ab\u202fpour sauver la d\u00e9mocratie\u202f\u00bb<\/h2>\n<p>M. Bayrou a r\u00e9cemment lanc\u00e9 une plateforme centralisant 380 signatures disponibles pour \u00ab\u202f<em>sauver la d\u00e9mocratie, mais notre signature ne vaut pas soutien<\/em>\u202f\u00bb.<\/p>\n<p>Depuis son apog\u00e9e en 2002 avec 17 815 signatures de 42 000 officiels, le <a href=\"https:\/\/presidentielle2022.conseil-constitutionnel.fr\/les-parrainages\/parrainages-valides-par-candidat.html\">nombre de parrainages n\u2019a cess\u00e9 de diminuer<\/a>. Alors qu\u2019il reste moins d\u2019une semaine aux candidats potentiels pour valider leur candidature, seules 10 265 personnes, soit 1 sur 4, ont soutenu un candidat. Cela repr\u00e9sente une baisse de 30\u202f% par rapport \u00e0&nbsp;2017.<\/p>\n<p>Les partis politiques historiquement forts obtiennent g\u00e9n\u00e9ralement le nombre de signatures requis. Mais de plus petits candidats ind\u00e9pendants comme Jean Lassalle, qui incarne une image provinciale populaire bien qu\u2019il n\u2019ait recueilli que 1,2% des voix en 2017, ont \u00e9galement pu r\u00e9unir 500 soutiens pour&nbsp;2022.<\/p>\n<p><em>Mise \u00e0 jour le 1er mars&nbsp;: Marine Le Pen et \u00c9ric Zemmour ont d\u00e9clar\u00e9 suffisamment de signatures pour se pr\u00e9senter \u00e0 la pr\u00e9sidentielle. Fran\u00e7ois Bayrou n\u2019a pas encore donn\u00e9 son parrainage.<\/em><\/p>\n<p><em>Traduit de l\u2019anglais<\/em><\/p>\n<p><a href=\"https:\/\/www.newsendip.com\/fr\/etiquette\/france-fr\/\"><strong>D\u00e9couvrir plus d\u2019actualit\u00e9s sur la France<\/strong><\/a><\/p>\n","protected":false},"excerpt":{"rendered":"<p>Fran\u00e7ois Bayrou souhaite aider Marine Le Pen \u00e0 obtenir ses parrainages pour l\u2019\u00e9lection pr\u00e9sidentielle pour \u00ab\u202fsauver la d\u00e9mocratie\u202f\u00bb<\/p>\n","protected":false},"author":1,"featured_media":14143,"comment_status":"closed","ping_status":"closed","sticky":false,"template":"","format":"standard","meta":{"wp_typography_post_enhancements_disabled":false,"footnotes":""},"categories":[416],"tags":[428,421],"class_list":["post-29455","post","type-post","status-publish","format-standard","has-post-thumbnail","hentry","category-politique","tag-france-fr","tag-vieux"],"yoast_head":"<!-- This site is optimized with the Yoast SEO Premium plugin v27.4 (Yoast SEO v27.4) - https:\/\/yoast.com\/product\/yoast-seo-premium-wordpress\/ -->\n<title>Quand un politique fran\u00e7ais du centre aide une dirigeante d&#039;extr\u00eame droite \u00e0 se pr\u00e9senter \u00e0 l&#039;\u00e9lection pr\u00e9sidentielle pour &quot;sauver la d\u00e9mocratie&quot;<\/title>\n<meta name=\"description\" content=\"Fran\u00e7ois Bayrou souhaite aider Marine Le Pen \u00e0 obtenir ses parrainages pour l&#039;\u00e9lection pr\u00e9sidentielle pour &quot;sauver la d\u00e9mocratie&quot;\" \/>\n<meta name=\"robots\" content=\"index, follow, max-snippet:-1, max-image-preview:large, max-video-preview:-1\" \/>\n<link rel=\"canonical\" href=\"https:\/\/www.newsendip.com\/fr\/quand-un-politique-francais-du-centre-aide-une-dirigeante-dextreme-droite-a-se-presenter-a-lelection-presidentielle-pour-sauver-la-democratie\/\" \/>\n<meta property=\"og:locale\" content=\"fr_FR\" \/>\n<meta property=\"og:type\" content=\"article\" \/>\n<meta property=\"og:title\" content=\"Quand un politique fran\u00e7ais du centre aide une dirigeante d&#039;extr\u00eame droite \u00e0 se pr\u00e9senter \u00e0 l&#039;\u00e9lection pr\u00e9sidentielle pour &quot;sauver la d\u00e9mocratie&quot;\" \/>\n<meta property=\"og:description\" content=\"Fran\u00e7ois Bayrou souhaite aider Marine Le Pen \u00e0 obtenir ses parrainages pour l&#039;\u00e9lection pr\u00e9sidentielle pour &quot;sauver la d\u00e9mocratie&quot;\" \/>\n<meta property=\"og:url\" content=\"https:\/\/www.newsendip.com\/fr\/quand-un-politique-francais-du-centre-aide-une-dirigeante-dextreme-droite-a-se-presenter-a-lelection-presidentielle-pour-sauver-la-democratie\/\" \/>\n<meta property=\"og:site_name\" content=\"Newsendip\" \/>\n<meta property=\"article:publisher\" content=\"https:\/\/www.facebook.com\/newsendip\" \/>\n<meta property=\"article:published_time\" content=\"2022-02-28T18:04:48+00:00\" \/>\n<meta property=\"article:modified_time\" content=\"2023-08-14T15:50:23+00:00\" \/>\n<meta property=\"og:image\" content=\"https:\/\/www.newsendip.com\/wp-content\/uploads\/2022\/02\/francois-bayrou-france-presidential-elections-progressive.jpeg\" \/>\n\t<meta property=\"og:image:width\" content=\"589\" \/>\n\t<meta property=\"og:image:height\" content=\"426\" \/>\n\t<meta property=\"og:image:type\" content=\"image\/jpeg\" \/>\n<meta name=\"author\" content=\"Cl\u00e9ment V\u00e9rit\u00e9\" \/>\n<meta name=\"twitter:card\" content=\"summary_large_image\" \/>\n<meta name=\"twitter:image\" content=\"https:\/\/www.newsendip.com\/wp-content\/uploads\/2022\/02\/francois-bayrou-france-presidential-elections-progressive.jpeg\" \/>\n<meta name=\"twitter:creator\" content=\"@https:\/\/twitter.com\/cverite\" \/>\n<meta name=\"twitter:site\" content=\"@newsendip\" \/>\n<meta name=\"twitter:label1\" content=\"\u00c9crit par\" \/>\n\t<meta name=\"twitter:data1\" content=\"Cl\u00e9ment V\u00e9rit\u00e9\" \/>\n\t<meta name=\"twitter:label2\" content=\"Dur\u00e9e de lecture estim\u00e9e\" \/>\n\t<meta name=\"twitter:data2\" content=\"5 minutes\" \/>\n<!-- \/ Yoast SEO Premium plugin. -->","yoast_head_json":{"title":"Quand un politique fran\u00e7ais du centre aide une dirigeante d'extr\u00eame droite \u00e0 se pr\u00e9senter \u00e0 l'\u00e9lection pr\u00e9sidentielle pour \"sauver la d\u00e9mocratie\"","description":"Fran\u00e7ois Bayrou souhaite aider Marine Le Pen \u00e0 obtenir ses parrainages pour l'\u00e9lection pr\u00e9sidentielle pour \"sauver la d\u00e9mocratie\"","robots":{"index":"index","follow":"follow","max-snippet":"max-snippet:-1","max-image-preview":"max-image-preview:large","max-video-preview":"max-video-preview:-1"},"canonical":"https:\/\/www.newsendip.com\/fr\/quand-un-politique-francais-du-centre-aide-une-dirigeante-dextreme-droite-a-se-presenter-a-lelection-presidentielle-pour-sauver-la-democratie\/","og_locale":"fr_FR","og_type":"article","og_title":"Quand un politique fran\u00e7ais du centre aide une dirigeante d'extr\u00eame droite \u00e0 se pr\u00e9senter \u00e0 l'\u00e9lection pr\u00e9sidentielle pour \"sauver la d\u00e9mocratie\"","og_description":"Fran\u00e7ois Bayrou souhaite aider Marine Le Pen \u00e0 obtenir ses parrainages pour l'\u00e9lection pr\u00e9sidentielle pour \"sauver la d\u00e9mocratie\"","og_url":"https:\/\/www.newsendip.com\/fr\/quand-un-politique-francais-du-centre-aide-une-dirigeante-dextreme-droite-a-se-presenter-a-lelection-presidentielle-pour-sauver-la-democratie\/","og_site_name":"Newsendip","article_publisher":"https:\/\/www.facebook.com\/newsendip","article_published_time":"2022-02-28T18:04:48+00:00","article_modified_time":"2023-08-14T15:50:23+00:00","og_image":[{"width":589,"height":426,"url":"https:\/\/www.newsendip.com\/wp-content\/uploads\/2022\/02\/francois-bayrou-france-presidential-elections-progressive.jpeg","type":"image\/jpeg"}],"author":"Cl\u00e9ment V\u00e9rit\u00e9","twitter_card":"summary_large_image","twitter_image":"https:\/\/www.newsendip.com\/wp-content\/uploads\/2022\/02\/francois-bayrou-france-presidential-elections-progressive.jpeg","twitter_creator":"@https:\/\/twitter.com\/cverite","twitter_site":"@newsendip","twitter_misc":{"\u00c9crit par":"Cl\u00e9ment V\u00e9rit\u00e9","Dur\u00e9e de lecture estim\u00e9e":"5 minutes"},"schema":{"@context":"https:\/\/schema.org","@graph":[{"@type":"NewsArticle","@id":"https:\/\/www.newsendip.com\/fr\/quand-un-politique-francais-du-centre-aide-une-dirigeante-dextreme-droite-a-se-presenter-a-lelection-presidentielle-pour-sauver-la-democratie\/#article","isPartOf":{"@id":"https:\/\/www.newsendip.com\/fr\/quand-un-politique-francais-du-centre-aide-une-dirigeante-dextreme-droite-a-se-presenter-a-lelection-presidentielle-pour-sauver-la-democratie\/"},"author":{"name":"Cl\u00e9ment V\u00e9rit\u00e9","@id":"https:\/\/www.newsendip.com\/fr\/#\/schema\/person\/ea22c01755f464a3cbc2c619584d6363"},"headline":"Quand un politique fran\u00e7ais du centre aide une dirigeante d\u2019extr\u00eame droite \u00e0 se pr\u00e9senter \u00e0 l\u2019\u00e9lection pr\u00e9sidentielle pour \u00ab\u202fsauver la d\u00e9mocratie\u202f\u00bb","datePublished":"2022-02-28T18:04:48+00:00","dateModified":"2023-08-14T15:50:23+00:00","mainEntityOfPage":{"@id":"https:\/\/www.newsendip.com\/fr\/quand-un-politique-francais-du-centre-aide-une-dirigeante-dextreme-droite-a-se-presenter-a-lelection-presidentielle-pour-sauver-la-democratie\/"},"wordCount":1116,"publisher":{"@id":"https:\/\/www.newsendip.com\/fr\/#organization"},"image":{"@id":"https:\/\/www.newsendip.com\/fr\/quand-un-politique-francais-du-centre-aide-une-dirigeante-dextreme-droite-a-se-presenter-a-lelection-presidentielle-pour-sauver-la-democratie\/#primaryimage"},"thumbnailUrl":"https:\/\/www.newsendip.com\/wp-content\/uploads\/2022\/02\/francois-bayrou-france-presidential-elections.webp","keywords":["France","Vieux"],"articleSection":["Politique"],"inLanguage":"fr-FR","copyrightYear":"2022","copyrightHolder":{"@id":"https:\/\/www.newsendip.com\/#organization"}},{"@type":"WebPage","@id":"https:\/\/www.newsendip.com\/fr\/quand-un-politique-francais-du-centre-aide-une-dirigeante-dextreme-droite-a-se-presenter-a-lelection-presidentielle-pour-sauver-la-democratie\/","url":"https:\/\/www.newsendip.com\/fr\/quand-un-politique-francais-du-centre-aide-une-dirigeante-dextreme-droite-a-se-presenter-a-lelection-presidentielle-pour-sauver-la-democratie\/","name":"Quand un politique fran\u00e7ais du centre aide une dirigeante d'extr\u00eame droite \u00e0 se pr\u00e9senter \u00e0 l'\u00e9lection pr\u00e9sidentielle pour \"sauver la d\u00e9mocratie\"","isPartOf":{"@id":"https:\/\/www.newsendip.com\/fr\/#website"},"primaryImageOfPage":{"@id":"https:\/\/www.newsendip.com\/fr\/quand-un-politique-francais-du-centre-aide-une-dirigeante-dextreme-droite-a-se-presenter-a-lelection-presidentielle-pour-sauver-la-democratie\/#primaryimage"},"image":{"@id":"https:\/\/www.newsendip.com\/fr\/quand-un-politique-francais-du-centre-aide-une-dirigeante-dextreme-droite-a-se-presenter-a-lelection-presidentielle-pour-sauver-la-democratie\/#primaryimage"},"thumbnailUrl":"https:\/\/www.newsendip.com\/wp-content\/uploads\/2022\/02\/francois-bayrou-france-presidential-elections.webp","datePublished":"2022-02-28T18:04:48+00:00","dateModified":"2023-08-14T15:50:23+00:00","description":"Fran\u00e7ois Bayrou souhaite aider Marine Le Pen \u00e0 obtenir ses parrainages pour l'\u00e9lection pr\u00e9sidentielle pour \"sauver la d\u00e9mocratie\"","breadcrumb":{"@id":"https:\/\/www.newsendip.com\/fr\/quand-un-politique-francais-du-centre-aide-une-dirigeante-dextreme-droite-a-se-presenter-a-lelection-presidentielle-pour-sauver-la-democratie\/#breadcrumb"},"inLanguage":"fr-FR","potentialAction":[{"@type":"ReadAction","target":["https:\/\/www.newsendip.com\/fr\/quand-un-politique-francais-du-centre-aide-une-dirigeante-dextreme-droite-a-se-presenter-a-lelection-presidentielle-pour-sauver-la-democratie\/"]}]},{"@type":"ImageObject","inLanguage":"fr-FR","@id":"https:\/\/www.newsendip.com\/fr\/quand-un-politique-francais-du-centre-aide-une-dirigeante-dextreme-droite-a-se-presenter-a-lelection-presidentielle-pour-sauver-la-democratie\/#primaryimage","url":"https:\/\/www.newsendip.com\/wp-content\/uploads\/2022\/02\/francois-bayrou-france-presidential-elections.webp","contentUrl":"https:\/\/www.newsendip.com\/wp-content\/uploads\/2022\/02\/francois-bayrou-france-presidential-elections.webp","width":589,"height":426,"caption":"Fran\u00e7ois Bayrou \u00e0 la t\u00e9l\u00e9vision fran\u00e7aise expliquant son souhait de voir Marine Le Pen se pr\u00e9senter \u00e0 la prochaine \u00e9lection pr\u00e9sidentielle | \u00a9 LCI"},{"@type":"BreadcrumbList","@id":"https:\/\/www.newsendip.com\/fr\/quand-un-politique-francais-du-centre-aide-une-dirigeante-dextreme-droite-a-se-presenter-a-lelection-presidentielle-pour-sauver-la-democratie\/#breadcrumb","itemListElement":[{"@type":"ListItem","position":1,"name":"Accueil","item":"https:\/\/www.newsendip.com\/fr\/"},{"@type":"ListItem","position":2,"name":"Quand un politique fran\u00e7ais du centre aide une dirigeante d&#8217;extr\u00eame droite \u00e0 se pr\u00e9senter \u00e0 l&#8217;\u00e9lection pr\u00e9sidentielle pour &#8220;sauver la d\u00e9mocratie&#8221;"}]},{"@type":"WebSite","@id":"https:\/\/www.newsendip.com\/fr\/#website","url":"https:\/\/www.newsendip.com\/fr\/","name":"Newsendip","description":"Red\u00e9couvrez l&#039;actualit\u00e9 internationale","publisher":{"@id":"https:\/\/www.newsendip.com\/fr\/#organization"},"potentialAction":[{"@type":"SearchAction","target":{"@type":"EntryPoint","urlTemplate":"https:\/\/www.newsendip.com\/fr\/?s={search_term_string}"},"query-input":{"@type":"PropertyValueSpecification","valueRequired":true,"valueName":"search_term_string"}}],"inLanguage":"fr-FR"},{"@type":"Organization","@id":"https:\/\/www.newsendip.com\/fr\/#organization","name":"Newsendip","url":"https:\/\/www.newsendip.com\/fr\/","logo":{"@type":"ImageObject","inLanguage":"fr-FR","@id":"https:\/\/www.newsendip.com\/fr\/#\/schema\/logo\/image\/","url":"https:\/\/www.newsendip.com\/wp-content\/uploads\/2023\/12\/512x512.svg","contentUrl":"https:\/\/www.newsendip.com\/wp-content\/uploads\/2023\/12\/512x512.svg","width":1,"height":1,"caption":"Newsendip"},"image":{"@id":"https:\/\/www.newsendip.com\/fr\/#\/schema\/logo\/image\/"},"sameAs":["https:\/\/www.facebook.com\/newsendip","https:\/\/x.com\/newsendip","https:\/\/mastodon.social\/@newsendip","https:\/\/www.linkedin.com\/company\/newsendip"],"description":"Newsendip est un site qui a pour mission de rendre l'actualit\u00e9 internationale accessible et diversifi\u00e9e","email":"contact@newsendip.com","legalName":"Newsendip SAS","foundingDate":"2022-11-04","vatID":"FR60921124723","numberOfEmployees":{"@type":"QuantitativeValue","minValue":"1","maxValue":"10"},"publishingPrinciples":"https:\/\/www.newsendip.com\/about-us\/","ownershipFundingInfo":"https:\/\/www.newsendip.com\/legal-notice\/","actionableFeedbackPolicy":"https:\/\/www.newsendip.com\/about-us\/","correctionsPolicy":"https:\/\/www.newsendip.com\/about-us\/","ethicsPolicy":"https:\/\/www.newsendip.com\/about-us\/","diversityPolicy":"https:\/\/www.newsendip.com\/about-us\/"},{"@type":"Person","@id":"https:\/\/www.newsendip.com\/fr\/#\/schema\/person\/ea22c01755f464a3cbc2c619584d6363","name":"Cl\u00e9ment V\u00e9rit\u00e9","description":"Cl\u00e9ment is the executive editor and founder of Newsendip. He started in the media industry as a freelance reporter at 16 for a local French newspaper after school and has never left it. He later worked for seven years at The New York Times, notably as a data analyst. He holds a Master of Management in France and a Master of Arts in the United Kingdom in International Marketing &amp; Communications Strategy. He has lived in France, the United Kingdom, and Italy.","sameAs":["https:\/\/www.newsendip.com\/","https:\/\/www.linkedin.com\/in\/clementverite\/","https:\/\/x.com\/https:\/\/twitter.com\/cverite"],"knowsAbout":["News","International","Business","Media monitoring"],"knowsLanguage":["English","French","Italian","Spanish"],"url":"https:\/\/www.newsendip.com\/fr\/author\/clement-verite\/"}]}},"_links":{"self":[{"href":"https:\/\/www.newsendip.com\/fr\/wp-json\/wp\/v2\/posts\/29455","targetHints":{"allow":["GET"]}}],"collection":[{"href":"https:\/\/www.newsendip.com\/fr\/wp-json\/wp\/v2\/posts"}],"about":[{"href":"https:\/\/www.newsendip.com\/fr\/wp-json\/wp\/v2\/types\/post"}],"author":[{"embeddable":true,"href":"https:\/\/www.newsendip.com\/fr\/wp-json\/wp\/v2\/users\/1"}],"replies":[{"embeddable":true,"href":"https:\/\/www.newsendip.com\/fr\/wp-json\/wp\/v2\/comments?post=29455"}],"version-history":[{"count":0,"href":"https:\/\/www.newsendip.com\/fr\/wp-json\/wp\/v2\/posts\/29455\/revisions"}],"wp:featuredmedia":[{"embeddable":true,"href":"https:\/\/www.newsendip.com\/fr\/wp-json\/wp\/v2\/media\/14143"}],"wp:attachment":[{"href":"https:\/\/www.newsendip.com\/fr\/wp-json\/wp\/v2\/media?parent=29455"}],"wp:term":[{"taxonomy":"category","embeddable":true,"href":"https:\/\/www.newsendip.com\/fr\/wp-json\/wp\/v2\/categories?post=29455"},{"taxonomy":"post_tag","embeddable":true,"href":"https:\/\/www.newsendip.com\/fr\/wp-json\/wp\/v2\/tags?post=29455"}],"curies":[{"name":"wp","href":"https:\/\/api.w.org\/{rel}","templated":true}]}}