{"id":29461,"date":"2022-03-17T10:49:36","date_gmt":"2022-03-17T09:49:36","guid":{"rendered":"https:\/\/www.newsendip.com\/?p=29461"},"modified":"2024-07-18T16:01:51","modified_gmt":"2024-07-18T14:01:51","slug":"le-ministre-francais-de-linterieur-se-dit-ouvert-a-lautonomie-de-la-corse","status":"publish","type":"post","link":"https:\/\/www.newsendip.com\/fr\/le-ministre-francais-de-linterieur-se-dit-ouvert-a-lautonomie-de-la-corse\/","title":{"rendered":"Le ministre fran\u00e7ais de l\u2019int\u00e9rieur se dit ouvert \u00e0 l\u2019autonomie de la&nbsp;Corse"},"content":{"rendered":"<p><strong>Le ministre fran\u00e7ais de l\u2019int\u00e9rieur s\u2019est d\u00e9clar\u00e9 ouvert \u00e0 l\u2019autonomie de la Corse alors que l\u2019agression d\u2019un d\u00e9tenu ind\u00e9pendantiste a d\u00e9clench\u00e9 de violentes manifestations. Pour la premi\u00e8re fois, les autorit\u00e9s fran\u00e7aises pourraient envisager l\u2019autonomie de la Corse, \u00e0 quelques semaines seulement de la prochaine \u00e9lection pr\u00e9sidentielle.<br>\n<\/strong><\/p>\n<figure id=\"attachment_14239\" aria-describedby=\"caption-attachment-14239\" style=\"width: 1920px\" class=\"wp-caption aligncenter\"><img decoding=\"async\" class=\"size-full wp-image-14239\" src=\"https:\/\/www.newsendip.com\/wp-content\/uploads\/2022\/03\/France-corsica.webp\" alt=\"La tour de la parata en Corse\" width=\"1920\" height=\"1440\" srcset=\"https:\/\/www.newsendip.com\/wp-content\/uploads\/2022\/03\/France-corsica.webp 1920w, https:\/\/www.newsendip.com\/wp-content\/uploads\/2022\/03\/France-corsica-60x45.webp 60w, https:\/\/www.newsendip.com\/wp-content\/uploads\/2022\/03\/France-corsica-300x225.webp 300w, https:\/\/www.newsendip.com\/wp-content\/uploads\/2022\/03\/France-corsica-768x576.webp 768w, https:\/\/www.newsendip.com\/wp-content\/uploads\/2022\/03\/France-corsica-1024x768.webp 1024w, https:\/\/www.newsendip.com\/wp-content\/uploads\/2022\/03\/France-corsica-1536x1152.webp 1536w\" sizes=\"(max-width: 1920px) 100vw, 1920px\"><figcaption id=\"caption-attachment-14239\" class=\"wp-caption-text\">La tour de la parata en Corse. L\u2019\u00eele est une destination touristique populaire mais son \u00e9conomie souffre du manque d\u2019industries diversifi\u00e9es. | \u00a9 Kevin and Laurianne Langlais<\/figcaption><\/figure>\n<p>Le ministre fran\u00e7ais G\u00e9rald Darmanin se rend en Corse, l\u2019\u00eele m\u00e9diterran\u00e9enne situ\u00e9e au nord de la <a href=\"https:\/\/www.newsendip.com\/fr\/lile-italienne-de-budelli-bientot-inoccupee\/\">Sardaigne<\/a>, les 16 et 17 mars. La r\u00e9gion est en proie \u00e0 de violentes manifestations en r\u00e9action \u00e0 l\u2019agression d\u2019Yvan Colonna par un d\u00e9tenu au d\u00e9but du&nbsp;mois.<\/p>\n<p>Le 2 mars, Yvan Colonna, 61 ans, fut \u00e9trangl\u00e9 par un d\u00e9tenu laiss\u00e9 seul avec lui dans le gymnase de la prison. Deux semaines plus tard, il est toujours dans le coma (mise \u00e0 jour du 22 mars&nbsp;: Yvan Colonna est d\u00e9c\u00e9d\u00e9 lundi). Yvan Colonna, ind\u00e9pendantiste corse, avait \u00e9t\u00e9 condamn\u00e9 \u00e0 la r\u00e9clusion criminelle \u00e0 perp\u00e9tuit\u00e9 pour l\u2019assassinat du pr\u00e9fet Claude Erignac, le plus haut repr\u00e9sentant de l\u2019\u00c9tat dans la r\u00e9gion, en 1998. Arr\u00eat\u00e9 en 2003 apr\u00e8s cinq ans de cavale, il a toujours clam\u00e9 son innocence.<\/p>\n<p>D\u00e9tenu dans des conditions strictes, son comportement en prison ne suscitait pas de plaintes alors que son agresseur \u00e9tait connu pour \u00eatre violent. L\u2019\u00e9motion suscit\u00e9e par l\u2019agression du nationaliste corse a conduit quelques milliers de Corses dans les rues pour d\u00e9noncer la responsabilit\u00e9 de la France.<\/p>\n<p>La police peine \u00e0 contenir les manifestants, peu nombreux mais tr\u00e8s motiv\u00e9s, et au moins 44 policiers ont \u00e9t\u00e9 bless\u00e9s au cours des dix derniers jours. Certains lancent des cocktails Molotov et ont partiellement incendi\u00e9 des b\u00e2timents publics, dans une atmosph\u00e8re qui pourrait mener \u00e0 l\u2019insurrection.<\/p>\n<p>La police manque \u00e9galement de soutien et de mat\u00e9riel. Le 2 mars, les ind\u00e9pendantistes ont bloqu\u00e9 le port d\u2019Ajaccio, la plus grande ville de Corse, afin d\u2019\u00e9viter que quelques policiers ne viennent du continent pour aider \u00e0 r\u00e9tablir le calme, ce qui a oblig\u00e9 les autorit\u00e9s \u00e0 les faire venir par&nbsp;avion.<!--more--><\/p>\n<p>Le ministre de l\u2019int\u00e9rieur a d\u00e9clar\u00e9 mercredi dans un journal local qu\u2019il \u00e9tait pr\u00eat \u00e0 envisager l\u2019autonomie de la Corse si la violence cessait. \u00ab\u202f<em>Nous sommes pr\u00eats \u00e0 aller jusqu\u2019\u00e0 l\u2019autonomie<\/em>\u202f\u00bb, a\u2011t-il d\u00e9clar\u00e9 \u00e0 <a href=\"https:\/\/www.corsematin.com\/articles\/gerald-darmanin-nous-sommes-prets-a-aller-jusqua-lautonomie-124191\">Corse Matin<\/a>. Mais \u00ab\u202f<em>il ne peut y avoir de dialogue avec la violence<\/em>\u202f\u00bb, a\u2011t-il ajout\u00e9.<\/p>\n<p>Le Front de lib\u00e9ration nationale de la Corse fond\u00e9 en 1976, qui a cess\u00e9 sa lutte arm\u00e9e en 2014, a menac\u00e9 dans un communiqu\u00e9, en amont de la visite du ministre, de r\u00e9activer son combat en raison du \u00ab\u202f<em>d\u00e9ni m\u00e9prisant\u202f\u00bb<\/em> de l\u2019\u00c9tat fran\u00e7ais \u00e0 l\u2019\u00e9gard des aspirations corses. Il avait prof\u00e9r\u00e9 des menaces similaires en septembre dernier.<\/p>\n<p>La Corse a le taux d\u2019homicides le plus \u00e9lev\u00e9 de France m\u00e9tropolitaine, avec 3,4 homicides pour 100 000 habitants par an, soit trois fois plus que la plupart des r\u00e9gions, selon les <a href=\"https:\/\/www.interieur.gouv.fr\/content\/download\/115339\/923875\/file\/Fiche_01Homicides.pdf\">donn\u00e9es de 2018 du minist\u00e8re de l\u2019Int\u00e9rieur<\/a>.<\/p>\n<p>L\u2019\u00eele est sujette \u00e0 des attaques criminelles nationalistes depuis des d\u00e9cennies, mais les revendications sont devenues plus structur\u00e9es politiquement ces derni\u00e8res ann\u00e9es.<\/p>\n<p>L\u2019autonomie de la Corse, voire son ind\u00e9pendance, est un d\u00e9bat r\u00e9current sur l\u2019\u00eele. La Corse est sous administration fran\u00e7aise depuis 1769, quelques semaines avant la naissance de Napol\u00e9on Bonaparte \u00e0 Ajaccio. Elle dispose d\u2019une sp\u00e9cificit\u00e9 administrative locale mais avec des pouvoirs limit\u00e9s.<\/p>\n<p>En 2014, un politique nationaliste fut \u00e9lu maire de Bastia, la deuxi\u00e8me ville de Corse. L\u2019administration de l\u2019\u00eele a fusionn\u00e9 en une seule collectivit\u00e9 territoriale en 2017, offrant une autorit\u00e9 administrative locale et une plus grande autonomie op\u00e9rationnelle, m\u00eame si elle ne permet pas \u00e0 la Corse d\u2019adopter ses propres lois ou de se substituer \u00e0 l\u2019autorit\u00e9 de l\u2019\u00c9tat national fran\u00e7ais. Lors des \u00e9lections, les partis autonomistes et s\u00e9paratistes ont remport\u00e9 une majorit\u00e9 absolue de si\u00e8ges \u00e0 l\u2019assembl\u00e9e de&nbsp;Corse.<\/p>\n<p>L\u2019\u00eele est une destination pris\u00e9e par les touristes, ce qui en fait sa principale ressource \u00e9conomique. Mais les habitants ont du mal \u00e0 trouver un logement abordable, car la demande de r\u00e9sidences secondaires fait grimper les prix. Avec peu d\u2019emplois en dehors de la fonction publique et du tourisme, la Corse est plus pauvre que la moyenne fran\u00e7aise et le co\u00fbt de la vie y est&nbsp;\u00e9lev\u00e9.<\/p>\n<p>Cette consid\u00e9ration officielle d\u2019un potentiel nouveau statut de l\u2019\u00eele intervient apr\u00e8s de violentes manifestations qui peuvent rappeler la p\u00e9riode o\u00f9 le pr\u00e9sident Emmanuel Macron avait accord\u00e9 des concessions aux gilets jaunes.<\/p>\n<p>Mais les d\u00e9clarations du ministre sont d\u2019autant plus sous le feu des projecteurs \u00e9tant donn\u00e9 le contexte \u00e9lectoral. La France va voter lors de <a href=\"https:\/\/www.newsendip.com\/fr\/quand-un-politique-francais-du-centre-aide-une-dirigeante-dextreme-droite-a-se-presenter-a-lelection-presidentielle-pour-sauver-la-democratie\/\">l\u2019\u00e9lection pr\u00e9sidentielle en avril prochain<\/a>, pour laquelle le pr\u00e9sident fran\u00e7ais Emmanuel Macron est en t\u00eate des sondages d\u2019opinion pour briguer un second mandat de 5&nbsp;ans.<\/p>\n<p>Les discussions sur un statut autonome prendraient des ann\u00e9es. La notion d\u2019autonomie peut prendre de nombreuses formes, que ce soit sur le plan l\u00e9gislatif, judiciaire ou fiscal. Les discussions devraient se poursuivre au cours d\u2019un \u00e9ventuel second mandat. Cette d\u00e9cision pourrait \u00eatre per\u00e7ue comme motiv\u00e9e par des consid\u00e9rations \u00e9lectoralistes, alors que les revendications des Corses n\u2019ont pas vraiment trouv\u00e9 d\u2019\u00e9cho lors du premier mandat de M. Macron.<\/p>\n<p>La d\u00e9claration ram\u00e8ne toutefois la situation de la Corse dans le d\u00e9bat politique. Plusieurs candidats \u00e0 l\u2019\u00e9lection pr\u00e9sidentielle sont favorables \u00e0 une plus grande flexibilit\u00e9 locale. La candidate populiste d\u2019extr\u00eame droite Marine Le Pen, qui a perdu en 2017 face \u00e0 Macron et pourrait arriver deuxi\u00e8me selon les sondages cette ann\u00e9e, s\u2019oppose \u00e0 l\u2019autonomie de la&nbsp;Corse.<\/p>\n<p><a href=\"https:\/\/www.newsendip.com\/fr\/etiquette\/france-fr\/\"><strong>D\u00e9couvrez plus d\u2019actualit\u00e9s sur la France<\/strong><\/a><\/p>\n","protected":false},"excerpt":{"rendered":"<p>Pour la premi\u00e8re fois, un officiel de l\u2019\u00c9tat fran\u00e7ais se d\u00e9clare ouvert \u00e0 une autonomie de la&nbsp;Corse.<\/p>\n","protected":false},"author":1,"featured_media":14239,"comment_status":"closed","ping_status":"closed","sticky":false,"template":"","format":"standard","meta":{"wp_typography_post_enhancements_disabled":false,"footnotes":""},"categories":[416],"tags":[428,421],"class_list":["post-29461","post","type-post","status-publish","format-standard","has-post-thumbnail","hentry","category-politique","tag-france-fr","tag-vieux"],"yoast_head":"<!-- This site is optimized with the Yoast SEO Premium plugin v27.4 (Yoast SEO v27.4) - https:\/\/yoast.com\/product\/yoast-seo-premium-wordpress\/ -->\n<title>Le ministre fran\u00e7ais de l&#039;int\u00e9rieur se dit ouvert \u00e0 l&#039;autonomie de la Corse<\/title>\n<meta name=\"description\" content=\"Pour la premi\u00e8re fois, un officiel de l&#039;\u00c9tat fran\u00e7ais se d\u00e9clare ouvert \u00e0 une autonomie de la Corse.\" \/>\n<meta name=\"robots\" content=\"index, follow, max-snippet:-1, max-image-preview:large, max-video-preview:-1\" \/>\n<link rel=\"canonical\" href=\"https:\/\/www.newsendip.com\/fr\/le-ministre-francais-de-linterieur-se-dit-ouvert-a-lautonomie-de-la-corse\/\" \/>\n<meta property=\"og:locale\" content=\"fr_FR\" \/>\n<meta property=\"og:type\" content=\"article\" \/>\n<meta property=\"og:title\" content=\"Le ministre fran\u00e7ais de l&#039;int\u00e9rieur se dit ouvert \u00e0 l&#039;autonomie de la Corse\" \/>\n<meta property=\"og:description\" content=\"Pour la premi\u00e8re fois, un officiel de l&#039;\u00c9tat fran\u00e7ais se d\u00e9clare ouvert \u00e0 une autonomie de la Corse.\" \/>\n<meta property=\"og:url\" content=\"https:\/\/www.newsendip.com\/fr\/le-ministre-francais-de-linterieur-se-dit-ouvert-a-lautonomie-de-la-corse\/\" \/>\n<meta property=\"og:site_name\" content=\"Newsendip\" \/>\n<meta property=\"article:publisher\" content=\"https:\/\/www.facebook.com\/newsendip\" \/>\n<meta property=\"article:published_time\" content=\"2022-03-17T09:49:36+00:00\" \/>\n<meta property=\"article:modified_time\" content=\"2024-07-18T14:01:51+00:00\" \/>\n<meta property=\"og:image\" content=\"https:\/\/www.newsendip.com\/wp-content\/uploads\/2022\/03\/France-corsica-small-progressive.jpeg\" \/>\n\t<meta property=\"og:image:width\" content=\"640\" \/>\n\t<meta property=\"og:image:height\" content=\"480\" \/>\n\t<meta property=\"og:image:type\" content=\"image\/jpeg\" \/>\n<meta name=\"author\" content=\"Cl\u00e9ment V\u00e9rit\u00e9\" \/>\n<meta name=\"twitter:card\" content=\"summary_large_image\" \/>\n<meta name=\"twitter:image\" content=\"https:\/\/www.newsendip.com\/wp-content\/uploads\/2022\/03\/France-corsica-small-progressive.jpeg\" \/>\n<meta name=\"twitter:creator\" content=\"@https:\/\/twitter.com\/cverite\" \/>\n<meta name=\"twitter:site\" content=\"@newsendip\" \/>\n<meta name=\"twitter:label1\" content=\"\u00c9crit par\" \/>\n\t<meta name=\"twitter:data1\" content=\"Cl\u00e9ment V\u00e9rit\u00e9\" \/>\n\t<meta name=\"twitter:label2\" content=\"Dur\u00e9e de lecture estim\u00e9e\" \/>\n\t<meta name=\"twitter:data2\" content=\"5 minutes\" \/>\n<!-- \/ Yoast SEO Premium plugin. -->","yoast_head_json":{"title":"Le ministre fran\u00e7ais de l'int\u00e9rieur se dit ouvert \u00e0 l'autonomie de la Corse","description":"Pour la premi\u00e8re fois, un officiel de l'\u00c9tat fran\u00e7ais se d\u00e9clare ouvert \u00e0 une autonomie de la Corse.","robots":{"index":"index","follow":"follow","max-snippet":"max-snippet:-1","max-image-preview":"max-image-preview:large","max-video-preview":"max-video-preview:-1"},"canonical":"https:\/\/www.newsendip.com\/fr\/le-ministre-francais-de-linterieur-se-dit-ouvert-a-lautonomie-de-la-corse\/","og_locale":"fr_FR","og_type":"article","og_title":"Le ministre fran\u00e7ais de l'int\u00e9rieur se dit ouvert \u00e0 l'autonomie de la Corse","og_description":"Pour la premi\u00e8re fois, un officiel de l'\u00c9tat fran\u00e7ais se d\u00e9clare ouvert \u00e0 une autonomie de la Corse.","og_url":"https:\/\/www.newsendip.com\/fr\/le-ministre-francais-de-linterieur-se-dit-ouvert-a-lautonomie-de-la-corse\/","og_site_name":"Newsendip","article_publisher":"https:\/\/www.facebook.com\/newsendip","article_published_time":"2022-03-17T09:49:36+00:00","article_modified_time":"2024-07-18T14:01:51+00:00","og_image":[{"width":640,"height":480,"url":"https:\/\/www.newsendip.com\/wp-content\/uploads\/2022\/03\/France-corsica-small-progressive.jpeg","type":"image\/jpeg"}],"author":"Cl\u00e9ment V\u00e9rit\u00e9","twitter_card":"summary_large_image","twitter_image":"https:\/\/www.newsendip.com\/wp-content\/uploads\/2022\/03\/France-corsica-small-progressive.jpeg","twitter_creator":"@https:\/\/twitter.com\/cverite","twitter_site":"@newsendip","twitter_misc":{"\u00c9crit par":"Cl\u00e9ment V\u00e9rit\u00e9","Dur\u00e9e de lecture estim\u00e9e":"5 minutes"},"schema":{"@context":"https:\/\/schema.org","@graph":[{"@type":"NewsArticle","@id":"https:\/\/www.newsendip.com\/fr\/le-ministre-francais-de-linterieur-se-dit-ouvert-a-lautonomie-de-la-corse\/#article","isPartOf":{"@id":"https:\/\/www.newsendip.com\/fr\/le-ministre-francais-de-linterieur-se-dit-ouvert-a-lautonomie-de-la-corse\/"},"author":{"name":"Cl\u00e9ment V\u00e9rit\u00e9","@id":"https:\/\/www.newsendip.com\/fr\/#\/schema\/person\/ea22c01755f464a3cbc2c619584d6363"},"headline":"Le ministre fran\u00e7ais de l\u2019int\u00e9rieur se dit ouvert \u00e0 l\u2019autonomie de la&nbsp;Corse","datePublished":"2022-03-17T09:49:36+00:00","dateModified":"2024-07-18T14:01:51+00:00","mainEntityOfPage":{"@id":"https:\/\/www.newsendip.com\/fr\/le-ministre-francais-de-linterieur-se-dit-ouvert-a-lautonomie-de-la-corse\/"},"wordCount":1049,"publisher":{"@id":"https:\/\/www.newsendip.com\/fr\/#organization"},"image":{"@id":"https:\/\/www.newsendip.com\/fr\/le-ministre-francais-de-linterieur-se-dit-ouvert-a-lautonomie-de-la-corse\/#primaryimage"},"thumbnailUrl":"https:\/\/www.newsendip.com\/wp-content\/uploads\/2022\/03\/France-corsica.webp","keywords":["France","Vieux"],"articleSection":["Politique"],"inLanguage":"fr-FR","copyrightYear":"2022","copyrightHolder":{"@id":"https:\/\/www.newsendip.com\/#organization"}},{"@type":"WebPage","@id":"https:\/\/www.newsendip.com\/fr\/le-ministre-francais-de-linterieur-se-dit-ouvert-a-lautonomie-de-la-corse\/","url":"https:\/\/www.newsendip.com\/fr\/le-ministre-francais-de-linterieur-se-dit-ouvert-a-lautonomie-de-la-corse\/","name":"Le ministre fran\u00e7ais de l'int\u00e9rieur se dit ouvert \u00e0 l'autonomie de la Corse","isPartOf":{"@id":"https:\/\/www.newsendip.com\/fr\/#website"},"primaryImageOfPage":{"@id":"https:\/\/www.newsendip.com\/fr\/le-ministre-francais-de-linterieur-se-dit-ouvert-a-lautonomie-de-la-corse\/#primaryimage"},"image":{"@id":"https:\/\/www.newsendip.com\/fr\/le-ministre-francais-de-linterieur-se-dit-ouvert-a-lautonomie-de-la-corse\/#primaryimage"},"thumbnailUrl":"https:\/\/www.newsendip.com\/wp-content\/uploads\/2022\/03\/France-corsica.webp","datePublished":"2022-03-17T09:49:36+00:00","dateModified":"2024-07-18T14:01:51+00:00","description":"Pour la premi\u00e8re fois, un officiel de l'\u00c9tat fran\u00e7ais se d\u00e9clare ouvert \u00e0 une autonomie de la Corse.","breadcrumb":{"@id":"https:\/\/www.newsendip.com\/fr\/le-ministre-francais-de-linterieur-se-dit-ouvert-a-lautonomie-de-la-corse\/#breadcrumb"},"inLanguage":"fr-FR","potentialAction":[{"@type":"ReadAction","target":["https:\/\/www.newsendip.com\/fr\/le-ministre-francais-de-linterieur-se-dit-ouvert-a-lautonomie-de-la-corse\/"]}]},{"@type":"ImageObject","inLanguage":"fr-FR","@id":"https:\/\/www.newsendip.com\/fr\/le-ministre-francais-de-linterieur-se-dit-ouvert-a-lautonomie-de-la-corse\/#primaryimage","url":"https:\/\/www.newsendip.com\/wp-content\/uploads\/2022\/03\/France-corsica.webp","contentUrl":"https:\/\/www.newsendip.com\/wp-content\/uploads\/2022\/03\/France-corsica.webp","width":1920,"height":1440,"caption":"La tour de la parata en Corse. L'\u00eele est une destination touristique populaire mais son \u00e9conomie souffre du manque d'industries diversifi\u00e9es. | \u00a9 Kevin and Laurianne Langlais"},{"@type":"BreadcrumbList","@id":"https:\/\/www.newsendip.com\/fr\/le-ministre-francais-de-linterieur-se-dit-ouvert-a-lautonomie-de-la-corse\/#breadcrumb","itemListElement":[{"@type":"ListItem","position":1,"name":"Accueil","item":"https:\/\/www.newsendip.com\/fr\/"},{"@type":"ListItem","position":2,"name":"Le ministre fran\u00e7ais de l&#8217;int\u00e9rieur se dit ouvert \u00e0 l&#8217;autonomie de la Corse"}]},{"@type":"WebSite","@id":"https:\/\/www.newsendip.com\/fr\/#website","url":"https:\/\/www.newsendip.com\/fr\/","name":"Newsendip","description":"Red\u00e9couvrez l&#039;actualit\u00e9 internationale","publisher":{"@id":"https:\/\/www.newsendip.com\/fr\/#organization"},"potentialAction":[{"@type":"SearchAction","target":{"@type":"EntryPoint","urlTemplate":"https:\/\/www.newsendip.com\/fr\/?s={search_term_string}"},"query-input":{"@type":"PropertyValueSpecification","valueRequired":true,"valueName":"search_term_string"}}],"inLanguage":"fr-FR"},{"@type":"Organization","@id":"https:\/\/www.newsendip.com\/fr\/#organization","name":"Newsendip","url":"https:\/\/www.newsendip.com\/fr\/","logo":{"@type":"ImageObject","inLanguage":"fr-FR","@id":"https:\/\/www.newsendip.com\/fr\/#\/schema\/logo\/image\/","url":"https:\/\/www.newsendip.com\/wp-content\/uploads\/2023\/12\/512x512.svg","contentUrl":"https:\/\/www.newsendip.com\/wp-content\/uploads\/2023\/12\/512x512.svg","width":1,"height":1,"caption":"Newsendip"},"image":{"@id":"https:\/\/www.newsendip.com\/fr\/#\/schema\/logo\/image\/"},"sameAs":["https:\/\/www.facebook.com\/newsendip","https:\/\/x.com\/newsendip","https:\/\/mastodon.social\/@newsendip","https:\/\/www.linkedin.com\/company\/newsendip"],"description":"Newsendip est un site qui a pour mission de rendre l'actualit\u00e9 internationale accessible et diversifi\u00e9e","email":"contact@newsendip.com","legalName":"Newsendip SAS","foundingDate":"2022-11-04","vatID":"FR60921124723","numberOfEmployees":{"@type":"QuantitativeValue","minValue":"1","maxValue":"10"},"publishingPrinciples":"https:\/\/www.newsendip.com\/about-us\/","ownershipFundingInfo":"https:\/\/www.newsendip.com\/legal-notice\/","actionableFeedbackPolicy":"https:\/\/www.newsendip.com\/about-us\/","correctionsPolicy":"https:\/\/www.newsendip.com\/about-us\/","ethicsPolicy":"https:\/\/www.newsendip.com\/about-us\/","diversityPolicy":"https:\/\/www.newsendip.com\/about-us\/"},{"@type":"Person","@id":"https:\/\/www.newsendip.com\/fr\/#\/schema\/person\/ea22c01755f464a3cbc2c619584d6363","name":"Cl\u00e9ment V\u00e9rit\u00e9","description":"Cl\u00e9ment is the executive editor and founder of Newsendip. He started in the media industry as a freelance reporter at 16 for a local French newspaper after school and has never left it. He later worked for seven years at The New York Times, notably as a data analyst. He holds a Master of Management in France and a Master of Arts in the United Kingdom in International Marketing &amp; Communications Strategy. He has lived in France, the United Kingdom, and Italy.","sameAs":["https:\/\/www.newsendip.com\/","https:\/\/www.linkedin.com\/in\/clementverite\/","https:\/\/x.com\/https:\/\/twitter.com\/cverite"],"knowsAbout":["News","International","Business","Media monitoring"],"knowsLanguage":["English","French","Italian","Spanish"],"url":"https:\/\/www.newsendip.com\/fr\/author\/clement-verite\/"}]}},"_links":{"self":[{"href":"https:\/\/www.newsendip.com\/fr\/wp-json\/wp\/v2\/posts\/29461","targetHints":{"allow":["GET"]}}],"collection":[{"href":"https:\/\/www.newsendip.com\/fr\/wp-json\/wp\/v2\/posts"}],"about":[{"href":"https:\/\/www.newsendip.com\/fr\/wp-json\/wp\/v2\/types\/post"}],"author":[{"embeddable":true,"href":"https:\/\/www.newsendip.com\/fr\/wp-json\/wp\/v2\/users\/1"}],"replies":[{"embeddable":true,"href":"https:\/\/www.newsendip.com\/fr\/wp-json\/wp\/v2\/comments?post=29461"}],"version-history":[{"count":0,"href":"https:\/\/www.newsendip.com\/fr\/wp-json\/wp\/v2\/posts\/29461\/revisions"}],"wp:featuredmedia":[{"embeddable":true,"href":"https:\/\/www.newsendip.com\/fr\/wp-json\/wp\/v2\/media\/14239"}],"wp:attachment":[{"href":"https:\/\/www.newsendip.com\/fr\/wp-json\/wp\/v2\/media?parent=29461"}],"wp:term":[{"taxonomy":"category","embeddable":true,"href":"https:\/\/www.newsendip.com\/fr\/wp-json\/wp\/v2\/categories?post=29461"},{"taxonomy":"post_tag","embeddable":true,"href":"https:\/\/www.newsendip.com\/fr\/wp-json\/wp\/v2\/tags?post=29461"}],"curies":[{"name":"wp","href":"https:\/\/api.w.org\/{rel}","templated":true}]}}