{"id":29496,"date":"2021-06-28T15:00:00","date_gmt":"2021-06-28T13:00:00","guid":{"rendered":"https:\/\/www.newsendip.com\/?p=29496"},"modified":"2023-09-05T19:14:22","modified_gmt":"2023-09-05T17:14:22","slug":"une-loi-polonaise-sur-les-delais-de-prescription-recoit-les-critiques-disrael","status":"publish","type":"post","link":"https:\/\/www.newsendip.com\/fr\/une-loi-polonaise-sur-les-delais-de-prescription-recoit-les-critiques-disrael\/","title":{"rendered":"Une loi polonaise sur les d\u00e9lais de prescription re\u00e7oit les critiques d\u2019Isra\u00ebl"},"content":{"rendered":"<p><strong>Une loi polonaise d\u00e9finissant un d\u00e9lai de prescription accro\u00eet les tensions avec Isra\u00ebl au sujet de l\u2019Holocauste.<br>\n<\/strong><\/p>\n<p>Le 24 juin, le Sejm, la chambre basse du parlement polonais, a adopt\u00e9 un amendement au code de proc\u00e9dure administrative. Cet amendement fixe un d\u00e9lai de 10 \u00e0 30 ans pour contester l\u2019invalidit\u00e9 d\u2019une d\u00e9cision administrative, conform\u00e9ment \u00e0 une d\u00e9cision du Tribunal constitutionnel de&nbsp;2015.<\/p>\n<p>S\u2019il est adopt\u00e9 par le S\u00e9nat, il ne sera alors plus possible de contester ind\u00e9finiment une d\u00e9cision prise par les autorit\u00e9s publiques.<\/p>\n<p>Mais cette l\u00e9gislation a suscit\u00e9 de vives critiques de la part d\u2019Isra\u00ebl.<\/p>\n<p>En effet, il consid\u00e8re qu\u2019elle supprimerait la possibilit\u00e9 pour sa population de r\u00e9clamer la restitution ou de demander une indemnisation des biens et des terres saisis pendant l\u2019Holocauste ou nationalis\u00e9s pendant l\u2019\u00e8re communiste de la Pologne.<\/p>\n<p>Les nouvelles r\u00e8gles fixeraient en effet une limite temporelle aux demandes de restitution. Elles excluraient donc la p\u00e9riode de l\u2019Holocauste et tout ce qui s\u2019est pass\u00e9 avant les ann\u00e9es 1990.<\/p>\n<p>Le ministre isra\u00e9lien des affaires \u00e9trang\u00e8res, <a href=\"https:\/\/mfa.gov.il\/MFA\/PressRoom\/2021\/Pages\/FM-Lapid-responds-to-the-parliamentary-discussion-of-Poland-s-Law-24-June-2021.aspx\">Jair Lapid<\/a>, a jug\u00e9 la loi polonaise \u00ab\u202f<em>d\u2019horrible injustice et de honte qui porte atteinte aux droits des survivants de l\u2019Holocauste, de leurs h\u00e9ritiers et des membres des communaut\u00e9s juives qui ont exist\u00e9 en Pologne pendant des centaines d\u2019ann\u00e9es<\/em>\u202f\u00bb. Il a averti que cela \u00ab\u202f<em>nuirait aux relations entre les deux pays<\/em>\u202f\u00bb.<\/p>\n<p>Les \u00c9tats-Unis ont \u00e9galement consid\u00e9r\u00e9 le vote comme \u00ab\u202f<em>un pas dans la mauvaise direction<\/em>\u202f\u00bb et ont \u00ab\u202f<em>exhort\u00e9 la Pologne \u00e0 ne pas faire avancer cette l\u00e9gislation<\/em>\u202f\u00bb.<\/p>\n<h2>Diff\u00e9rend sur l\u2019interpr\u00e9tation de l\u2019Holocauste<\/h2>\n<p><!--more--><\/p>\n<p>Cependant, le minist\u00e8re polonais des affaires \u00e9trang\u00e8res a <a href=\"https:\/\/www.gov.pl\/web\/diplomacy\/mfa-statement-on-amended-code-of-administrative-procedure\">publi\u00e9 une d\u00e9claration<\/a> stipulant qu\u2019il ne limiterait pas la \u00ab\u202f<em>possibilit\u00e9 de d\u00e9poser une requ\u00eate civile dans le but d\u2019obtenir des dommages-int\u00e9r\u00eats\u202f\u00bb<\/em>.<\/p>\n<p>La Pologne n\u2019a pas adopt\u00e9 de l\u00e9gislation sp\u00e9cifique sur la restitution des biens confisqu\u00e9s par les&nbsp;nazis.<\/p>\n<p>La Pologne, o\u00f9 vivaient pr\u00e8s de 3 millions de Juifs avant la Seconde Guerre mondiale, se consid\u00e8re comme une victime de la guerre et estime que toute indemnisation devrait \u00eatre enti\u00e8rement dirig\u00e9e vers l\u2019Allemagne. \u00ab\u202f<em>La Pologne ne porte aucune responsabilit\u00e9 pour l\u2019Holocauste, qui \u00e9tait un crime commis par les occupants allemands contre les citoyens polonais de nationalit\u00e9 juive entre autres<\/em>\u202f\u00bb, a r\u00e9it\u00e9r\u00e9 le communiqu\u00e9 du minist\u00e8re des Affaires \u00e9trang\u00e8res. En 2018, Varsovie a adopt\u00e9 une loi allant dans ce sens, rendant ill\u00e9gal le fait d\u2019accuser ou de d\u00e9duire la complicit\u00e9 de la nation polonaise avec les crimes de guerre nazis.<\/p>\n<p>Le Premier ministre polonais Mateusz Morawiecki a par la suite d\u00e9clar\u00e9 que \u00ab\u202f<em>tant que je serai Premier ministre, la Pologne ne paiera certainement pas pour les crimes allemands<\/em>\u202f\u00bb.<\/p>\n<p>Mais <a href=\"https:\/\/www.newsendip.com\/fr\/etiquette\/israel-fr\/\">Isra\u00ebl<\/a>, qui souligne \u00e9galement le fait que des biens juifs ont \u00e9t\u00e9 utilis\u00e9s pendant les ann\u00e9es communistes de la Pologne, a r\u00e9pondu que \u00ab\u202f<em>l\u2019argent polonais ne nous int\u00e9resse pas [\u2026]. Nous nous battons pour la m\u00e9moire des victimes de l\u2019Holocauste<\/em>\u202f\u00bb.<\/p>\n<p>En 2019, le Premier ministre polonais avait annul\u00e9 une visite en Isra\u00ebl suite \u00e0 des tensions sur l\u2019interpr\u00e9tation du r\u00f4le de la Pologne dans l\u2019Holocauste.<\/p>\n<p><strong><a href=\"https:\/\/www.newsendip.com\/fr\/etiquette\/pologne\/\">D\u00e9couvrez plus d\u2019actualit\u00e9s sur la Pologne<\/a><\/strong><\/p>\n","protected":false},"excerpt":{"rendered":"<p>Une loi polonaise d\u00e9finissant un d\u00e9lai de prescription accro\u00eet les tensions avec Isra\u00ebl au sujet de l\u2019Holocauste.<\/p>\n","protected":false},"author":1,"featured_media":14221,"comment_status":"closed","ping_status":"closed","sticky":false,"template":"","format":"standard","meta":{"wp_typography_post_enhancements_disabled":false,"footnotes":""},"categories":[416],"tags":[411,485,504],"class_list":["post-29496","post","type-post","status-publish","format-standard","has-post-thumbnail","hentry","category-politique","tag-actuel","tag-israel-fr","tag-pologne"],"yoast_head":"<!-- This site is optimized with the Yoast SEO Premium plugin v27.4 (Yoast SEO v27.4) - https:\/\/yoast.com\/product\/yoast-seo-premium-wordpress\/ -->\n<title>Une loi polonaise sur les d\u00e9lais de prescription re\u00e7oit les critiques d&#039;Isra\u00ebl<\/title>\n<meta name=\"description\" content=\"Une loi polonaise d\u00e9finissant un d\u00e9lai de prescription accro\u00eet les tensions avec Isra\u00ebl au sujet de l&#039;Holocauste.\" \/>\n<meta name=\"robots\" content=\"index, follow, max-snippet:-1, max-image-preview:large, max-video-preview:-1\" \/>\n<link rel=\"canonical\" href=\"https:\/\/www.newsendip.com\/fr\/une-loi-polonaise-sur-les-delais-de-prescription-recoit-les-critiques-disrael\/\" \/>\n<meta property=\"og:locale\" content=\"fr_FR\" \/>\n<meta property=\"og:type\" content=\"article\" \/>\n<meta property=\"og:title\" content=\"Une loi polonaise sur les d\u00e9lais de prescription re\u00e7oit les critiques d&#039;Isra\u00ebl\" \/>\n<meta property=\"og:description\" content=\"Une loi polonaise d\u00e9finissant un d\u00e9lai de prescription accro\u00eet les tensions avec Isra\u00ebl au sujet de l&#039;Holocauste.\" \/>\n<meta property=\"og:url\" content=\"https:\/\/www.newsendip.com\/fr\/une-loi-polonaise-sur-les-delais-de-prescription-recoit-les-critiques-disrael\/\" \/>\n<meta property=\"og:site_name\" content=\"Newsendip\" \/>\n<meta property=\"article:publisher\" content=\"https:\/\/www.facebook.com\/newsendip\" \/>\n<meta property=\"article:published_time\" content=\"2021-06-28T13:00:00+00:00\" \/>\n<meta property=\"article:modified_time\" content=\"2023-09-05T17:14:22+00:00\" \/>\n<meta property=\"og:image\" content=\"https:\/\/www.newsendip.com\/wp-content\/uploads\/2021\/03\/newspapers-444449_640-e1620718057654.jpg\" \/>\n\t<meta property=\"og:image:width\" content=\"545\" \/>\n\t<meta property=\"og:image:height\" content=\"422\" \/>\n\t<meta property=\"og:image:type\" content=\"image\/jpeg\" \/>\n<meta name=\"author\" content=\"Cl\u00e9ment V\u00e9rit\u00e9\" \/>\n<meta name=\"twitter:card\" content=\"summary_large_image\" \/>\n<meta name=\"twitter:creator\" content=\"@https:\/\/twitter.com\/cverite\" \/>\n<meta name=\"twitter:site\" content=\"@newsendip\" \/>\n<meta name=\"twitter:label1\" content=\"\u00c9crit par\" \/>\n\t<meta name=\"twitter:data1\" content=\"Cl\u00e9ment V\u00e9rit\u00e9\" \/>\n\t<meta name=\"twitter:label2\" content=\"Dur\u00e9e de lecture estim\u00e9e\" \/>\n\t<meta name=\"twitter:data2\" content=\"3 minutes\" \/>\n<!-- \/ Yoast SEO Premium plugin. -->","yoast_head_json":{"title":"Une loi polonaise sur les d\u00e9lais de prescription re\u00e7oit les critiques d'Isra\u00ebl","description":"Une loi polonaise d\u00e9finissant un d\u00e9lai de prescription accro\u00eet les tensions avec Isra\u00ebl au sujet de l'Holocauste.","robots":{"index":"index","follow":"follow","max-snippet":"max-snippet:-1","max-image-preview":"max-image-preview:large","max-video-preview":"max-video-preview:-1"},"canonical":"https:\/\/www.newsendip.com\/fr\/une-loi-polonaise-sur-les-delais-de-prescription-recoit-les-critiques-disrael\/","og_locale":"fr_FR","og_type":"article","og_title":"Une loi polonaise sur les d\u00e9lais de prescription re\u00e7oit les critiques d'Isra\u00ebl","og_description":"Une loi polonaise d\u00e9finissant un d\u00e9lai de prescription accro\u00eet les tensions avec Isra\u00ebl au sujet de l'Holocauste.","og_url":"https:\/\/www.newsendip.com\/fr\/une-loi-polonaise-sur-les-delais-de-prescription-recoit-les-critiques-disrael\/","og_site_name":"Newsendip","article_publisher":"https:\/\/www.facebook.com\/newsendip","article_published_time":"2021-06-28T13:00:00+00:00","article_modified_time":"2023-09-05T17:14:22+00:00","og_image":[{"width":545,"height":422,"url":"https:\/\/www.newsendip.com\/wp-content\/uploads\/2021\/03\/newspapers-444449_640-e1620718057654.jpg","type":"image\/jpeg"}],"author":"Cl\u00e9ment V\u00e9rit\u00e9","twitter_card":"summary_large_image","twitter_creator":"@https:\/\/twitter.com\/cverite","twitter_site":"@newsendip","twitter_misc":{"\u00c9crit par":"Cl\u00e9ment V\u00e9rit\u00e9","Dur\u00e9e de lecture estim\u00e9e":"3 minutes"},"schema":{"@context":"https:\/\/schema.org","@graph":[{"@type":"NewsArticle","@id":"https:\/\/www.newsendip.com\/fr\/une-loi-polonaise-sur-les-delais-de-prescription-recoit-les-critiques-disrael\/#article","isPartOf":{"@id":"https:\/\/www.newsendip.com\/fr\/une-loi-polonaise-sur-les-delais-de-prescription-recoit-les-critiques-disrael\/"},"author":{"name":"Cl\u00e9ment V\u00e9rit\u00e9","@id":"https:\/\/www.newsendip.com\/fr\/#\/schema\/person\/ea22c01755f464a3cbc2c619584d6363"},"headline":"Une loi polonaise sur les d\u00e9lais de prescription re\u00e7oit les critiques d\u2019Isra\u00ebl","datePublished":"2021-06-28T13:00:00+00:00","dateModified":"2023-09-05T17:14:22+00:00","mainEntityOfPage":{"@id":"https:\/\/www.newsendip.com\/fr\/une-loi-polonaise-sur-les-delais-de-prescription-recoit-les-critiques-disrael\/"},"wordCount":587,"publisher":{"@id":"https:\/\/www.newsendip.com\/fr\/#organization"},"image":{"@id":"https:\/\/www.newsendip.com\/fr\/une-loi-polonaise-sur-les-delais-de-prescription-recoit-les-critiques-disrael\/#primaryimage"},"thumbnailUrl":"https:\/\/www.newsendip.com\/wp-content\/uploads\/2022\/03\/israel-flag.webp","keywords":["Actuel","Isra\u00ebl","Pologne"],"articleSection":["Politique"],"inLanguage":"fr-FR","copyrightYear":"2021","copyrightHolder":{"@id":"https:\/\/www.newsendip.com\/#organization"}},{"@type":"WebPage","@id":"https:\/\/www.newsendip.com\/fr\/une-loi-polonaise-sur-les-delais-de-prescription-recoit-les-critiques-disrael\/","url":"https:\/\/www.newsendip.com\/fr\/une-loi-polonaise-sur-les-delais-de-prescription-recoit-les-critiques-disrael\/","name":"Une loi polonaise sur les d\u00e9lais de prescription re\u00e7oit les critiques d'Isra\u00ebl","isPartOf":{"@id":"https:\/\/www.newsendip.com\/fr\/#website"},"primaryImageOfPage":{"@id":"https:\/\/www.newsendip.com\/fr\/une-loi-polonaise-sur-les-delais-de-prescription-recoit-les-critiques-disrael\/#primaryimage"},"image":{"@id":"https:\/\/www.newsendip.com\/fr\/une-loi-polonaise-sur-les-delais-de-prescription-recoit-les-critiques-disrael\/#primaryimage"},"thumbnailUrl":"https:\/\/www.newsendip.com\/wp-content\/uploads\/2022\/03\/israel-flag.webp","datePublished":"2021-06-28T13:00:00+00:00","dateModified":"2023-09-05T17:14:22+00:00","description":"Une loi polonaise d\u00e9finissant un d\u00e9lai de prescription accro\u00eet les tensions avec Isra\u00ebl au sujet de l'Holocauste.","breadcrumb":{"@id":"https:\/\/www.newsendip.com\/fr\/une-loi-polonaise-sur-les-delais-de-prescription-recoit-les-critiques-disrael\/#breadcrumb"},"inLanguage":"fr-FR","potentialAction":[{"@type":"ReadAction","target":["https:\/\/www.newsendip.com\/fr\/une-loi-polonaise-sur-les-delais-de-prescription-recoit-les-critiques-disrael\/"]}]},{"@type":"ImageObject","inLanguage":"fr-FR","@id":"https:\/\/www.newsendip.com\/fr\/une-loi-polonaise-sur-les-delais-de-prescription-recoit-les-critiques-disrael\/#primaryimage","url":"https:\/\/www.newsendip.com\/wp-content\/uploads\/2022\/03\/israel-flag.webp","contentUrl":"https:\/\/www.newsendip.com\/wp-content\/uploads\/2022\/03\/israel-flag.webp","width":1920,"height":1280,"caption":"\u00a9 Taylor Brandon"},{"@type":"BreadcrumbList","@id":"https:\/\/www.newsendip.com\/fr\/une-loi-polonaise-sur-les-delais-de-prescription-recoit-les-critiques-disrael\/#breadcrumb","itemListElement":[{"@type":"ListItem","position":1,"name":"Accueil","item":"https:\/\/www.newsendip.com\/fr\/"},{"@type":"ListItem","position":2,"name":"Une loi polonaise sur les d\u00e9lais de prescription re\u00e7oit les critiques d&#8217;Isra\u00ebl"}]},{"@type":"WebSite","@id":"https:\/\/www.newsendip.com\/fr\/#website","url":"https:\/\/www.newsendip.com\/fr\/","name":"Newsendip","description":"Red\u00e9couvrez l&#039;actualit\u00e9 internationale","publisher":{"@id":"https:\/\/www.newsendip.com\/fr\/#organization"},"potentialAction":[{"@type":"SearchAction","target":{"@type":"EntryPoint","urlTemplate":"https:\/\/www.newsendip.com\/fr\/?s={search_term_string}"},"query-input":{"@type":"PropertyValueSpecification","valueRequired":true,"valueName":"search_term_string"}}],"inLanguage":"fr-FR"},{"@type":"Organization","@id":"https:\/\/www.newsendip.com\/fr\/#organization","name":"Newsendip","url":"https:\/\/www.newsendip.com\/fr\/","logo":{"@type":"ImageObject","inLanguage":"fr-FR","@id":"https:\/\/www.newsendip.com\/fr\/#\/schema\/logo\/image\/","url":"https:\/\/www.newsendip.com\/wp-content\/uploads\/2023\/12\/512x512.svg","contentUrl":"https:\/\/www.newsendip.com\/wp-content\/uploads\/2023\/12\/512x512.svg","width":1,"height":1,"caption":"Newsendip"},"image":{"@id":"https:\/\/www.newsendip.com\/fr\/#\/schema\/logo\/image\/"},"sameAs":["https:\/\/www.facebook.com\/newsendip","https:\/\/x.com\/newsendip","https:\/\/mastodon.social\/@newsendip","https:\/\/www.linkedin.com\/company\/newsendip"],"description":"Newsendip est un site qui a pour mission de rendre l'actualit\u00e9 internationale accessible et diversifi\u00e9e","email":"contact@newsendip.com","legalName":"Newsendip SAS","foundingDate":"2022-11-04","vatID":"FR60921124723","numberOfEmployees":{"@type":"QuantitativeValue","minValue":"1","maxValue":"10"},"publishingPrinciples":"https:\/\/www.newsendip.com\/about-us\/","ownershipFundingInfo":"https:\/\/www.newsendip.com\/legal-notice\/","actionableFeedbackPolicy":"https:\/\/www.newsendip.com\/about-us\/","correctionsPolicy":"https:\/\/www.newsendip.com\/about-us\/","ethicsPolicy":"https:\/\/www.newsendip.com\/about-us\/","diversityPolicy":"https:\/\/www.newsendip.com\/about-us\/"},{"@type":"Person","@id":"https:\/\/www.newsendip.com\/fr\/#\/schema\/person\/ea22c01755f464a3cbc2c619584d6363","name":"Cl\u00e9ment V\u00e9rit\u00e9","description":"Cl\u00e9ment is the executive editor and founder of Newsendip. He started in the media industry as a freelance reporter at 16 for a local French newspaper after school and has never left it. He later worked for seven years at The New York Times, notably as a data analyst. He holds a Master of Management in France and a Master of Arts in the United Kingdom in International Marketing &amp; Communications Strategy. He has lived in France, the United Kingdom, and Italy.","sameAs":["https:\/\/www.newsendip.com\/","https:\/\/www.linkedin.com\/in\/clementverite\/","https:\/\/x.com\/https:\/\/twitter.com\/cverite"],"knowsAbout":["News","International","Business","Media monitoring"],"knowsLanguage":["English","French","Italian","Spanish"],"url":"https:\/\/www.newsendip.com\/fr\/author\/clement-verite\/"}]}},"_links":{"self":[{"href":"https:\/\/www.newsendip.com\/fr\/wp-json\/wp\/v2\/posts\/29496","targetHints":{"allow":["GET"]}}],"collection":[{"href":"https:\/\/www.newsendip.com\/fr\/wp-json\/wp\/v2\/posts"}],"about":[{"href":"https:\/\/www.newsendip.com\/fr\/wp-json\/wp\/v2\/types\/post"}],"author":[{"embeddable":true,"href":"https:\/\/www.newsendip.com\/fr\/wp-json\/wp\/v2\/users\/1"}],"replies":[{"embeddable":true,"href":"https:\/\/www.newsendip.com\/fr\/wp-json\/wp\/v2\/comments?post=29496"}],"version-history":[{"count":0,"href":"https:\/\/www.newsendip.com\/fr\/wp-json\/wp\/v2\/posts\/29496\/revisions"}],"wp:featuredmedia":[{"embeddable":true,"href":"https:\/\/www.newsendip.com\/fr\/wp-json\/wp\/v2\/media\/14221"}],"wp:attachment":[{"href":"https:\/\/www.newsendip.com\/fr\/wp-json\/wp\/v2\/media?parent=29496"}],"wp:term":[{"taxonomy":"category","embeddable":true,"href":"https:\/\/www.newsendip.com\/fr\/wp-json\/wp\/v2\/categories?post=29496"},{"taxonomy":"post_tag","embeddable":true,"href":"https:\/\/www.newsendip.com\/fr\/wp-json\/wp\/v2\/tags?post=29496"}],"curies":[{"name":"wp","href":"https:\/\/api.w.org\/{rel}","templated":true}]}}