{"id":29501,"date":"2021-11-05T19:00:00","date_gmt":"2021-11-05T18:00:00","guid":{"rendered":"https:\/\/www.newsendip.com\/?p=29501"},"modified":"2023-09-05T19:13:15","modified_gmt":"2023-09-05T17:13:15","slug":"bataille-politique-autour-dune-manifestation-nationaliste-lors-de-la-fete-nationale-polonaise","status":"publish","type":"post","link":"https:\/\/www.newsendip.com\/fr\/bataille-politique-autour-dune-manifestation-nationaliste-lors-de-la-fete-nationale-polonaise\/","title":{"rendered":"Bataille politique autour d\u2019une manifestation nationaliste lors de la f\u00eate nationale polonaise"},"content":{"rendered":"<p><strong>La Marche de l\u2019Ind\u00e9pendance se tient chaque ann\u00e9e dans la capitale polonaise le 11 novembre, \u00e0 l\u2019occasion de la f\u00eate nationale de l\u2019ind\u00e9pendance. Elle est devenue une c\u00e9l\u00e9bration patriotique controvers\u00e9e de la f\u00eate nationale du pays. Le maire de Varsovie a tent\u00e9 de l\u2019emp\u00eacher pendant la pand\u00e9mie de Covid-19, mais le ministre de la justice a port\u00e9 l\u2019affaire devant la Cour supr\u00eame.<br>\n<\/strong><\/p>\n<figure id=\"attachment_13744\" aria-describedby=\"caption-attachment-13744\" style=\"width: 924px\" class=\"wp-caption aligncenter\"><img decoding=\"async\" class=\"size-full wp-image-13744\" src=\"https:\/\/www.newsendip.com\/wp-content\/uploads\/2021\/11\/poland-independence-march-cyclical-assembly-progressive.jpeg\" alt=\"La marche de la f\u00eate de l'ind\u00e9pendance\" width=\"924\" height=\"617\" srcset=\"https:\/\/www.newsendip.com\/wp-content\/uploads\/2021\/11\/poland-independence-march-cyclical-assembly-progressive.jpeg 924w, https:\/\/www.newsendip.com\/wp-content\/uploads\/2021\/11\/poland-independence-march-cyclical-assembly-progressive-60x40.jpeg 60w, https:\/\/www.newsendip.com\/wp-content\/uploads\/2021\/11\/poland-independence-march-cyclical-assembly-progressive-720x480.jpeg 720w, https:\/\/www.newsendip.com\/wp-content\/uploads\/2021\/11\/poland-independence-march-cyclical-assembly-progressive-300x200.jpeg 300w, https:\/\/www.newsendip.com\/wp-content\/uploads\/2021\/11\/poland-independence-march-cyclical-assembly-progressive-768x513.jpeg 768w\" sizes=\"(max-width: 924px) 100vw, 924px\"><figcaption id=\"caption-attachment-13744\" class=\"wp-caption-text\">La marche de la f\u00eate de l\u2019ind\u00e9pendance, devant le Stadion Narodowy, le stade national de Varsovie, o\u00f9 la manifestation a l\u2019habitude de se terminer | \u00a9 Association de la marche de l\u2019ind\u00e9pendance<\/figcaption><\/figure>\n<p>Le 29 octobre, la <a href=\"https:\/\/wiadomosci.dziennik.pl\/wydarzenia\/artykuly\/8281947,marsz-niepodleglosci-wojewoda-konstanty-radziwill-wyrok-sad-okregowy-w-warszawie-sad-apelacyjny.html\">Cour d\u2019appel de Pologne<\/a> a confirm\u00e9 la d\u00e9cision d\u2019un tribunal de district refusant de reconna\u00eetre la \u00ab\u202fMarche de l\u2019Ind\u00e9pendance\u202f\u00bb comme un \u00e9v\u00e9nement cyclique.<\/p>\n<p>Cette \u00ab\u202fMarche de l\u2019Ind\u00e9pendance\u202f\u00bb est une manifestation organis\u00e9e en Pologne tous les 11 novembre. Initi\u00e9e par des nationalistes d\u2019extr\u00eame droite, elle est organis\u00e9e de mani\u00e8re officielle par l\u2019Association de la Marche de l\u2019Ind\u00e9pendance depuis 2010.<\/p>\n<p>Les slogans de la marche \u00e9taient \u00ab\u202fLa Pologne pour les Polonais, les Polonais pour la Pologne\u202f\u00bb en 2015, \u00ab\u202fNous voulons Dieu\u202f\u00bb en 2017, ou encore \u00ab\u202fNotre civilisation, nos principes\u202f\u00bb en 2020. Ce mouvement conservateur est souvent sujet \u00e0 controverses, et violent.<\/p>\n<p>Mais un autre point en fait une manifestation sensible en Pologne. Le 11 novembre est le jour de l\u2019ind\u00e9pendance nationale, l\u2019une des deux <a href=\"https:\/\/www.newsendip.com\/fr\/fete-nationale-en-australie-et-manifestations-pour-changer-la-date\/\">f\u00eates nationales<\/a> polonaises.<\/p>\n<p>Et malgr\u00e9 un d\u00e9fil\u00e9 militaire dans la capitale, la Marche de l\u2019Ind\u00e9pendance est devenue le symbole de la c\u00e9l\u00e9bration du patriotisme en Pologne.<\/p>\n<p>De plus, la l\u00e9gislation polonaise fait qu\u2019aucune autre manifestation que cette marche n\u2019a pu \u00eatre autoris\u00e9e le m\u00eame jour dans Varsovie au cours des trois derni\u00e8res ann\u00e9es.<\/p>\n<p>Mais le maire de Varsovie a essay\u00e9 de l\u2019emp\u00eacher.<\/p>\n<h2>La Marche de l\u2019Ind\u00e9pendance avec un statut sp\u00e9cial<\/h2>\n<p>Ces derni\u00e8res ann\u00e9es, la Marche de l\u2019Ind\u00e9pendance a b\u00e9n\u00e9fici\u00e9 du statut de \u00ab\u202frassemblement cyclique\u202f\u00bb, ce qui lui conf\u00e8re un traitement sp\u00e9cial. Consid\u00e9r\u00e9 comme plus important que les autres, un rassemblement sp\u00e9cial a la priorit\u00e9 sur d\u2019autres manifestations publiques. Par exemple, ce statut emp\u00eache l\u2019organisation simultan\u00e9e d\u2019une autre manifestation dans la&nbsp;ville.<\/p>\n<p>Pour <a href=\"https:\/\/dziennikustaw.gov.pl\/D2018000040801.pdf\">devenir un rassemblement cyclique<\/a>, la m\u00eame manifestation doit \u00eatre organis\u00e9e par la m\u00eame entit\u00e9 au moins une fois par an au cours des trois derni\u00e8res ann\u00e9es, ou quatre fois par an, et c\u00e9l\u00e9brer un \u00e9v\u00e9nement important dans l\u2019histoire de la R\u00e9publique de Pologne.<\/p>\n<p>Pour qu\u2019un rassemblement obtienne ce statut, sup\u00e9rieur \u00e0 celui des manifestations habituelles, il faut l\u2019approbation et l\u2019autorisation du gouverneur de la province, le vo\u00efvode.<\/p>\n<p>L\u2019Association de la Marche de l\u2019Ind\u00e9pendance a demand\u00e9 le renouvellement de son permis en septembre dernier. Le vo\u00efvode de Masovie, la province de Varsovie, a alors accord\u00e9 le statut sp\u00e9cial jusqu\u2019en 2023.<\/p>\n<p>Mais le maire de Varsovie a fait appel de la d\u00e9cision du vo\u00efvode. Le tribunal de district de Varsovie a annul\u00e9 le renouvellement du permis. La cour d\u2019appel a ensuite confirm\u00e9 la d\u00e9cision du tribunal.<\/p>\n<p>\u00ab\u202f<em>Si les nationalistes se rassemblent le 11\/11, ce sera ill\u00e9gal<\/em>\u202f\u00bb, a \u00e9crit le maire de Varsovie, <a href=\"https:\/\/twitter.com\/trzaskowski_\/status\/1454017136217804802\">Rafa\u0142 Trzaskowski<\/a>, sur Twitter.<\/p>\n<p>En effet, en raison de la pand\u00e9mie de Covid-19 et ce jusqu\u2019au 30 novembre, la Pologne limite actuellement les <a href=\"https:\/\/www.gov.pl\/web\/koronawirus\/zgromadzenia-i-imprezy\">rassemblements \u00e0 un maximum de 150 personnes<\/a>.<\/p>\n<p>\u00ab\u202f<em>Il n\u2019y a pas de place pour les exc\u00e8s des nationalistes<\/em>\u202f\u00bb, a aussi justifi\u00e9 l\u2019\u00e9dile membre de la Plate-forme civique, un parti politique de centre-droit.<\/p>\n<p>Il a \u00e9galement reproch\u00e9 au parti populiste de droite du pr\u00e9sident polonais de laisser \u00ab\u202f<em>les forces nationalistes extr\u00eames s\u2019approprier notre f\u00eate nationale commune<\/em>\u202f\u00bb.<\/p>\n<h2>Le ministre de la justice porte l\u2019affaire devant la Cour supr\u00eame<\/h2>\n<p><!--more--><\/p>\n<p>Pour Konstanty Radziwi\u0142\u0142, vo\u00efvode de Masovie nomm\u00e9 par le Premier ministre en 2019, pouvoir manifester fait partie des droits fondamentaux des citoyens, m\u00eame si d\u2019autres citoyens peuvent \u00eatre en d\u00e9saccord avec les motifs de la manifestation.<\/p>\n<p>Le tribunal de Varsovie a justifi\u00e9 sa d\u00e9cision en consid\u00e9rant que la marche n\u2019a pas eu lieu en 2020. En effet, les rassemblements publics de plus de cinq personnes \u00e9taient interdits \u00e0 cause de la pand\u00e9mie de Covid-19. Le maire de Varsovie avait donc interdit l\u2019organisation de la marche.<\/p>\n<p>Mais pour contourner l\u2019interdiction, l\u2019association avait d\u00e9cid\u00e9 de manifester dans leurs voitures et sur leurs motos. Bien que ce fut ill\u00e9gal, plusieurs milliers de manifestants avaient \u00e9galement march\u00e9 dans les rues. Des <a href=\"https:\/\/www.polsatnews.pl\/wiadomosc\/2020-11-12\/rzecznik-policji-organizator-marszu-niepodleglosci-nie-dotrzymal-obietnic\/\">incidents ce jour-l\u00e0 ont conduit \u00e0 l\u2019arrestation de 306 personnes<\/a>.<\/p>\n<p>Le 5 novembre, le <a href=\"https:\/\/wpolityce.pl\/polityka\/572877-news-skarga-nadzwyczajna-ziobry-ws-marszu-niepodleglosci\">ministre de la justice a port\u00e9 l\u2019affaire devant la Cour supr\u00eame<\/a> de Pologne et a demand\u00e9 \u00e0 la Cour d\u2019appel de Varsovie de suspendre sa d\u00e9cision, rejetant la comp\u00e9tence du maire pour l\u2019appel. Par ailleurs, pour le procureur g\u00e9n\u00e9ral, le fait que la manifestation ait \u00e9t\u00e9 interdite \u2013 en raison de circonstances exceptionnelles \u2013 ne signifie pas qu\u2019elle n\u2019a pas eu&nbsp;lieu.<\/p>\n<p>Les nationalistes comptent toujours manifester. L\u2019organisation a enregistr\u00e9 la marche comme une assembl\u00e9e ordinaire. Le slogan pour 2021 est \u00ab\u202f<em>L\u2019ind\u00e9pendance n\u2019est pas \u00e0 vendre<\/em>\u202f\u00bb.<\/p>\n<p><strong><a href=\"https:\/\/www.newsendip.com\/fr\/etiquette\/pologne\/\">D\u00e9couvrez plus d\u2019actualit\u00e9s sur la Pologne<\/a><\/strong><\/p>\n","protected":false},"excerpt":{"rendered":"<p>Le maire de Varsovie a tent\u00e9 d\u2019emp\u00eacher une manifestation nationaliste controvers\u00e9e en utilisant la pand\u00e9mie de Covid-19, mais le ministre de la justice a port\u00e9 l\u2019affaire devant la Cour supr\u00eame.<\/p>\n","protected":false},"author":1,"featured_media":13744,"comment_status":"closed","ping_status":"closed","sticky":false,"template":"","format":"standard","meta":{"wp_typography_post_enhancements_disabled":false,"footnotes":""},"categories":[416],"tags":[411,504],"class_list":["post-29501","post","type-post","status-publish","format-standard","has-post-thumbnail","hentry","category-politique","tag-actuel","tag-pologne"],"yoast_head":"<!-- This site is optimized with the Yoast SEO Premium plugin v27.4 (Yoast SEO v27.4) - https:\/\/yoast.com\/product\/yoast-seo-premium-wordpress\/ -->\n<title>Bataille politique autour d&#039;une manifestation nationaliste lors de la f\u00eate nationale polonaise<\/title>\n<meta name=\"description\" content=\"Le maire de Varsovie a tent\u00e9 d&#039;emp\u00eacher une manifestation nationaliste controvers\u00e9e en utilisant la pand\u00e9mie de Covid-19, mais le ministre de la justice a port\u00e9 l&#039;affaire devant la Cour supr\u00eame.\" \/>\n<meta name=\"robots\" content=\"index, follow, max-snippet:-1, max-image-preview:large, max-video-preview:-1\" \/>\n<link rel=\"canonical\" href=\"https:\/\/www.newsendip.com\/fr\/bataille-politique-autour-dune-manifestation-nationaliste-lors-de-la-fete-nationale-polonaise\/\" \/>\n<meta property=\"og:locale\" content=\"fr_FR\" \/>\n<meta property=\"og:type\" content=\"article\" \/>\n<meta property=\"og:title\" content=\"Bataille politique autour d&#039;une manifestation nationaliste lors de la f\u00eate nationale polonaise\" \/>\n<meta property=\"og:description\" content=\"Le maire de Varsovie a tent\u00e9 d&#039;emp\u00eacher une manifestation nationaliste controvers\u00e9e en utilisant la pand\u00e9mie de Covid-19, mais le ministre de la justice a port\u00e9 l&#039;affaire devant la Cour supr\u00eame.\" \/>\n<meta property=\"og:url\" content=\"https:\/\/www.newsendip.com\/fr\/bataille-politique-autour-dune-manifestation-nationaliste-lors-de-la-fete-nationale-polonaise\/\" \/>\n<meta property=\"og:site_name\" content=\"Newsendip\" \/>\n<meta property=\"article:publisher\" content=\"https:\/\/www.facebook.com\/newsendip\" \/>\n<meta property=\"article:published_time\" content=\"2021-11-05T18:00:00+00:00\" \/>\n<meta property=\"article:modified_time\" content=\"2023-09-05T17:13:15+00:00\" \/>\n<meta property=\"og:image\" content=\"https:\/\/www.newsendip.com\/wp-content\/uploads\/2021\/11\/poland-independence-march-cyclical-assembly-progressive.jpeg\" \/>\n\t<meta property=\"og:image:width\" content=\"924\" \/>\n\t<meta property=\"og:image:height\" content=\"617\" \/>\n\t<meta property=\"og:image:type\" content=\"image\/jpeg\" \/>\n<meta name=\"author\" content=\"Cl\u00e9ment V\u00e9rit\u00e9\" \/>\n<meta name=\"twitter:card\" content=\"summary_large_image\" \/>\n<meta name=\"twitter:creator\" content=\"@https:\/\/twitter.com\/cverite\" \/>\n<meta name=\"twitter:site\" content=\"@newsendip\" \/>\n<meta name=\"twitter:label1\" content=\"\u00c9crit par\" \/>\n\t<meta name=\"twitter:data1\" content=\"Cl\u00e9ment V\u00e9rit\u00e9\" \/>\n\t<meta name=\"twitter:label2\" content=\"Dur\u00e9e de lecture estim\u00e9e\" \/>\n\t<meta name=\"twitter:data2\" content=\"4 minutes\" \/>\n<!-- \/ Yoast SEO Premium plugin. -->","yoast_head_json":{"title":"Bataille politique autour d'une manifestation nationaliste lors de la f\u00eate nationale polonaise","description":"Le maire de Varsovie a tent\u00e9 d'emp\u00eacher une manifestation nationaliste controvers\u00e9e en utilisant la pand\u00e9mie de Covid-19, mais le ministre de la justice a port\u00e9 l'affaire devant la Cour supr\u00eame.","robots":{"index":"index","follow":"follow","max-snippet":"max-snippet:-1","max-image-preview":"max-image-preview:large","max-video-preview":"max-video-preview:-1"},"canonical":"https:\/\/www.newsendip.com\/fr\/bataille-politique-autour-dune-manifestation-nationaliste-lors-de-la-fete-nationale-polonaise\/","og_locale":"fr_FR","og_type":"article","og_title":"Bataille politique autour d'une manifestation nationaliste lors de la f\u00eate nationale polonaise","og_description":"Le maire de Varsovie a tent\u00e9 d'emp\u00eacher une manifestation nationaliste controvers\u00e9e en utilisant la pand\u00e9mie de Covid-19, mais le ministre de la justice a port\u00e9 l'affaire devant la Cour supr\u00eame.","og_url":"https:\/\/www.newsendip.com\/fr\/bataille-politique-autour-dune-manifestation-nationaliste-lors-de-la-fete-nationale-polonaise\/","og_site_name":"Newsendip","article_publisher":"https:\/\/www.facebook.com\/newsendip","article_published_time":"2021-11-05T18:00:00+00:00","article_modified_time":"2023-09-05T17:13:15+00:00","og_image":[{"width":924,"height":617,"url":"https:\/\/www.newsendip.com\/wp-content\/uploads\/2021\/11\/poland-independence-march-cyclical-assembly-progressive.jpeg","type":"image\/jpeg"}],"author":"Cl\u00e9ment V\u00e9rit\u00e9","twitter_card":"summary_large_image","twitter_creator":"@https:\/\/twitter.com\/cverite","twitter_site":"@newsendip","twitter_misc":{"\u00c9crit par":"Cl\u00e9ment V\u00e9rit\u00e9","Dur\u00e9e de lecture estim\u00e9e":"4 minutes"},"schema":{"@context":"https:\/\/schema.org","@graph":[{"@type":"NewsArticle","@id":"https:\/\/www.newsendip.com\/fr\/bataille-politique-autour-dune-manifestation-nationaliste-lors-de-la-fete-nationale-polonaise\/#article","isPartOf":{"@id":"https:\/\/www.newsendip.com\/fr\/bataille-politique-autour-dune-manifestation-nationaliste-lors-de-la-fete-nationale-polonaise\/"},"author":{"name":"Cl\u00e9ment V\u00e9rit\u00e9","@id":"https:\/\/www.newsendip.com\/fr\/#\/schema\/person\/ea22c01755f464a3cbc2c619584d6363"},"headline":"Bataille politique autour d\u2019une manifestation nationaliste lors de la f\u00eate nationale polonaise","datePublished":"2021-11-05T18:00:00+00:00","dateModified":"2023-09-05T17:13:15+00:00","mainEntityOfPage":{"@id":"https:\/\/www.newsendip.com\/fr\/bataille-politique-autour-dune-manifestation-nationaliste-lors-de-la-fete-nationale-polonaise\/"},"wordCount":943,"publisher":{"@id":"https:\/\/www.newsendip.com\/fr\/#organization"},"image":{"@id":"https:\/\/www.newsendip.com\/fr\/bataille-politique-autour-dune-manifestation-nationaliste-lors-de-la-fete-nationale-polonaise\/#primaryimage"},"thumbnailUrl":"https:\/\/www.newsendip.com\/wp-content\/uploads\/2021\/11\/poland-independence-march-cyclical-assembly-progressive.jpeg","keywords":["Actuel","Pologne"],"articleSection":["Politique"],"inLanguage":"fr-FR","copyrightYear":"2021","copyrightHolder":{"@id":"https:\/\/www.newsendip.com\/#organization"}},{"@type":"WebPage","@id":"https:\/\/www.newsendip.com\/fr\/bataille-politique-autour-dune-manifestation-nationaliste-lors-de-la-fete-nationale-polonaise\/","url":"https:\/\/www.newsendip.com\/fr\/bataille-politique-autour-dune-manifestation-nationaliste-lors-de-la-fete-nationale-polonaise\/","name":"Bataille politique autour d'une manifestation nationaliste lors de la f\u00eate nationale polonaise","isPartOf":{"@id":"https:\/\/www.newsendip.com\/fr\/#website"},"primaryImageOfPage":{"@id":"https:\/\/www.newsendip.com\/fr\/bataille-politique-autour-dune-manifestation-nationaliste-lors-de-la-fete-nationale-polonaise\/#primaryimage"},"image":{"@id":"https:\/\/www.newsendip.com\/fr\/bataille-politique-autour-dune-manifestation-nationaliste-lors-de-la-fete-nationale-polonaise\/#primaryimage"},"thumbnailUrl":"https:\/\/www.newsendip.com\/wp-content\/uploads\/2021\/11\/poland-independence-march-cyclical-assembly-progressive.jpeg","datePublished":"2021-11-05T18:00:00+00:00","dateModified":"2023-09-05T17:13:15+00:00","description":"Le maire de Varsovie a tent\u00e9 d'emp\u00eacher une manifestation nationaliste controvers\u00e9e en utilisant la pand\u00e9mie de Covid-19, mais le ministre de la justice a port\u00e9 l'affaire devant la Cour supr\u00eame.","breadcrumb":{"@id":"https:\/\/www.newsendip.com\/fr\/bataille-politique-autour-dune-manifestation-nationaliste-lors-de-la-fete-nationale-polonaise\/#breadcrumb"},"inLanguage":"fr-FR","potentialAction":[{"@type":"ReadAction","target":["https:\/\/www.newsendip.com\/fr\/bataille-politique-autour-dune-manifestation-nationaliste-lors-de-la-fete-nationale-polonaise\/"]}]},{"@type":"ImageObject","inLanguage":"fr-FR","@id":"https:\/\/www.newsendip.com\/fr\/bataille-politique-autour-dune-manifestation-nationaliste-lors-de-la-fete-nationale-polonaise\/#primaryimage","url":"https:\/\/www.newsendip.com\/wp-content\/uploads\/2021\/11\/poland-independence-march-cyclical-assembly-progressive.jpeg","contentUrl":"https:\/\/www.newsendip.com\/wp-content\/uploads\/2021\/11\/poland-independence-march-cyclical-assembly-progressive.jpeg","width":924,"height":617,"caption":"La marche de la f\u00eate de l'ind\u00e9pendance, devant le Stadion Narodowy, le stade national de Varsovie, o\u00f9 la manifestation a l'habitude de se terminer | \u00a9 Association de la marche de l'ind\u00e9pendance"},{"@type":"BreadcrumbList","@id":"https:\/\/www.newsendip.com\/fr\/bataille-politique-autour-dune-manifestation-nationaliste-lors-de-la-fete-nationale-polonaise\/#breadcrumb","itemListElement":[{"@type":"ListItem","position":1,"name":"Accueil","item":"https:\/\/www.newsendip.com\/fr\/"},{"@type":"ListItem","position":2,"name":"Bataille politique autour d\u2019une manifestation nationaliste lors de la f\u00eate nationale polonaise"}]},{"@type":"WebSite","@id":"https:\/\/www.newsendip.com\/fr\/#website","url":"https:\/\/www.newsendip.com\/fr\/","name":"Newsendip","description":"Red\u00e9couvrez l&#039;actualit\u00e9 internationale","publisher":{"@id":"https:\/\/www.newsendip.com\/fr\/#organization"},"potentialAction":[{"@type":"SearchAction","target":{"@type":"EntryPoint","urlTemplate":"https:\/\/www.newsendip.com\/fr\/?s={search_term_string}"},"query-input":{"@type":"PropertyValueSpecification","valueRequired":true,"valueName":"search_term_string"}}],"inLanguage":"fr-FR"},{"@type":"Organization","@id":"https:\/\/www.newsendip.com\/fr\/#organization","name":"Newsendip","url":"https:\/\/www.newsendip.com\/fr\/","logo":{"@type":"ImageObject","inLanguage":"fr-FR","@id":"https:\/\/www.newsendip.com\/fr\/#\/schema\/logo\/image\/","url":"https:\/\/www.newsendip.com\/wp-content\/uploads\/2023\/12\/512x512.svg","contentUrl":"https:\/\/www.newsendip.com\/wp-content\/uploads\/2023\/12\/512x512.svg","width":1,"height":1,"caption":"Newsendip"},"image":{"@id":"https:\/\/www.newsendip.com\/fr\/#\/schema\/logo\/image\/"},"sameAs":["https:\/\/www.facebook.com\/newsendip","https:\/\/x.com\/newsendip","https:\/\/mastodon.social\/@newsendip","https:\/\/www.linkedin.com\/company\/newsendip"],"description":"Newsendip est un site qui a pour mission de rendre l'actualit\u00e9 internationale accessible et diversifi\u00e9e","email":"contact@newsendip.com","legalName":"Newsendip SAS","foundingDate":"2022-11-04","vatID":"FR60921124723","numberOfEmployees":{"@type":"QuantitativeValue","minValue":"1","maxValue":"10"},"publishingPrinciples":"https:\/\/www.newsendip.com\/about-us\/","ownershipFundingInfo":"https:\/\/www.newsendip.com\/legal-notice\/","actionableFeedbackPolicy":"https:\/\/www.newsendip.com\/about-us\/","correctionsPolicy":"https:\/\/www.newsendip.com\/about-us\/","ethicsPolicy":"https:\/\/www.newsendip.com\/about-us\/","diversityPolicy":"https:\/\/www.newsendip.com\/about-us\/"},{"@type":"Person","@id":"https:\/\/www.newsendip.com\/fr\/#\/schema\/person\/ea22c01755f464a3cbc2c619584d6363","name":"Cl\u00e9ment V\u00e9rit\u00e9","description":"Cl\u00e9ment is the executive editor and founder of Newsendip. He started in the media industry as a freelance reporter at 16 for a local French newspaper after school and has never left it. He later worked for seven years at The New York Times, notably as a data analyst. He holds a Master of Management in France and a Master of Arts in the United Kingdom in International Marketing &amp; Communications Strategy. He has lived in France, the United Kingdom, and Italy.","sameAs":["https:\/\/www.newsendip.com\/","https:\/\/www.linkedin.com\/in\/clementverite\/","https:\/\/x.com\/https:\/\/twitter.com\/cverite"],"knowsAbout":["News","International","Business","Media monitoring"],"knowsLanguage":["English","French","Italian","Spanish"],"url":"https:\/\/www.newsendip.com\/fr\/author\/clement-verite\/"}]}},"_links":{"self":[{"href":"https:\/\/www.newsendip.com\/fr\/wp-json\/wp\/v2\/posts\/29501","targetHints":{"allow":["GET"]}}],"collection":[{"href":"https:\/\/www.newsendip.com\/fr\/wp-json\/wp\/v2\/posts"}],"about":[{"href":"https:\/\/www.newsendip.com\/fr\/wp-json\/wp\/v2\/types\/post"}],"author":[{"embeddable":true,"href":"https:\/\/www.newsendip.com\/fr\/wp-json\/wp\/v2\/users\/1"}],"replies":[{"embeddable":true,"href":"https:\/\/www.newsendip.com\/fr\/wp-json\/wp\/v2\/comments?post=29501"}],"version-history":[{"count":0,"href":"https:\/\/www.newsendip.com\/fr\/wp-json\/wp\/v2\/posts\/29501\/revisions"}],"wp:featuredmedia":[{"embeddable":true,"href":"https:\/\/www.newsendip.com\/fr\/wp-json\/wp\/v2\/media\/13744"}],"wp:attachment":[{"href":"https:\/\/www.newsendip.com\/fr\/wp-json\/wp\/v2\/media?parent=29501"}],"wp:term":[{"taxonomy":"category","embeddable":true,"href":"https:\/\/www.newsendip.com\/fr\/wp-json\/wp\/v2\/categories?post=29501"},{"taxonomy":"post_tag","embeddable":true,"href":"https:\/\/www.newsendip.com\/fr\/wp-json\/wp\/v2\/tags?post=29501"}],"curies":[{"name":"wp","href":"https:\/\/api.w.org\/{rel}","templated":true}]}}