{"id":29541,"date":"2021-11-19T10:04:44","date_gmt":"2021-11-19T09:04:44","guid":{"rendered":"https:\/\/www.newsendip.com\/?p=29541"},"modified":"2024-07-16T23:41:27","modified_gmt":"2024-07-16T21:41:27","slug":"modi-et-linde-abrogent-les-lois-sur-lagriculture-votees-il-y-a-14-mois-mais-fortement-contestees","status":"publish","type":"post","link":"https:\/\/www.newsendip.com\/fr\/modi-et-linde-abrogent-les-lois-sur-lagriculture-votees-il-y-a-14-mois-mais-fortement-contestees\/","title":{"rendered":"Modi et l\u2019Inde abrogent les lois sur l\u2019agriculture vot\u00e9es il y a 14 mois mais fortement contest\u00e9es"},"content":{"rendered":"<p><strong>Les trois lois controvers\u00e9es sur l\u2019agriculture qui ont entra\u00een\u00e9 des manifestations d\u2019agriculteurs pendant un an seront abrog\u00e9es, a annonc\u00e9 le Premier ministre indien Narendra Modi.<br>\n<\/strong><\/p>\n<figure id=\"attachment_13770\" aria-describedby=\"caption-attachment-13770\" style=\"width: 1920px\" class=\"wp-caption aligncenter\"><img decoding=\"async\" class=\"size-full wp-image-13770\" src=\"https:\/\/www.newsendip.com\/wp-content\/uploads\/2021\/11\/narendra-modi-farm-law-progressive.jpeg\" alt=\"Narendra Modi\" width=\"1920\" height=\"1080\" srcset=\"https:\/\/www.newsendip.com\/wp-content\/uploads\/2021\/11\/narendra-modi-farm-law-progressive.jpeg 1920w, https:\/\/www.newsendip.com\/wp-content\/uploads\/2021\/11\/narendra-modi-farm-law-progressive-60x34.jpeg 60w, https:\/\/www.newsendip.com\/wp-content\/uploads\/2021\/11\/narendra-modi-farm-law-progressive-300x169.jpeg 300w, https:\/\/www.newsendip.com\/wp-content\/uploads\/2021\/11\/narendra-modi-farm-law-progressive-768x432.jpeg 768w, https:\/\/www.newsendip.com\/wp-content\/uploads\/2021\/11\/narendra-modi-farm-law-progressive-1024x576.jpeg 1024w, https:\/\/www.newsendip.com\/wp-content\/uploads\/2021\/11\/narendra-modi-farm-law-progressive-1536x864.jpeg 1536w\" sizes=\"(max-width: 1920px) 100vw, 1920px\"><figcaption id=\"caption-attachment-13770\" class=\"wp-caption-text\">Dans un discours \u00e0 la nation, Narendra Modi a annonc\u00e9 l\u2019abrogation des trois lois sur l\u2019agriculture qui faisaient pol\u00e9mique en Inde | \u00a9 Narendra Modi, Twitter<\/figcaption><\/figure>\n<p>Le 19 novembre, le <a href=\"https:\/\/timesofindia.indiatimes.com\/india\/pm-narendra-modi-address-to-the-nation-19-november-2021-parkash-purab-guru-nanak\/liveblog\/87788155.cms\">Premier ministre indien Narendra Modi s\u2019est excus\u00e9<\/a> aupr\u00e8s de la population et a annonc\u00e9 l\u2019abrogation des trois lois sur l\u2019agriculture.<\/p>\n<p>\u00ab\u202f<em>En pr\u00e9sentant mes excuses \u00e0 la nation, je tiens \u00e0 dire, avec un c\u0153ur sinc\u00e8re et pur, que quelque chose nous a peut-\u00eatre \u00e9chapp\u00e9 et que nous n\u2019avons pas pu expliquer la v\u00e9rit\u00e9<\/em>\u202f\u00bb, a rappel\u00e9 M. Modi en faisant r\u00e9f\u00e9rence aux lois destin\u00e9es \u00e0 aider les petites exploitations agricoles.<\/p>\n<p>L\u2019annonce a \u00e9t\u00e9 faite avant Guru Nanak Jayanti, une journ\u00e9e c\u00e9l\u00e9br\u00e9e par les sikhs du monde entier alors que de nombreux manifestants sont issus de la communaut\u00e9 sikhe du Pendjab.<\/p>\n<p>Cette d\u00e9cision intervient \u00e9galement avant les \u00e9lections dans les \u00c9tats de l\u2019Uttar Pradesh, du Pendjab et de l\u2019Uttarakhand, o\u00f9 vivent de nombreux agriculteurs. Les agriculteurs repr\u00e9sentent 41\u202f% de la main-d\u2019\u0153uvre du pays et constituent une source importante de votes, alors que <a href=\"https:\/\/www.newsendip.com\/fr\/jair-bolsonaro-le-chef-detat-le-moins-populaire-parmi-13-leaders-du-monde\/\">Modi reste tr\u00e8s populaire parmi les Indiens alphab\u00e9tis\u00e9s<\/a>.<\/p>\n<h2>Lib\u00e9ralisation de l\u2019agriculture indienne<\/h2>\n<p>En novembre 2020, les agriculteurs ont march\u00e9 ou conduit depuis les \u00c9tats de l\u2019Haryana, de l\u2019Uttar Pradesh et du Pendjab pour installer des campements autour de New Delhi, bloquant les routes avec leurs tracteurs pour contester les lois vot\u00e9es par le gouvernement.<\/p>\n<p>Bien que les perturbations se soient concentr\u00e9es autour de la capitale indienne, les protestations se sont \u00e9galement propag\u00e9es dans les r\u00e9gions agricoles. Le Pendjab, le \u00ab\u202fgrenier de l\u2019Inde\u202f\u00bb, a par exemple vu son service ferroviaire fortement perturb\u00e9 \u00e0 la fin de l\u2019ann\u00e9e 2020.<\/p>\n<p>En 2019, Narendra Modi s\u2019\u00e9tait engag\u00e9 \u00e0 doubler le revenu des agriculteurs d\u2019ici 2020, ce qu\u2019il comptait faire en lib\u00e9ralisant et en modernisant l\u2019agriculture.<\/p>\n<p>Les agriculteurs doivent vendre leurs r\u00e9coltes \u00e0 des comit\u00e9s contr\u00f4l\u00e9s par l\u2019\u00c9tat. Les comit\u00e9s nationaux r\u00e9glementent les tarifs et limitent ainsi les profits des agriculteurs tout en leur garantissant un revenu minimal en retour.<\/p>\n<p>Les lois vot\u00e9es en septembre 2020 permettaient aux agriculteurs de vendre leurs produits directement \u00e0 des entreprises priv\u00e9es.<\/p>\n<p>Mais les manifestants estimaient que les grandes entreprises profiteraient de leur vuln\u00e9rabilit\u00e9 en faisant pression sur les petits agriculteurs pour faire baisser les&nbsp;prix.<\/p>\n<p>Les manifestations se sont intensifi\u00e9es au d\u00e9but de l\u2019ann\u00e9e 2021, attirant l\u2019attention de la communaut\u00e9 internationale sur la situation.<\/p>\n<h2>Les camps d\u2019agriculteurs resteront en place jusqu\u2019\u00e0 ce que les lois soient abrog\u00e9es<\/h2>\n<p><!--more--><\/p>\n<p>Le 26 janvier, lors de la f\u00eate de la R\u00e9publique indienne, la police a autoris\u00e9 5 000 tracteurs \u00e0 participer \u00e0 une manifestation \u00e0 New Dehli, alors que la parade militaire de la f\u00eate de la R\u00e9publique de Delhi \u00e9tait \u00e9galement pr\u00e9vue dans la ville le m\u00eame&nbsp;jour.<\/p>\n<p>Mais plus de 200 000 tracteurs se sont rassembl\u00e9s dans la capitale et des personnes ont p\u00e9n\u00e9tr\u00e9 dans le Fort Rouge, un monument class\u00e9 au patrimoine mondial de l\u2019UNESCO.<\/p>\n<p>En r\u00e9ponse, l\u2019Inde a coup\u00e9 internet sur les t\u00e9l\u00e9phones pour emp\u00eacher les agriculteurs de s\u2019organiser et a fait fermer des comptes sur les r\u00e9seaux sociaux pour reprendre la main sur le discours. <a href=\"https:\/\/www.newsendip.com\/fr\/comment-linde-utilise-lacces-a-internet-comme-outil-politique\/\">L\u2019Inde est le pays qui bloque le plus internet de mani\u00e8re volontaire<\/a>, la plupart du temps pour des raisons politiques.<\/p>\n<p>Mais les manifestations se sont poursuivies. En octobre, huit personnes sont mortes, dont quatre manifestants dans l\u2019Uttar Pradesh.<\/p>\n<p>Les agriculteurs continueront \u00e0 camper jusqu\u2019\u00e0 ce que les lois soient officiellement abrog\u00e9es \u00e0 la fin du mois de novembre. Ils r\u00e9clament \u00e9galement une loi garantissant un prix minimum pour les r\u00e9coltes.<\/p>\n<p><strong><a href=\"https:\/\/www.newsendip.com\/fr\/etiquette\/inde\/\">D\u00e9couvrez plus d\u2019actualit\u00e9s sur l\u2019Inde<\/a><\/strong><\/p>\n","protected":false},"excerpt":{"rendered":"<p>Les trois lois controvers\u00e9es sur l\u2019agriculture qui ont entra\u00een\u00e9 des manifestations d\u2019agriculteurs pendant un an seront abrog\u00e9es, a annonc\u00e9 le Premier ministre indien Narendra Modi.<\/p>\n","protected":false},"author":1,"featured_media":13770,"comment_status":"closed","ping_status":"closed","sticky":false,"template":"","format":"standard","meta":{"wp_typography_post_enhancements_disabled":false,"footnotes":""},"categories":[416],"tags":[446,421],"class_list":["post-29541","post","type-post","status-publish","format-standard","has-post-thumbnail","hentry","category-politique","tag-inde","tag-vieux"],"yoast_head":"<!-- This site is optimized with the Yoast SEO Premium plugin v27.4 (Yoast SEO v27.4) - https:\/\/yoast.com\/product\/yoast-seo-premium-wordpress\/ -->\n<title>Modi et l&#039;Inde abrogent les lois sur l&#039;agriculture vot\u00e9es il y a 14 mois mais fortement contest\u00e9es<\/title>\n<meta name=\"description\" content=\"Les trois lois controvers\u00e9es sur l&#039;agriculture qui ont entra\u00een\u00e9 des manifestations d&#039;agriculteurs pendant un an seront abrog\u00e9es, a annonc\u00e9 le Premier ministre indien Narendra Modi.\" \/>\n<meta name=\"robots\" content=\"index, follow, max-snippet:-1, max-image-preview:large, max-video-preview:-1\" \/>\n<link rel=\"canonical\" href=\"https:\/\/www.newsendip.com\/fr\/modi-et-linde-abrogent-les-lois-sur-lagriculture-votees-il-y-a-14-mois-mais-fortement-contestees\/\" \/>\n<meta property=\"og:locale\" content=\"fr_FR\" \/>\n<meta property=\"og:type\" content=\"article\" \/>\n<meta property=\"og:title\" content=\"Modi et l&#039;Inde abrogent les lois sur l&#039;agriculture vot\u00e9es il y a 14 mois mais fortement contest\u00e9es\" \/>\n<meta property=\"og:description\" content=\"Les trois lois controvers\u00e9es sur l&#039;agriculture qui ont entra\u00een\u00e9 des manifestations d&#039;agriculteurs pendant un an seront abrog\u00e9es, a annonc\u00e9 le Premier ministre indien Narendra Modi.\" \/>\n<meta property=\"og:url\" content=\"https:\/\/www.newsendip.com\/fr\/modi-et-linde-abrogent-les-lois-sur-lagriculture-votees-il-y-a-14-mois-mais-fortement-contestees\/\" \/>\n<meta property=\"og:site_name\" content=\"Newsendip\" \/>\n<meta property=\"article:publisher\" content=\"https:\/\/www.facebook.com\/newsendip\" \/>\n<meta property=\"article:published_time\" content=\"2021-11-19T09:04:44+00:00\" \/>\n<meta property=\"article:modified_time\" content=\"2024-07-16T21:41:27+00:00\" \/>\n<meta property=\"og:image\" content=\"https:\/\/www.newsendip.com\/wp-content\/uploads\/2021\/11\/narendra-modi-farm-law-progressive.jpeg\" \/>\n\t<meta property=\"og:image:width\" content=\"1920\" \/>\n\t<meta property=\"og:image:height\" content=\"1080\" \/>\n\t<meta property=\"og:image:type\" content=\"image\/jpeg\" \/>\n<meta name=\"author\" content=\"Cl\u00e9ment V\u00e9rit\u00e9\" \/>\n<meta name=\"twitter:card\" content=\"summary_large_image\" \/>\n<meta name=\"twitter:creator\" content=\"@https:\/\/twitter.com\/cverite\" \/>\n<meta name=\"twitter:site\" content=\"@newsendip\" \/>\n<meta name=\"twitter:label1\" content=\"\u00c9crit par\" \/>\n\t<meta name=\"twitter:data1\" content=\"Cl\u00e9ment V\u00e9rit\u00e9\" \/>\n<!-- \/ Yoast SEO Premium plugin. -->","yoast_head_json":{"title":"Modi et l'Inde abrogent les lois sur l'agriculture vot\u00e9es il y a 14 mois mais fortement contest\u00e9es","description":"Les trois lois controvers\u00e9es sur l'agriculture qui ont entra\u00een\u00e9 des manifestations d'agriculteurs pendant un an seront abrog\u00e9es, a annonc\u00e9 le Premier ministre indien Narendra Modi.","robots":{"index":"index","follow":"follow","max-snippet":"max-snippet:-1","max-image-preview":"max-image-preview:large","max-video-preview":"max-video-preview:-1"},"canonical":"https:\/\/www.newsendip.com\/fr\/modi-et-linde-abrogent-les-lois-sur-lagriculture-votees-il-y-a-14-mois-mais-fortement-contestees\/","og_locale":"fr_FR","og_type":"article","og_title":"Modi et l'Inde abrogent les lois sur l'agriculture vot\u00e9es il y a 14 mois mais fortement contest\u00e9es","og_description":"Les trois lois controvers\u00e9es sur l'agriculture qui ont entra\u00een\u00e9 des manifestations d'agriculteurs pendant un an seront abrog\u00e9es, a annonc\u00e9 le Premier ministre indien Narendra Modi.","og_url":"https:\/\/www.newsendip.com\/fr\/modi-et-linde-abrogent-les-lois-sur-lagriculture-votees-il-y-a-14-mois-mais-fortement-contestees\/","og_site_name":"Newsendip","article_publisher":"https:\/\/www.facebook.com\/newsendip","article_published_time":"2021-11-19T09:04:44+00:00","article_modified_time":"2024-07-16T21:41:27+00:00","og_image":[{"width":1920,"height":1080,"url":"https:\/\/www.newsendip.com\/wp-content\/uploads\/2021\/11\/narendra-modi-farm-law-progressive.jpeg","type":"image\/jpeg"}],"author":"Cl\u00e9ment V\u00e9rit\u00e9","twitter_card":"summary_large_image","twitter_creator":"@https:\/\/twitter.com\/cverite","twitter_site":"@newsendip","twitter_misc":{"\u00c9crit par":"Cl\u00e9ment V\u00e9rit\u00e9"},"schema":{"@context":"https:\/\/schema.org","@graph":[{"@type":"NewsArticle","@id":"https:\/\/www.newsendip.com\/fr\/modi-et-linde-abrogent-les-lois-sur-lagriculture-votees-il-y-a-14-mois-mais-fortement-contestees\/#article","isPartOf":{"@id":"https:\/\/www.newsendip.com\/fr\/modi-et-linde-abrogent-les-lois-sur-lagriculture-votees-il-y-a-14-mois-mais-fortement-contestees\/"},"author":{"name":"Cl\u00e9ment V\u00e9rit\u00e9","@id":"https:\/\/www.newsendip.com\/fr\/#\/schema\/person\/ea22c01755f464a3cbc2c619584d6363"},"headline":"Modi et l\u2019Inde abrogent les lois sur l\u2019agriculture vot\u00e9es il y a 14 mois mais fortement contest\u00e9es","datePublished":"2021-11-19T09:04:44+00:00","dateModified":"2024-07-16T21:41:27+00:00","mainEntityOfPage":{"@id":"https:\/\/www.newsendip.com\/fr\/modi-et-linde-abrogent-les-lois-sur-lagriculture-votees-il-y-a-14-mois-mais-fortement-contestees\/"},"wordCount":701,"publisher":{"@id":"https:\/\/www.newsendip.com\/fr\/#organization"},"image":{"@id":"https:\/\/www.newsendip.com\/fr\/modi-et-linde-abrogent-les-lois-sur-lagriculture-votees-il-y-a-14-mois-mais-fortement-contestees\/#primaryimage"},"thumbnailUrl":"https:\/\/www.newsendip.com\/wp-content\/uploads\/2021\/11\/narendra-modi-farm-law-progressive.jpeg","keywords":["Inde","Vieux"],"articleSection":["Politique"],"inLanguage":"fr-FR","copyrightYear":"2021","copyrightHolder":{"@id":"https:\/\/www.newsendip.com\/#organization"}},{"@type":"WebPage","@id":"https:\/\/www.newsendip.com\/fr\/modi-et-linde-abrogent-les-lois-sur-lagriculture-votees-il-y-a-14-mois-mais-fortement-contestees\/","url":"https:\/\/www.newsendip.com\/fr\/modi-et-linde-abrogent-les-lois-sur-lagriculture-votees-il-y-a-14-mois-mais-fortement-contestees\/","name":"Modi et l'Inde abrogent les lois sur l'agriculture vot\u00e9es il y a 14 mois mais fortement contest\u00e9es","isPartOf":{"@id":"https:\/\/www.newsendip.com\/fr\/#website"},"primaryImageOfPage":{"@id":"https:\/\/www.newsendip.com\/fr\/modi-et-linde-abrogent-les-lois-sur-lagriculture-votees-il-y-a-14-mois-mais-fortement-contestees\/#primaryimage"},"image":{"@id":"https:\/\/www.newsendip.com\/fr\/modi-et-linde-abrogent-les-lois-sur-lagriculture-votees-il-y-a-14-mois-mais-fortement-contestees\/#primaryimage"},"thumbnailUrl":"https:\/\/www.newsendip.com\/wp-content\/uploads\/2021\/11\/narendra-modi-farm-law-progressive.jpeg","datePublished":"2021-11-19T09:04:44+00:00","dateModified":"2024-07-16T21:41:27+00:00","description":"Les trois lois controvers\u00e9es sur l'agriculture qui ont entra\u00een\u00e9 des manifestations d'agriculteurs pendant un an seront abrog\u00e9es, a annonc\u00e9 le Premier ministre indien Narendra Modi.","breadcrumb":{"@id":"https:\/\/www.newsendip.com\/fr\/modi-et-linde-abrogent-les-lois-sur-lagriculture-votees-il-y-a-14-mois-mais-fortement-contestees\/#breadcrumb"},"inLanguage":"fr-FR","potentialAction":[{"@type":"ReadAction","target":["https:\/\/www.newsendip.com\/fr\/modi-et-linde-abrogent-les-lois-sur-lagriculture-votees-il-y-a-14-mois-mais-fortement-contestees\/"]}]},{"@type":"ImageObject","inLanguage":"fr-FR","@id":"https:\/\/www.newsendip.com\/fr\/modi-et-linde-abrogent-les-lois-sur-lagriculture-votees-il-y-a-14-mois-mais-fortement-contestees\/#primaryimage","url":"https:\/\/www.newsendip.com\/wp-content\/uploads\/2021\/11\/narendra-modi-farm-law-progressive.jpeg","contentUrl":"https:\/\/www.newsendip.com\/wp-content\/uploads\/2021\/11\/narendra-modi-farm-law-progressive.jpeg","width":1920,"height":1080,"caption":"Dans un discours \u00e0 la nation, Narendra Modi a annonc\u00e9 l'abrogation des trois lois sur l'agriculture qui faisaient pol\u00e9mique en Inde | \u00a9 Narendra Modi, Twitter"},{"@type":"BreadcrumbList","@id":"https:\/\/www.newsendip.com\/fr\/modi-et-linde-abrogent-les-lois-sur-lagriculture-votees-il-y-a-14-mois-mais-fortement-contestees\/#breadcrumb","itemListElement":[{"@type":"ListItem","position":1,"name":"Accueil","item":"https:\/\/www.newsendip.com\/fr\/"},{"@type":"ListItem","position":2,"name":"Modi et l&#8217;Inde abrogent les lois sur l&#8217;agriculture vot\u00e9es il y a 14 mois mais fortement contest\u00e9es"}]},{"@type":"WebSite","@id":"https:\/\/www.newsendip.com\/fr\/#website","url":"https:\/\/www.newsendip.com\/fr\/","name":"Newsendip","description":"Red\u00e9couvrez l&#039;actualit\u00e9 internationale","publisher":{"@id":"https:\/\/www.newsendip.com\/fr\/#organization"},"potentialAction":[{"@type":"SearchAction","target":{"@type":"EntryPoint","urlTemplate":"https:\/\/www.newsendip.com\/fr\/?s={search_term_string}"},"query-input":{"@type":"PropertyValueSpecification","valueRequired":true,"valueName":"search_term_string"}}],"inLanguage":"fr-FR"},{"@type":"Organization","@id":"https:\/\/www.newsendip.com\/fr\/#organization","name":"Newsendip","url":"https:\/\/www.newsendip.com\/fr\/","logo":{"@type":"ImageObject","inLanguage":"fr-FR","@id":"https:\/\/www.newsendip.com\/fr\/#\/schema\/logo\/image\/","url":"https:\/\/www.newsendip.com\/wp-content\/uploads\/2023\/12\/512x512.svg","contentUrl":"https:\/\/www.newsendip.com\/wp-content\/uploads\/2023\/12\/512x512.svg","width":1,"height":1,"caption":"Newsendip"},"image":{"@id":"https:\/\/www.newsendip.com\/fr\/#\/schema\/logo\/image\/"},"sameAs":["https:\/\/www.facebook.com\/newsendip","https:\/\/x.com\/newsendip","https:\/\/mastodon.social\/@newsendip","https:\/\/www.linkedin.com\/company\/newsendip"],"description":"Newsendip est un site qui a pour mission de rendre l'actualit\u00e9 internationale accessible et diversifi\u00e9e","email":"contact@newsendip.com","legalName":"Newsendip SAS","foundingDate":"2022-11-04","vatID":"FR60921124723","numberOfEmployees":{"@type":"QuantitativeValue","minValue":"1","maxValue":"10"},"publishingPrinciples":"https:\/\/www.newsendip.com\/about-us\/","ownershipFundingInfo":"https:\/\/www.newsendip.com\/legal-notice\/","actionableFeedbackPolicy":"https:\/\/www.newsendip.com\/about-us\/","correctionsPolicy":"https:\/\/www.newsendip.com\/about-us\/","ethicsPolicy":"https:\/\/www.newsendip.com\/about-us\/","diversityPolicy":"https:\/\/www.newsendip.com\/about-us\/"},{"@type":"Person","@id":"https:\/\/www.newsendip.com\/fr\/#\/schema\/person\/ea22c01755f464a3cbc2c619584d6363","name":"Cl\u00e9ment V\u00e9rit\u00e9","description":"Cl\u00e9ment is the executive editor and founder of Newsendip. He started in the media industry as a freelance reporter at 16 for a local French newspaper after school and has never left it. He later worked for seven years at The New York Times, notably as a data analyst. He holds a Master of Management in France and a Master of Arts in the United Kingdom in International Marketing &amp; Communications Strategy. He has lived in France, the United Kingdom, and Italy.","sameAs":["https:\/\/www.newsendip.com\/","https:\/\/www.linkedin.com\/in\/clementverite\/","https:\/\/x.com\/https:\/\/twitter.com\/cverite"],"knowsAbout":["News","International","Business","Media monitoring"],"knowsLanguage":["English","French","Italian","Spanish"],"url":"https:\/\/www.newsendip.com\/fr\/author\/clement-verite\/"}]}},"_links":{"self":[{"href":"https:\/\/www.newsendip.com\/fr\/wp-json\/wp\/v2\/posts\/29541","targetHints":{"allow":["GET"]}}],"collection":[{"href":"https:\/\/www.newsendip.com\/fr\/wp-json\/wp\/v2\/posts"}],"about":[{"href":"https:\/\/www.newsendip.com\/fr\/wp-json\/wp\/v2\/types\/post"}],"author":[{"embeddable":true,"href":"https:\/\/www.newsendip.com\/fr\/wp-json\/wp\/v2\/users\/1"}],"replies":[{"embeddable":true,"href":"https:\/\/www.newsendip.com\/fr\/wp-json\/wp\/v2\/comments?post=29541"}],"version-history":[{"count":0,"href":"https:\/\/www.newsendip.com\/fr\/wp-json\/wp\/v2\/posts\/29541\/revisions"}],"wp:featuredmedia":[{"embeddable":true,"href":"https:\/\/www.newsendip.com\/fr\/wp-json\/wp\/v2\/media\/13770"}],"wp:attachment":[{"href":"https:\/\/www.newsendip.com\/fr\/wp-json\/wp\/v2\/media?parent=29541"}],"wp:term":[{"taxonomy":"category","embeddable":true,"href":"https:\/\/www.newsendip.com\/fr\/wp-json\/wp\/v2\/categories?post=29541"},{"taxonomy":"post_tag","embeddable":true,"href":"https:\/\/www.newsendip.com\/fr\/wp-json\/wp\/v2\/tags?post=29541"}],"curies":[{"name":"wp","href":"https:\/\/api.w.org\/{rel}","templated":true}]}}