{"id":29558,"date":"2021-04-29T14:19:36","date_gmt":"2021-04-29T12:19:36","guid":{"rendered":"https:\/\/www.newsendip.com\/?p=29558"},"modified":"2024-07-23T18:02:13","modified_gmt":"2024-07-23T16:02:13","slug":"greve-nationale-en-colombie-contre-une-reforme-fiscale-destinee-a-financer-le-cout-du-covid-19","status":"publish","type":"post","link":"https:\/\/www.newsendip.com\/fr\/greve-nationale-en-colombie-contre-une-reforme-fiscale-destinee-a-financer-le-cout-du-covid-19\/","title":{"rendered":"Gr\u00e8ve nationale en Colombie contre une r\u00e9forme fiscale destin\u00e9e \u00e0 financer le co\u00fbt du Covid-19"},"content":{"rendered":"<p><strong>Des Colombiens ont manifest\u00e9 dans la rue contre une r\u00e9forme fiscale qui permettrait de collecter jusqu\u2019\u00e0 2\u202f% du PIB. Cependant, les efforts demand\u00e9s alors que la crise du Covid-19 n\u2019est pas termin\u00e9e suscitent de vives critiques de toutes parts.<\/strong><\/p>\n<figure id=\"attachment_13538\" aria-describedby=\"caption-attachment-13538\" style=\"width: 950px\" class=\"wp-caption aligncenter\"><img decoding=\"async\" class=\"size-full wp-image-13538\" src=\"https:\/\/www.newsendip.com\/wp-content\/uploads\/2021\/04\/colombia-tax-reform-covid-2021.jpeg\" alt=\"manifestation Colombie r\u00e9forme fiscale\" width=\"950\" height=\"475\" srcset=\"https:\/\/www.newsendip.com\/wp-content\/uploads\/2021\/04\/colombia-tax-reform-covid-2021.jpeg 950w, https:\/\/www.newsendip.com\/wp-content\/uploads\/2021\/04\/colombia-tax-reform-covid-2021-60x30.jpeg 60w, https:\/\/www.newsendip.com\/wp-content\/uploads\/2021\/04\/colombia-tax-reform-covid-2021-300x150.jpeg 300w, https:\/\/www.newsendip.com\/wp-content\/uploads\/2021\/04\/colombia-tax-reform-covid-2021-768x384.jpeg 768w\" sizes=\"(max-width: 950px) 100vw, 950px\"><figcaption id=\"caption-attachment-13538\" class=\"wp-caption-text\">Des Colombiens ont manifest\u00e9 dans la rue en portant des masques, alors que le pays est confront\u00e9 \u00e0 une troisi\u00e8me vague d\u2019infections Covid-19.<\/figcaption><\/figure>\n<h2>Collecter 6 milliards de dollars avec la r\u00e9forme fiscale<\/h2>\n<p>Le pr\u00e9sident colombien, Ivan Duque, et le ministre des finances, Alberto Carrasquilla, ont pr\u00e9sent\u00e9 un projet de r\u00e9forme fiscale pour compenser le d\u00e9ficit caus\u00e9 par le Covid-19.<\/p>\n<p>La r\u00e9forme vise \u00e0 collecter 23 milliards de pesos (6 milliards de dollars) par an, ce qui repr\u00e9sente environ 2,2\u202f% du produit int\u00e9rieur brut du pays en&nbsp;2019.<\/p>\n<p>Le projet de loi \u00e9tend le nombre de m\u00e9nages qui d\u00e9clareront et seront \u00e9ligibles \u00e0 l\u2019imp\u00f4t sur le revenu. Aujourd\u2019hui, seuls 2\u202f% de la population active paient l\u2019imp\u00f4t sur le revenu, dont la moiti\u00e9 d\u00e9clare des revenus. L\u2019objectif est d\u2019atteindre 9\u202f% de la population payant l\u2019imp\u00f4t sur le revenu dans les prochaines ann\u00e9es.<\/p>\n<p>Le projet de loi \u00e9tend le nombre de m\u00e9nages qui d\u00e9clareront et seront \u00e9ligibles \u00e0 l\u2019imp\u00f4t sur le revenu. Aujourd\u2019hui, la moiti\u00e9 de la population d\u00e9clare des revenus, et seulement 2\u202f% de la population active paie l\u2019imp\u00f4t sur le revenu. L\u2019objectif est d\u2019atteindre 9\u202f% de la population payant l\u2019imp\u00f4t sur le revenu dans les prochaines ann\u00e9es.<\/p>\n<p>La r\u00e9forme fiscale fait l\u2019objet de critiques, m\u00eame au sein de la majorit\u00e9, car elle a un impact sur la classe moyenne. Alors que la crise de la pand\u00e9mie de Covid-19 n\u2019est pas termin\u00e9e, demander \u00e0 la population de faire des efforts et de payer le d\u00e9ficit n\u2019est pas bien accept\u00e9.<\/p>\n<p>Les enseignants, les syndicats et les \u00e9tudiants ont appel\u00e9 \u00e0 une gr\u00e8ve nationale le 28 avril. Ils devraient \u00e0 nouveau manifester le 1er&nbsp;mai.<\/p>\n<h2>Manifestation non autoris\u00e9e \u00e0 Bogota<\/h2>\n<p><!--more--><\/p>\n<p>Mais afin d\u2019emp\u00eacher la manifestation, le tribunal de la r\u00e9gion qui comprend Bogota a interdit les rassemblements de groupes le 28 avril et le 1er mai \u00e0 la derni\u00e8re minute. Le conseil m\u00e9dical a d\u00e9conseill\u00e9 les rassemblements de masse afin d\u2019\u00e9viter une recrudescence des infections par le virus du Covid-19, alors que le pays est confront\u00e9 \u00e0 sa troisi\u00e8me vague d\u2019infections. Les critiques de la d\u00e9cision estimaient que cette mesure portait atteinte aux droits d\u00e9mocratiques fondamentaux et craignaient des violences polici\u00e8res dans ces circonstances.<\/p>\n<p>Les <a href=\"https:\/\/www.france24.com\/es\/am%C3%A9rica-latina\/20210428-colombia-protestas-reforma-tributaria-ivan-duque\">manifestations ont tout de m\u00eame eu lieu le 28 avri<\/a>l, et au moins deux morts ont \u00e9t\u00e9 signal\u00e9s.<\/p>\n<p>Mais <a href=\"https:\/\/www.elmundo.es\/internacional\/2021\/04\/28\/6089a31b21efa097228b4652.html\">d\u2019autres revendications s\u2019ajoutent<\/a> \u00e0 celles contre la r\u00e9forme fiscale.<\/p>\n<p>En effet\u202f; le Comit\u00e9 national du Paro, une organisation de d\u00e9fense des travailleurs, avait d\u00e9j\u00e0 appel\u00e9 \u00e0 manifester avant que la r\u00e9forme ne soit pr\u00e9sent\u00e9e. Les enseignants demandent \u00e0 ce que les enfants soient vaccin\u00e9s avant d\u2019accepter de retourner en classe. Certains s\u2019opposent \u00e0 l\u2019utilisation du <a href=\"https:\/\/www.newsendip.com\/fr\/une-etude-irlandaise-trouve-des-traces-de-glyphosate-dans-1-echantillon-durine-sur-4\/\">glyphosate<\/a> pour d\u00e9truire les plants ill\u00e9gaux de <a href=\"https:\/\/www.newsendip.com\/fr\/valises-echangees-a-laeroport-le-bresil-veut-faire-liberer-deux-femmes-emprisonnees-en-allemagne-soupconnees-de-trafic-de-cocaine\/\">coca<\/a>, d\u2019autres revendications sont li\u00e9es au groupe paramilitaire de&nbsp;l\u2019ELN.<\/p>\n<p>En 2019, la Colombie avait d\u00e9j\u00e0 fait face \u00e0 une gr\u00e8ve nationale qui avait dur\u00e9 plusieurs jours et fait monter les tensions au point que la police avait tir\u00e9 sur les manifestants \u00e0 balle r\u00e9elle.<\/p>\n<p><strong><a href=\"https:\/\/www.newsendip.com\/fr\/etiquette\/colombie\/\">D\u00e9couvrez plus d\u2019actualit\u00e9s sur la Colombie<\/a><\/strong><\/p>\n","protected":false},"excerpt":{"rendered":"<p>Des Colombiens ont manifest\u00e9 dans la rue contre une r\u00e9forme fiscale qui permettrait de collecter jusqu\u2019\u00e0 2\u202f% du PIB. Cependant, les efforts demand\u00e9s alors que la crise du Covid-19 n\u2019est pas termin\u00e9e suscitent de vives critiques de toutes parts.<\/p>\n","protected":false},"author":1,"featured_media":13538,"comment_status":"closed","ping_status":"closed","sticky":false,"template":"","format":"standard","meta":{"wp_typography_post_enhancements_disabled":false,"footnotes":""},"categories":[416],"tags":[440,421],"class_list":["post-29558","post","type-post","status-publish","format-standard","has-post-thumbnail","hentry","category-politique","tag-colombie","tag-vieux"],"yoast_head":"<!-- This site is optimized with the Yoast SEO Premium plugin v27.4 (Yoast SEO v27.4) - https:\/\/yoast.com\/product\/yoast-seo-premium-wordpress\/ -->\n<title>Gr\u00e8ve nationale en Colombie contre une r\u00e9forme fiscale destin\u00e9e \u00e0 financer le co\u00fbt du Covid-19<\/title>\n<meta name=\"description\" content=\"Des Colombiens ont manifest\u00e9 dans la rue contre une r\u00e9forme fiscale qui permettrait de collecter jusqu&#039;\u00e0 2 % du PIB. Cependant, les efforts demand\u00e9s alors que la crise du Covid-19 n&#039;est pas termin\u00e9e suscitent de vives critiques de toutes parts.\" \/>\n<meta name=\"robots\" content=\"index, follow, max-snippet:-1, max-image-preview:large, max-video-preview:-1\" \/>\n<link rel=\"canonical\" href=\"https:\/\/www.newsendip.com\/fr\/greve-nationale-en-colombie-contre-une-reforme-fiscale-destinee-a-financer-le-cout-du-covid-19\/\" \/>\n<meta property=\"og:locale\" content=\"fr_FR\" \/>\n<meta property=\"og:type\" content=\"article\" \/>\n<meta property=\"og:title\" content=\"Gr\u00e8ve nationale en Colombie contre une r\u00e9forme fiscale destin\u00e9e \u00e0 financer le co\u00fbt du Covid-19\" \/>\n<meta property=\"og:description\" content=\"Des Colombiens ont manifest\u00e9 dans la rue contre une r\u00e9forme fiscale qui permettrait de collecter jusqu&#039;\u00e0 2 % du PIB. Cependant, les efforts demand\u00e9s alors que la crise du Covid-19 n&#039;est pas termin\u00e9e suscitent de vives critiques de toutes parts.\" \/>\n<meta property=\"og:url\" content=\"https:\/\/www.newsendip.com\/fr\/greve-nationale-en-colombie-contre-une-reforme-fiscale-destinee-a-financer-le-cout-du-covid-19\/\" \/>\n<meta property=\"og:site_name\" content=\"Newsendip\" \/>\n<meta property=\"article:publisher\" content=\"https:\/\/www.facebook.com\/newsendip\" \/>\n<meta property=\"article:published_time\" content=\"2021-04-29T12:19:36+00:00\" \/>\n<meta property=\"article:modified_time\" content=\"2024-07-23T16:02:13+00:00\" \/>\n<meta property=\"og:image\" content=\"https:\/\/www.newsendip.com\/wp-content\/uploads\/2021\/04\/colombia-tax-reform-covid-2021.jpeg\" \/>\n\t<meta property=\"og:image:width\" content=\"950\" \/>\n\t<meta property=\"og:image:height\" content=\"475\" \/>\n\t<meta property=\"og:image:type\" content=\"image\/jpeg\" \/>\n<meta name=\"author\" content=\"Cl\u00e9ment V\u00e9rit\u00e9\" \/>\n<meta name=\"twitter:card\" content=\"summary_large_image\" \/>\n<meta name=\"twitter:creator\" content=\"@https:\/\/twitter.com\/cverite\" \/>\n<meta name=\"twitter:site\" content=\"@newsendip\" \/>\n<meta name=\"twitter:label1\" content=\"\u00c9crit par\" \/>\n\t<meta name=\"twitter:data1\" content=\"Cl\u00e9ment V\u00e9rit\u00e9\" \/>\n\t<meta name=\"twitter:label2\" content=\"Dur\u00e9e de lecture estim\u00e9e\" \/>\n\t<meta name=\"twitter:data2\" content=\"3 minutes\" \/>\n<!-- \/ Yoast SEO Premium plugin. -->","yoast_head_json":{"title":"Gr\u00e8ve nationale en Colombie contre une r\u00e9forme fiscale destin\u00e9e \u00e0 financer le co\u00fbt du Covid-19","description":"Des Colombiens ont manifest\u00e9 dans la rue contre une r\u00e9forme fiscale qui permettrait de collecter jusqu'\u00e0 2 % du PIB. Cependant, les efforts demand\u00e9s alors que la crise du Covid-19 n'est pas termin\u00e9e suscitent de vives critiques de toutes parts.","robots":{"index":"index","follow":"follow","max-snippet":"max-snippet:-1","max-image-preview":"max-image-preview:large","max-video-preview":"max-video-preview:-1"},"canonical":"https:\/\/www.newsendip.com\/fr\/greve-nationale-en-colombie-contre-une-reforme-fiscale-destinee-a-financer-le-cout-du-covid-19\/","og_locale":"fr_FR","og_type":"article","og_title":"Gr\u00e8ve nationale en Colombie contre une r\u00e9forme fiscale destin\u00e9e \u00e0 financer le co\u00fbt du Covid-19","og_description":"Des Colombiens ont manifest\u00e9 dans la rue contre une r\u00e9forme fiscale qui permettrait de collecter jusqu'\u00e0 2 % du PIB. Cependant, les efforts demand\u00e9s alors que la crise du Covid-19 n'est pas termin\u00e9e suscitent de vives critiques de toutes parts.","og_url":"https:\/\/www.newsendip.com\/fr\/greve-nationale-en-colombie-contre-une-reforme-fiscale-destinee-a-financer-le-cout-du-covid-19\/","og_site_name":"Newsendip","article_publisher":"https:\/\/www.facebook.com\/newsendip","article_published_time":"2021-04-29T12:19:36+00:00","article_modified_time":"2024-07-23T16:02:13+00:00","og_image":[{"width":950,"height":475,"url":"https:\/\/www.newsendip.com\/wp-content\/uploads\/2021\/04\/colombia-tax-reform-covid-2021.jpeg","type":"image\/jpeg"}],"author":"Cl\u00e9ment V\u00e9rit\u00e9","twitter_card":"summary_large_image","twitter_creator":"@https:\/\/twitter.com\/cverite","twitter_site":"@newsendip","twitter_misc":{"\u00c9crit par":"Cl\u00e9ment V\u00e9rit\u00e9","Dur\u00e9e de lecture estim\u00e9e":"3 minutes"},"schema":{"@context":"https:\/\/schema.org","@graph":[{"@type":"NewsArticle","@id":"https:\/\/www.newsendip.com\/fr\/greve-nationale-en-colombie-contre-une-reforme-fiscale-destinee-a-financer-le-cout-du-covid-19\/#article","isPartOf":{"@id":"https:\/\/www.newsendip.com\/fr\/greve-nationale-en-colombie-contre-une-reforme-fiscale-destinee-a-financer-le-cout-du-covid-19\/"},"author":{"name":"Cl\u00e9ment V\u00e9rit\u00e9","@id":"https:\/\/www.newsendip.com\/fr\/#\/schema\/person\/ea22c01755f464a3cbc2c619584d6363"},"headline":"Gr\u00e8ve nationale en Colombie contre une r\u00e9forme fiscale destin\u00e9e \u00e0 financer le co\u00fbt du Covid-19","datePublished":"2021-04-29T12:19:36+00:00","dateModified":"2024-07-23T16:02:13+00:00","mainEntityOfPage":{"@id":"https:\/\/www.newsendip.com\/fr\/greve-nationale-en-colombie-contre-une-reforme-fiscale-destinee-a-financer-le-cout-du-covid-19\/"},"wordCount":614,"publisher":{"@id":"https:\/\/www.newsendip.com\/fr\/#organization"},"image":{"@id":"https:\/\/www.newsendip.com\/fr\/greve-nationale-en-colombie-contre-une-reforme-fiscale-destinee-a-financer-le-cout-du-covid-19\/#primaryimage"},"thumbnailUrl":"https:\/\/www.newsendip.com\/wp-content\/uploads\/2021\/04\/colombia-tax-reform-covid-2021.jpeg","keywords":["Colombie","Vieux"],"articleSection":["Politique"],"inLanguage":"fr-FR","copyrightYear":"2021","copyrightHolder":{"@id":"https:\/\/www.newsendip.com\/#organization"}},{"@type":"WebPage","@id":"https:\/\/www.newsendip.com\/fr\/greve-nationale-en-colombie-contre-une-reforme-fiscale-destinee-a-financer-le-cout-du-covid-19\/","url":"https:\/\/www.newsendip.com\/fr\/greve-nationale-en-colombie-contre-une-reforme-fiscale-destinee-a-financer-le-cout-du-covid-19\/","name":"Gr\u00e8ve nationale en Colombie contre une r\u00e9forme fiscale destin\u00e9e \u00e0 financer le co\u00fbt du Covid-19","isPartOf":{"@id":"https:\/\/www.newsendip.com\/fr\/#website"},"primaryImageOfPage":{"@id":"https:\/\/www.newsendip.com\/fr\/greve-nationale-en-colombie-contre-une-reforme-fiscale-destinee-a-financer-le-cout-du-covid-19\/#primaryimage"},"image":{"@id":"https:\/\/www.newsendip.com\/fr\/greve-nationale-en-colombie-contre-une-reforme-fiscale-destinee-a-financer-le-cout-du-covid-19\/#primaryimage"},"thumbnailUrl":"https:\/\/www.newsendip.com\/wp-content\/uploads\/2021\/04\/colombia-tax-reform-covid-2021.jpeg","datePublished":"2021-04-29T12:19:36+00:00","dateModified":"2024-07-23T16:02:13+00:00","description":"Des Colombiens ont manifest\u00e9 dans la rue contre une r\u00e9forme fiscale qui permettrait de collecter jusqu'\u00e0 2 % du PIB. Cependant, les efforts demand\u00e9s alors que la crise du Covid-19 n'est pas termin\u00e9e suscitent de vives critiques de toutes parts.","breadcrumb":{"@id":"https:\/\/www.newsendip.com\/fr\/greve-nationale-en-colombie-contre-une-reforme-fiscale-destinee-a-financer-le-cout-du-covid-19\/#breadcrumb"},"inLanguage":"fr-FR","potentialAction":[{"@type":"ReadAction","target":["https:\/\/www.newsendip.com\/fr\/greve-nationale-en-colombie-contre-une-reforme-fiscale-destinee-a-financer-le-cout-du-covid-19\/"]}]},{"@type":"ImageObject","inLanguage":"fr-FR","@id":"https:\/\/www.newsendip.com\/fr\/greve-nationale-en-colombie-contre-une-reforme-fiscale-destinee-a-financer-le-cout-du-covid-19\/#primaryimage","url":"https:\/\/www.newsendip.com\/wp-content\/uploads\/2021\/04\/colombia-tax-reform-covid-2021.jpeg","contentUrl":"https:\/\/www.newsendip.com\/wp-content\/uploads\/2021\/04\/colombia-tax-reform-covid-2021.jpeg","width":950,"height":475,"caption":"Des Colombiens ont manifest\u00e9 dans la rue en portant des masques, alors que le pays est confront\u00e9 \u00e0 une troisi\u00e8me vague d'infections Covid-19."},{"@type":"BreadcrumbList","@id":"https:\/\/www.newsendip.com\/fr\/greve-nationale-en-colombie-contre-une-reforme-fiscale-destinee-a-financer-le-cout-du-covid-19\/#breadcrumb","itemListElement":[{"@type":"ListItem","position":1,"name":"Accueil","item":"https:\/\/www.newsendip.com\/fr\/"},{"@type":"ListItem","position":2,"name":"Gr\u00e8ve nationale en Colombie contre une r\u00e9forme fiscale destin\u00e9e \u00e0 financer le co\u00fbt du Covid-19"}]},{"@type":"WebSite","@id":"https:\/\/www.newsendip.com\/fr\/#website","url":"https:\/\/www.newsendip.com\/fr\/","name":"Newsendip","description":"Red\u00e9couvrez l&#039;actualit\u00e9 internationale","publisher":{"@id":"https:\/\/www.newsendip.com\/fr\/#organization"},"potentialAction":[{"@type":"SearchAction","target":{"@type":"EntryPoint","urlTemplate":"https:\/\/www.newsendip.com\/fr\/?s={search_term_string}"},"query-input":{"@type":"PropertyValueSpecification","valueRequired":true,"valueName":"search_term_string"}}],"inLanguage":"fr-FR"},{"@type":"Organization","@id":"https:\/\/www.newsendip.com\/fr\/#organization","name":"Newsendip","url":"https:\/\/www.newsendip.com\/fr\/","logo":{"@type":"ImageObject","inLanguage":"fr-FR","@id":"https:\/\/www.newsendip.com\/fr\/#\/schema\/logo\/image\/","url":"https:\/\/www.newsendip.com\/wp-content\/uploads\/2023\/12\/512x512.svg","contentUrl":"https:\/\/www.newsendip.com\/wp-content\/uploads\/2023\/12\/512x512.svg","width":1,"height":1,"caption":"Newsendip"},"image":{"@id":"https:\/\/www.newsendip.com\/fr\/#\/schema\/logo\/image\/"},"sameAs":["https:\/\/www.facebook.com\/newsendip","https:\/\/x.com\/newsendip","https:\/\/mastodon.social\/@newsendip","https:\/\/www.linkedin.com\/company\/newsendip"],"description":"Newsendip est un site qui a pour mission de rendre l'actualit\u00e9 internationale accessible et diversifi\u00e9e","email":"contact@newsendip.com","legalName":"Newsendip SAS","foundingDate":"2022-11-04","vatID":"FR60921124723","numberOfEmployees":{"@type":"QuantitativeValue","minValue":"1","maxValue":"10"},"publishingPrinciples":"https:\/\/www.newsendip.com\/about-us\/","ownershipFundingInfo":"https:\/\/www.newsendip.com\/legal-notice\/","actionableFeedbackPolicy":"https:\/\/www.newsendip.com\/about-us\/","correctionsPolicy":"https:\/\/www.newsendip.com\/about-us\/","ethicsPolicy":"https:\/\/www.newsendip.com\/about-us\/","diversityPolicy":"https:\/\/www.newsendip.com\/about-us\/"},{"@type":"Person","@id":"https:\/\/www.newsendip.com\/fr\/#\/schema\/person\/ea22c01755f464a3cbc2c619584d6363","name":"Cl\u00e9ment V\u00e9rit\u00e9","description":"Cl\u00e9ment is the executive editor and founder of Newsendip. He started in the media industry as a freelance reporter at 16 for a local French newspaper after school and has never left it. He later worked for seven years at The New York Times, notably as a data analyst. He holds a Master of Management in France and a Master of Arts in the United Kingdom in International Marketing &amp; Communications Strategy. He has lived in France, the United Kingdom, and Italy.","sameAs":["https:\/\/www.newsendip.com\/","https:\/\/www.linkedin.com\/in\/clementverite\/","https:\/\/x.com\/https:\/\/twitter.com\/cverite"],"knowsAbout":["News","International","Business","Media monitoring"],"knowsLanguage":["English","French","Italian","Spanish"],"url":"https:\/\/www.newsendip.com\/fr\/author\/clement-verite\/"}]}},"_links":{"self":[{"href":"https:\/\/www.newsendip.com\/fr\/wp-json\/wp\/v2\/posts\/29558","targetHints":{"allow":["GET"]}}],"collection":[{"href":"https:\/\/www.newsendip.com\/fr\/wp-json\/wp\/v2\/posts"}],"about":[{"href":"https:\/\/www.newsendip.com\/fr\/wp-json\/wp\/v2\/types\/post"}],"author":[{"embeddable":true,"href":"https:\/\/www.newsendip.com\/fr\/wp-json\/wp\/v2\/users\/1"}],"replies":[{"embeddable":true,"href":"https:\/\/www.newsendip.com\/fr\/wp-json\/wp\/v2\/comments?post=29558"}],"version-history":[{"count":0,"href":"https:\/\/www.newsendip.com\/fr\/wp-json\/wp\/v2\/posts\/29558\/revisions"}],"wp:featuredmedia":[{"embeddable":true,"href":"https:\/\/www.newsendip.com\/fr\/wp-json\/wp\/v2\/media\/13538"}],"wp:attachment":[{"href":"https:\/\/www.newsendip.com\/fr\/wp-json\/wp\/v2\/media?parent=29558"}],"wp:term":[{"taxonomy":"category","embeddable":true,"href":"https:\/\/www.newsendip.com\/fr\/wp-json\/wp\/v2\/categories?post=29558"},{"taxonomy":"post_tag","embeddable":true,"href":"https:\/\/www.newsendip.com\/fr\/wp-json\/wp\/v2\/tags?post=29558"}],"curies":[{"name":"wp","href":"https:\/\/api.w.org\/{rel}","templated":true}]}}