{"id":29578,"date":"2022-01-03T17:24:44","date_gmt":"2022-01-03T16:24:44","guid":{"rendered":"https:\/\/www.newsendip.com\/?p=29578"},"modified":"2023-08-17T09:45:05","modified_gmt":"2023-08-17T07:45:05","slug":"cuba-a-souffert-en-2021-de-son-taux-de-mortalite-infantile-le-plus-eleve-en-20-ans","status":"publish","type":"post","link":"https:\/\/www.newsendip.com\/fr\/cuba-a-souffert-en-2021-de-son-taux-de-mortalite-infantile-le-plus-eleve-en-20-ans\/","title":{"rendered":"Cuba a souffert en 2021 de son taux de mortalit\u00e9 infantile le plus \u00e9lev\u00e9 en 20&nbsp;ans"},"content":{"rendered":"<p><strong>Cuba a enregistr\u00e9 une augmentation de 55\u202f% du taux de mortalit\u00e9 infantile en un an. Le gouvernement justifie cette hausse par la pand\u00e9mie de Covid-19. Le taux du pays est le plus \u00e9lev\u00e9 depuis 20&nbsp;ans.<br>\n<\/strong><\/p>\n<figure id=\"attachment_9792\" aria-describedby=\"caption-attachment-9792\" style=\"width: 640px\" class=\"wp-caption aligncenter\"><img decoding=\"async\" class=\"size-full wp-image-9792\" src=\"https:\/\/www.newsendip.com\/wp-content\/uploads\/2022\/01\/baby-infant-hospital-cuba-mortality-rate-2021.webp\" alt=\"nouveau-n\u00e9\" width=\"640\" height=\"427\" srcset=\"https:\/\/www.newsendip.com\/wp-content\/uploads\/2022\/01\/baby-infant-hospital-cuba-mortality-rate-2021.webp 640w, https:\/\/www.newsendip.com\/wp-content\/uploads\/2022\/01\/baby-infant-hospital-cuba-mortality-rate-2021-300x200.webp 300w, https:\/\/www.newsendip.com\/wp-content\/uploads\/2022\/01\/baby-infant-hospital-cuba-mortality-rate-2021-60x40.webp 60w\" sizes=\"(max-width: 640px) 100vw, 640px\"><figcaption id=\"caption-attachment-9792\" class=\"wp-caption-text\">Avec 7,6 d\u00e9c\u00e8s pour 1 000 naissances en 2021, le taux de mortalit\u00e9 infantile de Cuba est le plus \u00e9lev\u00e9 depuis 20 ans. | \u00a9 Solen Feyissa<\/figcaption><\/figure>\n<p>Le 2 janvier, le <a href=\"#post-bottom-source\">minist\u00e8re de la Sant\u00e9 de Cuba<\/a> a publi\u00e9 ses donn\u00e9es officielles sur le taux de mortalit\u00e9 infantile. Avec 7,6 d\u00e9c\u00e8s pour 1 000 naissances en 2021, le taux de mortalit\u00e9 infantile \u00e0 Cuba a augment\u00e9 de 55\u202f% en un&nbsp;an.<\/p>\n<p>La mortalit\u00e9 infantile correspond au d\u00e9c\u00e8s d\u2019enfants de moins d\u2019un an. Les principales causes de d\u00e9c\u00e8s dans le pays sont principalement li\u00e9es \u00e0 la pr\u00e9maturit\u00e9, \u00e0 une insuffisance pond\u00e9rale \u00e0 la naissance et au retard de croissance dans l\u2019ut\u00e9rus.<\/p>\n<p>Dans sa d\u00e9claration officielle, le gouvernement explique que ces chiffres sont dus \u00e0 la pand\u00e9mie de Covid-19, qui a augment\u00e9 le nombre de patients dans les h\u00f4pitaux, y compris les femmes enceintes.<\/p>\n<h2>Les autorit\u00e9s soulignent que la pand\u00e9mie de Covid-19 a provoqu\u00e9 des naissances avant&nbsp;terme<\/h2>\n<p>Certaines femmes se trouvaient dans un \u00e9tat critique, ce qui a contraint les m\u00e9decins \u00e0 interrompre les grossesses avant terme, augmentant ainsi les risques de mortalit\u00e9 infantile. \u00ab\u202f<em>Plus le ventre est gros, plus il conditionne l\u2019insuffisance respiratoire et, dans de nombreux cas, rend l\u2019interruption de grossesse n\u00e9cessaire pour que les femmes puissent respirer correctement<\/em>\u202f\u00bb, a expliqu\u00e9 le chef du centre p\u00e9diatrique de l\u2019h\u00f4pital militaire de La Havane dans le communiqu\u00e9 du gouvernement.<\/p>\n<p>Des \u00e9tudes ont montr\u00e9 un risque accru de d\u00e9velopper une forme grave de Covid-19 pour les femmes enceintes qui sont infect\u00e9es. En 2021, le <a href=\"https:\/\/www.newsendip.com\/fr\/le-taux-de-fecondite-de-linde-desormais-inferieur-au-seuil-de-renouvellement-mais-sa-population-diminue-t-elle\/\">taux de mortalit\u00e9 maternelle<\/a>, le d\u00e9c\u00e8s de la m\u00e8re pendant la grossesse ou des cons\u00e9quences de l\u2019accouchement, \u00e9tait de 177 pour 100 000 naissances \u00e0 <a href=\"https:\/\/www.newsendip.com\/fr\/etiquette\/cuba-fr\/\">Cuba<\/a>. Il \u00e9tait de 36\u202fen 2017 selon les derni\u00e8res donn\u00e9es de l\u2019<a href=\"https:\/\/cdn.who.int\/media\/docs\/default-source\/gho-documents\/maternal-health-countries\/maternal_health_cub_en.pdf\">Organisation mondiale de la sant\u00e9<\/a>.<\/p>\n<p>L\u2019<a href=\"https:\/\/www.who.int\/news-room\/questions-and-answers\/item\/coronavirus-disease-covid-19-pregnancy-and-childbirth\">OMS<\/a> signale \u00e9galement que le Covid-19 pendant la grossesse a \u00e9t\u00e9 associ\u00e9 \u00e0 une probabilit\u00e9 accrue de naissances pr\u00e9matur\u00e9es, ce qui augmente les risques de mortalit\u00e9 infantile.<!--more--><\/p>\n<p>De plus, m\u00eame si la transmission du virus entre la m\u00e8re et le f\u0153tus n\u2019est pas prouv\u00e9e, la croissance du b\u00e9b\u00e9 peut \u00eatre affect\u00e9e par un <a href=\"https:\/\/www.newsendip.com\/fr\/oxygene-pour-soigner-le-stress-post-traumatique\/\">apport en oxyg\u00e8ne<\/a> moins important au placenta.<\/p>\n<p>Bien que les enfants pr\u00e9sentent des sympt\u00f4mes moins graves que les adultes plus \u00e2g\u00e9s en cas d\u2019infection par le Covid-19, plus de 200 mineurs cubains se trouvaient dans un \u00e9tat grave, ce qui a accru la pression sur les services p\u00e9diatriques du&nbsp;pays.<\/p>\n<p>En 2021, Cuba a enregistr\u00e9 177 000 enfants infect\u00e9s par le Covid-19, contre 1 300\u202fen 2020. Parmi eux, 11 700 enfants \u00e2g\u00e9s de moins d\u2019un an. Au total, seuls 18 d\u00e9c\u00e8s sont survenus \u00e0 cause du Covid-19, combin\u00e9 \u00e0 d\u2019autres conditions m\u00e9dicales.<\/p>\n<h2>Le taux de mortalit\u00e9 infantile le plus \u00e9lev\u00e9 \u00e0 Cuba depuis 20&nbsp;ans<\/h2>\n<p>Selon le groupe interinstitutions des Nations unies pour l\u2019estimation de la mortalit\u00e9 infantile (IGME), le taux mondial de mortalit\u00e9 infantile \u00e9tait de 27 d\u00e9c\u00e8s pour 1 000 naissances vivantes en&nbsp;2020.<\/p>\n<p>Avec 4,08 d\u00e9c\u00e8s pour 1 000 naissances vivantes en 2020 (intervalle d\u2019incertitude entre 3,4 et 5,03), Cuba a un taux de mortalit\u00e9 infantile inf\u00e9rieur \u00e0 celui des <a href=\"https:\/\/www.newsendip.com\/fr\/etiquette\/etats-unis\/\">\u00c9tats-Unis<\/a> ou du <a href=\"https:\/\/www.newsendip.com\/fr\/etiquette\/canada-fr\/\">Canada<\/a>. Ces deux pays d\u2019Am\u00e9rique du Nord ont respectivement un taux de mortalit\u00e9 infantile de 5,44 et 4,38.<\/p>\n<p>Et en reprenant les estimations les plus conservatrices de l\u2019IGME, le taux de mortalit\u00e9 infantile \u00e0 Cuba rapport\u00e9 par les autorit\u00e9s serait donc le plus \u00e9lev\u00e9 depuis 20&nbsp;ans.<\/p>\n<p>L\u2019\u00e9t\u00e9 dernier, des manifestations ont \u00e9clat\u00e9 dans les rues de Cuba en raison du manque de nourriture et de m\u00e9dicaments d\u00fb \u00e0 la crise \u00e9conomique qui s\u00e9vit dans le pays. Pour le <a href=\"https:\/\/diariodecuba.com\/cuba\/1641202835_36545.html\">Diario de Cuba<\/a>, la situation \u00e9conomique difficile est un autre facteur influen\u00e7ant les chiffres, ce que le gouvernement n\u2019a pas mentionn\u00e9. Cela soul\u00e8ve \u00e9galement des doutes quant \u00e0 la v\u00e9racit\u00e9 des chiffres, car les m\u00e9decins seraient contraints de falsifier les statistiques pour para\u00eetre plus performants qu\u2019ils ne le sont dans la r\u00e9alit\u00e9.<\/p>\n<h3>Source&nbsp;:<\/h3>\n<li><a href=\"https:\/\/salud.msp.gob.cu\/cuba-registra-una-tasa-de-mortalidad-infantil-de-76-por-mil-nacidos-vivos-en-un-ano-complejo-debido-a-la-pandemia-de-la-covid-19\/\">Cuba registra una tasa de mortalidad infantil de 7,6 por mil nacidos vivos, en un a\u00f1o complejo debido a la pandemia de la COVID-19<\/a>, Minist\u00e8re de la Sant\u00e9 de Cuba, janvier 2022<\/li>\n\n","protected":false},"excerpt":{"rendered":"<p>Cuba a enregistr\u00e9 une augmentation de 55\u202f% du taux de mortalit\u00e9 infantile en un an. Le gouvernement justifie cette hausse par la pand\u00e9mie de Covid-19.<\/p>\n","protected":false},"author":1,"featured_media":9792,"comment_status":"closed","ping_status":"closed","sticky":false,"template":"","format":"standard","meta":{"wp_typography_post_enhancements_disabled":false,"footnotes":""},"categories":[412],"tags":[807,421],"class_list":["post-29578","post","type-post","status-publish","format-standard","has-post-thumbnail","hentry","category-sciences-et-sante","tag-cuba-fr","tag-vieux"],"yoast_head":"<!-- This site is optimized with the Yoast SEO Premium plugin v27.4 (Yoast SEO v27.4) - https:\/\/yoast.com\/product\/yoast-seo-premium-wordpress\/ -->\n<title>Cuba a souffert en 2021 de son taux de mortalit\u00e9 infantile le plus \u00e9lev\u00e9 en 20 ans<\/title>\n<meta name=\"description\" content=\"Cuba a enregistr\u00e9 une augmentation de 55 % du taux de mortalit\u00e9 infantile en un an. Le gouvernement justifie cette hausse par la pand\u00e9mie de Covid-19.\" \/>\n<meta name=\"robots\" content=\"index, follow, max-snippet:-1, max-image-preview:large, max-video-preview:-1\" \/>\n<link rel=\"canonical\" href=\"https:\/\/www.newsendip.com\/fr\/cuba-a-souffert-en-2021-de-son-taux-de-mortalite-infantile-le-plus-eleve-en-20-ans\/\" \/>\n<meta property=\"og:locale\" content=\"fr_FR\" \/>\n<meta property=\"og:type\" content=\"article\" \/>\n<meta property=\"og:title\" content=\"Cuba a souffert en 2021 de son taux de mortalit\u00e9 infantile le plus \u00e9lev\u00e9 en 20 ans\" \/>\n<meta property=\"og:description\" content=\"Cuba a enregistr\u00e9 une augmentation de 55 % du taux de mortalit\u00e9 infantile en un an. Le gouvernement justifie cette hausse par la pand\u00e9mie de Covid-19.\" \/>\n<meta property=\"og:url\" content=\"https:\/\/www.newsendip.com\/fr\/cuba-a-souffert-en-2021-de-son-taux-de-mortalite-infantile-le-plus-eleve-en-20-ans\/\" \/>\n<meta property=\"og:site_name\" content=\"Newsendip\" \/>\n<meta property=\"article:publisher\" content=\"https:\/\/www.facebook.com\/newsendip\" \/>\n<meta property=\"article:published_time\" content=\"2022-01-03T16:24:44+00:00\" \/>\n<meta property=\"article:modified_time\" content=\"2023-08-17T07:45:05+00:00\" \/>\n<meta property=\"og:image\" content=\"https:\/\/www.newsendip.com\/wp-content\/uploads\/2022\/01\/baby-infant-hospital-cuba-mortality-rate-2021-progressive.jpeg\" \/>\n\t<meta property=\"og:image:width\" content=\"640\" \/>\n\t<meta property=\"og:image:height\" content=\"427\" \/>\n\t<meta property=\"og:image:type\" content=\"image\/jpeg\" \/>\n<meta name=\"author\" content=\"Cl\u00e9ment V\u00e9rit\u00e9\" \/>\n<meta name=\"twitter:card\" content=\"summary_large_image\" \/>\n<meta name=\"twitter:image\" content=\"https:\/\/www.newsendip.com\/wp-content\/uploads\/2022\/01\/baby-infant-hospital-cuba-mortality-rate-2021-progressive.jpeg\" \/>\n<meta name=\"twitter:creator\" content=\"@https:\/\/twitter.com\/cverite\" \/>\n<meta name=\"twitter:site\" content=\"@newsendip\" \/>\n<meta name=\"twitter:label1\" content=\"\u00c9crit par\" \/>\n\t<meta name=\"twitter:data1\" content=\"Cl\u00e9ment V\u00e9rit\u00e9\" \/>\n<!-- \/ Yoast SEO Premium plugin. -->","yoast_head_json":{"title":"Cuba a souffert en 2021 de son taux de mortalit\u00e9 infantile le plus \u00e9lev\u00e9 en 20 ans","description":"Cuba a enregistr\u00e9 une augmentation de 55 % du taux de mortalit\u00e9 infantile en un an. Le gouvernement justifie cette hausse par la pand\u00e9mie de Covid-19.","robots":{"index":"index","follow":"follow","max-snippet":"max-snippet:-1","max-image-preview":"max-image-preview:large","max-video-preview":"max-video-preview:-1"},"canonical":"https:\/\/www.newsendip.com\/fr\/cuba-a-souffert-en-2021-de-son-taux-de-mortalite-infantile-le-plus-eleve-en-20-ans\/","og_locale":"fr_FR","og_type":"article","og_title":"Cuba a souffert en 2021 de son taux de mortalit\u00e9 infantile le plus \u00e9lev\u00e9 en 20 ans","og_description":"Cuba a enregistr\u00e9 une augmentation de 55 % du taux de mortalit\u00e9 infantile en un an. Le gouvernement justifie cette hausse par la pand\u00e9mie de Covid-19.","og_url":"https:\/\/www.newsendip.com\/fr\/cuba-a-souffert-en-2021-de-son-taux-de-mortalite-infantile-le-plus-eleve-en-20-ans\/","og_site_name":"Newsendip","article_publisher":"https:\/\/www.facebook.com\/newsendip","article_published_time":"2022-01-03T16:24:44+00:00","article_modified_time":"2023-08-17T07:45:05+00:00","og_image":[{"width":640,"height":427,"url":"https:\/\/www.newsendip.com\/wp-content\/uploads\/2022\/01\/baby-infant-hospital-cuba-mortality-rate-2021-progressive.jpeg","type":"image\/jpeg"}],"author":"Cl\u00e9ment V\u00e9rit\u00e9","twitter_card":"summary_large_image","twitter_image":"https:\/\/www.newsendip.com\/wp-content\/uploads\/2022\/01\/baby-infant-hospital-cuba-mortality-rate-2021-progressive.jpeg","twitter_creator":"@https:\/\/twitter.com\/cverite","twitter_site":"@newsendip","twitter_misc":{"\u00c9crit par":"Cl\u00e9ment V\u00e9rit\u00e9"},"schema":{"@context":"https:\/\/schema.org","@graph":[{"@type":"NewsArticle","@id":"https:\/\/www.newsendip.com\/fr\/cuba-a-souffert-en-2021-de-son-taux-de-mortalite-infantile-le-plus-eleve-en-20-ans\/#article","isPartOf":{"@id":"https:\/\/www.newsendip.com\/fr\/cuba-a-souffert-en-2021-de-son-taux-de-mortalite-infantile-le-plus-eleve-en-20-ans\/"},"author":{"name":"Cl\u00e9ment V\u00e9rit\u00e9","@id":"https:\/\/www.newsendip.com\/fr\/#\/schema\/person\/ea22c01755f464a3cbc2c619584d6363"},"headline":"Cuba a souffert en 2021 de son taux de mortalit\u00e9 infantile le plus \u00e9lev\u00e9 en 20&nbsp;ans","datePublished":"2022-01-03T16:24:44+00:00","dateModified":"2023-08-17T07:45:05+00:00","mainEntityOfPage":{"@id":"https:\/\/www.newsendip.com\/fr\/cuba-a-souffert-en-2021-de-son-taux-de-mortalite-infantile-le-plus-eleve-en-20-ans\/"},"wordCount":728,"publisher":{"@id":"https:\/\/www.newsendip.com\/fr\/#organization"},"image":{"@id":"https:\/\/www.newsendip.com\/fr\/cuba-a-souffert-en-2021-de-son-taux-de-mortalite-infantile-le-plus-eleve-en-20-ans\/#primaryimage"},"thumbnailUrl":"https:\/\/www.newsendip.com\/wp-content\/uploads\/2022\/01\/baby-infant-hospital-cuba-mortality-rate-2021.webp","keywords":["Cuba","Vieux"],"articleSection":["Sciences et sant\u00e9"],"inLanguage":"fr-FR","copyrightYear":"2022","copyrightHolder":{"@id":"https:\/\/www.newsendip.com\/#organization"}},{"@type":"WebPage","@id":"https:\/\/www.newsendip.com\/fr\/cuba-a-souffert-en-2021-de-son-taux-de-mortalite-infantile-le-plus-eleve-en-20-ans\/","url":"https:\/\/www.newsendip.com\/fr\/cuba-a-souffert-en-2021-de-son-taux-de-mortalite-infantile-le-plus-eleve-en-20-ans\/","name":"Cuba a souffert en 2021 de son taux de mortalit\u00e9 infantile le plus \u00e9lev\u00e9 en 20 ans","isPartOf":{"@id":"https:\/\/www.newsendip.com\/fr\/#website"},"primaryImageOfPage":{"@id":"https:\/\/www.newsendip.com\/fr\/cuba-a-souffert-en-2021-de-son-taux-de-mortalite-infantile-le-plus-eleve-en-20-ans\/#primaryimage"},"image":{"@id":"https:\/\/www.newsendip.com\/fr\/cuba-a-souffert-en-2021-de-son-taux-de-mortalite-infantile-le-plus-eleve-en-20-ans\/#primaryimage"},"thumbnailUrl":"https:\/\/www.newsendip.com\/wp-content\/uploads\/2022\/01\/baby-infant-hospital-cuba-mortality-rate-2021.webp","datePublished":"2022-01-03T16:24:44+00:00","dateModified":"2023-08-17T07:45:05+00:00","description":"Cuba a enregistr\u00e9 une augmentation de 55 % du taux de mortalit\u00e9 infantile en un an. Le gouvernement justifie cette hausse par la pand\u00e9mie de Covid-19.","breadcrumb":{"@id":"https:\/\/www.newsendip.com\/fr\/cuba-a-souffert-en-2021-de-son-taux-de-mortalite-infantile-le-plus-eleve-en-20-ans\/#breadcrumb"},"inLanguage":"fr-FR","potentialAction":[{"@type":"ReadAction","target":["https:\/\/www.newsendip.com\/fr\/cuba-a-souffert-en-2021-de-son-taux-de-mortalite-infantile-le-plus-eleve-en-20-ans\/"]}]},{"@type":"ImageObject","inLanguage":"fr-FR","@id":"https:\/\/www.newsendip.com\/fr\/cuba-a-souffert-en-2021-de-son-taux-de-mortalite-infantile-le-plus-eleve-en-20-ans\/#primaryimage","url":"https:\/\/www.newsendip.com\/wp-content\/uploads\/2022\/01\/baby-infant-hospital-cuba-mortality-rate-2021.webp","contentUrl":"https:\/\/www.newsendip.com\/wp-content\/uploads\/2022\/01\/baby-infant-hospital-cuba-mortality-rate-2021.webp","width":640,"height":427,"caption":"With 7.6 deaths per 1,000 live births in 2021, Cuba's infant mortality rate is the highest in 20 years | \u00a9 Solen Feyissa"},{"@type":"BreadcrumbList","@id":"https:\/\/www.newsendip.com\/fr\/cuba-a-souffert-en-2021-de-son-taux-de-mortalite-infantile-le-plus-eleve-en-20-ans\/#breadcrumb","itemListElement":[{"@type":"ListItem","position":1,"name":"Accueil","item":"https:\/\/www.newsendip.com\/fr\/"},{"@type":"ListItem","position":2,"name":"Cuba a souffert en 2021 de son taux de mortalit\u00e9 infantile le plus \u00e9lev\u00e9 en 20 ans"}]},{"@type":"WebSite","@id":"https:\/\/www.newsendip.com\/fr\/#website","url":"https:\/\/www.newsendip.com\/fr\/","name":"Newsendip","description":"Red\u00e9couvrez l&#039;actualit\u00e9 internationale","publisher":{"@id":"https:\/\/www.newsendip.com\/fr\/#organization"},"potentialAction":[{"@type":"SearchAction","target":{"@type":"EntryPoint","urlTemplate":"https:\/\/www.newsendip.com\/fr\/?s={search_term_string}"},"query-input":{"@type":"PropertyValueSpecification","valueRequired":true,"valueName":"search_term_string"}}],"inLanguage":"fr-FR"},{"@type":"Organization","@id":"https:\/\/www.newsendip.com\/fr\/#organization","name":"Newsendip","url":"https:\/\/www.newsendip.com\/fr\/","logo":{"@type":"ImageObject","inLanguage":"fr-FR","@id":"https:\/\/www.newsendip.com\/fr\/#\/schema\/logo\/image\/","url":"https:\/\/www.newsendip.com\/wp-content\/uploads\/2023\/12\/512x512.svg","contentUrl":"https:\/\/www.newsendip.com\/wp-content\/uploads\/2023\/12\/512x512.svg","width":1,"height":1,"caption":"Newsendip"},"image":{"@id":"https:\/\/www.newsendip.com\/fr\/#\/schema\/logo\/image\/"},"sameAs":["https:\/\/www.facebook.com\/newsendip","https:\/\/x.com\/newsendip","https:\/\/mastodon.social\/@newsendip","https:\/\/www.linkedin.com\/company\/newsendip"],"description":"Newsendip est un site qui a pour mission de rendre l'actualit\u00e9 internationale accessible et diversifi\u00e9e","email":"contact@newsendip.com","legalName":"Newsendip SAS","foundingDate":"2022-11-04","vatID":"FR60921124723","numberOfEmployees":{"@type":"QuantitativeValue","minValue":"1","maxValue":"10"},"publishingPrinciples":"https:\/\/www.newsendip.com\/about-us\/","ownershipFundingInfo":"https:\/\/www.newsendip.com\/legal-notice\/","actionableFeedbackPolicy":"https:\/\/www.newsendip.com\/about-us\/","correctionsPolicy":"https:\/\/www.newsendip.com\/about-us\/","ethicsPolicy":"https:\/\/www.newsendip.com\/about-us\/","diversityPolicy":"https:\/\/www.newsendip.com\/about-us\/"},{"@type":"Person","@id":"https:\/\/www.newsendip.com\/fr\/#\/schema\/person\/ea22c01755f464a3cbc2c619584d6363","name":"Cl\u00e9ment V\u00e9rit\u00e9","description":"Cl\u00e9ment is the executive editor and founder of Newsendip. He started in the media industry as a freelance reporter at 16 for a local French newspaper after school and has never left it. He later worked for seven years at The New York Times, notably as a data analyst. He holds a Master of Management in France and a Master of Arts in the United Kingdom in International Marketing &amp; Communications Strategy. He has lived in France, the United Kingdom, and Italy.","sameAs":["https:\/\/www.newsendip.com\/","https:\/\/www.linkedin.com\/in\/clementverite\/","https:\/\/x.com\/https:\/\/twitter.com\/cverite"],"knowsAbout":["News","International","Business","Media monitoring"],"knowsLanguage":["English","French","Italian","Spanish"],"url":"https:\/\/www.newsendip.com\/fr\/author\/clement-verite\/"}]}},"_links":{"self":[{"href":"https:\/\/www.newsendip.com\/fr\/wp-json\/wp\/v2\/posts\/29578","targetHints":{"allow":["GET"]}}],"collection":[{"href":"https:\/\/www.newsendip.com\/fr\/wp-json\/wp\/v2\/posts"}],"about":[{"href":"https:\/\/www.newsendip.com\/fr\/wp-json\/wp\/v2\/types\/post"}],"author":[{"embeddable":true,"href":"https:\/\/www.newsendip.com\/fr\/wp-json\/wp\/v2\/users\/1"}],"replies":[{"embeddable":true,"href":"https:\/\/www.newsendip.com\/fr\/wp-json\/wp\/v2\/comments?post=29578"}],"version-history":[{"count":0,"href":"https:\/\/www.newsendip.com\/fr\/wp-json\/wp\/v2\/posts\/29578\/revisions"}],"wp:featuredmedia":[{"embeddable":true,"href":"https:\/\/www.newsendip.com\/fr\/wp-json\/wp\/v2\/media\/9792"}],"wp:attachment":[{"href":"https:\/\/www.newsendip.com\/fr\/wp-json\/wp\/v2\/media?parent=29578"}],"wp:term":[{"taxonomy":"category","embeddable":true,"href":"https:\/\/www.newsendip.com\/fr\/wp-json\/wp\/v2\/categories?post=29578"},{"taxonomy":"post_tag","embeddable":true,"href":"https:\/\/www.newsendip.com\/fr\/wp-json\/wp\/v2\/tags?post=29578"}],"curies":[{"name":"wp","href":"https:\/\/api.w.org\/{rel}","templated":true}]}}