{"id":29614,"date":"2021-07-27T17:00:00","date_gmt":"2021-07-27T15:00:00","guid":{"rendered":"https:\/\/www.newsendip.com\/?p=29614"},"modified":"2024-07-23T17:44:03","modified_gmt":"2024-07-23T15:44:03","slug":"nikola-tesla-sur-les-euros-croates-cela-deplait-a-la-serbie","status":"publish","type":"post","link":"https:\/\/www.newsendip.com\/fr\/nikola-tesla-sur-les-euros-croates-cela-deplait-a-la-serbie\/","title":{"rendered":"Nikola Tesla sur les euros croates\u202f? Cela d\u00e9pla\u00eet \u00e0 la Serbie"},"content":{"rendered":"<p><strong>La Croatie, dernier membre en date de l\u2019Union europ\u00e9enne, rejoindra officiellement la zone euro en 2023. L\u2019un des personnages qui devrait figurer sur les nouvelles pi\u00e8ces en euros est Nikola Tesla, dont la Serbie revendique l\u2019h\u00e9ritage.<\/strong><\/p>\n<figure id=\"attachment_13637\" aria-describedby=\"caption-attachment-13637\" style=\"width: 224px\" class=\"wp-caption aligncenter\"><img decoding=\"async\" class=\"wp-image-13637 size-medium\" src=\"https:\/\/www.newsendip.com\/wp-content\/uploads\/2021\/07\/Nikola_Tesla_Croatia_Servia_Euro_Coins-progressive-224x300.jpeg\" alt=\"Nikola Tesla\" width=\"224\" height=\"300\" srcset=\"https:\/\/www.newsendip.com\/wp-content\/uploads\/2021\/07\/Nikola_Tesla_Croatia_Servia_Euro_Coins-progressive-224x300.jpeg 224w, https:\/\/www.newsendip.com\/wp-content\/uploads\/2021\/07\/Nikola_Tesla_Croatia_Servia_Euro_Coins-progressive-60x80.jpeg 60w, https:\/\/www.newsendip.com\/wp-content\/uploads\/2021\/07\/Nikola_Tesla_Croatia_Servia_Euro_Coins-progressive-768x1029.jpeg 768w, https:\/\/www.newsendip.com\/wp-content\/uploads\/2021\/07\/Nikola_Tesla_Croatia_Servia_Euro_Coins-progressive-764x1024.jpeg 764w, https:\/\/www.newsendip.com\/wp-content\/uploads\/2021\/07\/Nikola_Tesla_Croatia_Servia_Euro_Coins-progressive.jpeg 800w\" sizes=\"(max-width: 224px) 100vw, 224px\"><figcaption id=\"caption-attachment-13637\" class=\"wp-caption-text\">Nikola Tesla figurera probablement sur les pi\u00e8ces en euros en&nbsp;2023<\/figcaption><\/figure>\n<p>Le 21 juillet, le <a href=\"https:\/\/www.hnb.hr\/en\/-\/sahovnica-geografska-karta-hrvatske-kuna-glagoljica-i-nikola-tesla-predlozeni-motivi-za-hrvatsku-stranu-eurokovanica\">comit\u00e9 de la monnaie de la banque nationale de Croatie<\/a> a publi\u00e9 les propositions de dessins pour les futures pi\u00e8ces en euros. Un sondage avait \u00e9t\u00e9 cr\u00e9\u00e9 pour r\u00e9pondre aux questions sur les images qui devraient figurer sur les futures pi\u00e8ces et billets de l\u2019<a href=\"https:\/\/www.newsendip.com\/fr\/la-croatie-prete-a-adopter-euro-la-roumanie-ne-remplit-aucun-critere-de-la-commission-europeenne\/\">euro croate<\/a>. Nikola Tesla, un Serbe d\u2019origine, est susceptible de figurer sur plusieurs pi\u00e8ces.<\/p>\n<p>L\u2019avers, le c\u00f4t\u00e9 face, des pi\u00e8ces en euros est commun \u00e0 tous les membres de la zone euro, tandis que le revers, ou c\u00f4t\u00e9 pile, est sp\u00e9cifique \u00e0 chaque pays.<\/p>\n<p>Selon la CNB, le damier, le blason de la Croatie pr\u00e9sent sur le drapeau national, sera utilis\u00e9 en fond pour <a href=\"https:\/\/www.newsendip.com\/fr\/perdues-par-dizaines-de-tonnes-chaque-annee-la-banque-de-lettonie-veut-reduire-la-circulation-des-pieces-dun-et-de-deux-centimes-deuro\/\">toutes les pi\u00e8ces<\/a>. La pi\u00e8ce de 2 euros pr\u00e9sentera une carte de la Croatie et la pi\u00e8ce de 1 euro sera orn\u00e9e de la martre. La martre est appel\u00e9e kuna en croate, ce qui a donn\u00e9 son nom \u00e0 la monnaie que le pays abandonnera apr\u00e8s&nbsp;2023.<\/p>\n<p>En revanche, les pi\u00e8ces de 50, 20 et 10 centimes porteront une effigie de Nikola Tesla, symbole de la Croatie, alors que la Serbie affirme qu\u2019il \u00e9tait&nbsp;serbe.<\/p>\n<p>Reconnu de tous comme un grand inventeur et ing\u00e9nieur, notamment pour l\u2019utilisation du courant alternatif dans un syst\u00e8me d\u2019alimentation \u00e9lectrique, la Croatie et la <a href=\"https:\/\/www.newsendip.com\/fr\/le-passeport-francais-simmisce-en-serbie-dans-un-debat-politique-sur-le-patriotisme\/\">Serbie<\/a> se disputent ses origines.<\/p>\n<figure id=\"attachment_13638\" aria-describedby=\"caption-attachment-13638\" style=\"width: 1920px\" class=\"wp-caption aligncenter\"><img decoding=\"async\" class=\"size-full wp-image-13638\" src=\"https:\/\/www.newsendip.com\/wp-content\/uploads\/2021\/07\/motifs-euro-croatia-progressive.jpeg\" alt=\"motifs propos\u00e9s pour les pi\u00e8ces en euros croates\" width=\"1920\" height=\"1080\" srcset=\"https:\/\/www.newsendip.com\/wp-content\/uploads\/2021\/07\/motifs-euro-croatia-progressive.jpeg 1920w, https:\/\/www.newsendip.com\/wp-content\/uploads\/2021\/07\/motifs-euro-croatia-progressive-300x169.jpeg 300w, https:\/\/www.newsendip.com\/wp-content\/uploads\/2021\/07\/motifs-euro-croatia-progressive-1024x576.jpeg 1024w, https:\/\/www.newsendip.com\/wp-content\/uploads\/2021\/07\/motifs-euro-croatia-progressive-768x432.jpeg 768w, https:\/\/www.newsendip.com\/wp-content\/uploads\/2021\/07\/motifs-euro-croatia-progressive-1536x864.jpeg 1536w, https:\/\/www.newsendip.com\/wp-content\/uploads\/2021\/07\/motifs-euro-croatia-progressive-390x220.jpeg 390w\" sizes=\"(max-width: 1920px) 100vw, 1920px\"><figcaption id=\"caption-attachment-13638\" class=\"wp-caption-text\">Le damier croate, la carte de la Croatie, la martre, de l\u2019\u00e9criture glagolitique et Nikola Tesla sont les motifs propos\u00e9s pour les pi\u00e8ces en euros croates | Banque nationale de Croatie<\/figcaption><\/figure>\n<h2>N\u00e9 de Serbes sous l\u2019Empire autrichien dans la Croatie d\u2019aujourd\u2019hui<\/h2>\n<p>Nikola Tesla est n\u00e9 de parents serbes et a grandi sur le territoire actuel de la Croatie.<\/p>\n<p>Tesla \u00e9tait d\u2019origine serbe par son p\u00e8re et sa m\u00e8re, n\u00e9s \u00e0 Smiljan en 1856 et ayant grandi \u00e0 Gospi\u0107. \u00c0 son \u00e9poque, les villages faisaient partie de l\u2019Empire autrichien mais sont aujourd\u2019hui situ\u00e9s en Croatie.<\/p>\n<p>Il a \u00e9galement acquis la nationalit\u00e9 am\u00e9ricaine en 1891, \u00e0 l\u2019\u00e2ge de 35 ans. Il vivait aux \u00c9tats-Unis depuis 1884, y a pass\u00e9 la majeure partie de sa vie et y est mort en&nbsp;1943.<\/p>\n<p>La pol\u00e9mique sur les origines de Tesla n\u2019est qu\u2019un symbole de l\u2019histoire tumultueuse entre Serbes et Croates.<\/p>\n<p>En effet, entre 1941 et 1945, l\u2019\u00c9tat ind\u00e9pendant de Croatie, \u00c9tat fantoche des nazis et des fascistes, a pers\u00e9cut\u00e9 et ex\u00e9cut\u00e9 entre 200 000 et 500 000 Serbes. Plus tard, la guerre d\u2019ind\u00e9pendance croate entre 1991 et 1995 a oppos\u00e9 les Croates \u00e0 l\u2019Arm\u00e9e populaire yougoslave, majoritairement domin\u00e9e par les Serbes. Elle a donn\u00e9 lieu \u00e0 des plaintes pour g\u00e9nocide de la part des deux parties, qui ont finalement \u00e9t\u00e9 rejet\u00e9es par la Cour internationale de justice en&nbsp;2015.<\/p>\n<p>Pendant cette p\u00e9riode de d\u00e9testation ethnique, les nationalistes croates ont d\u00e9truit la statue de Nikola Tesla \u00e0 Gospi\u0107 en 1992. Une r\u00e9plique a \u00e9t\u00e9 r\u00e9install\u00e9e en mai&nbsp;2021.<\/p>\n<p>A ce jour, des statues de Tesla sont \u00e9galement expos\u00e9es dans les rues de Belgrade et de Zagreb, les capitales de la Serbie et de la Croatie.<\/p>\n<p>Entre 1970 et 1993, Nikola Tesla a \u00e9t\u00e9 repr\u00e9sent\u00e9 sur six <a href=\"https:\/\/www.newsendip.com\/fr\/une-banque-roumaine-escroquee-par-des-centaines-de-faux-billets\/\">billets de banque<\/a> diff\u00e9rents du dinar yougoslave. Aujourd\u2019hui, la Serbie fait toujours figurer Nikola Tesla sur ses billets de 100 dinars serbes.<\/p>\n<figure id=\"attachment_13639\" aria-describedby=\"caption-attachment-13639\" style=\"width: 1704px\" class=\"wp-caption aligncenter\"><img decoding=\"async\" class=\"size-full wp-image-13639\" src=\"https:\/\/www.newsendip.com\/wp-content\/uploads\/2021\/07\/100_Dinars_Serbia_Nikola_Tesla-progressive.jpeg\" alt=\"Le billet de 100 dinars de la Serbie avec Nikola Tesla\" width=\"1704\" height=\"812\" srcset=\"https:\/\/www.newsendip.com\/wp-content\/uploads\/2021\/07\/100_Dinars_Serbia_Nikola_Tesla-progressive.jpeg 1704w, https:\/\/www.newsendip.com\/wp-content\/uploads\/2021\/07\/100_Dinars_Serbia_Nikola_Tesla-progressive-300x143.jpeg 300w, https:\/\/www.newsendip.com\/wp-content\/uploads\/2021\/07\/100_Dinars_Serbia_Nikola_Tesla-progressive-1024x488.jpeg 1024w, https:\/\/www.newsendip.com\/wp-content\/uploads\/2021\/07\/100_Dinars_Serbia_Nikola_Tesla-progressive-768x366.jpeg 768w, https:\/\/www.newsendip.com\/wp-content\/uploads\/2021\/07\/100_Dinars_Serbia_Nikola_Tesla-progressive-1536x732.jpeg 1536w\" sizes=\"(max-width: 1704px) 100vw, 1704px\"><figcaption id=\"caption-attachment-13639\" class=\"wp-caption-text\">Le billet de 100 dinars de la Serbie avec Nikola Tesla<\/figcaption><\/figure>\n<h2>Tesla comme repr\u00e9sentant de la Croatie<\/h2>\n<p><!--more--><\/p>\n<p>Le pr\u00e9sident de la Serbie, Aleksandar Vu\u010di\u0107, a <a href=\"https:\/\/www.novosti.rs\/vesti\/politika\/1020256\/vucic-obratio-naciji-predsednik-poslao-jasnu-poruku-odseci-cemo-glavu-mafiji\">comment\u00e9 la d\u00e9cision de la Croatie<\/a> de faire figurer Nikola Tesla sur les pi\u00e8ces en euros. \u00ab\u202f<em>Tesla a dit qu\u2019il \u00e9tait am\u00e9ricain et serbe. La Croatie peut le mettre sur ce qu\u2019elle veut, mais Nikola Tesla est un Serbe, d\u2019un p\u00e8re serbe et d\u2019une m\u00e8re serbe. Sa famille a pr\u00e9cis\u00e9ment souffert parce qu\u2019elle \u00e9tait d\u2019origine serbe<\/em>\u202f\u00bb, en r\u00e9f\u00e9rence aux actes de l\u2019\u00c9tat ind\u00e9pendant de Croatie qui a tu\u00e9 la famille de Nikola Tesla pendant la Seconde Guerre mondiale.<\/p>\n<p>Selon la Banque nationale de Croatie, \u00ab\u202f<em>les motifs ont \u00e9t\u00e9 choisis dans le but de repr\u00e9senter la Croatie dans l\u2019environnement international en mettant en avant des symboles g\u00e9n\u00e9raux, des personnages historiques de premier plan, des monuments culturels, des points de rep\u00e8re nationaux, des inventions ou des \u00e9v\u00e9nements historiques. La s\u00e9lection a \u00e9galement \u00e9t\u00e9 guid\u00e9e par la reconnaissance internationale d\u2019un motif sp\u00e9cifiquement croate.<\/em>\u202f\u00bb<\/p>\n<p>Et les Croates ont cit\u00e9 Nikola Tesla comme l\u2019un des meilleurs repr\u00e9sentants de la Croatie.<\/p>\n<h2>Tesla ne figurait pas parmi les motifs propos\u00e9s au d\u00e9part<\/h2>\n<p>Les citoyens ont \u00e9t\u00e9 invit\u00e9s \u00e0 donner leur avis sur les motifs de leur future monnaie&nbsp;: 1 000 d\u2019entre eux ont \u00e9t\u00e9 contact\u00e9s dans le cadre d\u2019un sondage national et 50 000 ont particip\u00e9 \u00e0 une enqu\u00eate en&nbsp;ligne.<\/p>\n<p>Nikola Tesla ne figurait initialement pas parmi les motifs propos\u00e9s par la CNB, mais les Croates ont r\u00e9clam\u00e9 le scientifique dans la question libre de l\u2019enqu\u00eate en ligne et lors du sondage.<\/p>\n<p>Les citoyens ont fait plus de 11 000 propositions sur ce qui repr\u00e9senterait le mieux la Croatie. Sur internet, Nikola Tesla \u00e9tait pr\u00e9sent dans plus de 20\u202f% des suggestions, loin devant les autres. Bien que les sondages en ligne ne soient pas n\u00e9cessairement repr\u00e9sentatifs de la population, Nikola Tesla figurait \u00e9galement parmi les premi\u00e8res propositions du sondage national, o\u00f9 seuls 300 citoyens sur 1 000 ont sugg\u00e9r\u00e9 une id\u00e9e. Toutefois, la commission n\u2019a pas fourni de d\u00e9tail des r\u00e9ponses.<\/p>\n<p>\u00c0 la mi-octobre, la CNB soumettra les motifs con\u00e7us devant la Commission europ\u00e9enne et au Conseil de l\u2019Union europ\u00e9enne pour approbation, ce qui est obligatoire pour tous les \u00c9tats membres de la zone euro. Mais la Serbie n\u2019en fait pas partie.<\/p>\n<p><strong><a href=\"https:\/\/www.newsendip.com\/fr\/etiquette\/croatie\/\">D\u00e9couvrew plus d\u2019actualit\u00e9s sur la Croatie<\/a><\/strong><\/p>\n","protected":false},"excerpt":{"rendered":"<p>La Croatie, dernier membre en date de l\u2019Union europ\u00e9enne, rejoindra officiellement la zone euro en 2023. L\u2019un des personnages qui devrait figurer sur les nouvelles pi\u00e8ces en euros est Nikola Tesla, dont la Serbie revendique l\u2019h\u00e9ritage.<\/p>\n","protected":false},"author":1,"featured_media":13637,"comment_status":"closed","ping_status":"closed","sticky":false,"template":"","format":"standard","meta":{"wp_typography_post_enhancements_disabled":false,"footnotes":""},"categories":[416],"tags":[914,915,421],"class_list":["post-29614","post","type-post","status-publish","format-standard","has-post-thumbnail","hentry","category-politique","tag-croatie","tag-serbie","tag-vieux"],"yoast_head":"<!-- This site is optimized with the Yoast SEO Premium plugin v27.4 (Yoast SEO v27.4) - https:\/\/yoast.com\/product\/yoast-seo-premium-wordpress\/ -->\n<title>Nikola Tesla sur les euros croates ? Cela d\u00e9pla\u00eet \u00e0 la Serbie<\/title>\n<meta name=\"description\" content=\"La Croatie, dernier membre en date de l&#039;Union europ\u00e9enne, rejoindra officiellement la zone euro en 2023. L&#039;un des personnages qui devrait figurer sur les nouvelles pi\u00e8ces en euros est Nikola Tesla, dont la Serbie revendique l&#039;h\u00e9ritage.\" \/>\n<meta name=\"robots\" content=\"index, follow, max-snippet:-1, max-image-preview:large, max-video-preview:-1\" \/>\n<link rel=\"canonical\" href=\"https:\/\/www.newsendip.com\/fr\/nikola-tesla-sur-les-euros-croates-cela-deplait-a-la-serbie\/\" \/>\n<meta property=\"og:locale\" content=\"fr_FR\" \/>\n<meta property=\"og:type\" content=\"article\" \/>\n<meta property=\"og:title\" content=\"Nikola Tesla sur les euros croates ? Cela d\u00e9pla\u00eet \u00e0 la Serbie\" \/>\n<meta property=\"og:description\" content=\"La Croatie, dernier membre en date de l&#039;Union europ\u00e9enne, rejoindra officiellement la zone euro en 2023. L&#039;un des personnages qui devrait figurer sur les nouvelles pi\u00e8ces en euros est Nikola Tesla, dont la Serbie revendique l&#039;h\u00e9ritage.\" \/>\n<meta property=\"og:url\" content=\"https:\/\/www.newsendip.com\/fr\/nikola-tesla-sur-les-euros-croates-cela-deplait-a-la-serbie\/\" \/>\n<meta property=\"og:site_name\" content=\"Newsendip\" \/>\n<meta property=\"article:publisher\" content=\"https:\/\/www.facebook.com\/newsendip\" \/>\n<meta property=\"article:published_time\" content=\"2021-07-27T15:00:00+00:00\" \/>\n<meta property=\"article:modified_time\" content=\"2024-07-23T15:44:03+00:00\" \/>\n<meta property=\"og:image\" content=\"https:\/\/www.newsendip.com\/wp-content\/uploads\/2021\/07\/Nikola_Tesla_Croatia_Servia_Euro_Coins-progressive.jpeg\" \/>\n\t<meta property=\"og:image:width\" content=\"800\" \/>\n\t<meta property=\"og:image:height\" content=\"1072\" \/>\n\t<meta property=\"og:image:type\" content=\"image\/jpeg\" \/>\n<meta name=\"author\" content=\"Cl\u00e9ment V\u00e9rit\u00e9\" \/>\n<meta name=\"twitter:card\" content=\"summary_large_image\" \/>\n<meta name=\"twitter:creator\" content=\"@https:\/\/twitter.com\/cverite\" \/>\n<meta name=\"twitter:site\" content=\"@newsendip\" \/>\n<meta name=\"twitter:label1\" content=\"\u00c9crit par\" \/>\n\t<meta name=\"twitter:data1\" content=\"Cl\u00e9ment V\u00e9rit\u00e9\" \/>\n\t<meta name=\"twitter:label2\" content=\"Dur\u00e9e de lecture estim\u00e9e\" \/>\n\t<meta name=\"twitter:data2\" content=\"6 minutes\" \/>\n<!-- \/ Yoast SEO Premium plugin. -->","yoast_head_json":{"title":"Nikola Tesla sur les euros croates ? Cela d\u00e9pla\u00eet \u00e0 la Serbie","description":"La Croatie, dernier membre en date de l'Union europ\u00e9enne, rejoindra officiellement la zone euro en 2023. L'un des personnages qui devrait figurer sur les nouvelles pi\u00e8ces en euros est Nikola Tesla, dont la Serbie revendique l'h\u00e9ritage.","robots":{"index":"index","follow":"follow","max-snippet":"max-snippet:-1","max-image-preview":"max-image-preview:large","max-video-preview":"max-video-preview:-1"},"canonical":"https:\/\/www.newsendip.com\/fr\/nikola-tesla-sur-les-euros-croates-cela-deplait-a-la-serbie\/","og_locale":"fr_FR","og_type":"article","og_title":"Nikola Tesla sur les euros croates ? Cela d\u00e9pla\u00eet \u00e0 la Serbie","og_description":"La Croatie, dernier membre en date de l'Union europ\u00e9enne, rejoindra officiellement la zone euro en 2023. L'un des personnages qui devrait figurer sur les nouvelles pi\u00e8ces en euros est Nikola Tesla, dont la Serbie revendique l'h\u00e9ritage.","og_url":"https:\/\/www.newsendip.com\/fr\/nikola-tesla-sur-les-euros-croates-cela-deplait-a-la-serbie\/","og_site_name":"Newsendip","article_publisher":"https:\/\/www.facebook.com\/newsendip","article_published_time":"2021-07-27T15:00:00+00:00","article_modified_time":"2024-07-23T15:44:03+00:00","og_image":[{"width":800,"height":1072,"url":"https:\/\/www.newsendip.com\/wp-content\/uploads\/2021\/07\/Nikola_Tesla_Croatia_Servia_Euro_Coins-progressive.jpeg","type":"image\/jpeg"}],"author":"Cl\u00e9ment V\u00e9rit\u00e9","twitter_card":"summary_large_image","twitter_creator":"@https:\/\/twitter.com\/cverite","twitter_site":"@newsendip","twitter_misc":{"\u00c9crit par":"Cl\u00e9ment V\u00e9rit\u00e9","Dur\u00e9e de lecture estim\u00e9e":"6 minutes"},"schema":{"@context":"https:\/\/schema.org","@graph":[{"@type":"NewsArticle","@id":"https:\/\/www.newsendip.com\/fr\/nikola-tesla-sur-les-euros-croates-cela-deplait-a-la-serbie\/#article","isPartOf":{"@id":"https:\/\/www.newsendip.com\/fr\/nikola-tesla-sur-les-euros-croates-cela-deplait-a-la-serbie\/"},"author":{"name":"Cl\u00e9ment V\u00e9rit\u00e9","@id":"https:\/\/www.newsendip.com\/fr\/#\/schema\/person\/ea22c01755f464a3cbc2c619584d6363"},"headline":"Nikola Tesla sur les euros croates\u202f? Cela d\u00e9pla\u00eet \u00e0 la Serbie","datePublished":"2021-07-27T15:00:00+00:00","dateModified":"2024-07-23T15:44:03+00:00","mainEntityOfPage":{"@id":"https:\/\/www.newsendip.com\/fr\/nikola-tesla-sur-les-euros-croates-cela-deplait-a-la-serbie\/"},"wordCount":1076,"publisher":{"@id":"https:\/\/www.newsendip.com\/fr\/#organization"},"image":{"@id":"https:\/\/www.newsendip.com\/fr\/nikola-tesla-sur-les-euros-croates-cela-deplait-a-la-serbie\/#primaryimage"},"thumbnailUrl":"https:\/\/www.newsendip.com\/wp-content\/uploads\/2021\/07\/Nikola_Tesla_Croatia_Servia_Euro_Coins-progressive.jpeg","keywords":["Croatie","Serbie","Vieux"],"articleSection":["Politique"],"inLanguage":"fr-FR","copyrightYear":"2021","copyrightHolder":{"@id":"https:\/\/www.newsendip.com\/#organization"}},{"@type":"WebPage","@id":"https:\/\/www.newsendip.com\/fr\/nikola-tesla-sur-les-euros-croates-cela-deplait-a-la-serbie\/","url":"https:\/\/www.newsendip.com\/fr\/nikola-tesla-sur-les-euros-croates-cela-deplait-a-la-serbie\/","name":"Nikola Tesla sur les euros croates ? Cela d\u00e9pla\u00eet \u00e0 la Serbie","isPartOf":{"@id":"https:\/\/www.newsendip.com\/fr\/#website"},"primaryImageOfPage":{"@id":"https:\/\/www.newsendip.com\/fr\/nikola-tesla-sur-les-euros-croates-cela-deplait-a-la-serbie\/#primaryimage"},"image":{"@id":"https:\/\/www.newsendip.com\/fr\/nikola-tesla-sur-les-euros-croates-cela-deplait-a-la-serbie\/#primaryimage"},"thumbnailUrl":"https:\/\/www.newsendip.com\/wp-content\/uploads\/2021\/07\/Nikola_Tesla_Croatia_Servia_Euro_Coins-progressive.jpeg","datePublished":"2021-07-27T15:00:00+00:00","dateModified":"2024-07-23T15:44:03+00:00","description":"La Croatie, dernier membre en date de l'Union europ\u00e9enne, rejoindra officiellement la zone euro en 2023. L'un des personnages qui devrait figurer sur les nouvelles pi\u00e8ces en euros est Nikola Tesla, dont la Serbie revendique l'h\u00e9ritage.","breadcrumb":{"@id":"https:\/\/www.newsendip.com\/fr\/nikola-tesla-sur-les-euros-croates-cela-deplait-a-la-serbie\/#breadcrumb"},"inLanguage":"fr-FR","potentialAction":[{"@type":"ReadAction","target":["https:\/\/www.newsendip.com\/fr\/nikola-tesla-sur-les-euros-croates-cela-deplait-a-la-serbie\/"]}]},{"@type":"ImageObject","inLanguage":"fr-FR","@id":"https:\/\/www.newsendip.com\/fr\/nikola-tesla-sur-les-euros-croates-cela-deplait-a-la-serbie\/#primaryimage","url":"https:\/\/www.newsendip.com\/wp-content\/uploads\/2021\/07\/Nikola_Tesla_Croatia_Servia_Euro_Coins-progressive.jpeg","contentUrl":"https:\/\/www.newsendip.com\/wp-content\/uploads\/2021\/07\/Nikola_Tesla_Croatia_Servia_Euro_Coins-progressive.jpeg","width":800,"height":1072,"caption":"Nikola Tesla figurera probablement sur les pi\u00e8ces en euros en 2023"},{"@type":"BreadcrumbList","@id":"https:\/\/www.newsendip.com\/fr\/nikola-tesla-sur-les-euros-croates-cela-deplait-a-la-serbie\/#breadcrumb","itemListElement":[{"@type":"ListItem","position":1,"name":"Accueil","item":"https:\/\/www.newsendip.com\/fr\/"},{"@type":"ListItem","position":2,"name":"Nikola Tesla sur les euros croates ? Cela d\u00e9pla\u00eet \u00e0 la Serbie"}]},{"@type":"WebSite","@id":"https:\/\/www.newsendip.com\/fr\/#website","url":"https:\/\/www.newsendip.com\/fr\/","name":"Newsendip","description":"Red\u00e9couvrez l&#039;actualit\u00e9 internationale","publisher":{"@id":"https:\/\/www.newsendip.com\/fr\/#organization"},"potentialAction":[{"@type":"SearchAction","target":{"@type":"EntryPoint","urlTemplate":"https:\/\/www.newsendip.com\/fr\/?s={search_term_string}"},"query-input":{"@type":"PropertyValueSpecification","valueRequired":true,"valueName":"search_term_string"}}],"inLanguage":"fr-FR"},{"@type":"Organization","@id":"https:\/\/www.newsendip.com\/fr\/#organization","name":"Newsendip","url":"https:\/\/www.newsendip.com\/fr\/","logo":{"@type":"ImageObject","inLanguage":"fr-FR","@id":"https:\/\/www.newsendip.com\/fr\/#\/schema\/logo\/image\/","url":"https:\/\/www.newsendip.com\/wp-content\/uploads\/2023\/12\/512x512.svg","contentUrl":"https:\/\/www.newsendip.com\/wp-content\/uploads\/2023\/12\/512x512.svg","width":1,"height":1,"caption":"Newsendip"},"image":{"@id":"https:\/\/www.newsendip.com\/fr\/#\/schema\/logo\/image\/"},"sameAs":["https:\/\/www.facebook.com\/newsendip","https:\/\/x.com\/newsendip","https:\/\/mastodon.social\/@newsendip","https:\/\/www.linkedin.com\/company\/newsendip"],"description":"Newsendip est un site qui a pour mission de rendre l'actualit\u00e9 internationale accessible et diversifi\u00e9e","email":"contact@newsendip.com","legalName":"Newsendip SAS","foundingDate":"2022-11-04","vatID":"FR60921124723","numberOfEmployees":{"@type":"QuantitativeValue","minValue":"1","maxValue":"10"},"publishingPrinciples":"https:\/\/www.newsendip.com\/about-us\/","ownershipFundingInfo":"https:\/\/www.newsendip.com\/legal-notice\/","actionableFeedbackPolicy":"https:\/\/www.newsendip.com\/about-us\/","correctionsPolicy":"https:\/\/www.newsendip.com\/about-us\/","ethicsPolicy":"https:\/\/www.newsendip.com\/about-us\/","diversityPolicy":"https:\/\/www.newsendip.com\/about-us\/"},{"@type":"Person","@id":"https:\/\/www.newsendip.com\/fr\/#\/schema\/person\/ea22c01755f464a3cbc2c619584d6363","name":"Cl\u00e9ment V\u00e9rit\u00e9","description":"Cl\u00e9ment is the executive editor and founder of Newsendip. He started in the media industry as a freelance reporter at 16 for a local French newspaper after school and has never left it. He later worked for seven years at The New York Times, notably as a data analyst. He holds a Master of Management in France and a Master of Arts in the United Kingdom in International Marketing &amp; Communications Strategy. He has lived in France, the United Kingdom, and Italy.","sameAs":["https:\/\/www.newsendip.com\/","https:\/\/www.linkedin.com\/in\/clementverite\/","https:\/\/x.com\/https:\/\/twitter.com\/cverite"],"knowsAbout":["News","International","Business","Media monitoring"],"knowsLanguage":["English","French","Italian","Spanish"],"url":"https:\/\/www.newsendip.com\/fr\/author\/clement-verite\/"}]}},"_links":{"self":[{"href":"https:\/\/www.newsendip.com\/fr\/wp-json\/wp\/v2\/posts\/29614","targetHints":{"allow":["GET"]}}],"collection":[{"href":"https:\/\/www.newsendip.com\/fr\/wp-json\/wp\/v2\/posts"}],"about":[{"href":"https:\/\/www.newsendip.com\/fr\/wp-json\/wp\/v2\/types\/post"}],"author":[{"embeddable":true,"href":"https:\/\/www.newsendip.com\/fr\/wp-json\/wp\/v2\/users\/1"}],"replies":[{"embeddable":true,"href":"https:\/\/www.newsendip.com\/fr\/wp-json\/wp\/v2\/comments?post=29614"}],"version-history":[{"count":0,"href":"https:\/\/www.newsendip.com\/fr\/wp-json\/wp\/v2\/posts\/29614\/revisions"}],"wp:featuredmedia":[{"embeddable":true,"href":"https:\/\/www.newsendip.com\/fr\/wp-json\/wp\/v2\/media\/13637"}],"wp:attachment":[{"href":"https:\/\/www.newsendip.com\/fr\/wp-json\/wp\/v2\/media?parent=29614"}],"wp:term":[{"taxonomy":"category","embeddable":true,"href":"https:\/\/www.newsendip.com\/fr\/wp-json\/wp\/v2\/categories?post=29614"},{"taxonomy":"post_tag","embeddable":true,"href":"https:\/\/www.newsendip.com\/fr\/wp-json\/wp\/v2\/tags?post=29614"}],"curies":[{"name":"wp","href":"https:\/\/api.w.org\/{rel}","templated":true}]}}