{"id":29644,"date":"2021-06-08T14:00:56","date_gmt":"2021-06-08T12:00:56","guid":{"rendered":"https:\/\/www.newsendip.com\/?p=29644"},"modified":"2024-07-16T17:29:08","modified_gmt":"2024-07-16T15:29:08","slug":"avec-sa-nouvelle-loi-sur-limmigration-le-danemark-peut-delocaliser-les-refugies","status":"publish","type":"post","link":"https:\/\/www.newsendip.com\/fr\/avec-sa-nouvelle-loi-sur-limmigration-le-danemark-peut-delocaliser-les-refugies\/","title":{"rendered":"Avec sa nouvelle loi sur l\u2019immigration, le Danemark peut d\u00e9localiser les r\u00e9fugi\u00e9s"},"content":{"rendered":"<p><strong>Le Danemark a approuv\u00e9 une loi lui permettant de relocaliser les r\u00e9fugi\u00e9s pendant le traitement de leur dossier.<br>\n<\/strong><\/p>\n<p>Le pays de l\u2019Union europ\u00e9enne a approuv\u00e9 la <a href=\"https:\/\/www.reuters.com\/world\/europe\/denmark-agrees-law-deport-asylum-seekers-outside-europe-2021-06-03\/\">Loi danoise sur les \u00e9trangers<\/a> le 3 juin avec 70 voix pour et 20 contre. Cette loi permet au Danemark de relocaliser des demandeurs d\u2019asile en dehors de l\u2019Union europ\u00e9enne pendant que leur dossier est en cours de traitement.<\/p>\n<p>De fait, le Danemark externaliserait ainsi une partie de son processus d\u2019immigration tout en emp\u00eachant les immigrants de rester dans le pays pendant ce temps. L\u2019administration relocalisera les demandeurs d\u2019asile qui arrivent dans le pays vers un partenaire en dehors de&nbsp;l\u2019UE.<\/p>\n<p>Avec cette loi, le gouvernement social-d\u00e9mocrate estime que les r\u00e9fugi\u00e9s cesseront de venir au Danemark lorsqu\u2019ils se rendront compte qu\u2019ils ne vivront pas dans l\u2019Union europ\u00e9enne.<\/p>\n<h2>La communaut\u00e9 internationale s\u2019inqui\u00e8te des nouvelles mesures prises par le Danemark en mati\u00e8re d\u2019immigration<\/h2>\n<p><!--more--><\/p>\n<p>Ces derni\u00e8res ann\u00e9es, le Danemark a durci sa <a href=\"https:\/\/www.newsendip.com\/fr\/en-colombie-le-lancement-dun-programme-pilote-pour-aider-les-procedures-migratoires-vers-les-etats-unis-visa\/\">politique d\u2019immigration<\/a>. L\u2019objectif de la Premi\u00e8re ministre, Mette Frederiksen, est de r\u00e9duire \u00e0 z\u00e9ro le nombre de demandeurs d\u2019asile au Danemark.<\/p>\n<p>Selon Reuters, le nombre de r\u00e9fugi\u00e9s ayant demand\u00e9 l\u2019asile au Danemark a r\u00e9guli\u00e8rement baiss\u00e9 pour atteindre 1 500 demandeurs en 2020, contre 21 000\u202fen 2015. En avril 2021, le Danemark a renvoy\u00e9 des r\u00e9fugi\u00e9s syriens, estimant que le pays \u00e9tait d\u00e9sormais s\u00fbr.<\/p>\n<p>Aucun accord avec un pays tiers n\u2019a encore \u00e9t\u00e9 trouv\u00e9, mais des discussions seraient en cours avec des pays africains.<\/p>\n<p>La Commission europ\u00e9enne, les Nations unies et les d\u00e9fenseurs des droits de l\u2019homme ont exprim\u00e9 leurs inqui\u00e9tudes quant \u00e0 la nouvelle l\u00e9gislation. Adalbert Jahnz, porte-parole de la Commission europ\u00e9enne, a estim\u00e9 que \u00ab\u202f<em>le traitement externalis\u00e9 des demandes d\u2019asile soul\u00e8ve des questions fondamentales concernant \u00e0 la fois l\u2019acc\u00e8s aux proc\u00e9dures d\u2019asile et l\u2019acc\u00e8s effectif \u00e0 la protection<\/em>\u202f\u00bb.<\/p>\n<p><strong><a href=\"https:\/\/www.newsendip.com\/fr\/etiquette\/danemark\/\">D\u00e9couvrez plus d\u2019actualit\u00e9s sur le Danemark<\/a><\/strong><\/p>\n","protected":false},"excerpt":{"rendered":"<p>Le Danemark a approuv\u00e9 une loi lui permettant de relocaliser les r\u00e9fugi\u00e9s pendant le traitement de leur dossier.<\/p>\n","protected":false},"author":1,"featured_media":13565,"comment_status":"closed","ping_status":"closed","sticky":false,"template":"","format":"standard","meta":{"wp_typography_post_enhancements_disabled":false,"footnotes":""},"categories":[416],"tags":[411,473],"class_list":["post-29644","post","type-post","status-publish","format-standard","has-post-thumbnail","hentry","category-politique","tag-actuel","tag-danemark"],"yoast_head":"<!-- This site is optimized with the Yoast SEO Premium plugin v27.4 (Yoast SEO v27.4) - https:\/\/yoast.com\/product\/yoast-seo-premium-wordpress\/ -->\n<title>Avec sa nouvelle loi sur l&#039;immigration, le Danemark peut d\u00e9localiser les r\u00e9fugi\u00e9s<\/title>\n<meta name=\"description\" content=\"Le Danemark a approuv\u00e9 une loi lui permettant de relocaliser les r\u00e9fugi\u00e9s pendant le traitement de leur dossier.\" \/>\n<meta name=\"robots\" content=\"index, follow, max-snippet:-1, max-image-preview:large, max-video-preview:-1\" \/>\n<link rel=\"canonical\" href=\"https:\/\/www.newsendip.com\/fr\/avec-sa-nouvelle-loi-sur-limmigration-le-danemark-peut-delocaliser-les-refugies\/\" \/>\n<meta property=\"og:locale\" content=\"fr_FR\" \/>\n<meta property=\"og:type\" content=\"article\" \/>\n<meta property=\"og:title\" content=\"Avec sa nouvelle loi sur l&#039;immigration, le Danemark peut d\u00e9localiser les r\u00e9fugi\u00e9s\" \/>\n<meta property=\"og:description\" content=\"Le Danemark a approuv\u00e9 une loi lui permettant de relocaliser les r\u00e9fugi\u00e9s pendant le traitement de leur dossier.\" \/>\n<meta property=\"og:url\" content=\"https:\/\/www.newsendip.com\/fr\/avec-sa-nouvelle-loi-sur-limmigration-le-danemark-peut-delocaliser-les-refugies\/\" \/>\n<meta property=\"og:site_name\" content=\"Newsendip\" \/>\n<meta property=\"article:publisher\" content=\"https:\/\/www.facebook.com\/newsendip\" \/>\n<meta property=\"article:published_time\" content=\"2021-06-08T12:00:56+00:00\" \/>\n<meta property=\"article:modified_time\" content=\"2024-07-16T15:29:08+00:00\" \/>\n<meta property=\"og:image\" content=\"https:\/\/www.newsendip.com\/wp-content\/uploads\/2021\/06\/denmark-immigration-law.jpg\" \/>\n\t<meta property=\"og:image:width\" content=\"400\" \/>\n\t<meta property=\"og:image:height\" content=\"225\" \/>\n\t<meta property=\"og:image:type\" content=\"image\/jpeg\" \/>\n<meta name=\"author\" content=\"Cl\u00e9ment V\u00e9rit\u00e9\" \/>\n<meta name=\"twitter:card\" content=\"summary_large_image\" \/>\n<meta name=\"twitter:creator\" content=\"@https:\/\/twitter.com\/cverite\" \/>\n<meta name=\"twitter:site\" content=\"@newsendip\" \/>\n<meta name=\"twitter:label1\" content=\"\u00c9crit par\" \/>\n\t<meta name=\"twitter:data1\" content=\"Cl\u00e9ment V\u00e9rit\u00e9\" \/>\n<!-- \/ Yoast SEO Premium plugin. -->","yoast_head_json":{"title":"Avec sa nouvelle loi sur l'immigration, le Danemark peut d\u00e9localiser les r\u00e9fugi\u00e9s","description":"Le Danemark a approuv\u00e9 une loi lui permettant de relocaliser les r\u00e9fugi\u00e9s pendant le traitement de leur dossier.","robots":{"index":"index","follow":"follow","max-snippet":"max-snippet:-1","max-image-preview":"max-image-preview:large","max-video-preview":"max-video-preview:-1"},"canonical":"https:\/\/www.newsendip.com\/fr\/avec-sa-nouvelle-loi-sur-limmigration-le-danemark-peut-delocaliser-les-refugies\/","og_locale":"fr_FR","og_type":"article","og_title":"Avec sa nouvelle loi sur l'immigration, le Danemark peut d\u00e9localiser les r\u00e9fugi\u00e9s","og_description":"Le Danemark a approuv\u00e9 une loi lui permettant de relocaliser les r\u00e9fugi\u00e9s pendant le traitement de leur dossier.","og_url":"https:\/\/www.newsendip.com\/fr\/avec-sa-nouvelle-loi-sur-limmigration-le-danemark-peut-delocaliser-les-refugies\/","og_site_name":"Newsendip","article_publisher":"https:\/\/www.facebook.com\/newsendip","article_published_time":"2021-06-08T12:00:56+00:00","article_modified_time":"2024-07-16T15:29:08+00:00","og_image":[{"width":400,"height":225,"url":"https:\/\/www.newsendip.com\/wp-content\/uploads\/2021\/06\/denmark-immigration-law.jpg","type":"image\/jpeg"}],"author":"Cl\u00e9ment V\u00e9rit\u00e9","twitter_card":"summary_large_image","twitter_creator":"@https:\/\/twitter.com\/cverite","twitter_site":"@newsendip","twitter_misc":{"\u00c9crit par":"Cl\u00e9ment V\u00e9rit\u00e9"},"schema":{"@context":"https:\/\/schema.org","@graph":[{"@type":"NewsArticle","@id":"https:\/\/www.newsendip.com\/fr\/avec-sa-nouvelle-loi-sur-limmigration-le-danemark-peut-delocaliser-les-refugies\/#article","isPartOf":{"@id":"https:\/\/www.newsendip.com\/fr\/avec-sa-nouvelle-loi-sur-limmigration-le-danemark-peut-delocaliser-les-refugies\/"},"author":{"name":"Cl\u00e9ment V\u00e9rit\u00e9","@id":"https:\/\/www.newsendip.com\/fr\/#\/schema\/person\/ea22c01755f464a3cbc2c619584d6363"},"headline":"Avec sa nouvelle loi sur l\u2019immigration, le Danemark peut d\u00e9localiser les r\u00e9fugi\u00e9s","datePublished":"2021-06-08T12:00:56+00:00","dateModified":"2024-07-16T15:29:08+00:00","mainEntityOfPage":{"@id":"https:\/\/www.newsendip.com\/fr\/avec-sa-nouvelle-loi-sur-limmigration-le-danemark-peut-delocaliser-les-refugies\/"},"wordCount":361,"publisher":{"@id":"https:\/\/www.newsendip.com\/fr\/#organization"},"image":{"@id":"https:\/\/www.newsendip.com\/fr\/avec-sa-nouvelle-loi-sur-limmigration-le-danemark-peut-delocaliser-les-refugies\/#primaryimage"},"thumbnailUrl":"https:\/\/www.newsendip.com\/wp-content\/uploads\/2021\/06\/denmark-immigration-law.jpg","keywords":["Actuel","Danemark"],"articleSection":["Politique"],"inLanguage":"fr-FR","copyrightYear":"2021","copyrightHolder":{"@id":"https:\/\/www.newsendip.com\/#organization"}},{"@type":"WebPage","@id":"https:\/\/www.newsendip.com\/fr\/avec-sa-nouvelle-loi-sur-limmigration-le-danemark-peut-delocaliser-les-refugies\/","url":"https:\/\/www.newsendip.com\/fr\/avec-sa-nouvelle-loi-sur-limmigration-le-danemark-peut-delocaliser-les-refugies\/","name":"Avec sa nouvelle loi sur l'immigration, le Danemark peut d\u00e9localiser les r\u00e9fugi\u00e9s","isPartOf":{"@id":"https:\/\/www.newsendip.com\/fr\/#website"},"primaryImageOfPage":{"@id":"https:\/\/www.newsendip.com\/fr\/avec-sa-nouvelle-loi-sur-limmigration-le-danemark-peut-delocaliser-les-refugies\/#primaryimage"},"image":{"@id":"https:\/\/www.newsendip.com\/fr\/avec-sa-nouvelle-loi-sur-limmigration-le-danemark-peut-delocaliser-les-refugies\/#primaryimage"},"thumbnailUrl":"https:\/\/www.newsendip.com\/wp-content\/uploads\/2021\/06\/denmark-immigration-law.jpg","datePublished":"2021-06-08T12:00:56+00:00","dateModified":"2024-07-16T15:29:08+00:00","description":"Le Danemark a approuv\u00e9 une loi lui permettant de relocaliser les r\u00e9fugi\u00e9s pendant le traitement de leur dossier.","breadcrumb":{"@id":"https:\/\/www.newsendip.com\/fr\/avec-sa-nouvelle-loi-sur-limmigration-le-danemark-peut-delocaliser-les-refugies\/#breadcrumb"},"inLanguage":"fr-FR","potentialAction":[{"@type":"ReadAction","target":["https:\/\/www.newsendip.com\/fr\/avec-sa-nouvelle-loi-sur-limmigration-le-danemark-peut-delocaliser-les-refugies\/"]}]},{"@type":"ImageObject","inLanguage":"fr-FR","@id":"https:\/\/www.newsendip.com\/fr\/avec-sa-nouvelle-loi-sur-limmigration-le-danemark-peut-delocaliser-les-refugies\/#primaryimage","url":"https:\/\/www.newsendip.com\/wp-content\/uploads\/2021\/06\/denmark-immigration-law.jpg","contentUrl":"https:\/\/www.newsendip.com\/wp-content\/uploads\/2021\/06\/denmark-immigration-law.jpg","width":400,"height":225,"caption":"Folketing, le Parlement du Danemark \u00e0 Copenhague | Jorge Franganillo"},{"@type":"BreadcrumbList","@id":"https:\/\/www.newsendip.com\/fr\/avec-sa-nouvelle-loi-sur-limmigration-le-danemark-peut-delocaliser-les-refugies\/#breadcrumb","itemListElement":[{"@type":"ListItem","position":1,"name":"Accueil","item":"https:\/\/www.newsendip.com\/fr\/"},{"@type":"ListItem","position":2,"name":"Avec sa nouvelle loi sur l&#8217;immigration, le Danemark peut d\u00e9localiser les r\u00e9fugi\u00e9s"}]},{"@type":"WebSite","@id":"https:\/\/www.newsendip.com\/fr\/#website","url":"https:\/\/www.newsendip.com\/fr\/","name":"Newsendip","description":"Red\u00e9couvrez l&#039;actualit\u00e9 internationale","publisher":{"@id":"https:\/\/www.newsendip.com\/fr\/#organization"},"potentialAction":[{"@type":"SearchAction","target":{"@type":"EntryPoint","urlTemplate":"https:\/\/www.newsendip.com\/fr\/?s={search_term_string}"},"query-input":{"@type":"PropertyValueSpecification","valueRequired":true,"valueName":"search_term_string"}}],"inLanguage":"fr-FR"},{"@type":"Organization","@id":"https:\/\/www.newsendip.com\/fr\/#organization","name":"Newsendip","url":"https:\/\/www.newsendip.com\/fr\/","logo":{"@type":"ImageObject","inLanguage":"fr-FR","@id":"https:\/\/www.newsendip.com\/fr\/#\/schema\/logo\/image\/","url":"https:\/\/www.newsendip.com\/wp-content\/uploads\/2023\/12\/512x512.svg","contentUrl":"https:\/\/www.newsendip.com\/wp-content\/uploads\/2023\/12\/512x512.svg","width":1,"height":1,"caption":"Newsendip"},"image":{"@id":"https:\/\/www.newsendip.com\/fr\/#\/schema\/logo\/image\/"},"sameAs":["https:\/\/www.facebook.com\/newsendip","https:\/\/x.com\/newsendip","https:\/\/mastodon.social\/@newsendip","https:\/\/www.linkedin.com\/company\/newsendip"],"description":"Newsendip est un site qui a pour mission de rendre l'actualit\u00e9 internationale accessible et diversifi\u00e9e","email":"contact@newsendip.com","legalName":"Newsendip SAS","foundingDate":"2022-11-04","vatID":"FR60921124723","numberOfEmployees":{"@type":"QuantitativeValue","minValue":"1","maxValue":"10"},"publishingPrinciples":"https:\/\/www.newsendip.com\/about-us\/","ownershipFundingInfo":"https:\/\/www.newsendip.com\/legal-notice\/","actionableFeedbackPolicy":"https:\/\/www.newsendip.com\/about-us\/","correctionsPolicy":"https:\/\/www.newsendip.com\/about-us\/","ethicsPolicy":"https:\/\/www.newsendip.com\/about-us\/","diversityPolicy":"https:\/\/www.newsendip.com\/about-us\/"},{"@type":"Person","@id":"https:\/\/www.newsendip.com\/fr\/#\/schema\/person\/ea22c01755f464a3cbc2c619584d6363","name":"Cl\u00e9ment V\u00e9rit\u00e9","description":"Cl\u00e9ment is the executive editor and founder of Newsendip. He started in the media industry as a freelance reporter at 16 for a local French newspaper after school and has never left it. He later worked for seven years at The New York Times, notably as a data analyst. He holds a Master of Management in France and a Master of Arts in the United Kingdom in International Marketing &amp; Communications Strategy. He has lived in France, the United Kingdom, and Italy.","sameAs":["https:\/\/www.newsendip.com\/","https:\/\/www.linkedin.com\/in\/clementverite\/","https:\/\/x.com\/https:\/\/twitter.com\/cverite"],"knowsAbout":["News","International","Business","Media monitoring"],"knowsLanguage":["English","French","Italian","Spanish"],"url":"https:\/\/www.newsendip.com\/fr\/author\/clement-verite\/"}]}},"_links":{"self":[{"href":"https:\/\/www.newsendip.com\/fr\/wp-json\/wp\/v2\/posts\/29644","targetHints":{"allow":["GET"]}}],"collection":[{"href":"https:\/\/www.newsendip.com\/fr\/wp-json\/wp\/v2\/posts"}],"about":[{"href":"https:\/\/www.newsendip.com\/fr\/wp-json\/wp\/v2\/types\/post"}],"author":[{"embeddable":true,"href":"https:\/\/www.newsendip.com\/fr\/wp-json\/wp\/v2\/users\/1"}],"replies":[{"embeddable":true,"href":"https:\/\/www.newsendip.com\/fr\/wp-json\/wp\/v2\/comments?post=29644"}],"version-history":[{"count":0,"href":"https:\/\/www.newsendip.com\/fr\/wp-json\/wp\/v2\/posts\/29644\/revisions"}],"wp:featuredmedia":[{"embeddable":true,"href":"https:\/\/www.newsendip.com\/fr\/wp-json\/wp\/v2\/media\/13565"}],"wp:attachment":[{"href":"https:\/\/www.newsendip.com\/fr\/wp-json\/wp\/v2\/media?parent=29644"}],"wp:term":[{"taxonomy":"category","embeddable":true,"href":"https:\/\/www.newsendip.com\/fr\/wp-json\/wp\/v2\/categories?post=29644"},{"taxonomy":"post_tag","embeddable":true,"href":"https:\/\/www.newsendip.com\/fr\/wp-json\/wp\/v2\/tags?post=29644"}],"curies":[{"name":"wp","href":"https:\/\/api.w.org\/{rel}","templated":true}]}}