{"id":29676,"date":"2021-11-08T15:00:00","date_gmt":"2021-11-08T14:00:00","guid":{"rendered":"https:\/\/www.newsendip.com\/?p=29676"},"modified":"2023-08-23T22:21:43","modified_gmt":"2023-08-23T20:21:43","slug":"la-ministre-indonesienne-de-lenvironnement-na-pas-declare-injuste-lengagement-de-la-cop26-en-matiere-de-deforestation","status":"publish","type":"post","link":"https:\/\/www.newsendip.com\/fr\/la-ministre-indonesienne-de-lenvironnement-na-pas-declare-injuste-lengagement-de-la-cop26-en-matiere-de-deforestation\/","title":{"rendered":"La ministre indon\u00e9sienne de l\u2019environnement n\u2019a pas d\u00e9clar\u00e9 injuste l\u2019engagement de la COP26\u202fen mati\u00e8re de d\u00e9forestation"},"content":{"rendered":"<p><strong>La ministre indon\u00e9sienne des for\u00eats et de l\u2019environnement n\u2019a pas dit que la d\u00e9claration de la COP26 sur les for\u00eats et l\u2019utilisation des terres \u00e9tait injuste. La nuance r\u00e9side dans la diff\u00e9rence entre la z\u00e9ro d\u00e9forestation et la z\u00e9ro d\u00e9forestation nette. Mais ni la d\u00e9claration ni l\u2019Indon\u00e9sie ne sont exemptes d\u2019ambigu\u00eft\u00e9.<br>\n<\/strong><\/p>\n<figure id=\"attachment_13752\" aria-describedby=\"caption-attachment-13752\" style=\"width: 400px\" class=\"wp-caption aligncenter\"><img decoding=\"async\" class=\"size-full wp-image-13752\" src=\"https:\/\/www.newsendip.com\/wp-content\/uploads\/2021\/11\/Siti-Nurbaya-Bakar-minister-indonesia-cop26.jpeg\" alt=\"Siti Nurbaya Bakar\" width=\"400\" height=\"253\" srcset=\"https:\/\/www.newsendip.com\/wp-content\/uploads\/2021\/11\/Siti-Nurbaya-Bakar-minister-indonesia-cop26.jpeg 400w, https:\/\/www.newsendip.com\/wp-content\/uploads\/2021\/11\/Siti-Nurbaya-Bakar-minister-indonesia-cop26-60x38.jpeg 60w, https:\/\/www.newsendip.com\/wp-content\/uploads\/2021\/11\/Siti-Nurbaya-Bakar-minister-indonesia-cop26-300x190.jpeg 300w\" sizes=\"(max-width: 400px) 100vw, 400px\"><figcaption id=\"caption-attachment-13752\" class=\"wp-caption-text\">Siti Nurbaya Bakar, ministre indon\u00e9sienne des for\u00eats et de l\u2019environnement, en 2018 au Centre international des tourbi\u00e8res tropicales | \u00a9&nbsp;CIFOR<\/figcaption><\/figure>\n<p>La ministre indon\u00e9sienne des for\u00eats et de l\u2019environnement, <a href=\"https:\/\/m.facebook.com\/story.php?story_fbid=423301585827257&amp;id=100044422569982&amp;m_entstream_source=timeline\">Siti Nurbaya Bakar<\/a>, a publi\u00e9 le 3 novembre un message sur Facebook et sur son site web personnel.<\/p>\n<p>Ce <a href=\"https:\/\/www.bbc.com\/news\/world-asia-59169547\">message a sem\u00e9 la confusion<\/a> car il pouvait \u00eatre consid\u00e9r\u00e9 comme une d\u00e9claration selon laquelle l\u2019Indon\u00e9sie jugeait \u00ab\u202finjuste\u202f\u00bb une d\u00e9claration de la COP26 sur les for\u00eats et l\u2019utilisation des terres.<\/p>\n<p>Pourtant, quelques jours plus t\u00f4t, l\u2019<a href=\"https:\/\/ukcop26.org\/glasgow-leaders-declaration-on-forests-and-land-use\/\">Indon\u00e9sie avait sign\u00e9 la d\u00e9claration avec 132 autres pays<\/a> et s\u2019\u00e9tait engag\u00e9e \u00e0 \u00ab\u202f<em>stopper et inverser la perte de for\u00eats et la d\u00e9gradation des terres d\u2019ici \u00e0 2030<\/em>\u2033.<\/p>\n<p>La ministre Nurbaya a \u00e9crit dans la premi\u00e8re phrase de son message sur Facebook que l\u2019engagement \u00ab\u202f<em>ne doit pas \u00eatre interpr\u00e9t\u00e9 comme une d\u00e9forestation z\u00e9ro. Cela doit \u00eatre compris par toutes les parties<\/em>\u202f\u00bb.<\/p>\n<p>Cependant, elle a \u00e9galement estim\u00e9 que \u00ab\u202f<em>forcer l\u2019Indon\u00e9sie \u00e0 une d\u00e9forestation z\u00e9ro en 2030 est clairement inappropri\u00e9 et injuste<\/em>\u202f\u00bb.<\/p>\n<p>La nuance r\u00e9side dans la diff\u00e9rence entre les d\u00e9finitions de \u00ab\u202fz\u00e9ro d\u00e9forestation\u202f\u00bb et \u00ab\u202fz\u00e9ro d\u00e9forestation nette\u202f\u00bb. La z\u00e9ro d\u00e9forestation, la d\u00e9forestation brute, signifie ne couper aucun arbre, tandis que la z\u00e9ro d\u00e9forestation nette signifie compenser toute <a href=\"https:\/\/www.newsendip.com\/fr\/ce-que-lobjectif-de-neutralite-carbone-de-netflix-ne-dit-pas\/\">perte de for\u00eat<\/a>.<\/p>\n<p>La ministre d\u00e9fend le droit de pouvoir couper des arbres pour le d\u00e9veloppement du pays et compare la situation de l\u2019Indon\u00e9sie \u00e0 celle des pays d\u00e9velopp\u00e9s dont les infrastructures sont en grande partie achev\u00e9es.<\/p>\n<h2>Pour l\u2019Indon\u00e9sie, z\u00e9ro \u00e9mission nette est diff\u00e9rent d\u2019aucune d\u00e9forestation<\/h2>\n<figure id=\"attachment_13751\" aria-describedby=\"caption-attachment-13751\" style=\"width: 1920px\" class=\"wp-caption aligncenter\"><img decoding=\"async\" class=\"size-full wp-image-13751\" src=\"https:\/\/www.newsendip.com\/wp-content\/uploads\/2021\/11\/indonesia-forest-pledge-cop26-progressive.jpeg\" alt=\"For\u00eat en Indon\u00e9sie\" width=\"1920\" height=\"1491\" srcset=\"https:\/\/www.newsendip.com\/wp-content\/uploads\/2021\/11\/indonesia-forest-pledge-cop26-progressive.jpeg 1920w, https:\/\/www.newsendip.com\/wp-content\/uploads\/2021\/11\/indonesia-forest-pledge-cop26-progressive-300x233.jpeg 300w, https:\/\/www.newsendip.com\/wp-content\/uploads\/2021\/11\/indonesia-forest-pledge-cop26-progressive-1024x795.jpeg 1024w, https:\/\/www.newsendip.com\/wp-content\/uploads\/2021\/11\/indonesia-forest-pledge-cop26-progressive-768x596.jpeg 768w, https:\/\/www.newsendip.com\/wp-content\/uploads\/2021\/11\/indonesia-forest-pledge-cop26-progressive-1536x1193.jpeg 1536w\" sizes=\"(max-width: 1920px) 100vw, 1920px\"><figcaption id=\"caption-attachment-13751\" class=\"wp-caption-text\">Une route au milieu de la for\u00eat indon\u00e9sienne sur l\u2019\u00eele de Pulau Bintan en Indon\u00e9sie. | \u00a9 akudui<\/figcaption><\/figure>\n<p>Elle donne l\u2019exemple de 34 000 villages isol\u00e9s dans la for\u00eat et des cons\u00e9quences de l\u2019absence de d\u00e9forestation. L\u2019impossibilit\u00e9 de couper un seul arbre emp\u00eacherait la <a href=\"https:\/\/www.newsendip.com\/fr\/nusantara-remplacera-jakarta-comme-nouvelle-capitale-de-lindonesie\/\">construction de routes \u00e0 travers la for\u00eat<\/a>, qui relierait ces villages et offrirait des possibilit\u00e9s de d\u00e9veloppement \u00e0 la population.<!--more--><\/p>\n<p>Le 2 novembre, elle prenait la parole \u00e0 l\u2019universit\u00e9 de Glasgow, \u00e0 l\u2019initiative de l\u2019Association des \u00e9tudiants indon\u00e9siens. Selon son site internet personnel, elle d\u00e9fendait une vision dans laquelle \u00ab\u202f<em>l\u2019Indon\u00e9sie ne peut pas embrasser la d\u00e9forestation z\u00e9ro. [\u2026] L\u2019Indon\u00e9sie construit activement en suivant les valeurs de la durabilit\u00e9. Ce n\u2019est pas la m\u00eame chose que de dire qu\u2019il n\u2019est pas possible de construire parce que nous n\u2019avons pas le droit de toucher \u00e0 la for\u00eat.<\/em>\u202f\u00bb<\/p>\n<p>Pour l\u2019Indon\u00e9sie, le pays s\u2019est engag\u00e9 \u00e0 atteindre un objectif de neutralit\u00e9. En ao\u00fbt, <a href=\"https:\/\/www.newsendip.com\/fr\/les-objectifs-de-neutralite-carbone-des-distractions-dangereuses-pour-oxfam\/\">Oxfam a estim\u00e9 que les objectifs de neutralit\u00e9 carbone en mati\u00e8re de climat \u00e9taient de dangereuses distractions<\/a>.<\/p>\n<p>Selon un porte-parole du Premier ministre britannique Boris Johnson, la d\u00e9claration serait conforme \u00e0 l\u2019engagement, rapporte <a href=\"https:\/\/www.theguardian.com\/world\/2021\/nov\/05\/indonesia-says-cop26-zero-deforestation-pledge-it-signed-unfair\">The Guardian<\/a>. \u00ab\u202f<em>Les pays se sont engag\u00e9s \u00e0 mettre fin \u00e0 la d\u00e9forestation nette, en veillant \u00e0 ce que toute for\u00eat perdue soit remplac\u00e9e de mani\u00e8re durable.<\/em><\/p>\n<p>L\u2019Indon\u00e9sie abrite l\u2019une des plus grandes for\u00eats tropicales du monde. L\u2019Indon\u00e9sie, qui est l\u2019un des plus <a href=\"https:\/\/www.newsendip.com\/fr\/lindonesie-interdit-lexportation-de-charbon-pendant-un-mois\/\">gros \u00e9metteurs de carbone<\/a>, est \u00e9galement critiqu\u00e9e pour d\u00e9fricher ses for\u00eats au profit de plantations d\u2019<a href=\"https:\/\/www.newsendip.com\/fr\/le-directeur-ministere-indonesie-suspecte-de-corruption-sur-le-commerce-huile-de-palme\/\">huile de palme<\/a>. L\u2019Indon\u00e9sie est le plus grand exportateur d\u2019huile de&nbsp;palme.<\/p>\n<p>Sur Facebook, la ministre a \u00e9galement \u00e9crit de mani\u00e8re plus ambig\u00fce, que \u00ab\u202f<em>le d\u00e9veloppement massif en cours [\u2026] ne doit pas s\u2019arr\u00eater au nom des \u00e9missions de carbone ou de la d\u00e9forestation<\/em>\u202f\u00bb.<\/p>\n<p>En octobre, une analyse de <a href=\"https:\/\/www.greenpeace.org\/international\/press-release\/50070\/inaction-over-illegal-palm-oil-in-indonesias-megadiverse-forest-estate-jeopardises-people-and-planet\/\">Greenpeace Indon\u00e9sie<\/a> a montr\u00e9 qu\u2019au moins \u00ab\u202f<em>600 entreprises de plantation ont des activit\u00e9s ill\u00e9gales \u00e0 l\u2019int\u00e9rieur du domaine forestier<\/em>\u202f\u00bb, bien qu\u2019elles soient d\u00e9sign\u00e9es comme des zones interdites aux plantations. Les r\u00e9sultats partag\u00e9s par l\u2019organisation avant la COP26 \u00e9taient \u00ab\u202f<em>une indication claire que le gouvernement indon\u00e9sien n\u2019est pas dispos\u00e9 \u00e0 appliquer les lois pour mettre fin \u00e0 la d\u00e9forestation sur les terres publiques ou \u00e0 suivre ses engagements en mati\u00e8re de climat.<\/em>\u202f\u00bb<\/p>\n<p>Au cours de la COP26, 28 gouvernements se sont \u00e9galement engag\u00e9s \u00e0 \u00e9liminer la d\u00e9forestation dans commerce mondial des denr\u00e9es alimentaires, ce qui pourrait affecter la vente des produits \u00e0 base d\u2019huile de palme indon\u00e9sienne.<\/p>\n<p><strong><a href=\"https:\/\/www.newsendip.com\/fr\/etiquette\/indonesie\/\">D\u00e9couvrez plus d\u2019actualit\u00e9 sur l\u2019Indon\u00e9sie<\/a><\/strong><\/p>\n","protected":false},"excerpt":{"rendered":"<p>La ministre indon\u00e9sienne des for\u00eats et de l\u2019environnement n\u2019a pas dit que la d\u00e9claration de la COP26 sur les for\u00eats et l\u2019utilisation des terres \u00e9tait injuste. La nuance r\u00e9side dans la diff\u00e9rence entre la z\u00e9ro d\u00e9forestation et la z\u00e9ro d\u00e9forestation nette.<\/p>\n","protected":false},"author":1,"featured_media":13752,"comment_status":"closed","ping_status":"closed","sticky":false,"template":"","format":"standard","meta":{"wp_typography_post_enhancements_disabled":false,"footnotes":""},"categories":[3016],"tags":[411,482],"class_list":["post-29676","post","type-post","status-publish","format-standard","has-post-thumbnail","hentry","category-environnement","tag-actuel","tag-indonesie"],"yoast_head":"<!-- This site is optimized with the Yoast SEO Premium plugin v27.4 (Yoast SEO v27.4) - https:\/\/yoast.com\/product\/yoast-seo-premium-wordpress\/ -->\n<title>La ministre indon\u00e9sienne de l&#039;environnement n&#039;a pas d\u00e9clar\u00e9 injuste l&#039;engagement de la COP26 en mati\u00e8re de d\u00e9forestation<\/title>\n<meta name=\"description\" content=\"La ministre indon\u00e9sienne des for\u00eats et de l&#039;environnement n&#039;a pas dit que la d\u00e9claration de la COP26 sur les for\u00eats et l&#039;utilisation des terres \u00e9tait injuste. La nuance r\u00e9side dans la diff\u00e9rence entre la z\u00e9ro d\u00e9forestation et la z\u00e9ro d\u00e9forestation nette.\" \/>\n<meta name=\"robots\" content=\"index, follow, max-snippet:-1, max-image-preview:large, max-video-preview:-1\" \/>\n<link rel=\"canonical\" href=\"https:\/\/www.newsendip.com\/fr\/la-ministre-indonesienne-de-lenvironnement-na-pas-declare-injuste-lengagement-de-la-cop26-en-matiere-de-deforestation\/\" \/>\n<meta property=\"og:locale\" content=\"fr_FR\" \/>\n<meta property=\"og:type\" content=\"article\" \/>\n<meta property=\"og:title\" content=\"La ministre indon\u00e9sienne de l&#039;environnement n&#039;a pas d\u00e9clar\u00e9 injuste l&#039;engagement de la COP26 en mati\u00e8re de d\u00e9forestation\" \/>\n<meta property=\"og:description\" content=\"La ministre indon\u00e9sienne des for\u00eats et de l&#039;environnement n&#039;a pas dit que la d\u00e9claration de la COP26 sur les for\u00eats et l&#039;utilisation des terres \u00e9tait injuste. La nuance r\u00e9side dans la diff\u00e9rence entre la z\u00e9ro d\u00e9forestation et la z\u00e9ro d\u00e9forestation nette.\" \/>\n<meta property=\"og:url\" content=\"https:\/\/www.newsendip.com\/fr\/la-ministre-indonesienne-de-lenvironnement-na-pas-declare-injuste-lengagement-de-la-cop26-en-matiere-de-deforestation\/\" \/>\n<meta property=\"og:site_name\" content=\"Newsendip\" \/>\n<meta property=\"article:publisher\" content=\"https:\/\/www.facebook.com\/newsendip\" \/>\n<meta property=\"article:published_time\" content=\"2021-11-08T14:00:00+00:00\" \/>\n<meta property=\"article:modified_time\" content=\"2023-08-23T20:21:43+00:00\" \/>\n<meta property=\"og:image\" content=\"https:\/\/www.newsendip.com\/wp-content\/uploads\/2021\/11\/indonesia-forest-pledge-cop26-progressive.jpeg\" \/>\n\t<meta property=\"og:image:width\" content=\"1920\" \/>\n\t<meta property=\"og:image:height\" content=\"1491\" \/>\n\t<meta property=\"og:image:type\" content=\"image\/jpeg\" \/>\n<meta name=\"author\" content=\"Cl\u00e9ment V\u00e9rit\u00e9\" \/>\n<meta name=\"twitter:card\" content=\"summary_large_image\" \/>\n<meta name=\"twitter:creator\" content=\"@https:\/\/twitter.com\/cverite\" \/>\n<meta name=\"twitter:site\" content=\"@newsendip\" \/>\n<meta name=\"twitter:label1\" content=\"\u00c9crit par\" \/>\n\t<meta name=\"twitter:data1\" content=\"Cl\u00e9ment V\u00e9rit\u00e9\" \/>\n\t<meta name=\"twitter:label2\" content=\"Dur\u00e9e de lecture estim\u00e9e\" \/>\n\t<meta name=\"twitter:data2\" content=\"4 minutes\" \/>\n<!-- \/ Yoast SEO Premium plugin. -->","yoast_head_json":{"title":"La ministre indon\u00e9sienne de l'environnement n'a pas d\u00e9clar\u00e9 injuste l'engagement de la COP26 en mati\u00e8re de d\u00e9forestation","description":"La ministre indon\u00e9sienne des for\u00eats et de l'environnement n'a pas dit que la d\u00e9claration de la COP26 sur les for\u00eats et l'utilisation des terres \u00e9tait injuste. La nuance r\u00e9side dans la diff\u00e9rence entre la z\u00e9ro d\u00e9forestation et la z\u00e9ro d\u00e9forestation nette.","robots":{"index":"index","follow":"follow","max-snippet":"max-snippet:-1","max-image-preview":"max-image-preview:large","max-video-preview":"max-video-preview:-1"},"canonical":"https:\/\/www.newsendip.com\/fr\/la-ministre-indonesienne-de-lenvironnement-na-pas-declare-injuste-lengagement-de-la-cop26-en-matiere-de-deforestation\/","og_locale":"fr_FR","og_type":"article","og_title":"La ministre indon\u00e9sienne de l'environnement n'a pas d\u00e9clar\u00e9 injuste l'engagement de la COP26 en mati\u00e8re de d\u00e9forestation","og_description":"La ministre indon\u00e9sienne des for\u00eats et de l'environnement n'a pas dit que la d\u00e9claration de la COP26 sur les for\u00eats et l'utilisation des terres \u00e9tait injuste. La nuance r\u00e9side dans la diff\u00e9rence entre la z\u00e9ro d\u00e9forestation et la z\u00e9ro d\u00e9forestation nette.","og_url":"https:\/\/www.newsendip.com\/fr\/la-ministre-indonesienne-de-lenvironnement-na-pas-declare-injuste-lengagement-de-la-cop26-en-matiere-de-deforestation\/","og_site_name":"Newsendip","article_publisher":"https:\/\/www.facebook.com\/newsendip","article_published_time":"2021-11-08T14:00:00+00:00","article_modified_time":"2023-08-23T20:21:43+00:00","og_image":[{"width":1920,"height":1491,"url":"https:\/\/www.newsendip.com\/wp-content\/uploads\/2021\/11\/indonesia-forest-pledge-cop26-progressive.jpeg","type":"image\/jpeg"}],"author":"Cl\u00e9ment V\u00e9rit\u00e9","twitter_card":"summary_large_image","twitter_creator":"@https:\/\/twitter.com\/cverite","twitter_site":"@newsendip","twitter_misc":{"\u00c9crit par":"Cl\u00e9ment V\u00e9rit\u00e9","Dur\u00e9e de lecture estim\u00e9e":"4 minutes"},"schema":{"@context":"https:\/\/schema.org","@graph":[{"@type":"NewsArticle","@id":"https:\/\/www.newsendip.com\/fr\/la-ministre-indonesienne-de-lenvironnement-na-pas-declare-injuste-lengagement-de-la-cop26-en-matiere-de-deforestation\/#article","isPartOf":{"@id":"https:\/\/www.newsendip.com\/fr\/la-ministre-indonesienne-de-lenvironnement-na-pas-declare-injuste-lengagement-de-la-cop26-en-matiere-de-deforestation\/"},"author":{"name":"Cl\u00e9ment V\u00e9rit\u00e9","@id":"https:\/\/www.newsendip.com\/fr\/#\/schema\/person\/ea22c01755f464a3cbc2c619584d6363"},"headline":"La ministre indon\u00e9sienne de l\u2019environnement n\u2019a pas d\u00e9clar\u00e9 injuste l\u2019engagement de la COP26\u202fen mati\u00e8re de d\u00e9forestation","datePublished":"2021-11-08T14:00:00+00:00","dateModified":"2023-08-23T20:21:43+00:00","mainEntityOfPage":{"@id":"https:\/\/www.newsendip.com\/fr\/la-ministre-indonesienne-de-lenvironnement-na-pas-declare-injuste-lengagement-de-la-cop26-en-matiere-de-deforestation\/"},"wordCount":867,"publisher":{"@id":"https:\/\/www.newsendip.com\/fr\/#organization"},"image":{"@id":"https:\/\/www.newsendip.com\/fr\/la-ministre-indonesienne-de-lenvironnement-na-pas-declare-injuste-lengagement-de-la-cop26-en-matiere-de-deforestation\/#primaryimage"},"thumbnailUrl":"https:\/\/www.newsendip.com\/wp-content\/uploads\/2021\/11\/Siti-Nurbaya-Bakar-minister-indonesia-cop26.jpeg","keywords":["Actuel","Indon\u00e9sie"],"articleSection":["Environnement"],"inLanguage":"fr-FR","copyrightYear":"2021","copyrightHolder":{"@id":"https:\/\/www.newsendip.com\/#organization"}},{"@type":"WebPage","@id":"https:\/\/www.newsendip.com\/fr\/la-ministre-indonesienne-de-lenvironnement-na-pas-declare-injuste-lengagement-de-la-cop26-en-matiere-de-deforestation\/","url":"https:\/\/www.newsendip.com\/fr\/la-ministre-indonesienne-de-lenvironnement-na-pas-declare-injuste-lengagement-de-la-cop26-en-matiere-de-deforestation\/","name":"La ministre indon\u00e9sienne de l'environnement n'a pas d\u00e9clar\u00e9 injuste l'engagement de la COP26 en mati\u00e8re de d\u00e9forestation","isPartOf":{"@id":"https:\/\/www.newsendip.com\/fr\/#website"},"primaryImageOfPage":{"@id":"https:\/\/www.newsendip.com\/fr\/la-ministre-indonesienne-de-lenvironnement-na-pas-declare-injuste-lengagement-de-la-cop26-en-matiere-de-deforestation\/#primaryimage"},"image":{"@id":"https:\/\/www.newsendip.com\/fr\/la-ministre-indonesienne-de-lenvironnement-na-pas-declare-injuste-lengagement-de-la-cop26-en-matiere-de-deforestation\/#primaryimage"},"thumbnailUrl":"https:\/\/www.newsendip.com\/wp-content\/uploads\/2021\/11\/Siti-Nurbaya-Bakar-minister-indonesia-cop26.jpeg","datePublished":"2021-11-08T14:00:00+00:00","dateModified":"2023-08-23T20:21:43+00:00","description":"La ministre indon\u00e9sienne des for\u00eats et de l'environnement n'a pas dit que la d\u00e9claration de la COP26 sur les for\u00eats et l'utilisation des terres \u00e9tait injuste. La nuance r\u00e9side dans la diff\u00e9rence entre la z\u00e9ro d\u00e9forestation et la z\u00e9ro d\u00e9forestation nette.","breadcrumb":{"@id":"https:\/\/www.newsendip.com\/fr\/la-ministre-indonesienne-de-lenvironnement-na-pas-declare-injuste-lengagement-de-la-cop26-en-matiere-de-deforestation\/#breadcrumb"},"inLanguage":"fr-FR","potentialAction":[{"@type":"ReadAction","target":["https:\/\/www.newsendip.com\/fr\/la-ministre-indonesienne-de-lenvironnement-na-pas-declare-injuste-lengagement-de-la-cop26-en-matiere-de-deforestation\/"]}]},{"@type":"ImageObject","inLanguage":"fr-FR","@id":"https:\/\/www.newsendip.com\/fr\/la-ministre-indonesienne-de-lenvironnement-na-pas-declare-injuste-lengagement-de-la-cop26-en-matiere-de-deforestation\/#primaryimage","url":"https:\/\/www.newsendip.com\/wp-content\/uploads\/2021\/11\/Siti-Nurbaya-Bakar-minister-indonesia-cop26.jpeg","contentUrl":"https:\/\/www.newsendip.com\/wp-content\/uploads\/2021\/11\/Siti-Nurbaya-Bakar-minister-indonesia-cop26.jpeg","width":400,"height":253,"caption":"Siti Nurbaya Bakar, ministre indon\u00e9sienne des for\u00eats et de l'environnement, en 2018 au Centre international des tourbi\u00e8res tropicales | \u00a9 CIFOR"},{"@type":"BreadcrumbList","@id":"https:\/\/www.newsendip.com\/fr\/la-ministre-indonesienne-de-lenvironnement-na-pas-declare-injuste-lengagement-de-la-cop26-en-matiere-de-deforestation\/#breadcrumb","itemListElement":[{"@type":"ListItem","position":1,"name":"Accueil","item":"https:\/\/www.newsendip.com\/fr\/"},{"@type":"ListItem","position":2,"name":"La ministre indon\u00e9sienne de l&#8217;environnement n&#8217;a pas d\u00e9clar\u00e9 injuste l&#8217;engagement de la COP26 en mati\u00e8re de d\u00e9forestation"}]},{"@type":"WebSite","@id":"https:\/\/www.newsendip.com\/fr\/#website","url":"https:\/\/www.newsendip.com\/fr\/","name":"Newsendip","description":"Red\u00e9couvrez l&#039;actualit\u00e9 internationale","publisher":{"@id":"https:\/\/www.newsendip.com\/fr\/#organization"},"potentialAction":[{"@type":"SearchAction","target":{"@type":"EntryPoint","urlTemplate":"https:\/\/www.newsendip.com\/fr\/?s={search_term_string}"},"query-input":{"@type":"PropertyValueSpecification","valueRequired":true,"valueName":"search_term_string"}}],"inLanguage":"fr-FR"},{"@type":"Organization","@id":"https:\/\/www.newsendip.com\/fr\/#organization","name":"Newsendip","url":"https:\/\/www.newsendip.com\/fr\/","logo":{"@type":"ImageObject","inLanguage":"fr-FR","@id":"https:\/\/www.newsendip.com\/fr\/#\/schema\/logo\/image\/","url":"https:\/\/www.newsendip.com\/wp-content\/uploads\/2023\/12\/512x512.svg","contentUrl":"https:\/\/www.newsendip.com\/wp-content\/uploads\/2023\/12\/512x512.svg","width":1,"height":1,"caption":"Newsendip"},"image":{"@id":"https:\/\/www.newsendip.com\/fr\/#\/schema\/logo\/image\/"},"sameAs":["https:\/\/www.facebook.com\/newsendip","https:\/\/x.com\/newsendip","https:\/\/mastodon.social\/@newsendip","https:\/\/www.linkedin.com\/company\/newsendip"],"description":"Newsendip est un site qui a pour mission de rendre l'actualit\u00e9 internationale accessible et diversifi\u00e9e","email":"contact@newsendip.com","legalName":"Newsendip SAS","foundingDate":"2022-11-04","vatID":"FR60921124723","numberOfEmployees":{"@type":"QuantitativeValue","minValue":"1","maxValue":"10"},"publishingPrinciples":"https:\/\/www.newsendip.com\/about-us\/","ownershipFundingInfo":"https:\/\/www.newsendip.com\/legal-notice\/","actionableFeedbackPolicy":"https:\/\/www.newsendip.com\/about-us\/","correctionsPolicy":"https:\/\/www.newsendip.com\/about-us\/","ethicsPolicy":"https:\/\/www.newsendip.com\/about-us\/","diversityPolicy":"https:\/\/www.newsendip.com\/about-us\/"},{"@type":"Person","@id":"https:\/\/www.newsendip.com\/fr\/#\/schema\/person\/ea22c01755f464a3cbc2c619584d6363","name":"Cl\u00e9ment V\u00e9rit\u00e9","description":"Cl\u00e9ment is the executive editor and founder of Newsendip. He started in the media industry as a freelance reporter at 16 for a local French newspaper after school and has never left it. He later worked for seven years at The New York Times, notably as a data analyst. He holds a Master of Management in France and a Master of Arts in the United Kingdom in International Marketing &amp; Communications Strategy. He has lived in France, the United Kingdom, and Italy.","sameAs":["https:\/\/www.newsendip.com\/","https:\/\/www.linkedin.com\/in\/clementverite\/","https:\/\/x.com\/https:\/\/twitter.com\/cverite"],"knowsAbout":["News","International","Business","Media monitoring"],"knowsLanguage":["English","French","Italian","Spanish"],"url":"https:\/\/www.newsendip.com\/fr\/author\/clement-verite\/"}]}},"_links":{"self":[{"href":"https:\/\/www.newsendip.com\/fr\/wp-json\/wp\/v2\/posts\/29676","targetHints":{"allow":["GET"]}}],"collection":[{"href":"https:\/\/www.newsendip.com\/fr\/wp-json\/wp\/v2\/posts"}],"about":[{"href":"https:\/\/www.newsendip.com\/fr\/wp-json\/wp\/v2\/types\/post"}],"author":[{"embeddable":true,"href":"https:\/\/www.newsendip.com\/fr\/wp-json\/wp\/v2\/users\/1"}],"replies":[{"embeddable":true,"href":"https:\/\/www.newsendip.com\/fr\/wp-json\/wp\/v2\/comments?post=29676"}],"version-history":[{"count":0,"href":"https:\/\/www.newsendip.com\/fr\/wp-json\/wp\/v2\/posts\/29676\/revisions"}],"wp:featuredmedia":[{"embeddable":true,"href":"https:\/\/www.newsendip.com\/fr\/wp-json\/wp\/v2\/media\/13752"}],"wp:attachment":[{"href":"https:\/\/www.newsendip.com\/fr\/wp-json\/wp\/v2\/media?parent=29676"}],"wp:term":[{"taxonomy":"category","embeddable":true,"href":"https:\/\/www.newsendip.com\/fr\/wp-json\/wp\/v2\/categories?post=29676"},{"taxonomy":"post_tag","embeddable":true,"href":"https:\/\/www.newsendip.com\/fr\/wp-json\/wp\/v2\/tags?post=29676"}],"curies":[{"name":"wp","href":"https:\/\/api.w.org\/{rel}","templated":true}]}}