{"id":29711,"date":"2021-02-26T15:00:51","date_gmt":"2021-02-26T14:00:51","guid":{"rendered":"https:\/\/www.newsendip.com\/?p=29711"},"modified":"2024-07-23T15:43:21","modified_gmt":"2024-07-23T13:43:21","slug":"le-chili-et-la-serbie-se-vaccinent-contre-le-covid-19-plus-rapidement-que-lunion-europeenne","status":"publish","type":"post","link":"https:\/\/www.newsendip.com\/fr\/le-chili-et-la-serbie-se-vaccinent-contre-le-covid-19-plus-rapidement-que-lunion-europeenne\/","title":{"rendered":"Le Chili et la Serbie se vaccinent contre le Covid-19 plus rapidement que l\u2019Union europ\u00e9enne"},"content":{"rendered":"<p><strong>Le Chili et la Serbie ont d\u00e9j\u00e0 inject\u00e9 une premi\u00e8re dose de vaccin contre le Covid-19 \u00e0 plus de 17\u202f% de la population. L\u2019Union europ\u00e9enne n\u2019a administr\u00e9 une dose de vaccin qu\u2019\u00e0 6\u202f% des Europ\u00e9ens.<\/strong><\/p>\n<h2>Pr\u00e8s de 3 millions de doses en 3 semaines<\/h2>\n<p>Le Chili, un pays de 18 millions d\u2019habitants, a d\u00e9j\u00e0 administr\u00e9 la premi\u00e8re dose de vaccin contre le Covid-19 \u00e0 3 millions de ses citoyen, soit 17\u202f% de la population.<\/p>\n<p>Le pr\u00e9sident Sebasti\u00e1n Pi\u00f1era s\u2019attend \u00e0 ce que tous les Chiliens de plus de 65 ans re\u00e7oivent <a href=\"https:\/\/elpais.com\/sociedad\/2021-02-24\/como-hizo-chile-para-vacunar-a-mas-de-tres-millones-de-personas-en-21-dias.html\">au moins une premi\u00e8re dose dans les jours \u00e0 venir<\/a>.<\/p>\n<p>Ces performances sont d\u2019autant plus frappantes que 90\u202f% des injections vaccinales ont eu lieu en moins de trois semaines, avec une moyenne de 130 000 premi\u00e8res piq\u00fbres par&nbsp;jour.<\/p>\n<p>Mais leur campagne de population massive n\u2019a r\u00e9ellement commenc\u00e9 qu\u2019au d\u00e9but du mois de f\u00e9vrier. Le 3 f\u00e9vrier, moins de 80 000 doses avaient \u00e9t\u00e9 inject\u00e9es. Le Chili a cependant rapidement d\u00e9pass\u00e9 l\u2019Union europ\u00e9enne. En moyenne, le Chili a inocul\u00e9 le s\u00e9rum 4,4 fois plus vite que les pays membres de l\u2019UE en f\u00e9vrier.<\/p>\n<p><!--more--><\/p>\n<p><iframe style=\"width: 100%; height: 600px; border: 0px none;\" src=\"https:\/\/ourworldindata.org\/coronavirus-data-explorer?zoomToSelection=true&amp;time=2020-03-01..latest&amp;country=CHL~SRB~EuropeanUnion~ISR~GBR~USA&amp;region=World&amp;vaccinationsMetric=true&amp;interval=total&amp;hideControls=true&amp;perCapita=true&amp;smoothing=0&amp;pickerMetric=location&amp;pickerSort=asc\"><\/iframe><\/p>\n<h2>La Serbie n\u2019a pas le luxe de choisir<\/h2>\n<p>L\u2019Union europ\u00e9enne a commenc\u00e9 la vaccination en d\u00e9cembre. Cependant, elle progresse r\u00e9guli\u00e8rement mais plus lentement que le Royaume-Uni, les \u00c9tats-Unis ou m\u00eame la <a href=\"https:\/\/www.newsendip.com\/fr\/des-neerlandais-voyagent-en-serbie-pour-se-faire-vacciner-contre-le-covid-19\/\">Serbie<\/a>.<\/p>\n<p>La <a href=\"https:\/\/www.newsendip.com\/fr\/etiquette\/serbie\/\">Serbie<\/a>, qui ne fait pas partie de l\u2019UE, a presque administr\u00e9 autant de vaccins que les \u00c9tats-Unis proportionnellement \u00e0 la taille de sa population, avec 20 doses pour 100 personnes.<\/p>\n<p>Ces diff\u00e9rences s\u2019expliquent par le pragmatisme de ces deux pays&nbsp;: une ex\u00e9cution rapide et un sens de la realpolitik.<\/p>\n<p>Comme <a href=\"#ref\">le rapporte la BBC<\/a>, le Premier ministre serbe n\u2019est pas tr\u00e8s regardant sur la provenance du vaccin, qu\u2019il soit chinois, am\u00e9ricain ou europ\u00e9en&nbsp;: \u00ab\u202f<em>Nous nous en moquons tant qu\u2019ils sont s\u00fbrs et que nous les recevons le plus rapidement possible.\u202f\u00bb<\/em><\/p>\n<h2>Le vaccin chinois largement distribu\u00e9<\/h2>\n<p>L\u2019Union europ\u00e9enne n\u2019utilise pas le vaccin chinois CoronaVac, d\u00e9velopp\u00e9 par Sinovac.<\/p>\n<p>En revanche, la Serbie et le Chili l\u2019accueillent \u00e0 bras ouverts. La campagne \u00e0 grande \u00e9chelle men\u00e9e au Chili a d\u2019ailleurs commenc\u00e9 avec le m\u00e9dicament chinois. Le pays a achet\u00e9 le vaccin \u00e0 Pfizer et a re\u00e7u des doses \u00e0 la fin du mois de d\u00e9cembre, mais la quantit\u00e9 re\u00e7ue \u00e9tait minime par rapport \u00e0 celle de&nbsp;l\u2019UE.<\/p>\n<p>En fait, le pr\u00e9sident Sebasti\u00e1n Pi\u00f1era et les ministres de la sant\u00e9 et des sciences ont accueilli la <a href=\"#ref\">r\u00e9ception de pr\u00e8s de 2 millions de doses<\/a> chinoises le jeudi 25 f\u00e9vrier. Le lendemain, un autre lot de 2 millions a \u00e9t\u00e9&nbsp;re\u00e7u.<\/p>\n<p>Pr\u00e8s d\u2019un mois plus t\u00f4t, 4 millions de vaccins avaient \u00e9galement \u00e9t\u00e9 collect\u00e9s par le pr\u00e9sident lui-m\u00eame en l\u2019espace de trois jours, ce qui a permis au pays de lancer la campagne \u00e0 grande \u00e9chelle.<\/p>\n<p><iframe style=\"width: 100%; height: 600px; border: 0px none;\" src=\"https:\/\/ourworldindata.org\/coronavirus-data-explorer?zoomToSelection=true&amp;time=2020-03-01..latest&amp;country=CHL~SRB~EuropeanUnion~ISR~GBR~USA&amp;region=World&amp;vaccinationsMetric=true&amp;interval=total&amp;hideControls=true&amp;smoothing=0&amp;pickerMetric=location&amp;pickerSort=asc\"><\/iframe><\/p>\n<h2>Des essais cliniques soutenus par le&nbsp;Chili<\/h2>\n<p>Le Chili a enregistr\u00e9 plus de 800 000 infections et 20 000 d\u00e9c\u00e8s, ce qui a suscit\u00e9 de vives critiques de la part de la population.<\/p>\n<p>Mais le pays a accept\u00e9 de r\u00e9aliser des essais cliniques de phase 3 pour AstraZeneca, Johnson &amp; Johnson, Sinovac et CanSino.<\/p>\n<p>Le pays \u00e9tait donc en position favorable pour n\u00e9gocier avec les entreprises pharmaceutiques, aid\u00e9 par ailleurs par sa r\u00e9putation d\u2019\u00c9tat prosp\u00e8re.<\/p>\n<p>L\u2019administration chilienne a m\u00eame <a href=\"#ref\">fourni des fonds pour accueillir l\u2019essai de Sinovac<\/a>, soutenu par l\u2019Universit\u00e9 catholique pontificale du Chili, en \u00e9change d\u2019un acc\u00e8s prioritaire au m\u00e9dicament. Cette universit\u00e9, l\u2019une des plus reconnues d\u2019Am\u00e9rique latine, avait d\u00e9j\u00e0 travaill\u00e9 avec Sinovac sur les virus respiratoires avant la pand\u00e9mie de Covid-19.<\/p>\n<p>L\u2019Union europ\u00e9enne, qui compte 450 millions d\u2019habitants, a administr\u00e9 plus de 30 millions de doses au total, soit dix fois plus que le Chili. Le pays sud-am\u00e9ricain n\u2019a \u00e9galement administr\u00e9 la deuxi\u00e8me injection qu\u2019\u00e0 50 000 personnes \u00e0 ce&nbsp;jour.<\/p>\n<p>Le Chili a pour objectif de doubler le rythme en mars, avec 300 000 injections quotidiennes, et de vacciner 80\u202f% de la population d\u2019ici \u00e0 la fin du mois de juin&nbsp;2020.<\/p>\n<p><strong><a href=\"https:\/\/www.newsendip.com\/fr\/etiquette\/chili\/\">D\u00e9couvrew plus d\u2019actualit\u00e9s sur le&nbsp;Chili<\/a><\/strong><\/p>\n<p><strong>Sources m\u00e9dias et liens utiles&nbsp;:<\/strong><\/p>\n<ul>\n<li>Sources de donn\u00e9es des graphiques&nbsp;: <a href=\"https:\/\/ourworldindata.org\">Our World in&nbsp;Data<\/a><\/li>\n<li><a href=\"https:\/\/elpais.com\/sociedad\/2021-02-24\/como-hizo-chile-para-vacunar-a-mas-de-tres-millones-de-personas-en-21-dias.html\">C\u00f3mo hizo Chile para vacunar al 16% de su poblaci\u00f3n en solo 21 d\u00edas<\/a>, El Pais America, f\u00e9vrier 2021<\/li>\n<li><a href=\"https:\/\/theconversation.com\/how-chile-became-an-unlikely-winner-in-the-covid-19-vaccine-race-154614\">How Chile became an unlikely winner in the COVID-19 vaccine race<\/a>, The Conversation, f\u00e9vrier 2021<\/li>\n<li><a href=\"https:\/\/www.aftonbladet.se\/nyheter\/a\/X8d7OE\/sa-tog-sig-chile-till-toppen-av-vaccinligan\">S\u00e5 tog sig Chile till toppen av vaccinligan<\/a>, Aftonbladet, f\u00e9vrier 2021<\/li>\n<li><a href=\"https:\/\/www.t13.cl\/noticia\/nacional\/millones-dosis-chile-tercer-cargamento-vacuna-sinovac-covid-coronavirus-25-02-2021\">Casi 2 millones de dosis&nbsp;: llega a Chile tercer cargamento de vacuna Sinovac contra el COVID-19<\/a>, T13, f\u00e9vrier 2021<\/li>\n<li><a href=\"https:\/\/www.bbc.com\/news\/world-europe-55931864\">How Serbia soared ahead in vaccination campaign<\/a>, BBC, f\u00e9vrier 2021<\/li>\n<\/ul>\n","protected":false},"excerpt":{"rendered":"<p>Le Chili et la Serbie ont d\u00e9j\u00e0 inject\u00e9 une premi\u00e8re dose de vaccin contre le Covid-19 \u00e0 plus de 17\u202f% de la population. L\u2019Union europ\u00e9enne n\u2019a administr\u00e9 une dose de vaccin qu\u2019\u00e0 6\u202f% des Europ\u00e9ens.<\/p>\n","protected":false},"author":1,"featured_media":22857,"comment_status":"closed","ping_status":"closed","sticky":false,"template":"","format":"standard","meta":{"wp_typography_post_enhancements_disabled":false,"footnotes":""},"categories":[412],"tags":[423,421],"class_list":["post-29711","post","type-post","status-publish","format-standard","has-post-thumbnail","hentry","category-sciences-et-sante","tag-chili","tag-vieux"],"yoast_head":"<!-- This site is optimized with the Yoast SEO Premium plugin v27.5 (Yoast SEO v27.5) - https:\/\/yoast.com\/product\/yoast-seo-premium-wordpress\/ -->\n<title>Le Chili et la Serbie se vaccinent contre le Covid-19 plus rapidement que l&#039;Union europ\u00e9enne<\/title>\n<meta name=\"description\" content=\"Le Chili et la Serbie ont d\u00e9j\u00e0 inject\u00e9 une premi\u00e8re dose de vaccin contre le Covid-19 \u00e0 plus de 17 % de la population. L&#039;Union europ\u00e9enne n&#039;a administr\u00e9 une dose de vaccin qu&#039;\u00e0 6 % des Europ\u00e9ens.\" \/>\n<meta name=\"robots\" content=\"index, follow, max-snippet:-1, max-image-preview:large, max-video-preview:-1\" \/>\n<link rel=\"canonical\" href=\"https:\/\/www.newsendip.com\/fr\/le-chili-et-la-serbie-se-vaccinent-contre-le-covid-19-plus-rapidement-que-lunion-europeenne\/\" \/>\n<meta property=\"og:locale\" content=\"fr_FR\" \/>\n<meta property=\"og:type\" content=\"article\" \/>\n<meta property=\"og:title\" content=\"Le Chili et la Serbie se vaccinent contre le Covid-19 plus rapidement que l&#039;Union europ\u00e9enne\" \/>\n<meta property=\"og:description\" content=\"Le Chili et la Serbie ont d\u00e9j\u00e0 inject\u00e9 une premi\u00e8re dose de vaccin contre le Covid-19 \u00e0 plus de 17 % de la population. L&#039;Union europ\u00e9enne n&#039;a administr\u00e9 une dose de vaccin qu&#039;\u00e0 6 % des Europ\u00e9ens.\" \/>\n<meta property=\"og:url\" content=\"https:\/\/www.newsendip.com\/fr\/le-chili-et-la-serbie-se-vaccinent-contre-le-covid-19-plus-rapidement-que-lunion-europeenne\/\" \/>\n<meta property=\"og:site_name\" content=\"Newsendip\" \/>\n<meta property=\"article:publisher\" content=\"https:\/\/www.facebook.com\/newsendip\" \/>\n<meta property=\"article:published_time\" content=\"2021-02-26T14:00:51+00:00\" \/>\n<meta property=\"article:modified_time\" content=\"2024-07-23T13:43:21+00:00\" \/>\n<meta property=\"og:image\" content=\"https:\/\/www.newsendip.com\/wp-content\/uploads\/2022\/11\/covid-vaccine-small-min.jpeg\" \/>\n\t<meta property=\"og:image:width\" content=\"640\" \/>\n\t<meta property=\"og:image:height\" content=\"427\" \/>\n\t<meta property=\"og:image:type\" content=\"image\/jpeg\" \/>\n<meta name=\"author\" content=\"Cl\u00e9ment V\u00e9rit\u00e9\" \/>\n<meta name=\"twitter:card\" content=\"summary_large_image\" \/>\n<meta name=\"twitter:image\" content=\"https:\/\/www.newsendip.com\/wp-content\/uploads\/2022\/11\/covid-vaccine-small-min.jpeg\" \/>\n<meta name=\"twitter:creator\" content=\"@https:\/\/twitter.com\/cverite\" \/>\n<meta name=\"twitter:site\" content=\"@newsendip\" \/>\n<meta name=\"twitter:label1\" content=\"\u00c9crit par\" \/>\n\t<meta name=\"twitter:data1\" content=\"Cl\u00e9ment V\u00e9rit\u00e9\" \/>\n\t<meta name=\"twitter:label2\" content=\"Dur\u00e9e de lecture estim\u00e9e\" \/>\n\t<meta name=\"twitter:data2\" content=\"4 minutes\" \/>\n<!-- \/ Yoast SEO Premium plugin. -->","yoast_head_json":{"title":"Le Chili et la Serbie se vaccinent contre le Covid-19 plus rapidement que l'Union europ\u00e9enne","description":"Le Chili et la Serbie ont d\u00e9j\u00e0 inject\u00e9 une premi\u00e8re dose de vaccin contre le Covid-19 \u00e0 plus de 17 % de la population. L'Union europ\u00e9enne n'a administr\u00e9 une dose de vaccin qu'\u00e0 6 % des Europ\u00e9ens.","robots":{"index":"index","follow":"follow","max-snippet":"max-snippet:-1","max-image-preview":"max-image-preview:large","max-video-preview":"max-video-preview:-1"},"canonical":"https:\/\/www.newsendip.com\/fr\/le-chili-et-la-serbie-se-vaccinent-contre-le-covid-19-plus-rapidement-que-lunion-europeenne\/","og_locale":"fr_FR","og_type":"article","og_title":"Le Chili et la Serbie se vaccinent contre le Covid-19 plus rapidement que l'Union europ\u00e9enne","og_description":"Le Chili et la Serbie ont d\u00e9j\u00e0 inject\u00e9 une premi\u00e8re dose de vaccin contre le Covid-19 \u00e0 plus de 17 % de la population. L'Union europ\u00e9enne n'a administr\u00e9 une dose de vaccin qu'\u00e0 6 % des Europ\u00e9ens.","og_url":"https:\/\/www.newsendip.com\/fr\/le-chili-et-la-serbie-se-vaccinent-contre-le-covid-19-plus-rapidement-que-lunion-europeenne\/","og_site_name":"Newsendip","article_publisher":"https:\/\/www.facebook.com\/newsendip","article_published_time":"2021-02-26T14:00:51+00:00","article_modified_time":"2024-07-23T13:43:21+00:00","og_image":[{"width":640,"height":427,"url":"https:\/\/www.newsendip.com\/wp-content\/uploads\/2022\/11\/covid-vaccine-small-min.jpeg","type":"image\/jpeg"}],"author":"Cl\u00e9ment V\u00e9rit\u00e9","twitter_card":"summary_large_image","twitter_image":"https:\/\/www.newsendip.com\/wp-content\/uploads\/2022\/11\/covid-vaccine-small-min.jpeg","twitter_creator":"@https:\/\/twitter.com\/cverite","twitter_site":"@newsendip","twitter_misc":{"\u00c9crit par":"Cl\u00e9ment V\u00e9rit\u00e9","Dur\u00e9e de lecture estim\u00e9e":"4 minutes"},"schema":{"@context":"https:\/\/schema.org","@graph":[{"@type":"NewsArticle","@id":"https:\/\/www.newsendip.com\/fr\/le-chili-et-la-serbie-se-vaccinent-contre-le-covid-19-plus-rapidement-que-lunion-europeenne\/#article","isPartOf":{"@id":"https:\/\/www.newsendip.com\/fr\/le-chili-et-la-serbie-se-vaccinent-contre-le-covid-19-plus-rapidement-que-lunion-europeenne\/"},"author":{"name":"Cl\u00e9ment V\u00e9rit\u00e9","@id":"https:\/\/www.newsendip.com\/fr\/#\/schema\/person\/ea22c01755f464a3cbc2c619584d6363"},"headline":"Le Chili et la Serbie se vaccinent contre le Covid-19 plus rapidement que l\u2019Union europ\u00e9enne","datePublished":"2021-02-26T14:00:51+00:00","dateModified":"2024-07-23T13:43:21+00:00","mainEntityOfPage":{"@id":"https:\/\/www.newsendip.com\/fr\/le-chili-et-la-serbie-se-vaccinent-contre-le-covid-19-plus-rapidement-que-lunion-europeenne\/"},"wordCount":824,"publisher":{"@id":"https:\/\/www.newsendip.com\/fr\/#organization"},"image":{"@id":"https:\/\/www.newsendip.com\/fr\/le-chili-et-la-serbie-se-vaccinent-contre-le-covid-19-plus-rapidement-que-lunion-europeenne\/#primaryimage"},"thumbnailUrl":"https:\/\/www.newsendip.com\/wp-content\/uploads\/2022\/11\/covid-vaccine.webp","keywords":["Chili","Vieux"],"articleSection":["Sciences et sant\u00e9"],"inLanguage":"fr-FR","copyrightYear":"2021","copyrightHolder":{"@id":"https:\/\/www.newsendip.com\/#organization"}},{"@type":"WebPage","@id":"https:\/\/www.newsendip.com\/fr\/le-chili-et-la-serbie-se-vaccinent-contre-le-covid-19-plus-rapidement-que-lunion-europeenne\/","url":"https:\/\/www.newsendip.com\/fr\/le-chili-et-la-serbie-se-vaccinent-contre-le-covid-19-plus-rapidement-que-lunion-europeenne\/","name":"Le Chili et la Serbie se vaccinent contre le Covid-19 plus rapidement que l'Union europ\u00e9enne","isPartOf":{"@id":"https:\/\/www.newsendip.com\/fr\/#website"},"primaryImageOfPage":{"@id":"https:\/\/www.newsendip.com\/fr\/le-chili-et-la-serbie-se-vaccinent-contre-le-covid-19-plus-rapidement-que-lunion-europeenne\/#primaryimage"},"image":{"@id":"https:\/\/www.newsendip.com\/fr\/le-chili-et-la-serbie-se-vaccinent-contre-le-covid-19-plus-rapidement-que-lunion-europeenne\/#primaryimage"},"thumbnailUrl":"https:\/\/www.newsendip.com\/wp-content\/uploads\/2022\/11\/covid-vaccine.webp","datePublished":"2021-02-26T14:00:51+00:00","dateModified":"2024-07-23T13:43:21+00:00","description":"Le Chili et la Serbie ont d\u00e9j\u00e0 inject\u00e9 une premi\u00e8re dose de vaccin contre le Covid-19 \u00e0 plus de 17 % de la population. L'Union europ\u00e9enne n'a administr\u00e9 une dose de vaccin qu'\u00e0 6 % des Europ\u00e9ens.","breadcrumb":{"@id":"https:\/\/www.newsendip.com\/fr\/le-chili-et-la-serbie-se-vaccinent-contre-le-covid-19-plus-rapidement-que-lunion-europeenne\/#breadcrumb"},"inLanguage":"fr-FR","potentialAction":[{"@type":"ReadAction","target":["https:\/\/www.newsendip.com\/fr\/le-chili-et-la-serbie-se-vaccinent-contre-le-covid-19-plus-rapidement-que-lunion-europeenne\/"]}]},{"@type":"ImageObject","inLanguage":"fr-FR","@id":"https:\/\/www.newsendip.com\/fr\/le-chili-et-la-serbie-se-vaccinent-contre-le-covid-19-plus-rapidement-que-lunion-europeenne\/#primaryimage","url":"https:\/\/www.newsendip.com\/wp-content\/uploads\/2022\/11\/covid-vaccine.webp","contentUrl":"https:\/\/www.newsendip.com\/wp-content\/uploads\/2022\/11\/covid-vaccine.webp","width":2400,"height":1600,"caption":"Illustration | \u00a9 Steven Cornfield"},{"@type":"BreadcrumbList","@id":"https:\/\/www.newsendip.com\/fr\/le-chili-et-la-serbie-se-vaccinent-contre-le-covid-19-plus-rapidement-que-lunion-europeenne\/#breadcrumb","itemListElement":[{"@type":"ListItem","position":1,"name":"Accueil","item":"https:\/\/www.newsendip.com\/fr\/"},{"@type":"ListItem","position":2,"name":"Le Chili et la Serbie se vaccinent contre le Covid-19 plus rapidement que l&#8217;Union europ\u00e9enne"}]},{"@type":"WebSite","@id":"https:\/\/www.newsendip.com\/fr\/#website","url":"https:\/\/www.newsendip.com\/fr\/","name":"Newsendip","description":"Red\u00e9couvrez l&#039;actualit\u00e9 internationale","publisher":{"@id":"https:\/\/www.newsendip.com\/fr\/#organization"},"potentialAction":[{"@type":"SearchAction","target":{"@type":"EntryPoint","urlTemplate":"https:\/\/www.newsendip.com\/fr\/?s={search_term_string}"},"query-input":{"@type":"PropertyValueSpecification","valueRequired":true,"valueName":"search_term_string"}}],"inLanguage":"fr-FR"},{"@type":"Organization","@id":"https:\/\/www.newsendip.com\/fr\/#organization","name":"Newsendip","url":"https:\/\/www.newsendip.com\/fr\/","logo":{"@type":"ImageObject","inLanguage":"fr-FR","@id":"https:\/\/www.newsendip.com\/fr\/#\/schema\/logo\/image\/","url":"https:\/\/www.newsendip.com\/wp-content\/uploads\/2023\/12\/512x512.svg","contentUrl":"https:\/\/www.newsendip.com\/wp-content\/uploads\/2023\/12\/512x512.svg","width":1,"height":1,"caption":"Newsendip"},"image":{"@id":"https:\/\/www.newsendip.com\/fr\/#\/schema\/logo\/image\/"},"sameAs":["https:\/\/www.facebook.com\/newsendip","https:\/\/x.com\/newsendip","https:\/\/mastodon.social\/@newsendip","https:\/\/www.linkedin.com\/company\/newsendip"],"description":"Newsendip est un site qui a pour mission de rendre l'actualit\u00e9 internationale accessible et diversifi\u00e9e","email":"contact@newsendip.com","legalName":"Newsendip SAS","foundingDate":"2022-11-04","vatID":"FR60921124723","numberOfEmployees":{"@type":"QuantitativeValue","minValue":"1","maxValue":"10"},"publishingPrinciples":"https:\/\/www.newsendip.com\/about-us\/","ownershipFundingInfo":"https:\/\/www.newsendip.com\/legal-notice\/","actionableFeedbackPolicy":"https:\/\/www.newsendip.com\/about-us\/","correctionsPolicy":"https:\/\/www.newsendip.com\/about-us\/","ethicsPolicy":"https:\/\/www.newsendip.com\/about-us\/","diversityPolicy":"https:\/\/www.newsendip.com\/about-us\/"},{"@type":"Person","@id":"https:\/\/www.newsendip.com\/fr\/#\/schema\/person\/ea22c01755f464a3cbc2c619584d6363","name":"Cl\u00e9ment V\u00e9rit\u00e9","description":"Cl\u00e9ment is the executive editor and founder of Newsendip. He started in the media industry as a freelance reporter at 16 for a local French newspaper after school and has never left it. He later worked for seven years at The New York Times, notably as a data analyst. He holds a Master of Management in France and a Master of Arts in the United Kingdom in International Marketing &amp; Communications Strategy. He has lived in France, the United Kingdom, and Italy.","sameAs":["https:\/\/www.newsendip.com\/","https:\/\/www.linkedin.com\/in\/clementverite\/","https:\/\/x.com\/https:\/\/twitter.com\/cverite"],"knowsAbout":["News","International","Business","Media monitoring"],"knowsLanguage":["English","French","Italian","Spanish"],"url":"https:\/\/www.newsendip.com\/fr\/author\/clement-verite\/"}]}},"_links":{"self":[{"href":"https:\/\/www.newsendip.com\/fr\/wp-json\/wp\/v2\/posts\/29711","targetHints":{"allow":["GET"]}}],"collection":[{"href":"https:\/\/www.newsendip.com\/fr\/wp-json\/wp\/v2\/posts"}],"about":[{"href":"https:\/\/www.newsendip.com\/fr\/wp-json\/wp\/v2\/types\/post"}],"author":[{"embeddable":true,"href":"https:\/\/www.newsendip.com\/fr\/wp-json\/wp\/v2\/users\/1"}],"replies":[{"embeddable":true,"href":"https:\/\/www.newsendip.com\/fr\/wp-json\/wp\/v2\/comments?post=29711"}],"version-history":[{"count":0,"href":"https:\/\/www.newsendip.com\/fr\/wp-json\/wp\/v2\/posts\/29711\/revisions"}],"wp:featuredmedia":[{"embeddable":true,"href":"https:\/\/www.newsendip.com\/fr\/wp-json\/wp\/v2\/media\/22857"}],"wp:attachment":[{"href":"https:\/\/www.newsendip.com\/fr\/wp-json\/wp\/v2\/media?parent=29711"}],"wp:term":[{"taxonomy":"category","embeddable":true,"href":"https:\/\/www.newsendip.com\/fr\/wp-json\/wp\/v2\/categories?post=29711"},{"taxonomy":"post_tag","embeddable":true,"href":"https:\/\/www.newsendip.com\/fr\/wp-json\/wp\/v2\/tags?post=29711"}],"curies":[{"name":"wp","href":"https:\/\/api.w.org\/{rel}","templated":true}]}}