{"id":29784,"date":"2021-07-08T15:30:00","date_gmt":"2021-07-08T13:30:00","guid":{"rendered":"https:\/\/www.newsendip.com\/?p=29784"},"modified":"2024-07-23T17:46:14","modified_gmt":"2024-07-23T15:46:14","slug":"luruguay-negociera-sans-le-mercosur","status":"publish","type":"post","link":"https:\/\/www.newsendip.com\/fr\/luruguay-negociera-sans-le-mercosur\/","title":{"rendered":"L\u2019Uruguay n\u00e9gociera sans le Mercosur"},"content":{"rendered":"<p><strong>L\u2019Uruguay a d\u00e9cid\u00e9 de prendre ses distances avec le Mercosur en n\u00e9gociant directement avec des pays tiers, accentuant ainsi le d\u00e9saccord avec l\u2019Argentine sur la strat\u00e9gie des tarifs douaniers communs.<br>\n<\/strong><\/p>\n<figure id=\"attachment_33232\" aria-describedby=\"caption-attachment-33232\" style=\"width: 1024px\" class=\"wp-caption aligncenter\"><img decoding=\"async\" class=\"wp-image-33232 size-large\" src=\"https:\/\/www.newsendip.com\/wp-content\/uploads\/2023\/11\/mercosul-1024x683.webp\" alt=\"Mercosur\" width=\"1024\" height=\"683\" srcset=\"https:\/\/www.newsendip.com\/wp-content\/uploads\/2023\/11\/mercosul-1024x683.webp 1024w, https:\/\/www.newsendip.com\/wp-content\/uploads\/2023\/11\/mercosul-60x40.webp 60w, https:\/\/www.newsendip.com\/wp-content\/uploads\/2023\/11\/mercosul-720x480.webp 720w, https:\/\/www.newsendip.com\/wp-content\/uploads\/2023\/11\/mercosul-300x200.webp 300w, https:\/\/www.newsendip.com\/wp-content\/uploads\/2023\/11\/mercosul-768x512.webp 768w, https:\/\/www.newsendip.com\/wp-content\/uploads\/2023\/11\/mercosul-1536x1024.webp 1536w, https:\/\/www.newsendip.com\/wp-content\/uploads\/2023\/11\/mercosul.webp 2047w\" sizes=\"(max-width: 1024px) 100vw, 1024px\"><figcaption id=\"caption-attachment-33232\" class=\"wp-caption-text\">\u00a9 MERCOSUR | MERCOSUL<\/figcaption><\/figure>\n<p>Le 7 juillet, l<a href=\"https:\/\/www.gub.uy\/ministerio-relaciones-exteriores\/comunicacion\/comunicados\/lviii-reunion-ordinaria-del-consejo-del-mercado-comun-cmc-del-mercosur\">\u2019Uruguay a annonc\u00e9 qu\u2019il commencerait \u00e0 n\u00e9gocier<\/a> ind\u00e9pendamment avec des pays ext\u00e9rieurs au Mercosur, en d\u00e9pit d\u2019une r\u00e9solution datant 2000 stipulant que ses membres doivent n\u00e9gocier conjointement des accords tarifaires internationaux.<\/p>\n<p>Le ministre uruguayen des affaires \u00e9trang\u00e8res justifie cette d\u00e9cision en d\u00e9fendant \u00ab\u202f<em>la modernisation du bloc, par le biais d\u2019un agenda de n\u00e9gociations ext\u00e9rieures substantiel, agile, dynamique, flexible et permanent<\/em>\u202f\u00bb. Le pays souhaite r\u00e9duire les tarifs ext\u00e9rieurs communs afin de faciliter les \u00e9changes avec les pays en dehors du Mercosur.<\/p>\n<p>Toute r\u00e9duction tarifaire de droit \u00e0 l\u2019entr\u00e9e n\u00e9cessitent un accord unanime des \u00c9tats membres de l\u2019Union. Mais l\u2019Argentine n\u2019approuve pas les revendications de l\u2019Uruguay et souhaite maintenir des droits de douane plus \u00e9lev\u00e9s pour prot\u00e9ger <a href=\"https:\/\/www.newsendip.com\/fr\/economie\/\">son \u00e9conomie<\/a>.<\/p>\n<p>Le Mercosur, ou March\u00e9 Commun du Sud en espagnol, est un accord commercial sud-am\u00e9ricain mis en place en 1991. Il \u00e9tablit un march\u00e9 int\u00e9rieur de libre-\u00e9change et donne une voix commune plus forte pour n\u00e9gocier avec les parties ext\u00e9rieures. Les membres fondateurs sont l\u2019Argentine, le Br\u00e9sil, le Paraguay et l\u2019Uruguay. L\u2019adh\u00e9sion du Venezuela a \u00e9t\u00e9 suspendue en 2017 et plusieurs autres pays d\u2019Am\u00e9rique latine, dont le Chili et la Colombie, sont associ\u00e9s au Mercosur sans en \u00eatre membres.<\/p>\n<p>La Bolivie, membre associ\u00e9 et en cours d\u2019adh\u00e9sion au Mercosur, a d\u00e9clar\u00e9 qu\u2019elle n\u00e9gocierait \u00e9galement ind\u00e9pendamment du p\u00e9rim\u00e8tre du Mercosur.<\/p>\n<p>L\u2019Uruguay plaide depuis longtemps en faveur d\u2019une plus grande flexibilit\u00e9 afin d\u2019ouvrir son pays au commerce international. Toutefois, il n\u2019a re\u00e7u que peu d\u2019\u00e9cho jusqu\u2019\u00e0 pr\u00e9sent.<\/p>\n<p>Le Br\u00e9sil, quant \u00e0 lui, s\u2019est montr\u00e9 plus enclin \u00e0 ouvrir les portes depuis peu. En mars, il a propos\u00e9 de r\u00e9duire les taxes d\u2019importation, estimant qu\u2019elles \u00e9taient d\u00e9pass\u00e9s \u2013 elles n\u2019ont pas chang\u00e9 depuis 1995 \u2013 et de les adapter aux normes actuelles. Cette proposition n\u2019a pas \u00e9t\u00e9 approuv\u00e9e \u00e0 l\u2019unanimit\u00e9. Cependant, l\u2019Argentine, qui a <a href=\"https:\/\/www.newsendip.com\/fr\/largentine-suspend-les-exportations-de-boeuf-pendant-30-jours-les-agriculteurs-cessent-la-vente\/\">stopp\u00e9 les exportations de b\u0153uf pendant un mois<\/a> pour limiter l\u2019inflation des prix des denr\u00e9es alimentaires, se retrouve plus isol\u00e9e.<\/p>\n<h2>L\u2019Uruguay revendique toujours son appartenance au Mercosur<\/h2>\n<p><!--more--><\/p>\n<p>L\u2019<a href=\"https:\/\/www.newsendip.com\/fr\/colonia-del-sacramento-une-ville-uruguay-qui-se-verrait-bien-etre-le-futur-pole-innovation-amerique-du-sud-silicon-valley\/\">\u00e9conomie uruguayenne<\/a> est relativement plus stable que celle de sa voisine argentine, qui est confront\u00e9e \u00e0 une <a href=\"https:\/\/www.newsendip.com\/fr\/les-crypto-monnaies-attirent-de-plus-en-plus-dargentins-qui-ont-peu-confiance-dans-leur-peso\/\">inflation vertigineuse<\/a> et \u00e0 un <a href=\"https:\/\/www.newsendip.com\/fr\/largentine-evite-le-defaut-de-paiement-pour-linstant\/\">surendettement<\/a>. Dans le pass\u00e9, l\u2019Uruguay a souffert de ses liens \u00e9troits avec les \u00e9conomies argentine et br\u00e9silienne, qui ont vacill\u00e9 au d\u00e9but des ann\u00e9es 2000.<\/p>\n<p>Pendant cette crise, les Argentins ont retir\u00e9 environ un tiers des d\u00e9p\u00f4ts de l\u2019Uruguay des comptes bancaires qu\u2019ils avaient ouverts dans ce qui \u00e9tait souvent appel\u00e9 <a href=\"https:\/\/www.newsendip.com\/fr\/etiquette\/suisse\/\">la Suisse<\/a> de l\u2019Am\u00e9rique du Sud. Apr\u00e8s une crise bancaire en 2002, l\u2019Uruguay s\u2019est redress\u00e9 gr\u00e2ce \u00e0 15 ann\u00e9es de croissance ininterrompue, une premi\u00e8re pour le&nbsp;pays.<\/p>\n<p>Au d\u00e9but du mois de mars, \u00e0 l\u2019occasion du 30\u00e8me anniversaire de la cr\u00e9ation du Mercosur, le d\u00e9saccord entre l\u2019Argentine et l\u2019Uruguay s\u2019est aggrav\u00e9. Le pr\u00e9sident de l\u2019Uruguay, Luis Pacalle Pou, <a href=\"https:\/\/www.infobae.com\/politica\/2021\/03\/26\/duro-cruce-de-alberto-fernandez-con-luis-lacalle-pou-y-jair-bolsonaro-por-el-futuro-del-mercosur\/\">a d\u00e9clar\u00e9<\/a> que le Mercosur ne devait pas \u00eatre un \u00ab\u202f<em>ballast<\/em>\u202f\u00bb ou un \u00ab\u202f<em>corset<\/em>\u202f\u00bb qui emp\u00eache le pays d\u2019avancer. Le pr\u00e9sident argentin, Alberto Fern\u00e1ndez, a r\u00e9pondu que \u00ab\u202f<em>si nous sommes un ballast, prenez un autre bateau<\/em>\u202f\u00bb.<\/p>\n<p>En avril, l\u2019Uruguay a avanc\u00e9 la possibilit\u00e9 \u2013 non approuv\u00e9e \u2013 de n\u00e9gocier directement avec les pays tiers. Il n\u2019a cependant pas demand\u00e9 l\u2019abrogation de l\u2019obligation du consensus commun au sein de l\u2019Union.<\/p>\n<p>La <a href=\"http:\/\/www.sice.oas.org\/trade\/mrcsrs\/decisions\/dec3200s.asp\">r\u00e9solution <sup class=\"numerator\">32<\/sup>\u2044<sub class=\"denominator\">00<\/sub><\/a>, sign\u00e9e en 2000, mentionne que les membres doivent \u00ab\u202f<em>n\u00e9gocier conjointement des accords de nature commerciale avec des pays tiers<\/em>\u202f\u00bb et qu\u2019un membre \u00ab\u202f<em>ne peut pas signer des accords pr\u00e9f\u00e9rentiels qui n\u2019ont pas \u00e9t\u00e9 n\u00e9goci\u00e9s par le Mercosur<\/em>\u202f\u00bb. En ce qui concerne la r\u00e9solution, l\u2019Uruguay consid\u00e8re que la clause <sup class=\"numerator\">32<\/sup>\u2044<sub class=\"denominator\">00<\/sub> \u00ab\u202f<em>n\u2019est pas en vigueur, puisqu\u2019elle n\u2019a jamais \u00e9t\u00e9 internalis\u00e9e<\/em>\u202f\u00bb.<\/p>\n<p>N\u00e9anmoins, Montevideo, qui accueille le si\u00e8ge du bloc commercial, affirme rester un membre \u00e0 part enti\u00e8re du Mercosur.<\/p>\n<p>L\u2019annonce a \u00e9t\u00e9 faite la veille d\u2019un sommet virtuel entre les pr\u00e9sidents, marquant la fin de la pr\u00e9sidence semestrielle de l\u2019Argentine au sein du Mercosur. La direction sera transf\u00e9r\u00e9e au Br\u00e9sil.<\/p>\n<p><strong><a href=\"https:\/\/www.newsendip.com\/fr\/etiquette\/uruguay-fr\/\">D\u00e9couvrez plus d\u2019informations sur l\u2019Uruguay<\/a><\/strong><\/p>\n","protected":false},"excerpt":{"rendered":"<p>L\u2019Uruguay a d\u00e9cid\u00e9 de prendre ses distances avec le Mercosur en n\u00e9gociant directement avec des pays tiers, accentuant ainsi le d\u00e9saccord avec l\u2019Argentine sur la strat\u00e9gie des tarifs douaniers communs.<\/p>\n","protected":false},"author":1,"featured_media":33232,"comment_status":"closed","ping_status":"closed","sticky":false,"template":"","format":"standard","meta":{"wp_typography_post_enhancements_disabled":false,"footnotes":""},"categories":[414],"tags":[411,521],"class_list":["post-29784","post","type-post","status-publish","format-standard","has-post-thumbnail","hentry","category-economie","tag-actuel","tag-uruguay-fr"],"yoast_head":"<!-- This site is optimized with the Yoast SEO Premium plugin v27.4 (Yoast SEO v27.4) - https:\/\/yoast.com\/product\/yoast-seo-premium-wordpress\/ -->\n<title>L&#039;Uruguay n\u00e9gociera sans le Mercosur<\/title>\n<meta name=\"description\" content=\"L&#039;Uruguay a d\u00e9cid\u00e9 de prendre ses distances avec le Mercosur en n\u00e9gociant directement avec des pays tiers, accentuant ainsi le d\u00e9saccord avec l&#039;Argentine sur la strat\u00e9gie des tarifs douaniers communs.\" \/>\n<meta name=\"robots\" content=\"index, follow, max-snippet:-1, max-image-preview:large, max-video-preview:-1\" \/>\n<link rel=\"canonical\" href=\"https:\/\/www.newsendip.com\/fr\/luruguay-negociera-sans-le-mercosur\/\" \/>\n<meta property=\"og:locale\" content=\"fr_FR\" \/>\n<meta property=\"og:type\" content=\"article\" \/>\n<meta property=\"og:title\" content=\"L&#039;Uruguay n\u00e9gociera sans le Mercosur\" \/>\n<meta property=\"og:description\" content=\"L&#039;Uruguay a d\u00e9cid\u00e9 de prendre ses distances avec le Mercosur en n\u00e9gociant directement avec des pays tiers, accentuant ainsi le d\u00e9saccord avec l&#039;Argentine sur la strat\u00e9gie des tarifs douaniers communs.\" \/>\n<meta property=\"og:url\" content=\"https:\/\/www.newsendip.com\/fr\/luruguay-negociera-sans-le-mercosur\/\" \/>\n<meta property=\"og:site_name\" content=\"Newsendip\" \/>\n<meta property=\"article:publisher\" content=\"https:\/\/www.facebook.com\/newsendip\" \/>\n<meta property=\"article:published_time\" content=\"2021-07-08T13:30:00+00:00\" \/>\n<meta property=\"article:modified_time\" content=\"2024-07-23T15:46:14+00:00\" \/>\n<meta property=\"og:image\" content=\"https:\/\/www.newsendip.com\/wp-content\/uploads\/2023\/11\/mercosul-min.jpeg\" \/>\n\t<meta property=\"og:image:width\" content=\"2047\" \/>\n\t<meta property=\"og:image:height\" content=\"1365\" \/>\n\t<meta property=\"og:image:type\" content=\"image\/jpeg\" \/>\n<meta name=\"author\" content=\"Cl\u00e9ment V\u00e9rit\u00e9\" \/>\n<meta name=\"twitter:card\" content=\"summary_large_image\" \/>\n<meta name=\"twitter:image\" content=\"https:\/\/www.newsendip.com\/wp-content\/uploads\/2023\/11\/mercosul-min.jpeg\" \/>\n<meta name=\"twitter:creator\" content=\"@https:\/\/twitter.com\/cverite\" \/>\n<meta name=\"twitter:site\" content=\"@newsendip\" \/>\n<meta name=\"twitter:label1\" content=\"\u00c9crit par\" \/>\n\t<meta name=\"twitter:data1\" content=\"Cl\u00e9ment V\u00e9rit\u00e9\" \/>\n\t<meta name=\"twitter:label2\" content=\"Dur\u00e9e de lecture estim\u00e9e\" \/>\n\t<meta name=\"twitter:data2\" content=\"4 minutes\" \/>\n<!-- \/ Yoast SEO Premium plugin. -->","yoast_head_json":{"title":"L'Uruguay n\u00e9gociera sans le Mercosur","description":"L'Uruguay a d\u00e9cid\u00e9 de prendre ses distances avec le Mercosur en n\u00e9gociant directement avec des pays tiers, accentuant ainsi le d\u00e9saccord avec l'Argentine sur la strat\u00e9gie des tarifs douaniers communs.","robots":{"index":"index","follow":"follow","max-snippet":"max-snippet:-1","max-image-preview":"max-image-preview:large","max-video-preview":"max-video-preview:-1"},"canonical":"https:\/\/www.newsendip.com\/fr\/luruguay-negociera-sans-le-mercosur\/","og_locale":"fr_FR","og_type":"article","og_title":"L'Uruguay n\u00e9gociera sans le Mercosur","og_description":"L'Uruguay a d\u00e9cid\u00e9 de prendre ses distances avec le Mercosur en n\u00e9gociant directement avec des pays tiers, accentuant ainsi le d\u00e9saccord avec l'Argentine sur la strat\u00e9gie des tarifs douaniers communs.","og_url":"https:\/\/www.newsendip.com\/fr\/luruguay-negociera-sans-le-mercosur\/","og_site_name":"Newsendip","article_publisher":"https:\/\/www.facebook.com\/newsendip","article_published_time":"2021-07-08T13:30:00+00:00","article_modified_time":"2024-07-23T15:46:14+00:00","og_image":[{"width":2047,"height":1365,"url":"https:\/\/www.newsendip.com\/wp-content\/uploads\/2023\/11\/mercosul-min.jpeg","type":"image\/jpeg"}],"author":"Cl\u00e9ment V\u00e9rit\u00e9","twitter_card":"summary_large_image","twitter_image":"https:\/\/www.newsendip.com\/wp-content\/uploads\/2023\/11\/mercosul-min.jpeg","twitter_creator":"@https:\/\/twitter.com\/cverite","twitter_site":"@newsendip","twitter_misc":{"\u00c9crit par":"Cl\u00e9ment V\u00e9rit\u00e9","Dur\u00e9e de lecture estim\u00e9e":"4 minutes"},"schema":{"@context":"https:\/\/schema.org","@graph":[{"@type":"NewsArticle","@id":"https:\/\/www.newsendip.com\/fr\/luruguay-negociera-sans-le-mercosur\/#article","isPartOf":{"@id":"https:\/\/www.newsendip.com\/fr\/luruguay-negociera-sans-le-mercosur\/"},"author":{"name":"Cl\u00e9ment V\u00e9rit\u00e9","@id":"https:\/\/www.newsendip.com\/fr\/#\/schema\/person\/ea22c01755f464a3cbc2c619584d6363"},"headline":"L\u2019Uruguay n\u00e9gociera sans le Mercosur","datePublished":"2021-07-08T13:30:00+00:00","dateModified":"2024-07-23T15:46:14+00:00","mainEntityOfPage":{"@id":"https:\/\/www.newsendip.com\/fr\/luruguay-negociera-sans-le-mercosur\/"},"wordCount":815,"publisher":{"@id":"https:\/\/www.newsendip.com\/fr\/#organization"},"image":{"@id":"https:\/\/www.newsendip.com\/fr\/luruguay-negociera-sans-le-mercosur\/#primaryimage"},"thumbnailUrl":"https:\/\/www.newsendip.com\/wp-content\/uploads\/2023\/11\/mercosul.webp","keywords":["Actuel","Uruguay"],"articleSection":["\u00c9conomie"],"inLanguage":"fr-FR","copyrightYear":"2021","copyrightHolder":{"@id":"https:\/\/www.newsendip.com\/#organization"}},{"@type":"WebPage","@id":"https:\/\/www.newsendip.com\/fr\/luruguay-negociera-sans-le-mercosur\/","url":"https:\/\/www.newsendip.com\/fr\/luruguay-negociera-sans-le-mercosur\/","name":"L'Uruguay n\u00e9gociera sans le Mercosur","isPartOf":{"@id":"https:\/\/www.newsendip.com\/fr\/#website"},"primaryImageOfPage":{"@id":"https:\/\/www.newsendip.com\/fr\/luruguay-negociera-sans-le-mercosur\/#primaryimage"},"image":{"@id":"https:\/\/www.newsendip.com\/fr\/luruguay-negociera-sans-le-mercosur\/#primaryimage"},"thumbnailUrl":"https:\/\/www.newsendip.com\/wp-content\/uploads\/2023\/11\/mercosul.webp","datePublished":"2021-07-08T13:30:00+00:00","dateModified":"2024-07-23T15:46:14+00:00","description":"L'Uruguay a d\u00e9cid\u00e9 de prendre ses distances avec le Mercosur en n\u00e9gociant directement avec des pays tiers, accentuant ainsi le d\u00e9saccord avec l'Argentine sur la strat\u00e9gie des tarifs douaniers communs.","breadcrumb":{"@id":"https:\/\/www.newsendip.com\/fr\/luruguay-negociera-sans-le-mercosur\/#breadcrumb"},"inLanguage":"fr-FR","potentialAction":[{"@type":"ReadAction","target":["https:\/\/www.newsendip.com\/fr\/luruguay-negociera-sans-le-mercosur\/"]}]},{"@type":"ImageObject","inLanguage":"fr-FR","@id":"https:\/\/www.newsendip.com\/fr\/luruguay-negociera-sans-le-mercosur\/#primaryimage","url":"https:\/\/www.newsendip.com\/wp-content\/uploads\/2023\/11\/mercosul.webp","contentUrl":"https:\/\/www.newsendip.com\/wp-content\/uploads\/2023\/11\/mercosul.webp","width":2047,"height":1365,"caption":"\u00a9 MERCOSUR | MERCOSUL"},{"@type":"BreadcrumbList","@id":"https:\/\/www.newsendip.com\/fr\/luruguay-negociera-sans-le-mercosur\/#breadcrumb","itemListElement":[{"@type":"ListItem","position":1,"name":"Accueil","item":"https:\/\/www.newsendip.com\/fr\/"},{"@type":"ListItem","position":2,"name":"L&#8217;Uruguay n\u00e9gociera sans le Mercosur"}]},{"@type":"WebSite","@id":"https:\/\/www.newsendip.com\/fr\/#website","url":"https:\/\/www.newsendip.com\/fr\/","name":"Newsendip","description":"Red\u00e9couvrez l&#039;actualit\u00e9 internationale","publisher":{"@id":"https:\/\/www.newsendip.com\/fr\/#organization"},"potentialAction":[{"@type":"SearchAction","target":{"@type":"EntryPoint","urlTemplate":"https:\/\/www.newsendip.com\/fr\/?s={search_term_string}"},"query-input":{"@type":"PropertyValueSpecification","valueRequired":true,"valueName":"search_term_string"}}],"inLanguage":"fr-FR"},{"@type":"Organization","@id":"https:\/\/www.newsendip.com\/fr\/#organization","name":"Newsendip","url":"https:\/\/www.newsendip.com\/fr\/","logo":{"@type":"ImageObject","inLanguage":"fr-FR","@id":"https:\/\/www.newsendip.com\/fr\/#\/schema\/logo\/image\/","url":"https:\/\/www.newsendip.com\/wp-content\/uploads\/2023\/12\/512x512.svg","contentUrl":"https:\/\/www.newsendip.com\/wp-content\/uploads\/2023\/12\/512x512.svg","width":1,"height":1,"caption":"Newsendip"},"image":{"@id":"https:\/\/www.newsendip.com\/fr\/#\/schema\/logo\/image\/"},"sameAs":["https:\/\/www.facebook.com\/newsendip","https:\/\/x.com\/newsendip","https:\/\/mastodon.social\/@newsendip","https:\/\/www.linkedin.com\/company\/newsendip"],"description":"Newsendip est un site qui a pour mission de rendre l'actualit\u00e9 internationale accessible et diversifi\u00e9e","email":"contact@newsendip.com","legalName":"Newsendip SAS","foundingDate":"2022-11-04","vatID":"FR60921124723","numberOfEmployees":{"@type":"QuantitativeValue","minValue":"1","maxValue":"10"},"publishingPrinciples":"https:\/\/www.newsendip.com\/about-us\/","ownershipFundingInfo":"https:\/\/www.newsendip.com\/legal-notice\/","actionableFeedbackPolicy":"https:\/\/www.newsendip.com\/about-us\/","correctionsPolicy":"https:\/\/www.newsendip.com\/about-us\/","ethicsPolicy":"https:\/\/www.newsendip.com\/about-us\/","diversityPolicy":"https:\/\/www.newsendip.com\/about-us\/"},{"@type":"Person","@id":"https:\/\/www.newsendip.com\/fr\/#\/schema\/person\/ea22c01755f464a3cbc2c619584d6363","name":"Cl\u00e9ment V\u00e9rit\u00e9","description":"Cl\u00e9ment is the executive editor and founder of Newsendip. He started in the media industry as a freelance reporter at 16 for a local French newspaper after school and has never left it. He later worked for seven years at The New York Times, notably as a data analyst. He holds a Master of Management in France and a Master of Arts in the United Kingdom in International Marketing &amp; Communications Strategy. He has lived in France, the United Kingdom, and Italy.","sameAs":["https:\/\/www.newsendip.com\/","https:\/\/www.linkedin.com\/in\/clementverite\/","https:\/\/x.com\/https:\/\/twitter.com\/cverite"],"knowsAbout":["News","International","Business","Media monitoring"],"knowsLanguage":["English","French","Italian","Spanish"],"url":"https:\/\/www.newsendip.com\/fr\/author\/clement-verite\/"}]}},"_links":{"self":[{"href":"https:\/\/www.newsendip.com\/fr\/wp-json\/wp\/v2\/posts\/29784","targetHints":{"allow":["GET"]}}],"collection":[{"href":"https:\/\/www.newsendip.com\/fr\/wp-json\/wp\/v2\/posts"}],"about":[{"href":"https:\/\/www.newsendip.com\/fr\/wp-json\/wp\/v2\/types\/post"}],"author":[{"embeddable":true,"href":"https:\/\/www.newsendip.com\/fr\/wp-json\/wp\/v2\/users\/1"}],"replies":[{"embeddable":true,"href":"https:\/\/www.newsendip.com\/fr\/wp-json\/wp\/v2\/comments?post=29784"}],"version-history":[{"count":0,"href":"https:\/\/www.newsendip.com\/fr\/wp-json\/wp\/v2\/posts\/29784\/revisions"}],"wp:featuredmedia":[{"embeddable":true,"href":"https:\/\/www.newsendip.com\/fr\/wp-json\/wp\/v2\/media\/33232"}],"wp:attachment":[{"href":"https:\/\/www.newsendip.com\/fr\/wp-json\/wp\/v2\/media?parent=29784"}],"wp:term":[{"taxonomy":"category","embeddable":true,"href":"https:\/\/www.newsendip.com\/fr\/wp-json\/wp\/v2\/categories?post=29784"},{"taxonomy":"post_tag","embeddable":true,"href":"https:\/\/www.newsendip.com\/fr\/wp-json\/wp\/v2\/tags?post=29784"}],"curies":[{"name":"wp","href":"https:\/\/api.w.org\/{rel}","templated":true}]}}