{"id":29789,"date":"2021-09-27T20:00:00","date_gmt":"2021-09-27T18:00:00","guid":{"rendered":"https:\/\/www.newsendip.com\/?p=29789"},"modified":"2024-07-05T12:49:06","modified_gmt":"2024-07-05T10:49:06","slug":"la-suisse-refuse-daugmenter-les-taxes-sur-les-revenus-du-capital","status":"publish","type":"post","link":"https:\/\/www.newsendip.com\/fr\/la-suisse-refuse-daugmenter-les-taxes-sur-les-revenus-du-capital\/","title":{"rendered":"La Suisse refuse d\u2019augmenter les taxes sur les revenus du capital"},"content":{"rendered":"<p><strong>Alors que la Suisse vient d\u2019approuver le mariage homosexuel, les Suisses ont aussi largement rejet\u00e9 un vague projet de loi visant \u00e0 taxer les riches.<br>\n<\/strong><\/p>\n<figure id=\"attachment_13698\" aria-describedby=\"caption-attachment-13698\" style=\"width: 588px\" class=\"wp-caption aligncenter\"><img decoding=\"async\" class=\"size-full wp-image-13698\" src=\"https:\/\/www.newsendip.com\/wp-content\/uploads\/2021\/09\/tax-rich-switzerland-popular-initiative-progressive.jpeg\" alt=\"billets de Francs suisses\" width=\"588\" height=\"331\" srcset=\"https:\/\/www.newsendip.com\/wp-content\/uploads\/2021\/09\/tax-rich-switzerland-popular-initiative-progressive.jpeg 588w, https:\/\/www.newsendip.com\/wp-content\/uploads\/2021\/09\/tax-rich-switzerland-popular-initiative-progressive-60x34.jpeg 60w, https:\/\/www.newsendip.com\/wp-content\/uploads\/2021\/09\/tax-rich-switzerland-popular-initiative-progressive-300x169.jpeg 300w\" sizes=\"(max-width: 588px) 100vw, 588px\"><figcaption id=\"caption-attachment-13698\" class=\"wp-caption-text\">La Suisse a \u00e9galement rejet\u00e9 une vague proposition de loi visant \u00e0 taxer davantage les revenus du capital que ceux du travail<\/figcaption><\/figure>\n<p>Chaque trimestre, les citoyens suisses peuvent voter sur les lois \u00e0 mettre en \u0153uvre dans le pays. Le 26 septembre, la Suisse a vot\u00e9 et approuv\u00e9 l\u2019initiative \u00ab\u202fMariage pour tous\u202f\u00bb, ce qui en fait l\u2019un des derniers pays europ\u00e9ens \u00e0 l\u00e9galiser les <a href=\"https:\/\/www.newsendip.com\/fr\/une-resolution-du-parlement-europeen-approuve-les-mariages-entre-personnes-de-meme-sexe\/\">mariages entre personnes de m\u00eame sexe<\/a>.<\/p>\n<p>Mais les \u00e9lecteurs suisses ont \u00e9galement vot\u00e9 sur une autre proposition de loi, une initiative populaire f\u00e9d\u00e9rale intitul\u00e9e \u00ab\u202f<a href=\"https:\/\/www.admin.ch\/gov\/fr\/accueil\/documentation\/votations\/20210926\/initiative-populaire-alleger-les-impots-sur-les-salaires-imposer-equitablement-le-capital.html\">All\u00e9ger les imp\u00f4ts sur les salaires, imposer \u00e9quitablement le capital<\/a>\u202f\u00bb.<\/p>\n<p>Et tous les districts de Suisse sans exception l\u2019ont rejet\u00e9e, avec 65\u202f% de voix contre le texte. Cela repr\u00e9sente 1,8 million de voix contre et 987 000 voix en faveur du r\u00e9gime fiscal propos\u00e9.<\/p>\n<p>Malgr\u00e9 la d\u00e9faite, les Jeunes Socialistes, qui ont pr\u00e9sent\u00e9 la loi, se veulent optimistes car <em>\u00ab\u202fpendant des semaines, nous avons r\u00e9ussi a installer les in\u00e9galit\u00e9s et la justice fiscale au c\u0153ur du d\u00e9bat public<\/em>\u202f\u00bb, ont-ils <a href=\"https:\/\/twitter.com\/JSSuisse\/status\/1442098029016854529\">tweet\u00e9 apr\u00e8s les r\u00e9sultats<\/a>.<strong><br>\n<\/strong><\/p>\n<p>L\u2019initiative, \u00e9galement appel\u00e9e 99%, visait \u00e0 taxer davantage les revenus du capital et du patrimoine que les revenus du travail. Si elle \u00e9tait adopt\u00e9e, les revenus du capital d\u00e9passant un certain montant auraient un poids plus important \u2013 en subissant un multiplicateur de 1,5 \u2013 dans le calcul des imp\u00f4ts.<\/p>\n<p>Mais le texte \u00e9tait flou. Il ne d\u00e9finissait pas de seuil pour l\u2019application de la loi, l\u2019assembl\u00e9e aurait \u00e9t\u00e9 charg\u00e9e de le d\u00e9finir, ni ne pr\u00e9cisait clairement quels revenus sont consid\u00e9r\u00e9s comme provenant du capital.<\/p>\n<h2>La Suisse, un pays dans la moyene pour les \u00e9carts de richesse<\/h2>\n<p><!--more--><\/p>\n<p>L\u2019assembl\u00e9e f\u00e9d\u00e9rale, qui d\u00e9tient le pouvoir l\u00e9gislatif de la Suisse, et le conseil f\u00e9d\u00e9ral ont <a href=\"https:\/\/www.youtube.com\/watch?v=6rf4jcVG4Dk\">appel\u00e9 \u00e0 voter contre l\u2019initiative<\/a>. Si elle avait \u00e9t\u00e9 adopt\u00e9e, l\u2019initiative aurait \u00e9t\u00e9 appliqu\u00e9e malgr\u00e9 leur&nbsp;avis.<\/p>\n<p>Ils estimaient que les revenus du capital \u00e9taient d\u00e9j\u00e0 lourdement tax\u00e9s. Ils ont \u00e9galement affirm\u00e9 que l\u2019initiative aurait un impact n\u00e9gatif sur <a href=\"https:\/\/www.newsendip.com\/fr\/economie\/\">l\u2019\u00e9conomie<\/a>, r\u00e9duirait l\u2019incitation \u00e0 \u00e9pargner et a fait valoir que le pays disposait d\u00e9j\u00e0 d\u2019une assez bonne <a href=\"https:\/\/www.newsendip.com\/fr\/lafrique-du-sud-le-pays-le-plus-inegalitaire-au-monde-selon-la-banque-mondiale\/\">redistribution des richesses<\/a>.<\/p>\n<p>Sur la base de l<a href=\"https:\/\/worldpopulationreview.com\/country-rankings\/wealth-inequality-by-country\">\u2019indice de Gini<\/a>, la Suisse se classe en 65\u00e8me position pour l\u2019\u00e9galit\u00e9 des richesses, ce qui la place dans la premi\u00e8re moiti\u00e9 des pays. <a href=\"https:\/\/www.newsendip.com\/fr\/lafrique-du-sud-le-pays-le-plus-inegalitaire-au-monde-selon-la-banque-mondiale\/\">L\u2019Afrique du Sud est consid\u00e9r\u00e9e comme ayant la plus grande in\u00e9galit\u00e9 de richesse au monde<\/a>.<\/p>\n<p>Selon le rapport annuel <a href=\"https:\/\/www.newsendip.com\/fr\/le-revenu-des-menages-sud-americains-ont-le-plus-souffert-de-la-pandemie-de-covid-19\/\">Global wealth publi\u00e9 par le Credit Suisse<\/a> en juin 2021, c\u2019est en Suisse que la richesse totale des m\u00e9nages dans le monde a le plus augment\u00e9, avec un gain de plus de 50 000 dollars en un&nbsp;an.<\/p>\n<h2>Les Suisses approuvent rarement les initiatives populaires f\u00e9d\u00e9rales<\/h2>\n<p>C\u2019est la troisi\u00e8me initiative des Jeunes Socialistes que les citoyens suisses ont rejet\u00e9e en 8&nbsp;ans.<\/p>\n<p>En 2013, les Jeunes socialistes ont demand\u00e9 que les salaires des cadres sup\u00e9rieurs des entreprises ne d\u00e9passent pas 12 fois le salaire des employ\u00e9s les moins bien pay\u00e9s. En 2016, ils ont lanc\u00e9 une autre initiative concernant la<a href=\"https:\/\/www.newsendip.com\/fr\/huile-en-indonesie-entre-penuries-flambee-des-prix-et-une-supposee-mafia\/\"> sp\u00e9culation sur les prix des<\/a> denr\u00e9es alimentaires.<\/p>\n<p>La population a historiquement pour habitude de rejeter les initiatives proposant de taxer les riches en Suisse. De plus, les Suisses n\u2019approuvent g\u00e9n\u00e9ralement que 10\u202f% des initiatives populaires qui leur sont pr\u00e9sent\u00e9es.<\/p>\n<p>Le parti des Jeunes Socialistes pr\u00e9voit \u00e9galement de proposer une autre loi qui consisterait \u00e0 <a href=\"https:\/\/www.swissinfo.ch\/fre\/taxer-les-plus-riches--une-id%C3%A9e-qui-n-emballe-pas-les-suisses\/46969596\">plafonner la fortune des individus<\/a> \u00e0 100 millions de francs suisses (108 millions de dollars) et \u00e0 investir l\u2019exc\u00e9dent dans la lutte contre le <a href=\"https:\/\/www.newsendip.com\/fr\/la-suisse-rejette-des-lois-sur-le-climat\/\">changement climatique<\/a>.<\/p>\n<p><strong><a href=\"https:\/\/www.newsendip.com\/fr\/etiquette\/suisse\/\">D\u00e9couvrez plus d\u2019actualit\u00e9s sur la Suisse<\/a><\/strong><\/p>\n","protected":false},"excerpt":{"rendered":"<p>Alors que la Suisse vient d\u2019approuver le mariage homosexuel, les Suisses ont aussi largement rejet\u00e9 un vague projet de loi visant \u00e0 taxer les riches.<\/p>\n","protected":false},"author":1,"featured_media":13698,"comment_status":"closed","ping_status":"closed","sticky":false,"template":"","format":"standard","meta":{"wp_typography_post_enhancements_disabled":false,"footnotes":""},"categories":[409],"tags":[449,421],"class_list":["post-29789","post","type-post","status-publish","format-standard","has-post-thumbnail","hentry","category-societe","tag-suisse","tag-vieux"],"yoast_head":"<!-- This site is optimized with the Yoast SEO Premium plugin v27.4 (Yoast SEO v27.4) - https:\/\/yoast.com\/product\/yoast-seo-premium-wordpress\/ -->\n<title>La Suisse refuse d&#039;augmenter les taxes sur les revenus du capital<\/title>\n<meta name=\"description\" content=\"Alors que la Suisse vient d&#039;approuver le mariage homosexuel, les Suisses ont aussi largement rejet\u00e9 un vague projet de loi visant \u00e0 taxer les riches.\" \/>\n<meta name=\"robots\" content=\"index, follow, max-snippet:-1, max-image-preview:large, max-video-preview:-1\" \/>\n<link rel=\"canonical\" href=\"https:\/\/www.newsendip.com\/fr\/la-suisse-refuse-daugmenter-les-taxes-sur-les-revenus-du-capital\/\" \/>\n<meta property=\"og:locale\" content=\"fr_FR\" \/>\n<meta property=\"og:type\" content=\"article\" \/>\n<meta property=\"og:title\" content=\"La Suisse refuse d&#039;augmenter les taxes sur les revenus du capital\" \/>\n<meta property=\"og:description\" content=\"Alors que la Suisse vient d&#039;approuver le mariage homosexuel, les Suisses ont aussi largement rejet\u00e9 un vague projet de loi visant \u00e0 taxer les riches.\" \/>\n<meta property=\"og:url\" content=\"https:\/\/www.newsendip.com\/fr\/la-suisse-refuse-daugmenter-les-taxes-sur-les-revenus-du-capital\/\" \/>\n<meta property=\"og:site_name\" content=\"Newsendip\" \/>\n<meta property=\"article:publisher\" content=\"https:\/\/www.facebook.com\/newsendip\" \/>\n<meta property=\"article:published_time\" content=\"2021-09-27T18:00:00+00:00\" \/>\n<meta property=\"article:modified_time\" content=\"2024-07-05T10:49:06+00:00\" \/>\n<meta property=\"og:image\" content=\"https:\/\/www.newsendip.com\/wp-content\/uploads\/2021\/09\/tax-rich-switzerland-popular-initiative-progressive.jpeg\" \/>\n\t<meta property=\"og:image:width\" content=\"588\" \/>\n\t<meta property=\"og:image:height\" content=\"331\" \/>\n\t<meta property=\"og:image:type\" content=\"image\/jpeg\" \/>\n<meta name=\"author\" content=\"Cl\u00e9ment V\u00e9rit\u00e9\" \/>\n<meta name=\"twitter:card\" content=\"summary_large_image\" \/>\n<meta name=\"twitter:creator\" content=\"@https:\/\/twitter.com\/cverite\" \/>\n<meta name=\"twitter:site\" content=\"@newsendip\" \/>\n<meta name=\"twitter:label1\" content=\"\u00c9crit par\" \/>\n\t<meta name=\"twitter:data1\" content=\"Cl\u00e9ment V\u00e9rit\u00e9\" \/>\n\t<meta name=\"twitter:label2\" content=\"Dur\u00e9e de lecture estim\u00e9e\" \/>\n\t<meta name=\"twitter:data2\" content=\"4 minutes\" \/>\n<!-- \/ Yoast SEO Premium plugin. -->","yoast_head_json":{"title":"La Suisse refuse d'augmenter les taxes sur les revenus du capital","description":"Alors que la Suisse vient d'approuver le mariage homosexuel, les Suisses ont aussi largement rejet\u00e9 un vague projet de loi visant \u00e0 taxer les riches.","robots":{"index":"index","follow":"follow","max-snippet":"max-snippet:-1","max-image-preview":"max-image-preview:large","max-video-preview":"max-video-preview:-1"},"canonical":"https:\/\/www.newsendip.com\/fr\/la-suisse-refuse-daugmenter-les-taxes-sur-les-revenus-du-capital\/","og_locale":"fr_FR","og_type":"article","og_title":"La Suisse refuse d'augmenter les taxes sur les revenus du capital","og_description":"Alors que la Suisse vient d'approuver le mariage homosexuel, les Suisses ont aussi largement rejet\u00e9 un vague projet de loi visant \u00e0 taxer les riches.","og_url":"https:\/\/www.newsendip.com\/fr\/la-suisse-refuse-daugmenter-les-taxes-sur-les-revenus-du-capital\/","og_site_name":"Newsendip","article_publisher":"https:\/\/www.facebook.com\/newsendip","article_published_time":"2021-09-27T18:00:00+00:00","article_modified_time":"2024-07-05T10:49:06+00:00","og_image":[{"width":588,"height":331,"url":"https:\/\/www.newsendip.com\/wp-content\/uploads\/2021\/09\/tax-rich-switzerland-popular-initiative-progressive.jpeg","type":"image\/jpeg"}],"author":"Cl\u00e9ment V\u00e9rit\u00e9","twitter_card":"summary_large_image","twitter_creator":"@https:\/\/twitter.com\/cverite","twitter_site":"@newsendip","twitter_misc":{"\u00c9crit par":"Cl\u00e9ment V\u00e9rit\u00e9","Dur\u00e9e de lecture estim\u00e9e":"4 minutes"},"schema":{"@context":"https:\/\/schema.org","@graph":[{"@type":"NewsArticle","@id":"https:\/\/www.newsendip.com\/fr\/la-suisse-refuse-daugmenter-les-taxes-sur-les-revenus-du-capital\/#article","isPartOf":{"@id":"https:\/\/www.newsendip.com\/fr\/la-suisse-refuse-daugmenter-les-taxes-sur-les-revenus-du-capital\/"},"author":{"name":"Cl\u00e9ment V\u00e9rit\u00e9","@id":"https:\/\/www.newsendip.com\/fr\/#\/schema\/person\/ea22c01755f464a3cbc2c619584d6363"},"headline":"La Suisse refuse d\u2019augmenter les taxes sur les revenus du capital","datePublished":"2021-09-27T18:00:00+00:00","dateModified":"2024-07-05T10:49:06+00:00","mainEntityOfPage":{"@id":"https:\/\/www.newsendip.com\/fr\/la-suisse-refuse-daugmenter-les-taxes-sur-les-revenus-du-capital\/"},"wordCount":682,"publisher":{"@id":"https:\/\/www.newsendip.com\/fr\/#organization"},"image":{"@id":"https:\/\/www.newsendip.com\/fr\/la-suisse-refuse-daugmenter-les-taxes-sur-les-revenus-du-capital\/#primaryimage"},"thumbnailUrl":"https:\/\/www.newsendip.com\/wp-content\/uploads\/2021\/09\/tax-rich-switzerland-popular-initiative-progressive.jpeg","keywords":["Suisse","Vieux"],"articleSection":["Soci\u00e9t\u00e9"],"inLanguage":"fr-FR","copyrightYear":"2021","copyrightHolder":{"@id":"https:\/\/www.newsendip.com\/#organization"}},{"@type":"WebPage","@id":"https:\/\/www.newsendip.com\/fr\/la-suisse-refuse-daugmenter-les-taxes-sur-les-revenus-du-capital\/","url":"https:\/\/www.newsendip.com\/fr\/la-suisse-refuse-daugmenter-les-taxes-sur-les-revenus-du-capital\/","name":"La Suisse refuse d'augmenter les taxes sur les revenus du capital","isPartOf":{"@id":"https:\/\/www.newsendip.com\/fr\/#website"},"primaryImageOfPage":{"@id":"https:\/\/www.newsendip.com\/fr\/la-suisse-refuse-daugmenter-les-taxes-sur-les-revenus-du-capital\/#primaryimage"},"image":{"@id":"https:\/\/www.newsendip.com\/fr\/la-suisse-refuse-daugmenter-les-taxes-sur-les-revenus-du-capital\/#primaryimage"},"thumbnailUrl":"https:\/\/www.newsendip.com\/wp-content\/uploads\/2021\/09\/tax-rich-switzerland-popular-initiative-progressive.jpeg","datePublished":"2021-09-27T18:00:00+00:00","dateModified":"2024-07-05T10:49:06+00:00","description":"Alors que la Suisse vient d'approuver le mariage homosexuel, les Suisses ont aussi largement rejet\u00e9 un vague projet de loi visant \u00e0 taxer les riches.","breadcrumb":{"@id":"https:\/\/www.newsendip.com\/fr\/la-suisse-refuse-daugmenter-les-taxes-sur-les-revenus-du-capital\/#breadcrumb"},"inLanguage":"fr-FR","potentialAction":[{"@type":"ReadAction","target":["https:\/\/www.newsendip.com\/fr\/la-suisse-refuse-daugmenter-les-taxes-sur-les-revenus-du-capital\/"]}]},{"@type":"ImageObject","inLanguage":"fr-FR","@id":"https:\/\/www.newsendip.com\/fr\/la-suisse-refuse-daugmenter-les-taxes-sur-les-revenus-du-capital\/#primaryimage","url":"https:\/\/www.newsendip.com\/wp-content\/uploads\/2021\/09\/tax-rich-switzerland-popular-initiative-progressive.jpeg","contentUrl":"https:\/\/www.newsendip.com\/wp-content\/uploads\/2021\/09\/tax-rich-switzerland-popular-initiative-progressive.jpeg","width":588,"height":331,"caption":"La Suisse a \u00e9galement rejet\u00e9 une vague proposition de loi visant \u00e0 taxer davantage les revenus du capital que ceux du travail"},{"@type":"BreadcrumbList","@id":"https:\/\/www.newsendip.com\/fr\/la-suisse-refuse-daugmenter-les-taxes-sur-les-revenus-du-capital\/#breadcrumb","itemListElement":[{"@type":"ListItem","position":1,"name":"Accueil","item":"https:\/\/www.newsendip.com\/fr\/"},{"@type":"ListItem","position":2,"name":"La Suisse refuse d&#8217;augmenter les taxes sur les revenus du capital"}]},{"@type":"WebSite","@id":"https:\/\/www.newsendip.com\/fr\/#website","url":"https:\/\/www.newsendip.com\/fr\/","name":"Newsendip","description":"Red\u00e9couvrez l&#039;actualit\u00e9 internationale","publisher":{"@id":"https:\/\/www.newsendip.com\/fr\/#organization"},"potentialAction":[{"@type":"SearchAction","target":{"@type":"EntryPoint","urlTemplate":"https:\/\/www.newsendip.com\/fr\/?s={search_term_string}"},"query-input":{"@type":"PropertyValueSpecification","valueRequired":true,"valueName":"search_term_string"}}],"inLanguage":"fr-FR"},{"@type":"Organization","@id":"https:\/\/www.newsendip.com\/fr\/#organization","name":"Newsendip","url":"https:\/\/www.newsendip.com\/fr\/","logo":{"@type":"ImageObject","inLanguage":"fr-FR","@id":"https:\/\/www.newsendip.com\/fr\/#\/schema\/logo\/image\/","url":"https:\/\/www.newsendip.com\/wp-content\/uploads\/2023\/12\/512x512.svg","contentUrl":"https:\/\/www.newsendip.com\/wp-content\/uploads\/2023\/12\/512x512.svg","width":1,"height":1,"caption":"Newsendip"},"image":{"@id":"https:\/\/www.newsendip.com\/fr\/#\/schema\/logo\/image\/"},"sameAs":["https:\/\/www.facebook.com\/newsendip","https:\/\/x.com\/newsendip","https:\/\/mastodon.social\/@newsendip","https:\/\/www.linkedin.com\/company\/newsendip"],"description":"Newsendip est un site qui a pour mission de rendre l'actualit\u00e9 internationale accessible et diversifi\u00e9e","email":"contact@newsendip.com","legalName":"Newsendip SAS","foundingDate":"2022-11-04","vatID":"FR60921124723","numberOfEmployees":{"@type":"QuantitativeValue","minValue":"1","maxValue":"10"},"publishingPrinciples":"https:\/\/www.newsendip.com\/about-us\/","ownershipFundingInfo":"https:\/\/www.newsendip.com\/legal-notice\/","actionableFeedbackPolicy":"https:\/\/www.newsendip.com\/about-us\/","correctionsPolicy":"https:\/\/www.newsendip.com\/about-us\/","ethicsPolicy":"https:\/\/www.newsendip.com\/about-us\/","diversityPolicy":"https:\/\/www.newsendip.com\/about-us\/"},{"@type":"Person","@id":"https:\/\/www.newsendip.com\/fr\/#\/schema\/person\/ea22c01755f464a3cbc2c619584d6363","name":"Cl\u00e9ment V\u00e9rit\u00e9","description":"Cl\u00e9ment is the executive editor and founder of Newsendip. He started in the media industry as a freelance reporter at 16 for a local French newspaper after school and has never left it. He later worked for seven years at The New York Times, notably as a data analyst. He holds a Master of Management in France and a Master of Arts in the United Kingdom in International Marketing &amp; Communications Strategy. He has lived in France, the United Kingdom, and Italy.","sameAs":["https:\/\/www.newsendip.com\/","https:\/\/www.linkedin.com\/in\/clementverite\/","https:\/\/x.com\/https:\/\/twitter.com\/cverite"],"knowsAbout":["News","International","Business","Media monitoring"],"knowsLanguage":["English","French","Italian","Spanish"],"url":"https:\/\/www.newsendip.com\/fr\/author\/clement-verite\/"}]}},"_links":{"self":[{"href":"https:\/\/www.newsendip.com\/fr\/wp-json\/wp\/v2\/posts\/29789","targetHints":{"allow":["GET"]}}],"collection":[{"href":"https:\/\/www.newsendip.com\/fr\/wp-json\/wp\/v2\/posts"}],"about":[{"href":"https:\/\/www.newsendip.com\/fr\/wp-json\/wp\/v2\/types\/post"}],"author":[{"embeddable":true,"href":"https:\/\/www.newsendip.com\/fr\/wp-json\/wp\/v2\/users\/1"}],"replies":[{"embeddable":true,"href":"https:\/\/www.newsendip.com\/fr\/wp-json\/wp\/v2\/comments?post=29789"}],"version-history":[{"count":0,"href":"https:\/\/www.newsendip.com\/fr\/wp-json\/wp\/v2\/posts\/29789\/revisions"}],"wp:featuredmedia":[{"embeddable":true,"href":"https:\/\/www.newsendip.com\/fr\/wp-json\/wp\/v2\/media\/13698"}],"wp:attachment":[{"href":"https:\/\/www.newsendip.com\/fr\/wp-json\/wp\/v2\/media?parent=29789"}],"wp:term":[{"taxonomy":"category","embeddable":true,"href":"https:\/\/www.newsendip.com\/fr\/wp-json\/wp\/v2\/categories?post=29789"},{"taxonomy":"post_tag","embeddable":true,"href":"https:\/\/www.newsendip.com\/fr\/wp-json\/wp\/v2\/tags?post=29789"}],"curies":[{"name":"wp","href":"https:\/\/api.w.org\/{rel}","templated":true}]}}