{"id":29800,"date":"2021-07-01T21:00:00","date_gmt":"2021-07-01T19:00:00","guid":{"rendered":"https:\/\/www.newsendip.com\/?p=29800"},"modified":"2024-07-16T22:03:13","modified_gmt":"2024-07-16T20:03:13","slug":"la-violence-frappe-le-parlement-tunisien-a-propos-dun-fonds-qatari","status":"publish","type":"post","link":"https:\/\/www.newsendip.com\/fr\/la-violence-frappe-le-parlement-tunisien-a-propos-dun-fonds-qatari\/","title":{"rendered":"La violence frappe le Parlement tunisien \u00e0 propos d\u2019un fonds qatari"},"content":{"rendered":"<p><strong>Deux hommes ont frapp\u00e9 dans l\u2019h\u00e9micycle une d\u00e9put\u00e9e tunisienne qui s\u2019opposait \u00e0 un partenariat avec le Fonds d\u2019investissement du Qatar. Les tensions montrent deux positions politiques totalement oppos\u00e9es.<br>\n<\/strong><\/p>\n<figure id=\"attachment_13610\" aria-describedby=\"caption-attachment-13610\" style=\"width: 900px\" class=\"wp-caption aligncenter\"><img decoding=\"async\" class=\"size-full wp-image-13610\" src=\"https:\/\/www.newsendip.com\/wp-content\/uploads\/2021\/07\/tunisia-parliament.jpg\" alt=\"Parlement tunisien\" width=\"900\" height=\"507\" srcset=\"https:\/\/www.newsendip.com\/wp-content\/uploads\/2021\/07\/tunisia-parliament.jpg 900w, https:\/\/www.newsendip.com\/wp-content\/uploads\/2021\/07\/tunisia-parliament-60x34.jpg 60w, https:\/\/www.newsendip.com\/wp-content\/uploads\/2021\/07\/tunisia-parliament-300x169.jpg 300w, https:\/\/www.newsendip.com\/wp-content\/uploads\/2021\/07\/tunisia-parliament-768x433.jpg 768w\" sizes=\"(max-width: 900px) 100vw, 900px\"><figcaption id=\"caption-attachment-13610\" class=\"wp-caption-text\">Parlement tunisien<\/figcaption><\/figure>\n<p>Abir Moussi, d\u00e9put\u00e9e depuis 2019 et pr\u00e9sidente du parti Destourien libre, a \u00e9t\u00e9 frapp\u00e9e \u00e0 deux reprises au Parlement. Elle a re\u00e7u un coup de poing de Sobhi Samara et un coup de pied de Seifeddine Makhlouf \u00e0 deux moments diff\u00e9rents.<\/p>\n<p>Les vid\u00e9os, film\u00e9es par plusieurs t\u00e9l\u00e9phones, montrent Sobhi Samara donnant plusieurs coups de poing \u00e0 Abir Moussi qui tente d\u2019\u00e9viter le contact physique alors qu\u2019elle porte une bombe (le casque d\u2019\u00e9quitation) et un gilet de protection. Elle porte un casque depuis un mois, pour d\u00e9noncer que le Parlement n\u2019est pas un endroit s\u00fbr.<\/p>\n<p>On peut voir M. Makhlouf sur des vid\u00e9os, <a href=\"https:\/\/twitter.com\/QShqabCYTXdSNWe\/status\/1354525616578699275\">plus t\u00f4t en janvier<\/a>, prendre le t\u00e9l\u00e9phone de Mme Moussi et l\u2019insulter. En octobre 2020, <a href=\"https:\/\/www.facebook.com\/watch\/?v=791070685012475&amp;t=18\">il l\u2019avait d\u00e9j\u00e0 agress\u00e9e<\/a>.<\/p>\n<h2>Le vote d\u2019un partenariat avec le Fonds du Qatar pour le d\u00e9veloppemen au milieu des tensions<\/h2>\n<p>Les s\u00e9ances pl\u00e9ni\u00e8res du Parlement ont \u00e9t\u00e9 perturb\u00e9es par Abir Moussi et son parti. Femme politique exub\u00e9rante, elle a eu l\u2019habitude d\u2019organiser des sit-in en 2019 et 2020 au Parlement pour se faire entendre. Cette fois, elle proteste contre le vote d\u2019un accord entre la Tunisie et le Fonds du Qatar pour le d\u00e9veloppement. Le Fonds devrait ouvrir un bureau en Tunisie.<\/p>\n<p>Dans une p\u00e9riode de difficult\u00e9s \u00e9conomiques, le <a href=\"https:\/\/qatarfund.org.qa\/en\/qatar-fund-for-development-youth-empowerment-in-tunisia\/\">fonds du Qatar<\/a> promet d\u2019offrir 100 000 opportunit\u00e9s d\u2019emploi aux jeunes Tunisiens d\u2019ici la fin de l\u2019ann\u00e9e 2021. Le partenariat a finalement \u00e9t\u00e9 approuv\u00e9 par 122 voix pour, 12 contre et une abstention.<\/p>\n<p>Cette violence en plein Parlement est la preuve la plus r\u00e9cente d\u2019une p\u00e9riode politique et \u00e9conomique tendue en Tunisie. Cependant, le diff\u00e9rend entre ces d\u00e9put\u00e9s peut \u00e9galement s\u2019expliquer par leurs <a href=\"https:\/\/www.newsendip.com\/fr\/politique\/\">positions politiques<\/a> oppos\u00e9es.<\/p>\n<h2>Parti pro-dictature favoris\u00e9 par l\u2019Arabie Saoudite d\u2019un c\u00f4t\u00e9, parti islamiste favoris\u00e9 par le Qatar de l\u2019autre<\/h2>\n<p><!--more--><\/p>\n<p>M. Makhlouf et Mme Moussi se sont tous deux pr\u00e9sent\u00e9s \u00e0 l\u2019\u00e9lection pr\u00e9sidentielle de 2019 et ont recueilli environ 4\u202f% des&nbsp;voix.<\/p>\n<p>Sobhi Samara est une homme politique ind\u00e9pendant qui appartenait auparavant \u00e0 Al Karama, \u00e9galement appel\u00e9 Coalition pour la dignit\u00e9, un parti dirig\u00e9 par Seifeddine Makhlouf. Il fut cr\u00e9\u00e9 en 2019 comme une s\u00e9cession du mouvement Ennahdha qui voulait devenir un mouvement plus d\u00e9mocratique en s\u00e9parant l\u2019islam de la politique.<\/p>\n<p>Ennahda est le parti qui dispose du plus grand nombre de si\u00e8ges dans l\u2019h\u00e9micycle, dont le pr\u00e9sident, Rached Ghannouchi, est \u00e9galement le pr\u00e9sident du Parlement. Abir Moussi consid\u00e8re Ennahda comme un parti terroriste qui veut supprimer la la\u00efcit\u00e9 en Tunisie.<\/p>\n<p>Autoris\u00e9 seulement en 2011 apr\u00e8s le Printemps arabe, le mouvement Ennahda, aussi appel\u00e9 Parti de la Renaissance, est un parti islamiste conservateur inspir\u00e9 des Fr\u00e8res musulmans, proche de la Turquie et\u2026 du&nbsp;Qatar.<\/p>\n<p>Mais d\u2019un autre c\u00f4t\u00e9, Abir Moussi peut difficilement \u00eatre consid\u00e9r\u00e9e comme la pr\u00e9sidente d\u2019un parti progressiste. Elle a les faveurs de l\u2019Arabie saoudite et des \u00c9mirats arabes unis, qui consid\u00e8rent que le Qatar finance le terrorisme. L\u2019<a href=\"https:\/\/www.newsendip.com\/fr\/etiquette\/arabie-saoudite\/\">Arabie saoudite<\/a> et les \u00c9mirats sont contre les r\u00e9volutions du printemps arabe et pr\u00e9f\u00e8rent les r\u00e9gimes autoritaires aux d\u00e9mocraties. Et Abir Moussi est une ancienne partisane de Ben Ali, le dictateur chass\u00e9 par la r\u00e9volution en 2011. Le parti destourien a d\u2019ailleurs \u00e9t\u00e9 form\u00e9 par des membres du r\u00e9gime avant la r\u00e9volution de jasmin en Tunisie.<\/p>\n<p><strong><a href=\"https:\/\/www.newsendip.com\/fr\/etiquette\/qatar-fr\/\">D\u00e9couvrez plus d\u2019actualit\u00e9s sur le&nbsp;Qatar<\/a><\/strong><\/p>\n","protected":false},"excerpt":{"rendered":"<p>Deux hommes ont frapp\u00e9 dans l\u2019h\u00e9micycle une d\u00e9put\u00e9e tunisienne qui s\u2019opposait \u00e0 un partenariat avec le Fonds d\u2019investissement du Qatar. Les tensions montrent deux positions politiques totalement oppos\u00e9es.<\/p>\n","protected":false},"author":1,"featured_media":13610,"comment_status":"closed","ping_status":"closed","sticky":false,"template":"","format":"standard","meta":{"wp_typography_post_enhancements_disabled":false,"footnotes":""},"categories":[416],"tags":[454,421],"class_list":["post-29800","post","type-post","status-publish","format-standard","has-post-thumbnail","hentry","category-politique","tag-qatar-fr","tag-vieux"],"yoast_head":"<!-- This site is optimized with the Yoast SEO Premium plugin v27.4 (Yoast SEO v27.4) - https:\/\/yoast.com\/product\/yoast-seo-premium-wordpress\/ -->\n<title>La violence frappe le Parlement tunisien \u00e0 propos d&#039;un fonds qatari<\/title>\n<meta name=\"description\" content=\"Deux hommes ont frapp\u00e9 dans l&#039;h\u00e9micycle une d\u00e9put\u00e9e tunisienne qui s&#039;opposait \u00e0 un partenariat avec le Fonds d&#039;investissement du Qatar. Les tensions montrent deux positions politiques totalement oppos\u00e9es.\" \/>\n<meta name=\"robots\" content=\"index, follow, max-snippet:-1, max-image-preview:large, max-video-preview:-1\" \/>\n<link rel=\"canonical\" href=\"https:\/\/www.newsendip.com\/fr\/la-violence-frappe-le-parlement-tunisien-a-propos-dun-fonds-qatari\/\" \/>\n<meta property=\"og:locale\" content=\"fr_FR\" \/>\n<meta property=\"og:type\" content=\"article\" \/>\n<meta property=\"og:title\" content=\"La violence frappe le Parlement tunisien \u00e0 propos d&#039;un fonds qatari\" \/>\n<meta property=\"og:description\" content=\"Deux hommes ont frapp\u00e9 dans l&#039;h\u00e9micycle une d\u00e9put\u00e9e tunisienne qui s&#039;opposait \u00e0 un partenariat avec le Fonds d&#039;investissement du Qatar. Les tensions montrent deux positions politiques totalement oppos\u00e9es.\" \/>\n<meta property=\"og:url\" content=\"https:\/\/www.newsendip.com\/fr\/la-violence-frappe-le-parlement-tunisien-a-propos-dun-fonds-qatari\/\" \/>\n<meta property=\"og:site_name\" content=\"Newsendip\" \/>\n<meta property=\"article:publisher\" content=\"https:\/\/www.facebook.com\/newsendip\" \/>\n<meta property=\"article:published_time\" content=\"2021-07-01T19:00:00+00:00\" \/>\n<meta property=\"article:modified_time\" content=\"2024-07-16T20:03:13+00:00\" \/>\n<meta property=\"og:image\" content=\"https:\/\/www.newsendip.com\/wp-content\/uploads\/2021\/07\/tunisia-parliament.jpg\" \/>\n\t<meta property=\"og:image:width\" content=\"900\" \/>\n\t<meta property=\"og:image:height\" content=\"507\" \/>\n\t<meta property=\"og:image:type\" content=\"image\/jpeg\" \/>\n<meta name=\"author\" content=\"Cl\u00e9ment V\u00e9rit\u00e9\" \/>\n<meta name=\"twitter:card\" content=\"summary_large_image\" \/>\n<meta name=\"twitter:creator\" content=\"@https:\/\/twitter.com\/cverite\" \/>\n<meta name=\"twitter:site\" content=\"@newsendip\" \/>\n<meta name=\"twitter:label1\" content=\"\u00c9crit par\" \/>\n\t<meta name=\"twitter:data1\" content=\"Cl\u00e9ment V\u00e9rit\u00e9\" \/>\n\t<meta name=\"twitter:label2\" content=\"Dur\u00e9e de lecture estim\u00e9e\" \/>\n\t<meta name=\"twitter:data2\" content=\"3 minutes\" \/>\n<!-- \/ Yoast SEO Premium plugin. -->","yoast_head_json":{"title":"La violence frappe le Parlement tunisien \u00e0 propos d'un fonds qatari","description":"Deux hommes ont frapp\u00e9 dans l'h\u00e9micycle une d\u00e9put\u00e9e tunisienne qui s'opposait \u00e0 un partenariat avec le Fonds d'investissement du Qatar. Les tensions montrent deux positions politiques totalement oppos\u00e9es.","robots":{"index":"index","follow":"follow","max-snippet":"max-snippet:-1","max-image-preview":"max-image-preview:large","max-video-preview":"max-video-preview:-1"},"canonical":"https:\/\/www.newsendip.com\/fr\/la-violence-frappe-le-parlement-tunisien-a-propos-dun-fonds-qatari\/","og_locale":"fr_FR","og_type":"article","og_title":"La violence frappe le Parlement tunisien \u00e0 propos d'un fonds qatari","og_description":"Deux hommes ont frapp\u00e9 dans l'h\u00e9micycle une d\u00e9put\u00e9e tunisienne qui s'opposait \u00e0 un partenariat avec le Fonds d'investissement du Qatar. Les tensions montrent deux positions politiques totalement oppos\u00e9es.","og_url":"https:\/\/www.newsendip.com\/fr\/la-violence-frappe-le-parlement-tunisien-a-propos-dun-fonds-qatari\/","og_site_name":"Newsendip","article_publisher":"https:\/\/www.facebook.com\/newsendip","article_published_time":"2021-07-01T19:00:00+00:00","article_modified_time":"2024-07-16T20:03:13+00:00","og_image":[{"width":900,"height":507,"url":"https:\/\/www.newsendip.com\/wp-content\/uploads\/2021\/07\/tunisia-parliament.jpg","type":"image\/jpeg"}],"author":"Cl\u00e9ment V\u00e9rit\u00e9","twitter_card":"summary_large_image","twitter_creator":"@https:\/\/twitter.com\/cverite","twitter_site":"@newsendip","twitter_misc":{"\u00c9crit par":"Cl\u00e9ment V\u00e9rit\u00e9","Dur\u00e9e de lecture estim\u00e9e":"3 minutes"},"schema":{"@context":"https:\/\/schema.org","@graph":[{"@type":"NewsArticle","@id":"https:\/\/www.newsendip.com\/fr\/la-violence-frappe-le-parlement-tunisien-a-propos-dun-fonds-qatari\/#article","isPartOf":{"@id":"https:\/\/www.newsendip.com\/fr\/la-violence-frappe-le-parlement-tunisien-a-propos-dun-fonds-qatari\/"},"author":{"name":"Cl\u00e9ment V\u00e9rit\u00e9","@id":"https:\/\/www.newsendip.com\/fr\/#\/schema\/person\/ea22c01755f464a3cbc2c619584d6363"},"headline":"La violence frappe le Parlement tunisien \u00e0 propos d\u2019un fonds qatari","datePublished":"2021-07-01T19:00:00+00:00","dateModified":"2024-07-16T20:03:13+00:00","mainEntityOfPage":{"@id":"https:\/\/www.newsendip.com\/fr\/la-violence-frappe-le-parlement-tunisien-a-propos-dun-fonds-qatari\/"},"wordCount":659,"publisher":{"@id":"https:\/\/www.newsendip.com\/fr\/#organization"},"image":{"@id":"https:\/\/www.newsendip.com\/fr\/la-violence-frappe-le-parlement-tunisien-a-propos-dun-fonds-qatari\/#primaryimage"},"thumbnailUrl":"https:\/\/www.newsendip.com\/wp-content\/uploads\/2021\/07\/tunisia-parliament.jpg","keywords":["Qatar","Vieux"],"articleSection":["Politique"],"inLanguage":"fr-FR","copyrightYear":"2021","copyrightHolder":{"@id":"https:\/\/www.newsendip.com\/#organization"}},{"@type":"WebPage","@id":"https:\/\/www.newsendip.com\/fr\/la-violence-frappe-le-parlement-tunisien-a-propos-dun-fonds-qatari\/","url":"https:\/\/www.newsendip.com\/fr\/la-violence-frappe-le-parlement-tunisien-a-propos-dun-fonds-qatari\/","name":"La violence frappe le Parlement tunisien \u00e0 propos d'un fonds qatari","isPartOf":{"@id":"https:\/\/www.newsendip.com\/fr\/#website"},"primaryImageOfPage":{"@id":"https:\/\/www.newsendip.com\/fr\/la-violence-frappe-le-parlement-tunisien-a-propos-dun-fonds-qatari\/#primaryimage"},"image":{"@id":"https:\/\/www.newsendip.com\/fr\/la-violence-frappe-le-parlement-tunisien-a-propos-dun-fonds-qatari\/#primaryimage"},"thumbnailUrl":"https:\/\/www.newsendip.com\/wp-content\/uploads\/2021\/07\/tunisia-parliament.jpg","datePublished":"2021-07-01T19:00:00+00:00","dateModified":"2024-07-16T20:03:13+00:00","description":"Deux hommes ont frapp\u00e9 dans l'h\u00e9micycle une d\u00e9put\u00e9e tunisienne qui s'opposait \u00e0 un partenariat avec le Fonds d'investissement du Qatar. Les tensions montrent deux positions politiques totalement oppos\u00e9es.","breadcrumb":{"@id":"https:\/\/www.newsendip.com\/fr\/la-violence-frappe-le-parlement-tunisien-a-propos-dun-fonds-qatari\/#breadcrumb"},"inLanguage":"fr-FR","potentialAction":[{"@type":"ReadAction","target":["https:\/\/www.newsendip.com\/fr\/la-violence-frappe-le-parlement-tunisien-a-propos-dun-fonds-qatari\/"]}]},{"@type":"ImageObject","inLanguage":"fr-FR","@id":"https:\/\/www.newsendip.com\/fr\/la-violence-frappe-le-parlement-tunisien-a-propos-dun-fonds-qatari\/#primaryimage","url":"https:\/\/www.newsendip.com\/wp-content\/uploads\/2021\/07\/tunisia-parliament.jpg","contentUrl":"https:\/\/www.newsendip.com\/wp-content\/uploads\/2021\/07\/tunisia-parliament.jpg","width":900,"height":507,"caption":"Parlement tunisien"},{"@type":"BreadcrumbList","@id":"https:\/\/www.newsendip.com\/fr\/la-violence-frappe-le-parlement-tunisien-a-propos-dun-fonds-qatari\/#breadcrumb","itemListElement":[{"@type":"ListItem","position":1,"name":"Accueil","item":"https:\/\/www.newsendip.com\/fr\/"},{"@type":"ListItem","position":2,"name":"La violence frappe le Parlement tunisien \u00e0 propos d&#8217;un fonds qatari"}]},{"@type":"WebSite","@id":"https:\/\/www.newsendip.com\/fr\/#website","url":"https:\/\/www.newsendip.com\/fr\/","name":"Newsendip","description":"Red\u00e9couvrez l&#039;actualit\u00e9 internationale","publisher":{"@id":"https:\/\/www.newsendip.com\/fr\/#organization"},"potentialAction":[{"@type":"SearchAction","target":{"@type":"EntryPoint","urlTemplate":"https:\/\/www.newsendip.com\/fr\/?s={search_term_string}"},"query-input":{"@type":"PropertyValueSpecification","valueRequired":true,"valueName":"search_term_string"}}],"inLanguage":"fr-FR"},{"@type":"Organization","@id":"https:\/\/www.newsendip.com\/fr\/#organization","name":"Newsendip","url":"https:\/\/www.newsendip.com\/fr\/","logo":{"@type":"ImageObject","inLanguage":"fr-FR","@id":"https:\/\/www.newsendip.com\/fr\/#\/schema\/logo\/image\/","url":"https:\/\/www.newsendip.com\/wp-content\/uploads\/2023\/12\/512x512.svg","contentUrl":"https:\/\/www.newsendip.com\/wp-content\/uploads\/2023\/12\/512x512.svg","width":1,"height":1,"caption":"Newsendip"},"image":{"@id":"https:\/\/www.newsendip.com\/fr\/#\/schema\/logo\/image\/"},"sameAs":["https:\/\/www.facebook.com\/newsendip","https:\/\/x.com\/newsendip","https:\/\/mastodon.social\/@newsendip","https:\/\/www.linkedin.com\/company\/newsendip"],"description":"Newsendip est un site qui a pour mission de rendre l'actualit\u00e9 internationale accessible et diversifi\u00e9e","email":"contact@newsendip.com","legalName":"Newsendip SAS","foundingDate":"2022-11-04","vatID":"FR60921124723","numberOfEmployees":{"@type":"QuantitativeValue","minValue":"1","maxValue":"10"},"publishingPrinciples":"https:\/\/www.newsendip.com\/about-us\/","ownershipFundingInfo":"https:\/\/www.newsendip.com\/legal-notice\/","actionableFeedbackPolicy":"https:\/\/www.newsendip.com\/about-us\/","correctionsPolicy":"https:\/\/www.newsendip.com\/about-us\/","ethicsPolicy":"https:\/\/www.newsendip.com\/about-us\/","diversityPolicy":"https:\/\/www.newsendip.com\/about-us\/"},{"@type":"Person","@id":"https:\/\/www.newsendip.com\/fr\/#\/schema\/person\/ea22c01755f464a3cbc2c619584d6363","name":"Cl\u00e9ment V\u00e9rit\u00e9","description":"Cl\u00e9ment is the executive editor and founder of Newsendip. He started in the media industry as a freelance reporter at 16 for a local French newspaper after school and has never left it. He later worked for seven years at The New York Times, notably as a data analyst. He holds a Master of Management in France and a Master of Arts in the United Kingdom in International Marketing &amp; Communications Strategy. He has lived in France, the United Kingdom, and Italy.","sameAs":["https:\/\/www.newsendip.com\/","https:\/\/www.linkedin.com\/in\/clementverite\/","https:\/\/x.com\/https:\/\/twitter.com\/cverite"],"knowsAbout":["News","International","Business","Media monitoring"],"knowsLanguage":["English","French","Italian","Spanish"],"url":"https:\/\/www.newsendip.com\/fr\/author\/clement-verite\/"}]}},"_links":{"self":[{"href":"https:\/\/www.newsendip.com\/fr\/wp-json\/wp\/v2\/posts\/29800","targetHints":{"allow":["GET"]}}],"collection":[{"href":"https:\/\/www.newsendip.com\/fr\/wp-json\/wp\/v2\/posts"}],"about":[{"href":"https:\/\/www.newsendip.com\/fr\/wp-json\/wp\/v2\/types\/post"}],"author":[{"embeddable":true,"href":"https:\/\/www.newsendip.com\/fr\/wp-json\/wp\/v2\/users\/1"}],"replies":[{"embeddable":true,"href":"https:\/\/www.newsendip.com\/fr\/wp-json\/wp\/v2\/comments?post=29800"}],"version-history":[{"count":0,"href":"https:\/\/www.newsendip.com\/fr\/wp-json\/wp\/v2\/posts\/29800\/revisions"}],"wp:featuredmedia":[{"embeddable":true,"href":"https:\/\/www.newsendip.com\/fr\/wp-json\/wp\/v2\/media\/13610"}],"wp:attachment":[{"href":"https:\/\/www.newsendip.com\/fr\/wp-json\/wp\/v2\/media?parent=29800"}],"wp:term":[{"taxonomy":"category","embeddable":true,"href":"https:\/\/www.newsendip.com\/fr\/wp-json\/wp\/v2\/categories?post=29800"},{"taxonomy":"post_tag","embeddable":true,"href":"https:\/\/www.newsendip.com\/fr\/wp-json\/wp\/v2\/tags?post=29800"}],"curies":[{"name":"wp","href":"https:\/\/api.w.org\/{rel}","templated":true}]}}