{"id":29806,"date":"2021-07-06T18:01:54","date_gmt":"2021-07-06T16:01:54","guid":{"rendered":"https:\/\/www.newsendip.com\/?p=29806"},"modified":"2024-07-16T23:45:21","modified_gmt":"2024-07-16T21:45:21","slug":"en-israel-lextension-de-la-loi-sur-la-citoyennete-bloquee-pour-la-premiere-fois-en-13-ans","status":"publish","type":"post","link":"https:\/\/www.newsendip.com\/fr\/en-israel-lextension-de-la-loi-sur-la-citoyennete-bloquee-pour-la-premiere-fois-en-13-ans\/","title":{"rendered":"En Isra\u00ebl, l\u2019extension de la loi sur la citoyennet\u00e9 bloqu\u00e9e pour la premi\u00e8re fois en 13&nbsp;ans"},"content":{"rendered":"<p><strong>Pour la premi\u00e8re fois en 13 ans, l\u2019amendement de la loi sur la citoyennet\u00e9 qui interdit aux Palestiniens qui \u00e9pousent des Isra\u00e9liens d\u2019obtenir un statut de r\u00e9sidence l\u00e9gal n\u2019a pas \u00e9t\u00e9 prorog\u00e9. Le vote s\u2019est transform\u00e9 en motion de censure pour le nouveau gouvernement.<br>\n<\/strong><\/p>\n<p>En Isra\u00ebl, la <a href=\"https:\/\/www.newsendip.com\/fr\/une-loi-controversee-sur-la-citoyennete-en-israel-prolongee-apres-un-blocage-historique\/\">Loi sur la citoyennet\u00e9<\/a> interdit temporairement aux Palestiniens mari\u00e9s \u00e0 des Isra\u00e9liens d\u2019obtenir le statut de citoyen ou de r\u00e9sident en Isra\u00ebl. L\u2019amendement de la loi a \u00e9t\u00e9 renouvel\u00e9 chaque ann\u00e9e depuis qu\u2019il a \u00e9t\u00e9 vot\u00e9 en 2003 pendant la seconde Intifada. Une partie de la nouvelle coalition gouvernementale s\u2019est oppos\u00e9e \u00e0 l\u2019interdiction malgr\u00e9 des accords de derni\u00e8re minute.<\/p>\n<p>Le 5 juillet, lors d\u2019un vote \u00e0 \u00e9galit\u00e9 avec 69 voix de chaque c\u00f4t\u00e9 et deux abstentions du parti islamique Liste arabe unie membre de la coalition gouvernementale, la loi n\u2019a pas \u00e9t\u00e9 prorog\u00e9e. Un l\u00e9gislateur du parti au pouvoir a vot\u00e9 contre la loi. Le Premier ministre <a href=\"https:\/\/www.ynetnews.com\/article\/BJh1q00eau\">Naftali Bennett<\/a> a averti que \u00ab\u202f<em>faire entrer des milliers de Palestiniens et les naturaliser nuit \u00e0 la s\u00e9curit\u00e9 de l\u2019\u00c9tat<\/em>\u202f\u00bb.<\/p>\n<p>Le Premier ministre pensait \u00eatre parvenu \u00e0 un accord pour voter une prolongation de six mois au lieu d\u2019un an, d\u00e9livrant ainsi un permis de s\u00e9jour \u00e0 1 600 familles palestiniennes et des solutions humanitaires \u00e0 pr\u00e8s de 10 000 Palestiniens vivant en Isra\u00ebl.<\/p>\n<p>La loi est controvers\u00e9e car ses opposants avancent des raisons discriminatoires en mati\u00e8re de droits de l\u2019homme puisqu\u2019elle laisse certains r\u00e9sidents dans une situation juridique pr\u00e9caire. En fait, l\u2019interdiction vise \u00e9galement \u00e0 pr\u00e9server la majorit\u00e9 juive en Isra\u00ebl.<\/p>\n<h2>Une loi pour pr\u00e9server la majorit\u00e9 juive d\u2019Isra\u00ebl<\/h2>\n<p><!--more--><\/p>\n<p>Le ministre des affaires \u00e9trang\u00e8res, <a href=\"https:\/\/twitter.com\/yairlapid\/status\/1412017147002372098\">Yair Lapid<\/a>, l\u2019a clairement reconnu&nbsp;: \u00ab\u202f<em>Il n\u2019y a pas lieu de se voiler la face sur l\u2019essence de cette loi. C\u2019est l\u2019un des outils con\u00e7us pour garantir la majorit\u00e9 juive dans l\u2019\u00c9tat d\u2019Isra\u00ebl. Isra\u00ebl est l\u2019\u00c9tat-nation du peuple juif et notre objectif est d\u2019avoir une majorit\u00e9 juive. De plus, la loi a une importance en mati\u00e8re de s\u00e9curit\u00e9.<\/em>\u202f\u00bb<\/p>\n<p>En 2002, un Palestinien, conjoint d\u2019une Isra\u00e9lienne, avait tu\u00e9 15 personnes dans un attentat suicide, et un autre a tu\u00e9 sept personnes en conduisant une bombe dans un bus \u00e0 J\u00e9rusalem.<\/p>\n<p>Selon un groupe isra\u00e9lien de d\u00e9fense des droits de l\u2019homme, 9 200 Palestiniens vivant en Isra\u00ebl ont \u00e9pous\u00e9 un ou une Isra\u00e9lienne. Trois mille cinq cents autres personnes disposent d\u2019un <a href=\"https:\/\/www.newsendip.com\/fr\/le-royaume-uni-supprime-le-visa-touristique-pour-la-colombie-le-perou-et-le-guyana-esperant-attirer-davantage-de-visiteurs\/\">visa<\/a> de r\u00e9sident temporaire. Environ 130 000 Palestiniens ont acquis la citoyennet\u00e9 isra\u00e9lienne avant la restriction de 2003. Un m\u00e9dia isra\u00e9lien a rapport\u00e9 qu\u2019environ 20 000 Palestiniens auraient obtenu la citoyennet\u00e9 ou des droits de r\u00e9sidence chaque ann\u00e9e sans l\u2019interdiction.<\/p>\n<p>M\u00eame si la loi n\u2019est pas prorog\u00e9e, les changements ne seront pas spectaculaires. Le minist\u00e8re de l\u2019int\u00e9rieur a toujours la possibilit\u00e9 d\u2019accorder les titres de s\u00e9jour au cas par&nbsp;cas.<\/p>\n<p>En revanche, le vote marque \u00e9galement l\u2019\u00e9tat pr\u00e9caire de la coalition gouvernementale. Le Likoud, le parti conservateur de Benjamin Netanyahu, et les alli\u00e9s ultra-orthodoxes ont vot\u00e9 contre l\u2019amendement, bien qu\u2019ils l\u2019aient approuv\u00e9 chaque ann\u00e9e jusqu\u2019alors.<\/p>\n<p>Le vote s\u2019est transform\u00e9 en motion de d\u00e9fiance envers le gouvernement, qui n\u2019a pas obtenu la majorit\u00e9 absolue.<\/p>\n<p><strong><a href=\"https:\/\/www.newsendip.com\/fr\/etiquette\/israel-fr\/\">D\u00e9couvrez plus d\u2019actualit\u00e9s sur Isra\u00ebl<\/a><\/strong><\/p>\n","protected":false},"excerpt":{"rendered":"<p>Pour la premi\u00e8re fois en 13 ans, l\u2019amendement de la loi sur la citoyennet\u00e9 qui interdit aux Palestiniens qui \u00e9pousent des Isra\u00e9liens d\u2019obtenir un statut de r\u00e9sidence l\u00e9gal n\u2019a pas \u00e9t\u00e9 prorog\u00e9.<\/p>\n","protected":false},"author":1,"featured_media":13243,"comment_status":"closed","ping_status":"closed","sticky":false,"template":"","format":"standard","meta":{"wp_typography_post_enhancements_disabled":false,"footnotes":""},"categories":[416],"tags":[485,421],"class_list":["post-29806","post","type-post","status-publish","format-standard","has-post-thumbnail","hentry","category-politique","tag-israel-fr","tag-vieux"],"yoast_head":"<!-- This site is optimized with the Yoast SEO Premium plugin v27.4 (Yoast SEO v27.4) - https:\/\/yoast.com\/product\/yoast-seo-premium-wordpress\/ -->\n<title>En Isra\u00ebl, l&#039;extension de la loi sur la citoyennet\u00e9 bloqu\u00e9e pour la premi\u00e8re fois en 13 ans<\/title>\n<meta name=\"description\" content=\"Pour la premi\u00e8re fois en 13 ans, l&#039;amendement de la loi sur la citoyennet\u00e9 qui interdit aux Palestiniens qui \u00e9pousent des Isra\u00e9liens d&#039;obtenir un statut de r\u00e9sidence l\u00e9gal n&#039;a pas \u00e9t\u00e9 prorog\u00e9.\" \/>\n<meta name=\"robots\" content=\"index, follow, max-snippet:-1, max-image-preview:large, max-video-preview:-1\" \/>\n<link rel=\"canonical\" href=\"https:\/\/www.newsendip.com\/fr\/en-israel-lextension-de-la-loi-sur-la-citoyennete-bloquee-pour-la-premiere-fois-en-13-ans\/\" \/>\n<meta property=\"og:locale\" content=\"fr_FR\" \/>\n<meta property=\"og:type\" content=\"article\" \/>\n<meta property=\"og:title\" content=\"En Isra\u00ebl, l&#039;extension de la loi sur la citoyennet\u00e9 bloqu\u00e9e pour la premi\u00e8re fois en 13 ans\" \/>\n<meta property=\"og:description\" content=\"Pour la premi\u00e8re fois en 13 ans, l&#039;amendement de la loi sur la citoyennet\u00e9 qui interdit aux Palestiniens qui \u00e9pousent des Isra\u00e9liens d&#039;obtenir un statut de r\u00e9sidence l\u00e9gal n&#039;a pas \u00e9t\u00e9 prorog\u00e9.\" \/>\n<meta property=\"og:url\" content=\"https:\/\/www.newsendip.com\/fr\/en-israel-lextension-de-la-loi-sur-la-citoyennete-bloquee-pour-la-premiere-fois-en-13-ans\/\" \/>\n<meta property=\"og:site_name\" content=\"Newsendip\" \/>\n<meta property=\"article:publisher\" content=\"https:\/\/www.facebook.com\/newsendip\" \/>\n<meta property=\"article:published_time\" content=\"2021-07-06T16:01:54+00:00\" \/>\n<meta property=\"article:modified_time\" content=\"2024-07-16T21:45:21+00:00\" \/>\n<meta property=\"og:image\" content=\"https:\/\/www.newsendip.com\/wp-content\/uploads\/2022\/03\/israel-flag-small-progressive.jpeg\" \/>\n\t<meta property=\"og:image:width\" content=\"640\" \/>\n\t<meta property=\"og:image:height\" content=\"427\" \/>\n\t<meta property=\"og:image:type\" content=\"image\/jpeg\" \/>\n<meta name=\"author\" content=\"Cl\u00e9ment V\u00e9rit\u00e9\" \/>\n<meta name=\"twitter:card\" content=\"summary_large_image\" \/>\n<meta name=\"twitter:image\" content=\"https:\/\/www.newsendip.com\/wp-content\/uploads\/2022\/03\/israel-flag-small-progressive.jpeg\" \/>\n<meta name=\"twitter:creator\" content=\"@https:\/\/twitter.com\/cverite\" \/>\n<meta name=\"twitter:site\" content=\"@newsendip\" \/>\n<meta name=\"twitter:label1\" content=\"\u00c9crit par\" \/>\n\t<meta name=\"twitter:data1\" content=\"Cl\u00e9ment V\u00e9rit\u00e9\" \/>\n\t<meta name=\"twitter:label2\" content=\"Dur\u00e9e de lecture estim\u00e9e\" \/>\n\t<meta name=\"twitter:data2\" content=\"3 minutes\" \/>\n<!-- \/ Yoast SEO Premium plugin. -->","yoast_head_json":{"title":"En Isra\u00ebl, l'extension de la loi sur la citoyennet\u00e9 bloqu\u00e9e pour la premi\u00e8re fois en 13 ans","description":"Pour la premi\u00e8re fois en 13 ans, l'amendement de la loi sur la citoyennet\u00e9 qui interdit aux Palestiniens qui \u00e9pousent des Isra\u00e9liens d'obtenir un statut de r\u00e9sidence l\u00e9gal n'a pas \u00e9t\u00e9 prorog\u00e9.","robots":{"index":"index","follow":"follow","max-snippet":"max-snippet:-1","max-image-preview":"max-image-preview:large","max-video-preview":"max-video-preview:-1"},"canonical":"https:\/\/www.newsendip.com\/fr\/en-israel-lextension-de-la-loi-sur-la-citoyennete-bloquee-pour-la-premiere-fois-en-13-ans\/","og_locale":"fr_FR","og_type":"article","og_title":"En Isra\u00ebl, l'extension de la loi sur la citoyennet\u00e9 bloqu\u00e9e pour la premi\u00e8re fois en 13 ans","og_description":"Pour la premi\u00e8re fois en 13 ans, l'amendement de la loi sur la citoyennet\u00e9 qui interdit aux Palestiniens qui \u00e9pousent des Isra\u00e9liens d'obtenir un statut de r\u00e9sidence l\u00e9gal n'a pas \u00e9t\u00e9 prorog\u00e9.","og_url":"https:\/\/www.newsendip.com\/fr\/en-israel-lextension-de-la-loi-sur-la-citoyennete-bloquee-pour-la-premiere-fois-en-13-ans\/","og_site_name":"Newsendip","article_publisher":"https:\/\/www.facebook.com\/newsendip","article_published_time":"2021-07-06T16:01:54+00:00","article_modified_time":"2024-07-16T21:45:21+00:00","og_image":[{"width":640,"height":427,"url":"https:\/\/www.newsendip.com\/wp-content\/uploads\/2022\/03\/israel-flag-small-progressive.jpeg","type":"image\/jpeg"}],"author":"Cl\u00e9ment V\u00e9rit\u00e9","twitter_card":"summary_large_image","twitter_image":"https:\/\/www.newsendip.com\/wp-content\/uploads\/2022\/03\/israel-flag-small-progressive.jpeg","twitter_creator":"@https:\/\/twitter.com\/cverite","twitter_site":"@newsendip","twitter_misc":{"\u00c9crit par":"Cl\u00e9ment V\u00e9rit\u00e9","Dur\u00e9e de lecture estim\u00e9e":"3 minutes"},"schema":{"@context":"https:\/\/schema.org","@graph":[{"@type":"NewsArticle","@id":"https:\/\/www.newsendip.com\/fr\/en-israel-lextension-de-la-loi-sur-la-citoyennete-bloquee-pour-la-premiere-fois-en-13-ans\/#article","isPartOf":{"@id":"https:\/\/www.newsendip.com\/fr\/en-israel-lextension-de-la-loi-sur-la-citoyennete-bloquee-pour-la-premiere-fois-en-13-ans\/"},"author":{"name":"Cl\u00e9ment V\u00e9rit\u00e9","@id":"https:\/\/www.newsendip.com\/fr\/#\/schema\/person\/ea22c01755f464a3cbc2c619584d6363"},"headline":"En Isra\u00ebl, l\u2019extension de la loi sur la citoyennet\u00e9 bloqu\u00e9e pour la premi\u00e8re fois en 13&nbsp;ans","datePublished":"2021-07-06T16:01:54+00:00","dateModified":"2024-07-16T21:45:21+00:00","mainEntityOfPage":{"@id":"https:\/\/www.newsendip.com\/fr\/en-israel-lextension-de-la-loi-sur-la-citoyennete-bloquee-pour-la-premiere-fois-en-13-ans\/"},"wordCount":610,"publisher":{"@id":"https:\/\/www.newsendip.com\/fr\/#organization"},"image":{"@id":"https:\/\/www.newsendip.com\/fr\/en-israel-lextension-de-la-loi-sur-la-citoyennete-bloquee-pour-la-premiere-fois-en-13-ans\/#primaryimage"},"thumbnailUrl":"https:\/\/www.newsendip.com\/wp-content\/uploads\/2022\/03\/israel-flag.webp","keywords":["Isra\u00ebl","Vieux"],"articleSection":["Politique"],"inLanguage":"fr-FR","copyrightYear":"2021","copyrightHolder":{"@id":"https:\/\/www.newsendip.com\/#organization"}},{"@type":"WebPage","@id":"https:\/\/www.newsendip.com\/fr\/en-israel-lextension-de-la-loi-sur-la-citoyennete-bloquee-pour-la-premiere-fois-en-13-ans\/","url":"https:\/\/www.newsendip.com\/fr\/en-israel-lextension-de-la-loi-sur-la-citoyennete-bloquee-pour-la-premiere-fois-en-13-ans\/","name":"En Isra\u00ebl, l'extension de la loi sur la citoyennet\u00e9 bloqu\u00e9e pour la premi\u00e8re fois en 13 ans","isPartOf":{"@id":"https:\/\/www.newsendip.com\/fr\/#website"},"primaryImageOfPage":{"@id":"https:\/\/www.newsendip.com\/fr\/en-israel-lextension-de-la-loi-sur-la-citoyennete-bloquee-pour-la-premiere-fois-en-13-ans\/#primaryimage"},"image":{"@id":"https:\/\/www.newsendip.com\/fr\/en-israel-lextension-de-la-loi-sur-la-citoyennete-bloquee-pour-la-premiere-fois-en-13-ans\/#primaryimage"},"thumbnailUrl":"https:\/\/www.newsendip.com\/wp-content\/uploads\/2022\/03\/israel-flag.webp","datePublished":"2021-07-06T16:01:54+00:00","dateModified":"2024-07-16T21:45:21+00:00","description":"Pour la premi\u00e8re fois en 13 ans, l'amendement de la loi sur la citoyennet\u00e9 qui interdit aux Palestiniens qui \u00e9pousent des Isra\u00e9liens d'obtenir un statut de r\u00e9sidence l\u00e9gal n'a pas \u00e9t\u00e9 prorog\u00e9.","breadcrumb":{"@id":"https:\/\/www.newsendip.com\/fr\/en-israel-lextension-de-la-loi-sur-la-citoyennete-bloquee-pour-la-premiere-fois-en-13-ans\/#breadcrumb"},"inLanguage":"fr-FR","potentialAction":[{"@type":"ReadAction","target":["https:\/\/www.newsendip.com\/fr\/en-israel-lextension-de-la-loi-sur-la-citoyennete-bloquee-pour-la-premiere-fois-en-13-ans\/"]}]},{"@type":"ImageObject","inLanguage":"fr-FR","@id":"https:\/\/www.newsendip.com\/fr\/en-israel-lextension-de-la-loi-sur-la-citoyennete-bloquee-pour-la-premiere-fois-en-13-ans\/#primaryimage","url":"https:\/\/www.newsendip.com\/wp-content\/uploads\/2022\/03\/israel-flag.webp","contentUrl":"https:\/\/www.newsendip.com\/wp-content\/uploads\/2022\/03\/israel-flag.webp","width":1920,"height":1280,"caption":"\u00a9 Taylor Brandon"},{"@type":"BreadcrumbList","@id":"https:\/\/www.newsendip.com\/fr\/en-israel-lextension-de-la-loi-sur-la-citoyennete-bloquee-pour-la-premiere-fois-en-13-ans\/#breadcrumb","itemListElement":[{"@type":"ListItem","position":1,"name":"Accueil","item":"https:\/\/www.newsendip.com\/fr\/"},{"@type":"ListItem","position":2,"name":"En Isra\u00ebl, l&#8217;extension de la loi sur la citoyennet\u00e9 bloqu\u00e9e pour la premi\u00e8re fois en 13 ans"}]},{"@type":"WebSite","@id":"https:\/\/www.newsendip.com\/fr\/#website","url":"https:\/\/www.newsendip.com\/fr\/","name":"Newsendip","description":"Red\u00e9couvrez l&#039;actualit\u00e9 internationale","publisher":{"@id":"https:\/\/www.newsendip.com\/fr\/#organization"},"potentialAction":[{"@type":"SearchAction","target":{"@type":"EntryPoint","urlTemplate":"https:\/\/www.newsendip.com\/fr\/?s={search_term_string}"},"query-input":{"@type":"PropertyValueSpecification","valueRequired":true,"valueName":"search_term_string"}}],"inLanguage":"fr-FR"},{"@type":"Organization","@id":"https:\/\/www.newsendip.com\/fr\/#organization","name":"Newsendip","url":"https:\/\/www.newsendip.com\/fr\/","logo":{"@type":"ImageObject","inLanguage":"fr-FR","@id":"https:\/\/www.newsendip.com\/fr\/#\/schema\/logo\/image\/","url":"https:\/\/www.newsendip.com\/wp-content\/uploads\/2023\/12\/512x512.svg","contentUrl":"https:\/\/www.newsendip.com\/wp-content\/uploads\/2023\/12\/512x512.svg","width":1,"height":1,"caption":"Newsendip"},"image":{"@id":"https:\/\/www.newsendip.com\/fr\/#\/schema\/logo\/image\/"},"sameAs":["https:\/\/www.facebook.com\/newsendip","https:\/\/x.com\/newsendip","https:\/\/mastodon.social\/@newsendip","https:\/\/www.linkedin.com\/company\/newsendip"],"description":"Newsendip est un site qui a pour mission de rendre l'actualit\u00e9 internationale accessible et diversifi\u00e9e","email":"contact@newsendip.com","legalName":"Newsendip SAS","foundingDate":"2022-11-04","vatID":"FR60921124723","numberOfEmployees":{"@type":"QuantitativeValue","minValue":"1","maxValue":"10"},"publishingPrinciples":"https:\/\/www.newsendip.com\/about-us\/","ownershipFundingInfo":"https:\/\/www.newsendip.com\/legal-notice\/","actionableFeedbackPolicy":"https:\/\/www.newsendip.com\/about-us\/","correctionsPolicy":"https:\/\/www.newsendip.com\/about-us\/","ethicsPolicy":"https:\/\/www.newsendip.com\/about-us\/","diversityPolicy":"https:\/\/www.newsendip.com\/about-us\/"},{"@type":"Person","@id":"https:\/\/www.newsendip.com\/fr\/#\/schema\/person\/ea22c01755f464a3cbc2c619584d6363","name":"Cl\u00e9ment V\u00e9rit\u00e9","description":"Cl\u00e9ment is the executive editor and founder of Newsendip. He started in the media industry as a freelance reporter at 16 for a local French newspaper after school and has never left it. He later worked for seven years at The New York Times, notably as a data analyst. He holds a Master of Management in France and a Master of Arts in the United Kingdom in International Marketing &amp; Communications Strategy. He has lived in France, the United Kingdom, and Italy.","sameAs":["https:\/\/www.newsendip.com\/","https:\/\/www.linkedin.com\/in\/clementverite\/","https:\/\/x.com\/https:\/\/twitter.com\/cverite"],"knowsAbout":["News","International","Business","Media monitoring"],"knowsLanguage":["English","French","Italian","Spanish"],"url":"https:\/\/www.newsendip.com\/fr\/author\/clement-verite\/"}]}},"_links":{"self":[{"href":"https:\/\/www.newsendip.com\/fr\/wp-json\/wp\/v2\/posts\/29806","targetHints":{"allow":["GET"]}}],"collection":[{"href":"https:\/\/www.newsendip.com\/fr\/wp-json\/wp\/v2\/posts"}],"about":[{"href":"https:\/\/www.newsendip.com\/fr\/wp-json\/wp\/v2\/types\/post"}],"author":[{"embeddable":true,"href":"https:\/\/www.newsendip.com\/fr\/wp-json\/wp\/v2\/users\/1"}],"replies":[{"embeddable":true,"href":"https:\/\/www.newsendip.com\/fr\/wp-json\/wp\/v2\/comments?post=29806"}],"version-history":[{"count":0,"href":"https:\/\/www.newsendip.com\/fr\/wp-json\/wp\/v2\/posts\/29806\/revisions"}],"wp:featuredmedia":[{"embeddable":true,"href":"https:\/\/www.newsendip.com\/fr\/wp-json\/wp\/v2\/media\/13243"}],"wp:attachment":[{"href":"https:\/\/www.newsendip.com\/fr\/wp-json\/wp\/v2\/media?parent=29806"}],"wp:term":[{"taxonomy":"category","embeddable":true,"href":"https:\/\/www.newsendip.com\/fr\/wp-json\/wp\/v2\/categories?post=29806"},{"taxonomy":"post_tag","embeddable":true,"href":"https:\/\/www.newsendip.com\/fr\/wp-json\/wp\/v2\/tags?post=29806"}],"curies":[{"name":"wp","href":"https:\/\/api.w.org\/{rel}","templated":true}]}}