{"id":29818,"date":"2022-01-12T16:44:39","date_gmt":"2022-01-12T15:44:39","guid":{"rendered":"https:\/\/www.newsendip.com\/?p=29818"},"modified":"2024-07-16T21:21:43","modified_gmt":"2024-07-16T19:21:43","slug":"en-israel-la-plantation-darbres-dans-le-desert-du-neguev-cree-la-discorde-au-sein-de-la-coalition-gouvernementale","status":"publish","type":"post","link":"https:\/\/www.newsendip.com\/fr\/en-israel-la-plantation-darbres-dans-le-desert-du-neguev-cree-la-discorde-au-sein-de-la-coalition-gouvernementale\/","title":{"rendered":"En Isra\u00ebl, la plantation d\u2019arbres dans le d\u00e9sert du N\u00e9guev cr\u00e9e la discorde au sein de la coalition gouvernementale"},"content":{"rendered":"<p><strong>En Isra\u00ebl, des B\u00e9douins arabes protestent contre un programme de plantation d\u2019arbres dans le d\u00e9sert du N\u00e9guev. Cela pourrait avoir un impact sur la faible majorit\u00e9 du Premier ministre au Parlement.<br>\n<\/strong><\/p>\n<figure id=\"attachment_13904\" aria-describedby=\"caption-attachment-13904\" style=\"width: 1024px\" class=\"wp-caption aligncenter\"><img decoding=\"async\" class=\"wp-image-13904 size-large\" src=\"https:\/\/www.newsendip.com\/wp-content\/uploads\/2022\/01\/israel-tree-planting-negev-bedouin-1024x677.webp\" alt=\"Les forces de s\u00e9curit\u00e9 isra\u00e9liennes dans le d\u00e9sert du N\u00e9guev\" width=\"1024\" height=\"677\" srcset=\"https:\/\/www.newsendip.com\/wp-content\/uploads\/2022\/01\/israel-tree-planting-negev-bedouin-1024x677.webp 1024w, https:\/\/www.newsendip.com\/wp-content\/uploads\/2022\/01\/israel-tree-planting-negev-bedouin-60x40.webp 60w, https:\/\/www.newsendip.com\/wp-content\/uploads\/2022\/01\/israel-tree-planting-negev-bedouin-300x198.webp 300w, https:\/\/www.newsendip.com\/wp-content\/uploads\/2022\/01\/israel-tree-planting-negev-bedouin-768x508.webp 768w, https:\/\/www.newsendip.com\/wp-content\/uploads\/2022\/01\/israel-tree-planting-negev-bedouin.webp 1426w\" sizes=\"(max-width: 1024px) 100vw, 1024px\"><figcaption id=\"caption-attachment-13904\" class=\"wp-caption-text\">Les forces de s\u00e9curit\u00e9 isra\u00e9liennes avec un B\u00e9douin lors d\u2019une manifestation contre le reboisement dans le village de Sawe al-Atrash, dans le d\u00e9sert du N\u00e9guev, au sud d\u2019Isra\u00ebl | Ammar Awad via Reuters, 12 janvier 2022<\/figcaption><\/figure>\n<p>Les B\u00e9douins arabes protestent contre un programme de plantation d\u2019arbres dans le d\u00e9sert qui a d\u00e9but\u00e9 il y a plusieurs semaines.<\/p>\n<p>Les 11 et 12 janvier, des incidents ont \u00e9t\u00e9 signal\u00e9s dans la ville de Segev Shalom, dans le nord du N\u00e9guev. Deux officiers de police ont \u00e9t\u00e9 bless\u00e9s, des <a href=\"https:\/\/www.timesofisrael.com\/nationalist-tree-planting-in-the-south-sparks-coalition-infighting-violent-protests\/\">voitures ont \u00e9t\u00e9 incendi\u00e9es<\/a> et des pierres amass\u00e9es sur les voies ont forc\u00e9 un train \u00e0 s\u2019arr\u00eater. Onze personnes ont \u00e9t\u00e9 arr\u00eat\u00e9es mercredi matin.<\/p>\n<p>Les B\u00e9douins pensent que les autorit\u00e9s plantent des arbres pour s\u2019emparer des terres. Ils consid\u00e8rent le programme comme une initiative visant \u00e0 expulser ceux qui vivent dans cette r\u00e9gion du sud d\u2019Isra\u00ebl. Les B\u00e9douins affirment que plusieurs milliers d\u2019entre eux vivent sur les terres o\u00f9 les arbres seront plant\u00e9s.<\/p>\n<p>Le programme de plantation d\u2019arbres dans le N\u00e9guev est financ\u00e9 par le gouvernement. Les autorit\u00e9s ont d\u00e9clar\u00e9 que l\u2019aplanissement des dunes et la plantation d\u2019arbres \u00e9taient n\u00e9cessaires \u00e0 la conservation et \u00e0 la modernisation du territoire.<\/p>\n<h2>Le programme de plantation d\u2019arbres dans le N\u00e9guev au c\u0153ur de la coalition<\/h2>\n<p>Mardi, Mansour Abbas, le chef de la <a href=\"https:\/\/www.newsendip.com\/fr\/une-loi-controversee-sur-la-citoyennete-en-israel-prolongee-apres-un-blocage-historique\/\">Liste arabe unie<\/a>, a promis de ne plus voter en faveur de la coalition gouvernementale au Parlement. Sur Channel 12, Mr. Abbas a d\u00e9clar\u00e9&nbsp;: \u00ab\u202f<em>Nous ne voterons pas avec la coalition tant que les plantations dans le sud ne seront pas arr\u00eat\u00e9es<\/em>\u202f\u00bb. Il a ajout\u00e9 que \u00ab\u202f<em>le N\u00e9guev est Ra\u2019am<\/em>\u202f\u00bb, faisant r\u00e9f\u00e9rence au parti avec son acronyme h\u00e9breu.<!--more--><\/p>\n<p>Le gouvernement a d\u00e9termin\u00e9 que la terre \u00e9tait une propri\u00e9t\u00e9 publique, mais les r\u00e9sidents b\u00e9douins locaux affirment qu\u2019elle leur appartient.<\/p>\n<p>Les B\u00e9douins revendiquent des droits ancestraux sur le N\u00e9guev, mais <a href=\"https:\/\/www.theguardian.com\/world\/2011\/nov\/03\/bedouin-plight-traditions-threat-israel\">Isra\u00ebl a rejet\u00e9 la plupart des plaintes d\u00e9pos\u00e9es<\/a> dans les ann\u00e9es 1970 au motif qu\u2019il n\u2019existait pas de documentation ad\u00e9quate.<\/p>\n<p>Le pays cherche \u00e0 faire vivre les B\u00e9douins dans des villes structur\u00e9es et \u00e0 supprimer les petits hameaux qui se cr\u00e9ent dans le d\u00e9sert.<\/p>\n<p>La coalition gouvernementale du Premier ministre Naftali Bennett d\u00e9tient une faible majorit\u00e9 avec seulement 61 des 120 si\u00e8ges de la Knesset, l\u2019assembl\u00e9e l\u00e9gislative monocam\u00e9rale d\u2019Isra\u00ebl, et a besoin du soutien de&nbsp;Ra\u2019am.<\/p>\n<p>Selon le Times of Israel, le minist\u00e8re de la construction et du logement, qui supervise le programme, a d\u00e9clar\u00e9 qu\u2019il ne voulait pas cesser de planter des arbres.<\/p>\n<p>Le ministre des affaires \u00e9trang\u00e8res Yair Lapid, un centriste, a demand\u00e9 l\u2019arr\u00eat du reboisement contest\u00e9 jusqu\u2019\u00e0 ce qu\u2019une solution soit trouv\u00e9e. \u00ab\u202f<em>Isra\u00ebl devrait planter des arbres sur les terres de l\u2019\u00c9tat, mais nous ne devons pas nuire aux moyens de subsistance des r\u00e9sidents locaux.<\/em>\u202f\u00bb<\/p>\n<p><strong><a href=\"https:\/\/www.newsendip.com\/fr\/etiquette\/israel-fr\/\">D\u00e9couvrez plus d\u2019actualit\u00e9s sur Isra\u00ebl<\/a><\/strong><\/p>\n","protected":false},"excerpt":{"rendered":"<p>En Isra\u00ebl, des B\u00e9douins arabes protestent contre un programme de plantation d\u2019arbres dans le d\u00e9sert du N\u00e9guev. Cela pourrait avoir un impact sur la faible majorit\u00e9 du Premier ministre au Parlement.<\/p>\n","protected":false},"author":2,"featured_media":13904,"comment_status":"closed","ping_status":"closed","sticky":false,"template":"","format":"standard","meta":{"wp_typography_post_enhancements_disabled":false,"footnotes":""},"categories":[3016],"tags":[485,421],"class_list":["post-29818","post","type-post","status-publish","format-standard","has-post-thumbnail","hentry","category-environnement","tag-israel-fr","tag-vieux"],"yoast_head":"<!-- This site is optimized with the Yoast SEO Premium plugin v27.4 (Yoast SEO v27.4) - https:\/\/yoast.com\/product\/yoast-seo-premium-wordpress\/ -->\n<title>En Isra\u00ebl, la plantation d&#039;arbres dans le d\u00e9sert du N\u00e9guev cr\u00e9e la discorde au sein de la coalition gouvernementale<\/title>\n<meta name=\"description\" content=\"En Isra\u00ebl, des B\u00e9douins arabes protestent contre un programme de plantation d&#039;arbres dans le d\u00e9sert du N\u00e9guev. Cela pourrait avoir un impact sur la faible majorit\u00e9 du Premier ministre au Parlement.\" \/>\n<meta name=\"robots\" content=\"index, follow, max-snippet:-1, max-image-preview:large, max-video-preview:-1\" \/>\n<link rel=\"canonical\" href=\"https:\/\/www.newsendip.com\/fr\/en-israel-la-plantation-darbres-dans-le-desert-du-neguev-cree-la-discorde-au-sein-de-la-coalition-gouvernementale\/\" \/>\n<meta property=\"og:locale\" content=\"fr_FR\" \/>\n<meta property=\"og:type\" content=\"article\" \/>\n<meta property=\"og:title\" content=\"En Isra\u00ebl, la plantation d&#039;arbres dans le d\u00e9sert du N\u00e9guev cr\u00e9e la discorde au sein de la coalition gouvernementale\" \/>\n<meta property=\"og:description\" content=\"En Isra\u00ebl, des B\u00e9douins arabes protestent contre un programme de plantation d&#039;arbres dans le d\u00e9sert du N\u00e9guev. Cela pourrait avoir un impact sur la faible majorit\u00e9 du Premier ministre au Parlement.\" \/>\n<meta property=\"og:url\" content=\"https:\/\/www.newsendip.com\/fr\/en-israel-la-plantation-darbres-dans-le-desert-du-neguev-cree-la-discorde-au-sein-de-la-coalition-gouvernementale\/\" \/>\n<meta property=\"og:site_name\" content=\"Newsendip\" \/>\n<meta property=\"article:publisher\" content=\"https:\/\/www.facebook.com\/newsendip\" \/>\n<meta property=\"article:published_time\" content=\"2022-01-12T15:44:39+00:00\" \/>\n<meta property=\"article:modified_time\" content=\"2024-07-16T19:21:43+00:00\" \/>\n<meta property=\"og:image\" content=\"https:\/\/www.newsendip.com\/wp-content\/uploads\/2022\/01\/israel-tree-planting-negev-bedouin-progressive.jpeg\" \/>\n\t<meta property=\"og:image:width\" content=\"1426\" \/>\n\t<meta property=\"og:image:height\" content=\"943\" \/>\n\t<meta property=\"og:image:type\" content=\"image\/jpeg\" \/>\n<meta name=\"author\" content=\"Newsendip with Reuters\" \/>\n<meta name=\"twitter:card\" content=\"summary_large_image\" \/>\n<meta name=\"twitter:image\" content=\"https:\/\/www.newsendip.com\/wp-content\/uploads\/2022\/01\/israel-tree-planting-negev-bedouin-progressive.jpeg\" \/>\n<meta name=\"twitter:creator\" content=\"@newsendip\" \/>\n<meta name=\"twitter:site\" content=\"@newsendip\" \/>\n<meta name=\"twitter:label1\" content=\"\u00c9crit par\" \/>\n\t<meta name=\"twitter:data1\" content=\"Newsendip avec Reuters\" \/>\n\t<meta name=\"twitter:label2\" content=\"Dur\u00e9e de lecture estim\u00e9e\" \/>\n\t<meta name=\"twitter:data2\" content=\"3 minutes\" \/>\n<!-- \/ Yoast SEO Premium plugin. -->","yoast_head_json":{"title":"En Isra\u00ebl, la plantation d'arbres dans le d\u00e9sert du N\u00e9guev cr\u00e9e la discorde au sein de la coalition gouvernementale","description":"En Isra\u00ebl, des B\u00e9douins arabes protestent contre un programme de plantation d'arbres dans le d\u00e9sert du N\u00e9guev. Cela pourrait avoir un impact sur la faible majorit\u00e9 du Premier ministre au Parlement.","robots":{"index":"index","follow":"follow","max-snippet":"max-snippet:-1","max-image-preview":"max-image-preview:large","max-video-preview":"max-video-preview:-1"},"canonical":"https:\/\/www.newsendip.com\/fr\/en-israel-la-plantation-darbres-dans-le-desert-du-neguev-cree-la-discorde-au-sein-de-la-coalition-gouvernementale\/","og_locale":"fr_FR","og_type":"article","og_title":"En Isra\u00ebl, la plantation d'arbres dans le d\u00e9sert du N\u00e9guev cr\u00e9e la discorde au sein de la coalition gouvernementale","og_description":"En Isra\u00ebl, des B\u00e9douins arabes protestent contre un programme de plantation d'arbres dans le d\u00e9sert du N\u00e9guev. Cela pourrait avoir un impact sur la faible majorit\u00e9 du Premier ministre au Parlement.","og_url":"https:\/\/www.newsendip.com\/fr\/en-israel-la-plantation-darbres-dans-le-desert-du-neguev-cree-la-discorde-au-sein-de-la-coalition-gouvernementale\/","og_site_name":"Newsendip","article_publisher":"https:\/\/www.facebook.com\/newsendip","article_published_time":"2022-01-12T15:44:39+00:00","article_modified_time":"2024-07-16T19:21:43+00:00","og_image":[{"width":1426,"height":943,"url":"https:\/\/www.newsendip.com\/wp-content\/uploads\/2022\/01\/israel-tree-planting-negev-bedouin-progressive.jpeg","type":"image\/jpeg"}],"author":"Newsendip with Reuters","twitter_card":"summary_large_image","twitter_image":"https:\/\/www.newsendip.com\/wp-content\/uploads\/2022\/01\/israel-tree-planting-negev-bedouin-progressive.jpeg","twitter_creator":"@newsendip","twitter_site":"@newsendip","twitter_misc":{"\u00c9crit par":"Newsendip avec Reuters","Dur\u00e9e de lecture estim\u00e9e":"3 minutes"},"schema":{"@context":"https:\/\/schema.org","@graph":[{"@type":"NewsArticle","@id":"https:\/\/www.newsendip.com\/fr\/en-israel-la-plantation-darbres-dans-le-desert-du-neguev-cree-la-discorde-au-sein-de-la-coalition-gouvernementale\/#article","isPartOf":{"@id":"https:\/\/www.newsendip.com\/fr\/en-israel-la-plantation-darbres-dans-le-desert-du-neguev-cree-la-discorde-au-sein-de-la-coalition-gouvernementale\/"},"author":{"name":"Newsendip with Reuters","@id":"https:\/\/www.newsendip.com\/fr\/#\/schema\/person\/182bec5d3cd42e6d99fd38038be46ccb"},"headline":"En Isra\u00ebl, la plantation d\u2019arbres dans le d\u00e9sert du N\u00e9guev cr\u00e9e la discorde au sein de la coalition gouvernementale","datePublished":"2022-01-12T15:44:39+00:00","dateModified":"2024-07-16T19:21:43+00:00","mainEntityOfPage":{"@id":"https:\/\/www.newsendip.com\/fr\/en-israel-la-plantation-darbres-dans-le-desert-du-neguev-cree-la-discorde-au-sein-de-la-coalition-gouvernementale\/"},"wordCount":599,"publisher":{"@id":"https:\/\/www.newsendip.com\/fr\/#organization"},"image":{"@id":"https:\/\/www.newsendip.com\/fr\/en-israel-la-plantation-darbres-dans-le-desert-du-neguev-cree-la-discorde-au-sein-de-la-coalition-gouvernementale\/#primaryimage"},"thumbnailUrl":"https:\/\/www.newsendip.com\/wp-content\/uploads\/2022\/01\/israel-tree-planting-negev-bedouin.webp","keywords":["Isra\u00ebl","Vieux"],"articleSection":["Environnement"],"inLanguage":"fr-FR","copyrightYear":"2022","copyrightHolder":{"@id":"https:\/\/www.newsendip.com\/#organization"}},{"@type":"WebPage","@id":"https:\/\/www.newsendip.com\/fr\/en-israel-la-plantation-darbres-dans-le-desert-du-neguev-cree-la-discorde-au-sein-de-la-coalition-gouvernementale\/","url":"https:\/\/www.newsendip.com\/fr\/en-israel-la-plantation-darbres-dans-le-desert-du-neguev-cree-la-discorde-au-sein-de-la-coalition-gouvernementale\/","name":"En Isra\u00ebl, la plantation d'arbres dans le d\u00e9sert du N\u00e9guev cr\u00e9e la discorde au sein de la coalition gouvernementale","isPartOf":{"@id":"https:\/\/www.newsendip.com\/fr\/#website"},"primaryImageOfPage":{"@id":"https:\/\/www.newsendip.com\/fr\/en-israel-la-plantation-darbres-dans-le-desert-du-neguev-cree-la-discorde-au-sein-de-la-coalition-gouvernementale\/#primaryimage"},"image":{"@id":"https:\/\/www.newsendip.com\/fr\/en-israel-la-plantation-darbres-dans-le-desert-du-neguev-cree-la-discorde-au-sein-de-la-coalition-gouvernementale\/#primaryimage"},"thumbnailUrl":"https:\/\/www.newsendip.com\/wp-content\/uploads\/2022\/01\/israel-tree-planting-negev-bedouin.webp","datePublished":"2022-01-12T15:44:39+00:00","dateModified":"2024-07-16T19:21:43+00:00","description":"En Isra\u00ebl, des B\u00e9douins arabes protestent contre un programme de plantation d'arbres dans le d\u00e9sert du N\u00e9guev. Cela pourrait avoir un impact sur la faible majorit\u00e9 du Premier ministre au Parlement.","breadcrumb":{"@id":"https:\/\/www.newsendip.com\/fr\/en-israel-la-plantation-darbres-dans-le-desert-du-neguev-cree-la-discorde-au-sein-de-la-coalition-gouvernementale\/#breadcrumb"},"inLanguage":"fr-FR","potentialAction":[{"@type":"ReadAction","target":["https:\/\/www.newsendip.com\/fr\/en-israel-la-plantation-darbres-dans-le-desert-du-neguev-cree-la-discorde-au-sein-de-la-coalition-gouvernementale\/"]}]},{"@type":"ImageObject","inLanguage":"fr-FR","@id":"https:\/\/www.newsendip.com\/fr\/en-israel-la-plantation-darbres-dans-le-desert-du-neguev-cree-la-discorde-au-sein-de-la-coalition-gouvernementale\/#primaryimage","url":"https:\/\/www.newsendip.com\/wp-content\/uploads\/2022\/01\/israel-tree-planting-negev-bedouin.webp","contentUrl":"https:\/\/www.newsendip.com\/wp-content\/uploads\/2022\/01\/israel-tree-planting-negev-bedouin.webp","width":1426,"height":943,"caption":"Les forces de s\u00e9curit\u00e9 isra\u00e9liennes avec un B\u00e9douin lors d'une manifestation contre le reboisement dans le village de Sawe al-Atrash, dans le d\u00e9sert du N\u00e9guev, au sud d'Isra\u00ebl | Ammar Awad via Reuters, 12 janvier 2022"},{"@type":"BreadcrumbList","@id":"https:\/\/www.newsendip.com\/fr\/en-israel-la-plantation-darbres-dans-le-desert-du-neguev-cree-la-discorde-au-sein-de-la-coalition-gouvernementale\/#breadcrumb","itemListElement":[{"@type":"ListItem","position":1,"name":"Accueil","item":"https:\/\/www.newsendip.com\/fr\/"},{"@type":"ListItem","position":2,"name":"En Isra\u00ebl, la plantation d&#8217;arbres dans le d\u00e9sert du N\u00e9guev cr\u00e9e la discorde au sein de la coalition gouvernementale"}]},{"@type":"WebSite","@id":"https:\/\/www.newsendip.com\/fr\/#website","url":"https:\/\/www.newsendip.com\/fr\/","name":"Newsendip","description":"Red\u00e9couvrez l&#039;actualit\u00e9 internationale","publisher":{"@id":"https:\/\/www.newsendip.com\/fr\/#organization"},"potentialAction":[{"@type":"SearchAction","target":{"@type":"EntryPoint","urlTemplate":"https:\/\/www.newsendip.com\/fr\/?s={search_term_string}"},"query-input":{"@type":"PropertyValueSpecification","valueRequired":true,"valueName":"search_term_string"}}],"inLanguage":"fr-FR"},{"@type":"Organization","@id":"https:\/\/www.newsendip.com\/fr\/#organization","name":"Newsendip","url":"https:\/\/www.newsendip.com\/fr\/","logo":{"@type":"ImageObject","inLanguage":"fr-FR","@id":"https:\/\/www.newsendip.com\/fr\/#\/schema\/logo\/image\/","url":"https:\/\/www.newsendip.com\/wp-content\/uploads\/2023\/12\/512x512.svg","contentUrl":"https:\/\/www.newsendip.com\/wp-content\/uploads\/2023\/12\/512x512.svg","width":1,"height":1,"caption":"Newsendip"},"image":{"@id":"https:\/\/www.newsendip.com\/fr\/#\/schema\/logo\/image\/"},"sameAs":["https:\/\/www.facebook.com\/newsendip","https:\/\/x.com\/newsendip","https:\/\/mastodon.social\/@newsendip","https:\/\/www.linkedin.com\/company\/newsendip"],"description":"Newsendip est un site qui a pour mission de rendre l'actualit\u00e9 internationale accessible et diversifi\u00e9e","email":"contact@newsendip.com","legalName":"Newsendip SAS","foundingDate":"2022-11-04","vatID":"FR60921124723","numberOfEmployees":{"@type":"QuantitativeValue","minValue":"1","maxValue":"10"},"publishingPrinciples":"https:\/\/www.newsendip.com\/about-us\/","ownershipFundingInfo":"https:\/\/www.newsendip.com\/legal-notice\/","actionableFeedbackPolicy":"https:\/\/www.newsendip.com\/about-us\/","correctionsPolicy":"https:\/\/www.newsendip.com\/about-us\/","ethicsPolicy":"https:\/\/www.newsendip.com\/about-us\/","diversityPolicy":"https:\/\/www.newsendip.com\/about-us\/"},{"@type":"Person","@id":"https:\/\/www.newsendip.com\/fr\/#\/schema\/person\/182bec5d3cd42e6d99fd38038be46ccb","name":"Newsendip with Reuters","description":"Newsendip newsroom articles with the support of Reuters newswire","knowsAbout":["News"],"url":"https:\/\/www.newsendip.com\/fr\/author\/newsendip-reuters\/"}]}},"_links":{"self":[{"href":"https:\/\/www.newsendip.com\/fr\/wp-json\/wp\/v2\/posts\/29818","targetHints":{"allow":["GET"]}}],"collection":[{"href":"https:\/\/www.newsendip.com\/fr\/wp-json\/wp\/v2\/posts"}],"about":[{"href":"https:\/\/www.newsendip.com\/fr\/wp-json\/wp\/v2\/types\/post"}],"author":[{"embeddable":true,"href":"https:\/\/www.newsendip.com\/fr\/wp-json\/wp\/v2\/users\/2"}],"replies":[{"embeddable":true,"href":"https:\/\/www.newsendip.com\/fr\/wp-json\/wp\/v2\/comments?post=29818"}],"version-history":[{"count":0,"href":"https:\/\/www.newsendip.com\/fr\/wp-json\/wp\/v2\/posts\/29818\/revisions"}],"wp:featuredmedia":[{"embeddable":true,"href":"https:\/\/www.newsendip.com\/fr\/wp-json\/wp\/v2\/media\/13904"}],"wp:attachment":[{"href":"https:\/\/www.newsendip.com\/fr\/wp-json\/wp\/v2\/media?parent=29818"}],"wp:term":[{"taxonomy":"category","embeddable":true,"href":"https:\/\/www.newsendip.com\/fr\/wp-json\/wp\/v2\/categories?post=29818"},{"taxonomy":"post_tag","embeddable":true,"href":"https:\/\/www.newsendip.com\/fr\/wp-json\/wp\/v2\/tags?post=29818"}],"curies":[{"name":"wp","href":"https:\/\/api.w.org\/{rel}","templated":true}]}}