{"id":29863,"date":"2021-11-24T11:16:21","date_gmt":"2021-11-24T10:16:21","guid":{"rendered":"https:\/\/www.newsendip.com\/?p=29863"},"modified":"2024-07-16T23:40:56","modified_gmt":"2024-07-16T21:40:56","slug":"unicef-liban-la-crise-sest-aggravee-pour-les-enfants-au-cours-des-six-derniers-mois","status":"publish","type":"post","link":"https:\/\/www.newsendip.com\/fr\/unicef-liban-la-crise-sest-aggravee-pour-les-enfants-au-cours-des-six-derniers-mois\/","title":{"rendered":"UNICEF Liban&nbsp;: La crise s\u2019est aggrav\u00e9e pour les enfants au cours des six derniers mois"},"content":{"rendered":"<p><strong>Une enqu\u00eate de l\u2019UNICEF au Liban montre que de plus en plus d\u2019enfants sautent des repas par manque de nourriture. Un enfant sur dix est envoy\u00e9 au travail au lieu d\u2019aller \u00e0 l\u2019\u00e9cole \u00e0 cause de la crise dans le&nbsp;pays.<br>\n<\/strong><\/p>\n<figure id=\"attachment_13778\" aria-describedby=\"caption-attachment-13778\" style=\"width: 599px\" class=\"wp-caption aligncenter\"><img decoding=\"async\" class=\"size-full wp-image-13778\" src=\"https:\/\/www.newsendip.com\/wp-content\/uploads\/2021\/11\/Unicef-lebanon-crisis-children-report-november-2021-progressive.jpeg\" alt=\"UNICEF Liban\" width=\"599\" height=\"400\" srcset=\"https:\/\/www.newsendip.com\/wp-content\/uploads\/2021\/11\/Unicef-lebanon-crisis-children-report-november-2021-progressive.jpeg 599w, https:\/\/www.newsendip.com\/wp-content\/uploads\/2021\/11\/Unicef-lebanon-crisis-children-report-november-2021-progressive-60x40.jpeg 60w, https:\/\/www.newsendip.com\/wp-content\/uploads\/2021\/11\/Unicef-lebanon-crisis-children-report-november-2021-progressive-300x200.jpeg 300w\" sizes=\"(max-width: 599px) 100vw, 599px\"><figcaption id=\"caption-attachment-13778\" class=\"wp-caption-text\">Pour l\u2019UNICEF Liban, les enfants se couchent le ventre vide et ne b\u00e9n\u00e9ficient pas des normes minimales en mati\u00e8re de soins de sant\u00e9 | \u00a9 UNICEF, Fouad Choufany<\/figcaption><\/figure>\n<p>En novembre 2021, l\u2019UNICEF a publi\u00e9 un rapport intitul\u00e9 \u00ab\u202f<a href=\"https:\/\/www.unicef.org\/lebanon\/press-releases\/lebanon-unicef-survey-highlights-childrens-ever-worsening-situation-dramatic\">Survivre sans l\u2019essentiel&nbsp;: L\u2019impact toujours plus grave de la crise libanaise sur les enfants<\/a>\u202f\u00bb, dans lequel les chiffres \u00ab\u202f<em>montrent une d\u00e9t\u00e9rioration dramatique des conditions de vie des enfants libanais<\/em>\u202f\u00bb au cours des six derniers mois.<\/p>\n<p>L\u2019UNICEF souligne en outre que \u00ab\u202f<em>des centaines de milliers d\u2019enfants au Liban sont en danger<\/em>\u202f\u00bb et que l\u2019avenir de \u00ab\u202f<em>toute une g\u00e9n\u00e9ration est en jeu<\/em>\u202f\u00bb.<\/p>\n<p>UNICEF Liban a proc\u00e9d\u00e9 \u00e0 une \u00e9valuation rapide de la situation des enfants par le biais d\u2019entretiens t\u00e9l\u00e9phoniques avec 1 244 m\u00e9nages en avril 2021. En octobre 2021, 838 de ces m\u00eames m\u00e9nages ont particip\u00e9 \u00e0 l\u2019enqu\u00eate (le rapport n\u2019explique pas pourquoi certains m\u00e9nages n\u2019ont pas particip\u00e9 \u00e0 nouveau en octobre).<\/p>\n<p>Le sondage r\u00e9v\u00e8le qu\u2019au moins un enfant dans 53\u202f% de ces familles a saut\u00e9 un repas en octobre parce qu\u2019il n\u2019y avait pas assez de nourriture \u00e0 la maison. En avril, 37\u202f% des m\u00e9nages \u00e9taient dans cette situation.<\/p>\n<p>De plus, 41\u202f% d\u2019entre eux ont d\u00fb vendre des articles m\u00e9nagers tels que des t\u00e9l\u00e9viseurs ou des meubles, contre 33\u202f% en avril 2021, \u00e0 cause de leurs conditions de&nbsp;vie.<\/p>\n<h2>1 enfant sur 10\u202fen \u00e2ge d\u2019aller \u00e0 l\u2019\u00e9cole est envoy\u00e9 travailler<\/h2>\n<p><!--more--><\/p>\n<p>Ajout\u00e9 \u00e0 ces difficult\u00e9s \u00e9conomiques, l\u2019\u00e9lectricit\u00e9 et l\u2019<a href=\"https:\/\/www.newsendip.com\/fr\/la-jordanie-et-israel-ont-lintention-dechanger-de-lelectricite-contre-de-leau\/\">eau potable<\/a> se font de plus en plus&nbsp;rares.<\/p>\n<p>En effet, l\u2019eau au Liban repr\u00e9sente une \u00e9norme menace pour la sant\u00e9, avec quelque 2,8 millions de personnes touch\u00e9es par les p\u00e9nuries d\u2019eau. Plus de 45\u202f% des m\u00e9nages ont manqu\u00e9 d\u2019eau potable au moins une fois au cours des 30 jours pr\u00e9c\u00e9dant l\u2019enqu\u00eate, contre moins de 20\u202f% en&nbsp;avril.<\/p>\n<p>L\u2019enqu\u00eate de l\u2019UNICEF Liban montre \u00e9galement que 9 familles sur 10 subissent des <a href=\"https:\/\/www.newsendip.com\/fr\/les-nombreuses-coupures-de-courant-organisees-en-afrique-du-sud-affectent-la-vie-de-nombreuses-personnes\/\">coupures d\u2019\u00e9lectricit\u00e9<\/a>.<\/p>\n<p>Pour ne rien arranger, un tiers des familles ont r\u00e9duit leurs d\u00e9penses d\u2019\u00e9ducation et 12\u202f% ont envoy\u00e9 leurs enfants au travail, contre 9\u202f% auparavant. Environ 260 000 enfants libanais pourraient ne <a href=\"https:\/\/www.newsendip.com\/fr\/pas-de-retour-en-arriere-les-etudes-superieures-a-distance-la-nouvelle-norme-aux-philippines\/\">jamais retourner \u00e0 l\u2019\u00e9cole<\/a>, s\u2019alarme l\u2019UNICEF.<\/p>\n<p>Le Liban est aux prises avec l\u2019une des pires r\u00e9cessions \u00e9conomiques de son histoire moderne, de la pand\u00e9mie de Covid-19 et des cons\u00e9quences des explosions du port de Beyrouth en ao\u00fbt&nbsp;2020.<\/p>\n<p>En cons\u00e9quence, plus de 8 personnes sur 10 vivent <a href=\"https:\/\/www.newsendip.com\/fr\/un-million-de-personnes-pauvres-en-plus-en-italie-en-2020\/\">dans la pauvret\u00e9<\/a> au Liban aujourd\u2019hui, contre 42% en 2019, et 34% sont en situation d\u2019extr\u00eame pauvret\u00e9 en 2021, selon un <a href=\"https:\/\/reliefweb.int\/sites\/reliefweb.int\/files\/resources\/21-00634-_multidimentional_poverty_in_lebanon_-policy_brief_-_en.pdf\">rapport des Nations unies<\/a>.<\/p>\n<p>Pour le repr\u00e9sentant de l\u2019UNICEF au Liban, \u00ab\u202f<em>l\u2019ampleur stup\u00e9fiante de la crise doit \u00eatre un signal d\u2019alarme<\/em>\u202f\u00bb.<\/p>\n<p><strong><a href=\"https:\/\/www.newsendip.com\/fr\/etiquette\/liban\/\">D\u00e9couvrez plus d\u2019actualit\u00e9s sur le&nbsp;Liban<\/a><\/strong><\/p>\n","protected":false},"excerpt":{"rendered":"<p>Au Liban, un enfant sur dix est envoy\u00e9 au travail au lieu d\u2019aller \u00e0 l\u2019\u00e9cole \u00e0 cause de la crise dans le&nbsp;pays.<\/p>\n","protected":false},"author":1,"featured_media":13778,"comment_status":"closed","ping_status":"closed","sticky":false,"template":"","format":"standard","meta":{"wp_typography_post_enhancements_disabled":false,"footnotes":""},"categories":[409],"tags":[743,421],"class_list":["post-29863","post","type-post","status-publish","format-standard","has-post-thumbnail","hentry","category-societe","tag-liban","tag-vieux"],"yoast_head":"<!-- This site is optimized with the Yoast SEO Premium plugin v27.4 (Yoast SEO v27.4) - https:\/\/yoast.com\/product\/yoast-seo-premium-wordpress\/ -->\n<title>UNICEF Liban : La crise s&#039;est aggrav\u00e9e pour les enfants au cours des six derniers mois<\/title>\n<meta name=\"description\" content=\"Au Liban, un enfant sur dix est envoy\u00e9 au travail au lieu d&#039;aller \u00e0 l&#039;\u00e9cole \u00e0 cause de la crise dans le pays.\" \/>\n<meta name=\"robots\" content=\"index, follow, max-snippet:-1, max-image-preview:large, max-video-preview:-1\" \/>\n<link rel=\"canonical\" href=\"https:\/\/www.newsendip.com\/fr\/unicef-liban-la-crise-sest-aggravee-pour-les-enfants-au-cours-des-six-derniers-mois\/\" \/>\n<meta property=\"og:locale\" content=\"fr_FR\" \/>\n<meta property=\"og:type\" content=\"article\" \/>\n<meta property=\"og:title\" content=\"UNICEF Liban : La crise s&#039;est aggrav\u00e9e pour les enfants au cours des six derniers mois\" \/>\n<meta property=\"og:description\" content=\"Au Liban, un enfant sur dix est envoy\u00e9 au travail au lieu d&#039;aller \u00e0 l&#039;\u00e9cole \u00e0 cause de la crise dans le pays.\" \/>\n<meta property=\"og:url\" content=\"https:\/\/www.newsendip.com\/fr\/unicef-liban-la-crise-sest-aggravee-pour-les-enfants-au-cours-des-six-derniers-mois\/\" \/>\n<meta property=\"og:site_name\" content=\"Newsendip\" \/>\n<meta property=\"article:publisher\" content=\"https:\/\/www.facebook.com\/newsendip\" \/>\n<meta property=\"article:published_time\" content=\"2021-11-24T10:16:21+00:00\" \/>\n<meta property=\"article:modified_time\" content=\"2024-07-16T21:40:56+00:00\" \/>\n<meta property=\"og:image\" content=\"https:\/\/www.newsendip.com\/wp-content\/uploads\/2021\/11\/Unicef-lebanon-crisis-children-report-november-2021-progressive.jpeg\" \/>\n\t<meta property=\"og:image:width\" content=\"599\" \/>\n\t<meta property=\"og:image:height\" content=\"400\" \/>\n\t<meta property=\"og:image:type\" content=\"image\/jpeg\" \/>\n<meta name=\"author\" content=\"Cl\u00e9ment V\u00e9rit\u00e9\" \/>\n<meta name=\"twitter:card\" content=\"summary_large_image\" \/>\n<meta name=\"twitter:creator\" content=\"@https:\/\/twitter.com\/cverite\" \/>\n<meta name=\"twitter:site\" content=\"@newsendip\" \/>\n<meta name=\"twitter:label1\" content=\"\u00c9crit par\" \/>\n\t<meta name=\"twitter:data1\" content=\"Cl\u00e9ment V\u00e9rit\u00e9\" \/>\n\t<meta name=\"twitter:label2\" content=\"Dur\u00e9e de lecture estim\u00e9e\" \/>\n\t<meta name=\"twitter:data2\" content=\"3 minutes\" \/>\n<!-- \/ Yoast SEO Premium plugin. -->","yoast_head_json":{"title":"UNICEF Liban : La crise s'est aggrav\u00e9e pour les enfants au cours des six derniers mois","description":"Au Liban, un enfant sur dix est envoy\u00e9 au travail au lieu d'aller \u00e0 l'\u00e9cole \u00e0 cause de la crise dans le pays.","robots":{"index":"index","follow":"follow","max-snippet":"max-snippet:-1","max-image-preview":"max-image-preview:large","max-video-preview":"max-video-preview:-1"},"canonical":"https:\/\/www.newsendip.com\/fr\/unicef-liban-la-crise-sest-aggravee-pour-les-enfants-au-cours-des-six-derniers-mois\/","og_locale":"fr_FR","og_type":"article","og_title":"UNICEF Liban : La crise s'est aggrav\u00e9e pour les enfants au cours des six derniers mois","og_description":"Au Liban, un enfant sur dix est envoy\u00e9 au travail au lieu d'aller \u00e0 l'\u00e9cole \u00e0 cause de la crise dans le pays.","og_url":"https:\/\/www.newsendip.com\/fr\/unicef-liban-la-crise-sest-aggravee-pour-les-enfants-au-cours-des-six-derniers-mois\/","og_site_name":"Newsendip","article_publisher":"https:\/\/www.facebook.com\/newsendip","article_published_time":"2021-11-24T10:16:21+00:00","article_modified_time":"2024-07-16T21:40:56+00:00","og_image":[{"width":599,"height":400,"url":"https:\/\/www.newsendip.com\/wp-content\/uploads\/2021\/11\/Unicef-lebanon-crisis-children-report-november-2021-progressive.jpeg","type":"image\/jpeg"}],"author":"Cl\u00e9ment V\u00e9rit\u00e9","twitter_card":"summary_large_image","twitter_creator":"@https:\/\/twitter.com\/cverite","twitter_site":"@newsendip","twitter_misc":{"\u00c9crit par":"Cl\u00e9ment V\u00e9rit\u00e9","Dur\u00e9e de lecture estim\u00e9e":"3 minutes"},"schema":{"@context":"https:\/\/schema.org","@graph":[{"@type":"NewsArticle","@id":"https:\/\/www.newsendip.com\/fr\/unicef-liban-la-crise-sest-aggravee-pour-les-enfants-au-cours-des-six-derniers-mois\/#article","isPartOf":{"@id":"https:\/\/www.newsendip.com\/fr\/unicef-liban-la-crise-sest-aggravee-pour-les-enfants-au-cours-des-six-derniers-mois\/"},"author":{"name":"Cl\u00e9ment V\u00e9rit\u00e9","@id":"https:\/\/www.newsendip.com\/fr\/#\/schema\/person\/ea22c01755f464a3cbc2c619584d6363"},"headline":"UNICEF Liban&nbsp;: La crise s\u2019est aggrav\u00e9e pour les enfants au cours des six derniers mois","datePublished":"2021-11-24T10:16:21+00:00","dateModified":"2024-07-16T21:40:56+00:00","mainEntityOfPage":{"@id":"https:\/\/www.newsendip.com\/fr\/unicef-liban-la-crise-sest-aggravee-pour-les-enfants-au-cours-des-six-derniers-mois\/"},"wordCount":541,"publisher":{"@id":"https:\/\/www.newsendip.com\/fr\/#organization"},"image":{"@id":"https:\/\/www.newsendip.com\/fr\/unicef-liban-la-crise-sest-aggravee-pour-les-enfants-au-cours-des-six-derniers-mois\/#primaryimage"},"thumbnailUrl":"https:\/\/www.newsendip.com\/wp-content\/uploads\/2021\/11\/Unicef-lebanon-crisis-children-report-november-2021-progressive.jpeg","keywords":["Liban","Vieux"],"articleSection":["Soci\u00e9t\u00e9"],"inLanguage":"fr-FR","copyrightYear":"2021","copyrightHolder":{"@id":"https:\/\/www.newsendip.com\/#organization"}},{"@type":"WebPage","@id":"https:\/\/www.newsendip.com\/fr\/unicef-liban-la-crise-sest-aggravee-pour-les-enfants-au-cours-des-six-derniers-mois\/","url":"https:\/\/www.newsendip.com\/fr\/unicef-liban-la-crise-sest-aggravee-pour-les-enfants-au-cours-des-six-derniers-mois\/","name":"UNICEF Liban : La crise s'est aggrav\u00e9e pour les enfants au cours des six derniers mois","isPartOf":{"@id":"https:\/\/www.newsendip.com\/fr\/#website"},"primaryImageOfPage":{"@id":"https:\/\/www.newsendip.com\/fr\/unicef-liban-la-crise-sest-aggravee-pour-les-enfants-au-cours-des-six-derniers-mois\/#primaryimage"},"image":{"@id":"https:\/\/www.newsendip.com\/fr\/unicef-liban-la-crise-sest-aggravee-pour-les-enfants-au-cours-des-six-derniers-mois\/#primaryimage"},"thumbnailUrl":"https:\/\/www.newsendip.com\/wp-content\/uploads\/2021\/11\/Unicef-lebanon-crisis-children-report-november-2021-progressive.jpeg","datePublished":"2021-11-24T10:16:21+00:00","dateModified":"2024-07-16T21:40:56+00:00","description":"Au Liban, un enfant sur dix est envoy\u00e9 au travail au lieu d'aller \u00e0 l'\u00e9cole \u00e0 cause de la crise dans le pays.","breadcrumb":{"@id":"https:\/\/www.newsendip.com\/fr\/unicef-liban-la-crise-sest-aggravee-pour-les-enfants-au-cours-des-six-derniers-mois\/#breadcrumb"},"inLanguage":"fr-FR","potentialAction":[{"@type":"ReadAction","target":["https:\/\/www.newsendip.com\/fr\/unicef-liban-la-crise-sest-aggravee-pour-les-enfants-au-cours-des-six-derniers-mois\/"]}]},{"@type":"ImageObject","inLanguage":"fr-FR","@id":"https:\/\/www.newsendip.com\/fr\/unicef-liban-la-crise-sest-aggravee-pour-les-enfants-au-cours-des-six-derniers-mois\/#primaryimage","url":"https:\/\/www.newsendip.com\/wp-content\/uploads\/2021\/11\/Unicef-lebanon-crisis-children-report-november-2021-progressive.jpeg","contentUrl":"https:\/\/www.newsendip.com\/wp-content\/uploads\/2021\/11\/Unicef-lebanon-crisis-children-report-november-2021-progressive.jpeg","width":599,"height":400,"caption":"Pour l'UNICEF Liban, les enfants se couchent le ventre vide et ne b\u00e9n\u00e9ficient pas des normes minimales en mati\u00e8re de soins de sant\u00e9 | \u00a9 UNICEF, Fouad Choufany"},{"@type":"BreadcrumbList","@id":"https:\/\/www.newsendip.com\/fr\/unicef-liban-la-crise-sest-aggravee-pour-les-enfants-au-cours-des-six-derniers-mois\/#breadcrumb","itemListElement":[{"@type":"ListItem","position":1,"name":"Accueil","item":"https:\/\/www.newsendip.com\/fr\/"},{"@type":"ListItem","position":2,"name":"UNICEF Liban : La crise s&#8217;est aggrav\u00e9e pour les enfants au cours des six derniers mois"}]},{"@type":"WebSite","@id":"https:\/\/www.newsendip.com\/fr\/#website","url":"https:\/\/www.newsendip.com\/fr\/","name":"Newsendip","description":"Red\u00e9couvrez l&#039;actualit\u00e9 internationale","publisher":{"@id":"https:\/\/www.newsendip.com\/fr\/#organization"},"potentialAction":[{"@type":"SearchAction","target":{"@type":"EntryPoint","urlTemplate":"https:\/\/www.newsendip.com\/fr\/?s={search_term_string}"},"query-input":{"@type":"PropertyValueSpecification","valueRequired":true,"valueName":"search_term_string"}}],"inLanguage":"fr-FR"},{"@type":"Organization","@id":"https:\/\/www.newsendip.com\/fr\/#organization","name":"Newsendip","url":"https:\/\/www.newsendip.com\/fr\/","logo":{"@type":"ImageObject","inLanguage":"fr-FR","@id":"https:\/\/www.newsendip.com\/fr\/#\/schema\/logo\/image\/","url":"https:\/\/www.newsendip.com\/wp-content\/uploads\/2023\/12\/512x512.svg","contentUrl":"https:\/\/www.newsendip.com\/wp-content\/uploads\/2023\/12\/512x512.svg","width":1,"height":1,"caption":"Newsendip"},"image":{"@id":"https:\/\/www.newsendip.com\/fr\/#\/schema\/logo\/image\/"},"sameAs":["https:\/\/www.facebook.com\/newsendip","https:\/\/x.com\/newsendip","https:\/\/mastodon.social\/@newsendip","https:\/\/www.linkedin.com\/company\/newsendip"],"description":"Newsendip est un site qui a pour mission de rendre l'actualit\u00e9 internationale accessible et diversifi\u00e9e","email":"contact@newsendip.com","legalName":"Newsendip SAS","foundingDate":"2022-11-04","vatID":"FR60921124723","numberOfEmployees":{"@type":"QuantitativeValue","minValue":"1","maxValue":"10"},"publishingPrinciples":"https:\/\/www.newsendip.com\/about-us\/","ownershipFundingInfo":"https:\/\/www.newsendip.com\/legal-notice\/","actionableFeedbackPolicy":"https:\/\/www.newsendip.com\/about-us\/","correctionsPolicy":"https:\/\/www.newsendip.com\/about-us\/","ethicsPolicy":"https:\/\/www.newsendip.com\/about-us\/","diversityPolicy":"https:\/\/www.newsendip.com\/about-us\/"},{"@type":"Person","@id":"https:\/\/www.newsendip.com\/fr\/#\/schema\/person\/ea22c01755f464a3cbc2c619584d6363","name":"Cl\u00e9ment V\u00e9rit\u00e9","description":"Cl\u00e9ment is the executive editor and founder of Newsendip. He started in the media industry as a freelance reporter at 16 for a local French newspaper after school and has never left it. He later worked for seven years at The New York Times, notably as a data analyst. He holds a Master of Management in France and a Master of Arts in the United Kingdom in International Marketing &amp; Communications Strategy. He has lived in France, the United Kingdom, and Italy.","sameAs":["https:\/\/www.newsendip.com\/","https:\/\/www.linkedin.com\/in\/clementverite\/","https:\/\/x.com\/https:\/\/twitter.com\/cverite"],"knowsAbout":["News","International","Business","Media monitoring"],"knowsLanguage":["English","French","Italian","Spanish"],"url":"https:\/\/www.newsendip.com\/fr\/author\/clement-verite\/"}]}},"_links":{"self":[{"href":"https:\/\/www.newsendip.com\/fr\/wp-json\/wp\/v2\/posts\/29863","targetHints":{"allow":["GET"]}}],"collection":[{"href":"https:\/\/www.newsendip.com\/fr\/wp-json\/wp\/v2\/posts"}],"about":[{"href":"https:\/\/www.newsendip.com\/fr\/wp-json\/wp\/v2\/types\/post"}],"author":[{"embeddable":true,"href":"https:\/\/www.newsendip.com\/fr\/wp-json\/wp\/v2\/users\/1"}],"replies":[{"embeddable":true,"href":"https:\/\/www.newsendip.com\/fr\/wp-json\/wp\/v2\/comments?post=29863"}],"version-history":[{"count":0,"href":"https:\/\/www.newsendip.com\/fr\/wp-json\/wp\/v2\/posts\/29863\/revisions"}],"wp:featuredmedia":[{"embeddable":true,"href":"https:\/\/www.newsendip.com\/fr\/wp-json\/wp\/v2\/media\/13778"}],"wp:attachment":[{"href":"https:\/\/www.newsendip.com\/fr\/wp-json\/wp\/v2\/media?parent=29863"}],"wp:term":[{"taxonomy":"category","embeddable":true,"href":"https:\/\/www.newsendip.com\/fr\/wp-json\/wp\/v2\/categories?post=29863"},{"taxonomy":"post_tag","embeddable":true,"href":"https:\/\/www.newsendip.com\/fr\/wp-json\/wp\/v2\/tags?post=29863"}],"curies":[{"name":"wp","href":"https:\/\/api.w.org\/{rel}","templated":true}]}}