{"id":29873,"date":"2021-12-08T10:38:08","date_gmt":"2021-12-08T09:38:08","guid":{"rendered":"https:\/\/www.newsendip.com\/?p=29873"},"modified":"2024-07-05T12:48:10","modified_gmt":"2024-07-05T10:48:10","slug":"les-gouvernements-de-dubai-et-dabu-dhabi-avec-des-semaines-de-travail-raccourcies","status":"publish","type":"post","link":"https:\/\/www.newsendip.com\/fr\/les-gouvernements-de-dubai-et-dabu-dhabi-avec-des-semaines-de-travail-raccourcies\/","title":{"rendered":"Les gouvernements de Duba\u00ef et d\u2019Abu Dhabi avec des semaines de travail raccourcies"},"content":{"rendered":"<p><strong>Le secteur public des \u00c9mirats arabes unis passera \u00e0 une semaine de travail de quatre jours et demi \u00e0 partir de janvier 2022.<br>\n<\/strong><\/p>\n<figure id=\"attachment_13814\" aria-describedby=\"caption-attachment-13814\" style=\"width: 640px\" class=\"wp-caption aligncenter\"><img decoding=\"async\" class=\"size-full wp-image-13814\" src=\"https:\/\/www.newsendip.com\/wp-content\/uploads\/2021\/12\/dubai-united-arab-emirates-working-days-shorter-week.webp\" alt=\"Duba\u00ef\" width=\"640\" height=\"425\" srcset=\"https:\/\/www.newsendip.com\/wp-content\/uploads\/2021\/12\/dubai-united-arab-emirates-working-days-shorter-week.webp 640w, https:\/\/www.newsendip.com\/wp-content\/uploads\/2021\/12\/dubai-united-arab-emirates-working-days-shorter-week-60x40.webp 60w, https:\/\/www.newsendip.com\/wp-content\/uploads\/2021\/12\/dubai-united-arab-emirates-working-days-shorter-week-300x199.webp 300w\" sizes=\"(max-width: 640px) 100vw, 640px\"><figcaption id=\"caption-attachment-13814\" class=\"wp-caption-text\">Le gouvernement des \u00c9mirats arabes unis a annonc\u00e9 une r\u00e9duction de la semaine de travail \u00e0 partir de 2022 pour les entit\u00e9s gouvernementales. Les gouvernements d\u2019Abu Dhabi, de Duba\u00ef, d\u2019Ajman et d\u2019Umm Al Quwain adaptent \u00e9galement leurs week-ends. | Duba\u00ef, \u00a9 Olga&nbsp;Ozik<\/figcaption><\/figure>\n<p>Le 7 d\u00e9cembre, le <a href=\"https:\/\/twitter.com\/UAEmediaoffice\/status\/1468129958019182592\">gouvernement des \u00c9mirats arabes unis<\/a> a annonc\u00e9 la mise en place d\u2019un nouveau week-end et d\u2019une semaine de travail plus courte. Cette mesure vise \u00e0 stimuler la productivit\u00e9, \u00e0 am\u00e9liorer l\u2019\u00e9quilibre entre vie professionnelle et vie priv\u00e9e et \u00e0 s\u2019adapter aux march\u00e9s mondiaux.<\/p>\n<p>Les vendredis apr\u00e8s-midi, les samedis et les dimanches seront d\u00e9sormais ch\u00f4m\u00e9s pour tous les minist\u00e8res f\u00e9d\u00e9raux. Les entit\u00e9s du gouvernement f\u00e9d\u00e9ral commenceront \u00e0 travailler selon le syst\u00e8me de la semaine de quatre jours et demi \u00e0 partir du 1er janvier 2022.<\/p>\n<p>Les gouvernements d\u2019Abu Dhabi, de Duba\u00ef, d\u2019Ajman et d\u2019Umm Al Quwain suivent \u00e9galement le changement f\u00e9d\u00e9ral et adaptent leurs week-ends.<strong><br>\n<\/strong><\/p>\n<p>\u00c0 partir de 2022, les employ\u00e9s du secteur public travailleront 8 heures du lundi au jeudi et 4,5 heures le vendredi. Leur journ\u00e9e s\u2019arr\u00eatera \u00e0 12 heures le vendredi. Les employ\u00e9s auront \u00e9galement la possibilit\u00e9 d\u2019avoir des <a href=\"https:\/\/www.newsendip.com\/fr\/au-canada-une-employee-en-teletravail-doit-payer-son-ancien-employeur-pour-vol-de-temps\/\">horaires de travail flexibles<\/a> et des options de t\u00e9l\u00e9travail le vendredi.<\/p>\n<p>En tant que pays musulman, les sermons et les pri\u00e8res du vendredi auront lieu de mani\u00e8re permanente apr\u00e8s 13 h&nbsp;15.<\/p>\n<p>Il y a quinze ans, les <a href=\"https:\/\/thenationalnewsbusinessextra.podbean.com\/e\/what-the-new-weekend-and-shorter-work-week-mean-for-the-uae\/\">\u00c9mirats arabes unis avaient adopt\u00e9 le week-end du vendredi au samedi.<\/a> Soixante-dix ans auparavant, ils \u00e9taient pass\u00e9s \u00e0 un week-end du jeudi au vendredi.<\/p>\n<h2>Une semaine plus courte pour am\u00e9liorer la productivit\u00e9, l\u2019\u00e9quilibre entre vie professionnelle et vie priv\u00e9e et l\u2019\u00e9conomie mondiale<\/h2>\n<p>Le changement des jours de la semaine dans les \u00c9mirats faisait d\u00e9j\u00e0 l\u2019objet de discussions depuis une dizaine d\u2019ann\u00e9es.<\/p>\n<p><!--more--><\/p>\n<p>Avec cette mesure, les \u00c9mirats arabes unis veulent positionner le pays comme <a href=\"https:\/\/www.newsendip.com\/fr\/economie\/\">une \u00e9conomie mondiale<\/a>, esp\u00e8rent <a href=\"https:\/\/www.newsendip.com\/fr\/la-perte-de-productivite-premier-facteur-de-couts-lies-aux-addictions-en-australie-selon-un-rapport\/\">augmenter leur productivit\u00e9<\/a> et devenir plus attractifs gr\u00e2ce \u00e0 un meilleur \u00e9quilibre entre vie professionnelle et vie priv\u00e9e.<\/p>\n<p>La semaine de travail de cinq jours est une norme informelle depuis le d\u00e9but des ann\u00e9es 1900 qui est devenue presque mondiale. Mais la semaine de quatre jours a suscit\u00e9 un regain d\u2019int\u00e9r\u00eat ces derni\u00e8res ann\u00e9es, car elle est consid\u00e9r\u00e9e comme un moyen d\u2019am\u00e9liorer le bien-\u00eatre de la population et la productivit\u00e9 de l\u2019\u00e9conomie.<\/p>\n<p>Le changement aligne davantage les \u00c9mirats arabes unis sur les week-ends du samedi et du dimanche que les grandes \u00e9conomies et les march\u00e9s boursiers observent dans le monde entier. Les bourses des \u00c9mirats arabes unis fonctionneront du lundi au vendredi.<\/p>\n<p>Les \u00e9coles publiques fonctionneront selon le nouveau calendrier. Les \u00e9coles priv\u00e9es d\u2019Abu Dhabi et de Duba\u00ef feront de&nbsp;m\u00eame.<\/p>\n<p>Alors que les \u00e9coles et les entit\u00e9s gouvernementales adoptent un nouveau rythme de travail, les entreprises priv\u00e9es ne sont pas tenues de suivre la nouvelle l\u00e9gislation mais ont la possibilit\u00e9 de la suivre.<\/p>\n<p><a href=\"https:\/\/www.newsendip.com\/fr\/etiquette\/emirats-arabes-unis\/\"><strong>D\u00e9couvrez plus d\u2019actualit\u00e9s sur les \u00c9mirates Arabes Unis<\/strong><\/a><\/p>\n","protected":false},"excerpt":{"rendered":"<p>Le secteur public des \u00c9mirats arabes unis passera \u00e0 une semaine de travail de quatre jours et demi \u00e0 partir de janvier 2022.<\/p>\n","protected":false},"author":1,"featured_media":13814,"comment_status":"closed","ping_status":"closed","sticky":false,"template":"","format":"standard","meta":{"wp_typography_post_enhancements_disabled":false,"footnotes":""},"categories":[414],"tags":[411,520],"class_list":["post-29873","post","type-post","status-publish","format-standard","has-post-thumbnail","hentry","category-economie","tag-actuel","tag-emirats-arabes-unis"],"yoast_head":"<!-- This site is optimized with the Yoast SEO Premium plugin v27.4 (Yoast SEO v27.4) - https:\/\/yoast.com\/product\/yoast-seo-premium-wordpress\/ -->\n<title>Les gouvernements de Duba\u00ef et d&#039;Abu Dhabi avec des semaines de travail raccourcies<\/title>\n<meta name=\"description\" content=\"Le secteur public des \u00c9mirats arabes unis passera \u00e0 une semaine de travail de quatre jours et demi \u00e0 partir de janvier 2022.\" \/>\n<meta name=\"robots\" content=\"index, follow, max-snippet:-1, max-image-preview:large, max-video-preview:-1\" \/>\n<link rel=\"canonical\" href=\"https:\/\/www.newsendip.com\/fr\/les-gouvernements-de-dubai-et-dabu-dhabi-avec-des-semaines-de-travail-raccourcies\/\" \/>\n<meta property=\"og:locale\" content=\"fr_FR\" \/>\n<meta property=\"og:type\" content=\"article\" \/>\n<meta property=\"og:title\" content=\"Les gouvernements de Duba\u00ef et d&#039;Abu Dhabi avec des semaines de travail raccourcies\" \/>\n<meta property=\"og:description\" content=\"Le secteur public des \u00c9mirats arabes unis passera \u00e0 une semaine de travail de quatre jours et demi \u00e0 partir de janvier 2022.\" \/>\n<meta property=\"og:url\" content=\"https:\/\/www.newsendip.com\/fr\/les-gouvernements-de-dubai-et-dabu-dhabi-avec-des-semaines-de-travail-raccourcies\/\" \/>\n<meta property=\"og:site_name\" content=\"Newsendip\" \/>\n<meta property=\"article:publisher\" content=\"https:\/\/www.facebook.com\/newsendip\" \/>\n<meta property=\"article:published_time\" content=\"2021-12-08T09:38:08+00:00\" \/>\n<meta property=\"article:modified_time\" content=\"2024-07-05T10:48:10+00:00\" \/>\n<meta property=\"og:image\" content=\"https:\/\/www.newsendip.com\/wp-content\/uploads\/2021\/12\/dubai-united-arab-emirates-progressive.jpeg\" \/>\n\t<meta property=\"og:image:width\" content=\"640\" \/>\n\t<meta property=\"og:image:height\" content=\"426\" \/>\n\t<meta property=\"og:image:type\" content=\"image\/jpeg\" \/>\n<meta name=\"author\" content=\"Cl\u00e9ment V\u00e9rit\u00e9\" \/>\n<meta name=\"twitter:card\" content=\"summary_large_image\" \/>\n<meta name=\"twitter:creator\" content=\"@https:\/\/twitter.com\/cverite\" \/>\n<meta name=\"twitter:site\" content=\"@newsendip\" \/>\n<meta name=\"twitter:label1\" content=\"\u00c9crit par\" \/>\n\t<meta name=\"twitter:data1\" content=\"Cl\u00e9ment V\u00e9rit\u00e9\" \/>\n\t<meta name=\"twitter:label2\" content=\"Dur\u00e9e de lecture estim\u00e9e\" \/>\n\t<meta name=\"twitter:data2\" content=\"3 minutes\" \/>\n<!-- \/ Yoast SEO Premium plugin. -->","yoast_head_json":{"title":"Les gouvernements de Duba\u00ef et d'Abu Dhabi avec des semaines de travail raccourcies","description":"Le secteur public des \u00c9mirats arabes unis passera \u00e0 une semaine de travail de quatre jours et demi \u00e0 partir de janvier 2022.","robots":{"index":"index","follow":"follow","max-snippet":"max-snippet:-1","max-image-preview":"max-image-preview:large","max-video-preview":"max-video-preview:-1"},"canonical":"https:\/\/www.newsendip.com\/fr\/les-gouvernements-de-dubai-et-dabu-dhabi-avec-des-semaines-de-travail-raccourcies\/","og_locale":"fr_FR","og_type":"article","og_title":"Les gouvernements de Duba\u00ef et d'Abu Dhabi avec des semaines de travail raccourcies","og_description":"Le secteur public des \u00c9mirats arabes unis passera \u00e0 une semaine de travail de quatre jours et demi \u00e0 partir de janvier 2022.","og_url":"https:\/\/www.newsendip.com\/fr\/les-gouvernements-de-dubai-et-dabu-dhabi-avec-des-semaines-de-travail-raccourcies\/","og_site_name":"Newsendip","article_publisher":"https:\/\/www.facebook.com\/newsendip","article_published_time":"2021-12-08T09:38:08+00:00","article_modified_time":"2024-07-05T10:48:10+00:00","og_image":[{"width":640,"height":426,"url":"https:\/\/www.newsendip.com\/wp-content\/uploads\/2021\/12\/dubai-united-arab-emirates-progressive.jpeg","type":"image\/jpeg"}],"author":"Cl\u00e9ment V\u00e9rit\u00e9","twitter_card":"summary_large_image","twitter_creator":"@https:\/\/twitter.com\/cverite","twitter_site":"@newsendip","twitter_misc":{"\u00c9crit par":"Cl\u00e9ment V\u00e9rit\u00e9","Dur\u00e9e de lecture estim\u00e9e":"3 minutes"},"schema":{"@context":"https:\/\/schema.org","@graph":[{"@type":"NewsArticle","@id":"https:\/\/www.newsendip.com\/fr\/les-gouvernements-de-dubai-et-dabu-dhabi-avec-des-semaines-de-travail-raccourcies\/#article","isPartOf":{"@id":"https:\/\/www.newsendip.com\/fr\/les-gouvernements-de-dubai-et-dabu-dhabi-avec-des-semaines-de-travail-raccourcies\/"},"author":{"name":"Cl\u00e9ment V\u00e9rit\u00e9","@id":"https:\/\/www.newsendip.com\/fr\/#\/schema\/person\/ea22c01755f464a3cbc2c619584d6363"},"headline":"Les gouvernements de Duba\u00ef et d\u2019Abu Dhabi avec des semaines de travail raccourcies","datePublished":"2021-12-08T09:38:08+00:00","dateModified":"2024-07-05T10:48:10+00:00","mainEntityOfPage":{"@id":"https:\/\/www.newsendip.com\/fr\/les-gouvernements-de-dubai-et-dabu-dhabi-avec-des-semaines-de-travail-raccourcies\/"},"wordCount":569,"publisher":{"@id":"https:\/\/www.newsendip.com\/fr\/#organization"},"image":{"@id":"https:\/\/www.newsendip.com\/fr\/les-gouvernements-de-dubai-et-dabu-dhabi-avec-des-semaines-de-travail-raccourcies\/#primaryimage"},"thumbnailUrl":"https:\/\/www.newsendip.com\/wp-content\/uploads\/2021\/12\/dubai-united-arab-emirates-working-days-shorter-week.webp","keywords":["Actuel","\u00c9mirats Arabes Unis"],"articleSection":["\u00c9conomie"],"inLanguage":"fr-FR","copyrightYear":"2021","copyrightHolder":{"@id":"https:\/\/www.newsendip.com\/#organization"}},{"@type":"WebPage","@id":"https:\/\/www.newsendip.com\/fr\/les-gouvernements-de-dubai-et-dabu-dhabi-avec-des-semaines-de-travail-raccourcies\/","url":"https:\/\/www.newsendip.com\/fr\/les-gouvernements-de-dubai-et-dabu-dhabi-avec-des-semaines-de-travail-raccourcies\/","name":"Les gouvernements de Duba\u00ef et d'Abu Dhabi avec des semaines de travail raccourcies","isPartOf":{"@id":"https:\/\/www.newsendip.com\/fr\/#website"},"primaryImageOfPage":{"@id":"https:\/\/www.newsendip.com\/fr\/les-gouvernements-de-dubai-et-dabu-dhabi-avec-des-semaines-de-travail-raccourcies\/#primaryimage"},"image":{"@id":"https:\/\/www.newsendip.com\/fr\/les-gouvernements-de-dubai-et-dabu-dhabi-avec-des-semaines-de-travail-raccourcies\/#primaryimage"},"thumbnailUrl":"https:\/\/www.newsendip.com\/wp-content\/uploads\/2021\/12\/dubai-united-arab-emirates-working-days-shorter-week.webp","datePublished":"2021-12-08T09:38:08+00:00","dateModified":"2024-07-05T10:48:10+00:00","description":"Le secteur public des \u00c9mirats arabes unis passera \u00e0 une semaine de travail de quatre jours et demi \u00e0 partir de janvier 2022.","breadcrumb":{"@id":"https:\/\/www.newsendip.com\/fr\/les-gouvernements-de-dubai-et-dabu-dhabi-avec-des-semaines-de-travail-raccourcies\/#breadcrumb"},"inLanguage":"fr-FR","potentialAction":[{"@type":"ReadAction","target":["https:\/\/www.newsendip.com\/fr\/les-gouvernements-de-dubai-et-dabu-dhabi-avec-des-semaines-de-travail-raccourcies\/"]}]},{"@type":"ImageObject","inLanguage":"fr-FR","@id":"https:\/\/www.newsendip.com\/fr\/les-gouvernements-de-dubai-et-dabu-dhabi-avec-des-semaines-de-travail-raccourcies\/#primaryimage","url":"https:\/\/www.newsendip.com\/wp-content\/uploads\/2021\/12\/dubai-united-arab-emirates-working-days-shorter-week.webp","contentUrl":"https:\/\/www.newsendip.com\/wp-content\/uploads\/2021\/12\/dubai-united-arab-emirates-working-days-shorter-week.webp","width":640,"height":425,"caption":"Le gouvernement des \u00c9mirats arabes unis a annonc\u00e9 une r\u00e9duction de la semaine de travail \u00e0 partir de 2022 pour les entit\u00e9s gouvernementales. Les gouvernements d'Abu Dhabi, de Duba\u00ef, d'Ajman et d'Umm Al Quwain adaptent \u00e9galement leurs week-ends. | Duba\u00ef, \u00a9 Olga Ozik"},{"@type":"BreadcrumbList","@id":"https:\/\/www.newsendip.com\/fr\/les-gouvernements-de-dubai-et-dabu-dhabi-avec-des-semaines-de-travail-raccourcies\/#breadcrumb","itemListElement":[{"@type":"ListItem","position":1,"name":"Accueil","item":"https:\/\/www.newsendip.com\/fr\/"},{"@type":"ListItem","position":2,"name":"Les gouvernements de Duba\u00ef et d&#8217;Abu Dhabi avec des semaines de travail raccourcies"}]},{"@type":"WebSite","@id":"https:\/\/www.newsendip.com\/fr\/#website","url":"https:\/\/www.newsendip.com\/fr\/","name":"Newsendip","description":"Red\u00e9couvrez l&#039;actualit\u00e9 internationale","publisher":{"@id":"https:\/\/www.newsendip.com\/fr\/#organization"},"potentialAction":[{"@type":"SearchAction","target":{"@type":"EntryPoint","urlTemplate":"https:\/\/www.newsendip.com\/fr\/?s={search_term_string}"},"query-input":{"@type":"PropertyValueSpecification","valueRequired":true,"valueName":"search_term_string"}}],"inLanguage":"fr-FR"},{"@type":"Organization","@id":"https:\/\/www.newsendip.com\/fr\/#organization","name":"Newsendip","url":"https:\/\/www.newsendip.com\/fr\/","logo":{"@type":"ImageObject","inLanguage":"fr-FR","@id":"https:\/\/www.newsendip.com\/fr\/#\/schema\/logo\/image\/","url":"https:\/\/www.newsendip.com\/wp-content\/uploads\/2023\/12\/512x512.svg","contentUrl":"https:\/\/www.newsendip.com\/wp-content\/uploads\/2023\/12\/512x512.svg","width":1,"height":1,"caption":"Newsendip"},"image":{"@id":"https:\/\/www.newsendip.com\/fr\/#\/schema\/logo\/image\/"},"sameAs":["https:\/\/www.facebook.com\/newsendip","https:\/\/x.com\/newsendip","https:\/\/mastodon.social\/@newsendip","https:\/\/www.linkedin.com\/company\/newsendip"],"description":"Newsendip est un site qui a pour mission de rendre l'actualit\u00e9 internationale accessible et diversifi\u00e9e","email":"contact@newsendip.com","legalName":"Newsendip SAS","foundingDate":"2022-11-04","vatID":"FR60921124723","numberOfEmployees":{"@type":"QuantitativeValue","minValue":"1","maxValue":"10"},"publishingPrinciples":"https:\/\/www.newsendip.com\/about-us\/","ownershipFundingInfo":"https:\/\/www.newsendip.com\/legal-notice\/","actionableFeedbackPolicy":"https:\/\/www.newsendip.com\/about-us\/","correctionsPolicy":"https:\/\/www.newsendip.com\/about-us\/","ethicsPolicy":"https:\/\/www.newsendip.com\/about-us\/","diversityPolicy":"https:\/\/www.newsendip.com\/about-us\/"},{"@type":"Person","@id":"https:\/\/www.newsendip.com\/fr\/#\/schema\/person\/ea22c01755f464a3cbc2c619584d6363","name":"Cl\u00e9ment V\u00e9rit\u00e9","description":"Cl\u00e9ment is the executive editor and founder of Newsendip. He started in the media industry as a freelance reporter at 16 for a local French newspaper after school and has never left it. He later worked for seven years at The New York Times, notably as a data analyst. He holds a Master of Management in France and a Master of Arts in the United Kingdom in International Marketing &amp; Communications Strategy. He has lived in France, the United Kingdom, and Italy.","sameAs":["https:\/\/www.newsendip.com\/","https:\/\/www.linkedin.com\/in\/clementverite\/","https:\/\/x.com\/https:\/\/twitter.com\/cverite"],"knowsAbout":["News","International","Business","Media monitoring"],"knowsLanguage":["English","French","Italian","Spanish"],"url":"https:\/\/www.newsendip.com\/fr\/author\/clement-verite\/"}]}},"_links":{"self":[{"href":"https:\/\/www.newsendip.com\/fr\/wp-json\/wp\/v2\/posts\/29873","targetHints":{"allow":["GET"]}}],"collection":[{"href":"https:\/\/www.newsendip.com\/fr\/wp-json\/wp\/v2\/posts"}],"about":[{"href":"https:\/\/www.newsendip.com\/fr\/wp-json\/wp\/v2\/types\/post"}],"author":[{"embeddable":true,"href":"https:\/\/www.newsendip.com\/fr\/wp-json\/wp\/v2\/users\/1"}],"replies":[{"embeddable":true,"href":"https:\/\/www.newsendip.com\/fr\/wp-json\/wp\/v2\/comments?post=29873"}],"version-history":[{"count":0,"href":"https:\/\/www.newsendip.com\/fr\/wp-json\/wp\/v2\/posts\/29873\/revisions"}],"wp:featuredmedia":[{"embeddable":true,"href":"https:\/\/www.newsendip.com\/fr\/wp-json\/wp\/v2\/media\/13814"}],"wp:attachment":[{"href":"https:\/\/www.newsendip.com\/fr\/wp-json\/wp\/v2\/media?parent=29873"}],"wp:term":[{"taxonomy":"category","embeddable":true,"href":"https:\/\/www.newsendip.com\/fr\/wp-json\/wp\/v2\/categories?post=29873"},{"taxonomy":"post_tag","embeddable":true,"href":"https:\/\/www.newsendip.com\/fr\/wp-json\/wp\/v2\/tags?post=29873"}],"curies":[{"name":"wp","href":"https:\/\/api.w.org\/{rel}","templated":true}]}}