{"id":29878,"date":"2021-12-09T15:39:52","date_gmt":"2021-12-09T14:39:52","guid":{"rendered":"https:\/\/www.newsendip.com\/?p=29878"},"modified":"2023-09-05T10:47:29","modified_gmt":"2023-09-05T08:47:29","slug":"la-gratuite-de-litinerance-mobile-dans-lue-prolongee-jusquen-2032","status":"publish","type":"post","link":"https:\/\/www.newsendip.com\/fr\/la-gratuite-de-litinerance-mobile-dans-lue-prolongee-jusquen-2032\/","title":{"rendered":"La gratuit\u00e9 de l\u2019itin\u00e9rance mobile dans l\u2019UE prolong\u00e9e jusqu\u2019en 2032"},"content":{"rendered":"<p><strong>Il sera probablement possible d\u2019utiliser un t\u00e9l\u00e9phone portable sans frais suppl\u00e9mentaires lors de d\u00e9placements au sein de l\u2019Union europ\u00e9enne jusqu\u2019en 2032 au moins. L\u2019accord actuel expire en&nbsp;2022.<br>\n<\/strong><\/p>\n<figure id=\"attachment_13821\" aria-describedby=\"caption-attachment-13821\" style=\"width: 640px\" class=\"wp-caption aligncenter\"><img decoding=\"async\" class=\"size-full wp-image-13821\" src=\"https:\/\/www.newsendip.com\/wp-content\/uploads\/2021\/12\/mobile-phone-travel-roaming-fee-european-union.webp\" alt=\"T\u00e9l\u00e9phone portable\" width=\"640\" height=\"361\" srcset=\"https:\/\/www.newsendip.com\/wp-content\/uploads\/2021\/12\/mobile-phone-travel-roaming-fee-european-union.webp 640w, https:\/\/www.newsendip.com\/wp-content\/uploads\/2021\/12\/mobile-phone-travel-roaming-fee-european-union-60x34.webp 60w, https:\/\/www.newsendip.com\/wp-content\/uploads\/2021\/12\/mobile-phone-travel-roaming-fee-european-union-300x169.webp 300w\" sizes=\"(max-width: 640px) 100vw, 640px\"><figcaption id=\"caption-attachment-13821\" class=\"wp-caption-text\">Depuis 2017, il n\u2019y a pas de frais suppl\u00e9mentaires pour l\u2019utilisation des donn\u00e9es mobiles dans l\u2019Union europ\u00e9enne. Mais l\u2019accord expire en juin 2022 | \u00a9 Daria Nepriakhina<\/figcaption><\/figure>\n<p>Le 9 d\u00e9cembre, le <a href=\"https:\/\/www.consilium.europa.eu\/fr\/press\/press-releases\/2021\/12\/09\/mobile-roaming-with-no-extra-fees-to-continue-as-presidency-reaches-deal-with-european-parliament\/\">Conseil et le Parlement de l\u2019Union europ\u00e9enne<\/a> ont provisoirement accept\u00e9 de prolonger la politique d\u201d\u202f\u202f\u00bb<em>itin\u00e9rance aux conditions nationales<\/em>\u202f\u00bb.<\/p>\n<p>Ce syst\u00e8me permet aux personnes de voyager dans les pays de l\u2019UE sans payer de frais d\u2019itin\u00e9rance suppl\u00e9mentaires pour passer des appels t\u00e9l\u00e9phoniques, <a href=\"https:\/\/www.newsendip.com\/fr\/les-adolescents-italiens-accros-aux-smartphones-et-avec-des-risques-de-revenge-porn\/\">envoyer des SMS<\/a> et naviguer sur internet.<\/p>\n<p>Toutefois, le r\u00e8glement actuel sur l\u2019itin\u00e9rance a une date d\u2019expiration. Le programme expire le 30 juin 2022 apr\u00e8s avoir \u00e9t\u00e9 mis en place en&nbsp;2017.<\/p>\n<p>Cependant, les n\u00e9gociateurs sont parvenus \u00e0 un accord provisoire pour le prolonger jusqu\u2019en 2032. Les utilisateurs pourront alors acc\u00e9der \u00e0 la m\u00eame qualit\u00e9 de service \u00e0 l\u2019\u00e9tranger sans frais suppl\u00e9mentaires par rapport \u00e0 ce qu\u2019ils paient chez&nbsp;eux.<\/p>\n<p>Cela signifie que les <a href=\"https:\/\/www.newsendip.com\/fr\/les-batteries-dordinateurs-et-de-smartphones-dans-lu-e-devront-etre-faciles-a-changer-par-les-utilisateurs\/\">entreprises de t\u00e9l\u00e9communications<\/a> sont oblig\u00e9es d\u2019offrir la m\u00eame qualit\u00e9 de service \u00e0 l\u2019\u00e9tranger que celle fournie au niveau national.<\/p>\n<p>Les membres du Parlement ont obtenu une disposition pour \u00e9viter une r\u00e9duction de la qualit\u00e9 des services, par exemple en passant d\u2019une connexion 4G \u00e0 une connexion 3G.<\/p>\n<h2>Les frais d\u2019utilisation de donn\u00e9es entre op\u00e9rateurs plafonn\u00e9s par la&nbsp;loi<\/h2>\n<p><!--more--><\/p>\n<p>Pour que le syst\u00e8me soit renouvel\u00e9, les donn\u00e9es doivent \u00eatre factur\u00e9es \u00e0 un prix relativement homog\u00e8ne entre les op\u00e9rateurs des \u00c9tats membres de l\u2019UE. Il en va de m\u00eame pour les prix des appels et des&nbsp;SMS.<\/p>\n<p>L\u2019accord pr\u00e9voit un prix auquel chaque op\u00e9rateur facture \u00e0 l\u2019autre l\u2019utilisation par ses utilisateurs d\u2019autres r\u00e9seaux lorsqu\u2019ils voyagent. Les tarifs de gros de l\u2019itin\u00e9rance sont plafonn\u00e9s \u00e0 2 euros par gigaoctet \u00e0 partir de 2022 et baisseront progressivement jusqu\u2019\u00e0 1 euro en&nbsp;2027.<\/p>\n<p>Pour adopter le r\u00e9gime de l\u2019itin\u00e9rance \u00e0 domicile en 2017, les plafonds tarifaires \u00e9taient pass\u00e9s de 50\u202f\u20ac\/Gb \u00e0 7,7\u202f\u20ac\/Gb.<\/p>\n<p>Au cours de l\u2019\u00e9t\u00e9 2018, premi\u00e8re ann\u00e9e d\u2019application du syst\u00e8me, la consommation de donn\u00e9es \u00e0 l\u2019\u00e9tranger fut multipli\u00e9e par 12 compar\u00e9e \u00e0&nbsp;2017.<\/p>\n<p>L\u2019accord informel devra maintenant \u00eatre approuv\u00e9 par le Parlement et le Conseil pour entrer en vigueur.<\/p>\n<p><a href=\"https:\/\/www.newsendip.com\/fr\/etiquette\/monde\/\"><strong>D\u00e9couvrez plus d\u2019actualit\u00e9 internationale<\/strong><\/a><\/p>\n","protected":false},"excerpt":{"rendered":"<p>Il sera probablement possible d\u2019utiliser un t\u00e9l\u00e9phone portable sans frais suppl\u00e9mentaires lors de d\u00e9placements au sein de l\u2019Union europ\u00e9enne jusqu\u2019en 2032 au moins. L\u2019accord actuel expire en&nbsp;2022.<\/p>\n","protected":false},"author":1,"featured_media":13821,"comment_status":"closed","ping_status":"closed","sticky":false,"template":"","format":"standard","meta":{"wp_typography_post_enhancements_disabled":false,"footnotes":""},"categories":[414],"tags":[411,523],"class_list":["post-29878","post","type-post","status-publish","format-standard","has-post-thumbnail","hentry","category-economie","tag-actuel","tag-monde"],"yoast_head":"<!-- This site is optimized with the Yoast SEO Premium plugin v27.4 (Yoast SEO v27.4) - https:\/\/yoast.com\/product\/yoast-seo-premium-wordpress\/ -->\n<title>La gratuit\u00e9 de l&#039;itin\u00e9rance mobile dans l&#039;UE prolong\u00e9e jusqu&#039;en 2032<\/title>\n<meta name=\"description\" content=\"Il sera probablement possible d&#039;utiliser un t\u00e9l\u00e9phone portable sans frais suppl\u00e9mentaires lors de d\u00e9placements au sein de l&#039;Union europ\u00e9enne jusqu&#039;en 2032 au moins. L&#039;accord actuel expire en 2022.\" \/>\n<meta name=\"robots\" content=\"index, follow, max-snippet:-1, max-image-preview:large, max-video-preview:-1\" \/>\n<link rel=\"canonical\" href=\"https:\/\/www.newsendip.com\/fr\/la-gratuite-de-litinerance-mobile-dans-lue-prolongee-jusquen-2032\/\" \/>\n<meta property=\"og:locale\" content=\"fr_FR\" \/>\n<meta property=\"og:type\" content=\"article\" \/>\n<meta property=\"og:title\" content=\"La gratuit\u00e9 de l&#039;itin\u00e9rance mobile dans l&#039;UE prolong\u00e9e jusqu&#039;en 2032\" \/>\n<meta property=\"og:description\" content=\"Il sera probablement possible d&#039;utiliser un t\u00e9l\u00e9phone portable sans frais suppl\u00e9mentaires lors de d\u00e9placements au sein de l&#039;Union europ\u00e9enne jusqu&#039;en 2032 au moins. L&#039;accord actuel expire en 2022.\" \/>\n<meta property=\"og:url\" content=\"https:\/\/www.newsendip.com\/fr\/la-gratuite-de-litinerance-mobile-dans-lue-prolongee-jusquen-2032\/\" \/>\n<meta property=\"og:site_name\" content=\"Newsendip\" \/>\n<meta property=\"article:publisher\" content=\"https:\/\/www.facebook.com\/newsendip\" \/>\n<meta property=\"article:published_time\" content=\"2021-12-09T14:39:52+00:00\" \/>\n<meta property=\"article:modified_time\" content=\"2023-09-05T08:47:29+00:00\" \/>\n<meta property=\"og:image\" content=\"https:\/\/www.newsendip.com\/wp-content\/uploads\/2021\/12\/mobile-phone-travel-roaming-fee-european-union-progressive.jpeg\" \/>\n\t<meta property=\"og:image:width\" content=\"640\" \/>\n\t<meta property=\"og:image:height\" content=\"361\" \/>\n\t<meta property=\"og:image:type\" content=\"image\/jpeg\" \/>\n<meta name=\"author\" content=\"Cl\u00e9ment V\u00e9rit\u00e9\" \/>\n<meta name=\"twitter:card\" content=\"summary_large_image\" \/>\n<meta name=\"twitter:creator\" content=\"@https:\/\/twitter.com\/cverite\" \/>\n<meta name=\"twitter:site\" content=\"@newsendip\" \/>\n<meta name=\"twitter:label1\" content=\"\u00c9crit par\" \/>\n\t<meta name=\"twitter:data1\" content=\"Cl\u00e9ment V\u00e9rit\u00e9\" \/>\n\t<meta name=\"twitter:label2\" content=\"Dur\u00e9e de lecture estim\u00e9e\" \/>\n\t<meta name=\"twitter:data2\" content=\"2 minutes\" \/>\n<!-- \/ Yoast SEO Premium plugin. -->","yoast_head_json":{"title":"La gratuit\u00e9 de l'itin\u00e9rance mobile dans l'UE prolong\u00e9e jusqu'en 2032","description":"Il sera probablement possible d'utiliser un t\u00e9l\u00e9phone portable sans frais suppl\u00e9mentaires lors de d\u00e9placements au sein de l'Union europ\u00e9enne jusqu'en 2032 au moins. L'accord actuel expire en 2022.","robots":{"index":"index","follow":"follow","max-snippet":"max-snippet:-1","max-image-preview":"max-image-preview:large","max-video-preview":"max-video-preview:-1"},"canonical":"https:\/\/www.newsendip.com\/fr\/la-gratuite-de-litinerance-mobile-dans-lue-prolongee-jusquen-2032\/","og_locale":"fr_FR","og_type":"article","og_title":"La gratuit\u00e9 de l'itin\u00e9rance mobile dans l'UE prolong\u00e9e jusqu'en 2032","og_description":"Il sera probablement possible d'utiliser un t\u00e9l\u00e9phone portable sans frais suppl\u00e9mentaires lors de d\u00e9placements au sein de l'Union europ\u00e9enne jusqu'en 2032 au moins. L'accord actuel expire en 2022.","og_url":"https:\/\/www.newsendip.com\/fr\/la-gratuite-de-litinerance-mobile-dans-lue-prolongee-jusquen-2032\/","og_site_name":"Newsendip","article_publisher":"https:\/\/www.facebook.com\/newsendip","article_published_time":"2021-12-09T14:39:52+00:00","article_modified_time":"2023-09-05T08:47:29+00:00","og_image":[{"width":640,"height":361,"url":"https:\/\/www.newsendip.com\/wp-content\/uploads\/2021\/12\/mobile-phone-travel-roaming-fee-european-union-progressive.jpeg","type":"image\/jpeg"}],"author":"Cl\u00e9ment V\u00e9rit\u00e9","twitter_card":"summary_large_image","twitter_creator":"@https:\/\/twitter.com\/cverite","twitter_site":"@newsendip","twitter_misc":{"\u00c9crit par":"Cl\u00e9ment V\u00e9rit\u00e9","Dur\u00e9e de lecture estim\u00e9e":"2 minutes"},"schema":{"@context":"https:\/\/schema.org","@graph":[{"@type":"NewsArticle","@id":"https:\/\/www.newsendip.com\/fr\/la-gratuite-de-litinerance-mobile-dans-lue-prolongee-jusquen-2032\/#article","isPartOf":{"@id":"https:\/\/www.newsendip.com\/fr\/la-gratuite-de-litinerance-mobile-dans-lue-prolongee-jusquen-2032\/"},"author":{"name":"Cl\u00e9ment V\u00e9rit\u00e9","@id":"https:\/\/www.newsendip.com\/fr\/#\/schema\/person\/ea22c01755f464a3cbc2c619584d6363"},"headline":"La gratuit\u00e9 de l\u2019itin\u00e9rance mobile dans l\u2019UE prolong\u00e9e jusqu\u2019en 2032","datePublished":"2021-12-09T14:39:52+00:00","dateModified":"2023-09-05T08:47:29+00:00","mainEntityOfPage":{"@id":"https:\/\/www.newsendip.com\/fr\/la-gratuite-de-litinerance-mobile-dans-lue-prolongee-jusquen-2032\/"},"wordCount":448,"publisher":{"@id":"https:\/\/www.newsendip.com\/fr\/#organization"},"image":{"@id":"https:\/\/www.newsendip.com\/fr\/la-gratuite-de-litinerance-mobile-dans-lue-prolongee-jusquen-2032\/#primaryimage"},"thumbnailUrl":"https:\/\/www.newsendip.com\/wp-content\/uploads\/2021\/12\/mobile-phone-travel-roaming-fee-european-union.webp","keywords":["Actuel","Monde"],"articleSection":["\u00c9conomie"],"inLanguage":"fr-FR","copyrightYear":"2021","copyrightHolder":{"@id":"https:\/\/www.newsendip.com\/#organization"}},{"@type":"WebPage","@id":"https:\/\/www.newsendip.com\/fr\/la-gratuite-de-litinerance-mobile-dans-lue-prolongee-jusquen-2032\/","url":"https:\/\/www.newsendip.com\/fr\/la-gratuite-de-litinerance-mobile-dans-lue-prolongee-jusquen-2032\/","name":"La gratuit\u00e9 de l'itin\u00e9rance mobile dans l'UE prolong\u00e9e jusqu'en 2032","isPartOf":{"@id":"https:\/\/www.newsendip.com\/fr\/#website"},"primaryImageOfPage":{"@id":"https:\/\/www.newsendip.com\/fr\/la-gratuite-de-litinerance-mobile-dans-lue-prolongee-jusquen-2032\/#primaryimage"},"image":{"@id":"https:\/\/www.newsendip.com\/fr\/la-gratuite-de-litinerance-mobile-dans-lue-prolongee-jusquen-2032\/#primaryimage"},"thumbnailUrl":"https:\/\/www.newsendip.com\/wp-content\/uploads\/2021\/12\/mobile-phone-travel-roaming-fee-european-union.webp","datePublished":"2021-12-09T14:39:52+00:00","dateModified":"2023-09-05T08:47:29+00:00","description":"Il sera probablement possible d'utiliser un t\u00e9l\u00e9phone portable sans frais suppl\u00e9mentaires lors de d\u00e9placements au sein de l'Union europ\u00e9enne jusqu'en 2032 au moins. L'accord actuel expire en 2022.","breadcrumb":{"@id":"https:\/\/www.newsendip.com\/fr\/la-gratuite-de-litinerance-mobile-dans-lue-prolongee-jusquen-2032\/#breadcrumb"},"inLanguage":"fr-FR","potentialAction":[{"@type":"ReadAction","target":["https:\/\/www.newsendip.com\/fr\/la-gratuite-de-litinerance-mobile-dans-lue-prolongee-jusquen-2032\/"]}]},{"@type":"ImageObject","inLanguage":"fr-FR","@id":"https:\/\/www.newsendip.com\/fr\/la-gratuite-de-litinerance-mobile-dans-lue-prolongee-jusquen-2032\/#primaryimage","url":"https:\/\/www.newsendip.com\/wp-content\/uploads\/2021\/12\/mobile-phone-travel-roaming-fee-european-union.webp","contentUrl":"https:\/\/www.newsendip.com\/wp-content\/uploads\/2021\/12\/mobile-phone-travel-roaming-fee-european-union.webp","width":640,"height":361,"caption":"Depuis 2017, il n'y a pas de frais suppl\u00e9mentaires pour l'utilisation des donn\u00e9es mobiles dans l'Union europ\u00e9enne. Mais l'accord expire en juin 2022 | \u00a9 Daria Nepriakhina"},{"@type":"BreadcrumbList","@id":"https:\/\/www.newsendip.com\/fr\/la-gratuite-de-litinerance-mobile-dans-lue-prolongee-jusquen-2032\/#breadcrumb","itemListElement":[{"@type":"ListItem","position":1,"name":"Accueil","item":"https:\/\/www.newsendip.com\/fr\/"},{"@type":"ListItem","position":2,"name":"La gratuit\u00e9 de l\u2019itin\u00e9rance mobile dans l\u2019UE prolong\u00e9e jusqu\u2019en 2032"}]},{"@type":"WebSite","@id":"https:\/\/www.newsendip.com\/fr\/#website","url":"https:\/\/www.newsendip.com\/fr\/","name":"Newsendip","description":"Red\u00e9couvrez l&#039;actualit\u00e9 internationale","publisher":{"@id":"https:\/\/www.newsendip.com\/fr\/#organization"},"potentialAction":[{"@type":"SearchAction","target":{"@type":"EntryPoint","urlTemplate":"https:\/\/www.newsendip.com\/fr\/?s={search_term_string}"},"query-input":{"@type":"PropertyValueSpecification","valueRequired":true,"valueName":"search_term_string"}}],"inLanguage":"fr-FR"},{"@type":"Organization","@id":"https:\/\/www.newsendip.com\/fr\/#organization","name":"Newsendip","url":"https:\/\/www.newsendip.com\/fr\/","logo":{"@type":"ImageObject","inLanguage":"fr-FR","@id":"https:\/\/www.newsendip.com\/fr\/#\/schema\/logo\/image\/","url":"https:\/\/www.newsendip.com\/wp-content\/uploads\/2023\/12\/512x512.svg","contentUrl":"https:\/\/www.newsendip.com\/wp-content\/uploads\/2023\/12\/512x512.svg","width":1,"height":1,"caption":"Newsendip"},"image":{"@id":"https:\/\/www.newsendip.com\/fr\/#\/schema\/logo\/image\/"},"sameAs":["https:\/\/www.facebook.com\/newsendip","https:\/\/x.com\/newsendip","https:\/\/mastodon.social\/@newsendip","https:\/\/www.linkedin.com\/company\/newsendip"],"description":"Newsendip est un site qui a pour mission de rendre l'actualit\u00e9 internationale accessible et diversifi\u00e9e","email":"contact@newsendip.com","legalName":"Newsendip SAS","foundingDate":"2022-11-04","vatID":"FR60921124723","numberOfEmployees":{"@type":"QuantitativeValue","minValue":"1","maxValue":"10"},"publishingPrinciples":"https:\/\/www.newsendip.com\/about-us\/","ownershipFundingInfo":"https:\/\/www.newsendip.com\/legal-notice\/","actionableFeedbackPolicy":"https:\/\/www.newsendip.com\/about-us\/","correctionsPolicy":"https:\/\/www.newsendip.com\/about-us\/","ethicsPolicy":"https:\/\/www.newsendip.com\/about-us\/","diversityPolicy":"https:\/\/www.newsendip.com\/about-us\/"},{"@type":"Person","@id":"https:\/\/www.newsendip.com\/fr\/#\/schema\/person\/ea22c01755f464a3cbc2c619584d6363","name":"Cl\u00e9ment V\u00e9rit\u00e9","description":"Cl\u00e9ment is the executive editor and founder of Newsendip. He started in the media industry as a freelance reporter at 16 for a local French newspaper after school and has never left it. He later worked for seven years at The New York Times, notably as a data analyst. He holds a Master of Management in France and a Master of Arts in the United Kingdom in International Marketing &amp; Communications Strategy. He has lived in France, the United Kingdom, and Italy.","sameAs":["https:\/\/www.newsendip.com\/","https:\/\/www.linkedin.com\/in\/clementverite\/","https:\/\/x.com\/https:\/\/twitter.com\/cverite"],"knowsAbout":["News","International","Business","Media monitoring"],"knowsLanguage":["English","French","Italian","Spanish"],"url":"https:\/\/www.newsendip.com\/fr\/author\/clement-verite\/"}]}},"_links":{"self":[{"href":"https:\/\/www.newsendip.com\/fr\/wp-json\/wp\/v2\/posts\/29878","targetHints":{"allow":["GET"]}}],"collection":[{"href":"https:\/\/www.newsendip.com\/fr\/wp-json\/wp\/v2\/posts"}],"about":[{"href":"https:\/\/www.newsendip.com\/fr\/wp-json\/wp\/v2\/types\/post"}],"author":[{"embeddable":true,"href":"https:\/\/www.newsendip.com\/fr\/wp-json\/wp\/v2\/users\/1"}],"replies":[{"embeddable":true,"href":"https:\/\/www.newsendip.com\/fr\/wp-json\/wp\/v2\/comments?post=29878"}],"version-history":[{"count":0,"href":"https:\/\/www.newsendip.com\/fr\/wp-json\/wp\/v2\/posts\/29878\/revisions"}],"wp:featuredmedia":[{"embeddable":true,"href":"https:\/\/www.newsendip.com\/fr\/wp-json\/wp\/v2\/media\/13821"}],"wp:attachment":[{"href":"https:\/\/www.newsendip.com\/fr\/wp-json\/wp\/v2\/media?parent=29878"}],"wp:term":[{"taxonomy":"category","embeddable":true,"href":"https:\/\/www.newsendip.com\/fr\/wp-json\/wp\/v2\/categories?post=29878"},{"taxonomy":"post_tag","embeddable":true,"href":"https:\/\/www.newsendip.com\/fr\/wp-json\/wp\/v2\/tags?post=29878"}],"curies":[{"name":"wp","href":"https:\/\/api.w.org\/{rel}","templated":true}]}}