{"id":29887,"date":"2022-01-17T11:18:08","date_gmt":"2022-01-17T10:18:08","guid":{"rendered":"https:\/\/www.newsendip.com\/?p=29887"},"modified":"2023-09-05T10:44:47","modified_gmt":"2023-09-05T08:44:47","slug":"le-kosovo-a-refuse-douvrir-des-bureaux-de-vote-pour-le-referendum-en-serbie","status":"publish","type":"post","link":"https:\/\/www.newsendip.com\/fr\/le-kosovo-a-refuse-douvrir-des-bureaux-de-vote-pour-le-referendum-en-serbie\/","title":{"rendered":"Le Kosovo a refus\u00e9 d\u2019ouvrir des bureaux de vote pour le r\u00e9f\u00e9rendum en Serbie"},"content":{"rendered":"<p><strong>Le Premier ministre du Kosovo a estim\u00e9 que les Serbes devaient voter par correspondance ou dans les bureaux de repr\u00e9sentation de la Serbie. L\u2019Union europ\u00e9enne et les \u00c9tats-Unis ont exhort\u00e9 le Kosovo \u00e0 permettre aux Serbes d\u2019exercer leur droit de&nbsp;vote.<br>\n<\/strong><\/p>\n<figure id=\"attachment_10270\" aria-describedby=\"caption-attachment-10270\" style=\"width: 1024px\" class=\"wp-caption aligncenter\"><img decoding=\"async\" class=\"wp-image-10270 size-large\" src=\"https:\/\/www.newsendip.com\/wp-content\/uploads\/2022\/01\/kosovo-prime-minister-referendum-serbia-elections-1024x660.webp\" alt=\"Premier ministre du Kosovo Albin Kurti\" width=\"1024\" height=\"660\" srcset=\"https:\/\/www.newsendip.com\/wp-content\/uploads\/2022\/01\/kosovo-prime-minister-referendum-serbia-elections-1024x660.webp 1024w, https:\/\/www.newsendip.com\/wp-content\/uploads\/2022\/01\/kosovo-prime-minister-referendum-serbia-elections-300x193.webp 300w, https:\/\/www.newsendip.com\/wp-content\/uploads\/2022\/01\/kosovo-prime-minister-referendum-serbia-elections-768x495.webp 768w, https:\/\/www.newsendip.com\/wp-content\/uploads\/2022\/01\/kosovo-prime-minister-referendum-serbia-elections-60x39.webp 60w, https:\/\/www.newsendip.com\/wp-content\/uploads\/2022\/01\/kosovo-prime-minister-referendum-serbia-elections.webp 1431w\" sizes=\"(max-width: 1024px) 100vw, 1024px\"><figcaption id=\"caption-attachment-10270\" class=\"wp-caption-text\">Le Premier ministre du Kosovo, Albin Kurti, a d\u00e9clar\u00e9 au Parlement que l\u2019installation de bureaux de vote pour les Serbes \u00e9tait contraire \u00e0 la Constitution du Kosovo | \u00a9 Kenzo Tribouillard via Reuters, avril&nbsp;2021<\/figcaption><\/figure>\n<p>Le 15 janvier, le Parlement du Kosovo a adopt\u00e9 une r\u00e9solution interdisant aux Serbes de voter sur le sol kosovar lors du r\u00e9f\u00e9rendum national sur les amendements constitutionnels en Serbie.<\/p>\n<p>Une majorit\u00e9 de d\u00e9put\u00e9s kosovars a vot\u00e9 en faveur de l\u2019interdiction faite \u00e0 la Serbie d\u2019ouvrir des bureaux de vote au Kosovo pour le r\u00e9f\u00e9rendum serbe du 16 janvier.<\/p>\n<p>Le r\u00e9f\u00e9rendum portait sur des amendements \u00e0 la Constitution qui modifieraient le mode d\u2019\u00e9lection des juges et des procureurs. Ces modifications renforceraient l\u2019ind\u00e9pendance du syst\u00e8me judiciaire et am\u00e9lioreraient sa transparence, conditions n\u00e9cessaires \u00e0 une adh\u00e9sion \u00e0 l\u2019Union europ\u00e9enne. La Serbie a approuv\u00e9 les modifications de la Constitution avec 60\u202f% de votes favorables.<\/p>\n<p>La Serbie est devenue candidate \u00e0 l\u2019adh\u00e9sion \u00e0 l\u2019UE en 2012 et pourrait rejoindre l\u2019Union d\u2019ici 2025. La Serbie consid\u00e8re toujours le Kosovo comme faisant partie de son territoire, mais s\u2019est engag\u00e9e \u00e0 normaliser ses relations avant d\u2019adh\u00e9rer \u00e0 l\u2019Union europ\u00e9enne.<\/p>\n<p>Le Kosovo a d\u00e9clar\u00e9 son ind\u00e9pendance en&nbsp;2008.<\/p>\n<h2>Le Kosovo affirme que l\u2019ouverture de bureaux de vote pour le r\u00e9f\u00e9rendum serbe irait \u00e0 l\u2019encontre de sa souverainet\u00e9<\/h2>\n<p><!--more--><\/p>\n<p>Dans <a href=\"https:\/\/www.state.gov\/joint-statement-on-serbias-national-referendum\/\">une d\u00e9claration commune<\/a> du 14 janvier, les \u00c9tats-Unis, le Royaume-Uni, l\u2019Allemagne, <a href=\"https:\/\/www.newsendip.com\/fr\/le-passeport-francais-simmisce-en-serbie-dans-un-debat-politique-sur-le-patriotisme\/\">la France<\/a>, l\u2019Italie et l\u2019Union europ\u00e9enne ont exhort\u00e9 le Premier ministre Albin Kurti \u00e0 autoriser les Serbes du Kosovo \u00e0 voter lors du r\u00e9f\u00e9rendum. \u00ab\u202f<em>Nous appelons le gouvernement du Kosovo \u00e0 permettre aux Serbes du Kosovo d\u2019exercer leur droit de vote lors des \u00e9lections et des processus \u00e9lectoraux, conform\u00e9ment \u00e0 la pratique \u00e9tablie.<\/em>\u202f\u00bb<\/p>\n<p>La police du Kosovo a confisqu\u00e9 deux camions de la commission \u00e9lectorale serbe transportant des bulletins de vote alors qu\u2019ils traversaient la fronti\u00e8re pour se rendre dans les r\u00e9gions \u00e0 majorit\u00e9 serbe le 15 janvier.<\/p>\n<p>La Serbie a l\u2019habitude d\u2019organiser des \u00e9lections pour les Serbes du Kosovo depuis la fin de la guerre civile en&nbsp;1999.<\/p>\n<p>Pour Albin Kurti, \u00ab\u202f<em>le Kosovo est un \u00c9tat ind\u00e9pendant et souverain et doit \u00eatre trait\u00e9 comme tel<\/em>\u202f\u00bb. Par cons\u00e9quent, les Serbes qui vivent au Kosovo doivent voter par correspondance ou au bureau de liaison du gouvernement de Belgrade. Le premier ministre a d\u00e9clar\u00e9 au Parlement que des bureaux de vote pour le r\u00e9f\u00e9rendum serbe seraient contraires \u00e0 la Constitution du Kosovo.<\/p>\n<p>Pour le directeur de l\u2019Office serbe de coop\u00e9ration avec le Kosovo, l\u2019interdiction vise \u00e0 \u00ab\u202f<em>annuler les droits politiques et civiques des Serbes (du Kosovo)<\/em>\u202f\u00bb.<\/p>\n<p>La Serbie organisera des \u00e9lections pr\u00e9sidentielles et parlementaires le 3&nbsp;avril.<\/p>\n<p><strong><a href=\"https:\/\/www.newsendip.com\/fr\/etiquette\/serbie\/\">Lire plus d\u2019actualit\u00e9s sur la Serbie<\/a><\/strong><\/p>\n","protected":false},"excerpt":{"rendered":"<p>Le Premier ministre du Kosovo a estim\u00e9 que les Serbes devaient voter par correspondance ou dans les bureaux de repr\u00e9sentation de la Serbie. L\u2019Union europ\u00e9enne et les \u00c9tats-Unis ont exhort\u00e9 le Kosovo \u00e0 permettre aux Serbes d\u2019exercer leur droit de&nbsp;vote.<\/p>\n","protected":false},"author":2,"featured_media":10270,"comment_status":"closed","ping_status":"closed","sticky":false,"template":"","format":"standard","meta":{"wp_typography_post_enhancements_disabled":false,"footnotes":""},"categories":[416],"tags":[915,421],"class_list":["post-29887","post","type-post","status-publish","format-standard","has-post-thumbnail","hentry","category-politique","tag-serbie","tag-vieux"],"yoast_head":"<!-- This site is optimized with the Yoast SEO Premium plugin v27.4 (Yoast SEO v27.4) - https:\/\/yoast.com\/product\/yoast-seo-premium-wordpress\/ -->\n<title>Le Kosovo a refus\u00e9 d&#039;ouvrir des bureaux de vote pour le r\u00e9f\u00e9rendum en Serbie<\/title>\n<meta name=\"description\" content=\"Le Premier ministre du Kosovo a estim\u00e9 que les Serbes devaient voter par correspondance ou dans les bureaux de repr\u00e9sentation de la Serbie. L&#039;Union europ\u00e9enne et les \u00c9tats-Unis ont exhort\u00e9 le Kosovo \u00e0 permettre aux Serbes d&#039;exercer leur droit de vote.\" \/>\n<meta name=\"robots\" content=\"index, follow, max-snippet:-1, max-image-preview:large, max-video-preview:-1\" \/>\n<link rel=\"canonical\" href=\"https:\/\/www.newsendip.com\/fr\/le-kosovo-a-refuse-douvrir-des-bureaux-de-vote-pour-le-referendum-en-serbie\/\" \/>\n<meta property=\"og:locale\" content=\"fr_FR\" \/>\n<meta property=\"og:type\" content=\"article\" \/>\n<meta property=\"og:title\" content=\"Le Kosovo a refus\u00e9 d&#039;ouvrir des bureaux de vote pour le r\u00e9f\u00e9rendum en Serbie\" \/>\n<meta property=\"og:description\" content=\"Le Premier ministre du Kosovo a estim\u00e9 que les Serbes devaient voter par correspondance ou dans les bureaux de repr\u00e9sentation de la Serbie. L&#039;Union europ\u00e9enne et les \u00c9tats-Unis ont exhort\u00e9 le Kosovo \u00e0 permettre aux Serbes d&#039;exercer leur droit de vote.\" \/>\n<meta property=\"og:url\" content=\"https:\/\/www.newsendip.com\/fr\/le-kosovo-a-refuse-douvrir-des-bureaux-de-vote-pour-le-referendum-en-serbie\/\" \/>\n<meta property=\"og:site_name\" content=\"Newsendip\" \/>\n<meta property=\"article:publisher\" content=\"https:\/\/www.facebook.com\/newsendip\" \/>\n<meta property=\"article:published_time\" content=\"2022-01-17T10:18:08+00:00\" \/>\n<meta property=\"article:modified_time\" content=\"2023-09-05T08:44:47+00:00\" \/>\n<meta property=\"og:image\" content=\"https:\/\/www.newsendip.com\/wp-content\/uploads\/2022\/01\/kosovo-prime-minister-referendum-serbia-elections.webp\" \/>\n\t<meta property=\"og:image:width\" content=\"1431\" \/>\n\t<meta property=\"og:image:height\" content=\"922\" \/>\n\t<meta property=\"og:image:type\" content=\"image\/webp\" \/>\n<meta name=\"author\" content=\"Newsendip with Reuters\" \/>\n<meta name=\"twitter:card\" content=\"summary_large_image\" \/>\n<meta name=\"twitter:creator\" content=\"@newsendip\" \/>\n<meta name=\"twitter:site\" content=\"@newsendip\" \/>\n<meta name=\"twitter:label1\" content=\"\u00c9crit par\" \/>\n\t<meta name=\"twitter:data1\" content=\"Newsendip avec Reuters\" \/>\n<!-- \/ Yoast SEO Premium plugin. -->","yoast_head_json":{"title":"Le Kosovo a refus\u00e9 d'ouvrir des bureaux de vote pour le r\u00e9f\u00e9rendum en Serbie","description":"Le Premier ministre du Kosovo a estim\u00e9 que les Serbes devaient voter par correspondance ou dans les bureaux de repr\u00e9sentation de la Serbie. L'Union europ\u00e9enne et les \u00c9tats-Unis ont exhort\u00e9 le Kosovo \u00e0 permettre aux Serbes d'exercer leur droit de vote.","robots":{"index":"index","follow":"follow","max-snippet":"max-snippet:-1","max-image-preview":"max-image-preview:large","max-video-preview":"max-video-preview:-1"},"canonical":"https:\/\/www.newsendip.com\/fr\/le-kosovo-a-refuse-douvrir-des-bureaux-de-vote-pour-le-referendum-en-serbie\/","og_locale":"fr_FR","og_type":"article","og_title":"Le Kosovo a refus\u00e9 d'ouvrir des bureaux de vote pour le r\u00e9f\u00e9rendum en Serbie","og_description":"Le Premier ministre du Kosovo a estim\u00e9 que les Serbes devaient voter par correspondance ou dans les bureaux de repr\u00e9sentation de la Serbie. L'Union europ\u00e9enne et les \u00c9tats-Unis ont exhort\u00e9 le Kosovo \u00e0 permettre aux Serbes d'exercer leur droit de vote.","og_url":"https:\/\/www.newsendip.com\/fr\/le-kosovo-a-refuse-douvrir-des-bureaux-de-vote-pour-le-referendum-en-serbie\/","og_site_name":"Newsendip","article_publisher":"https:\/\/www.facebook.com\/newsendip","article_published_time":"2022-01-17T10:18:08+00:00","article_modified_time":"2023-09-05T08:44:47+00:00","og_image":[{"width":1431,"height":922,"url":"https:\/\/www.newsendip.com\/wp-content\/uploads\/2022\/01\/kosovo-prime-minister-referendum-serbia-elections.webp","type":"image\/webp"}],"author":"Newsendip with Reuters","twitter_card":"summary_large_image","twitter_creator":"@newsendip","twitter_site":"@newsendip","twitter_misc":{"\u00c9crit par":"Newsendip avec Reuters"},"schema":{"@context":"https:\/\/schema.org","@graph":[{"@type":"NewsArticle","@id":"https:\/\/www.newsendip.com\/fr\/le-kosovo-a-refuse-douvrir-des-bureaux-de-vote-pour-le-referendum-en-serbie\/#article","isPartOf":{"@id":"https:\/\/www.newsendip.com\/fr\/le-kosovo-a-refuse-douvrir-des-bureaux-de-vote-pour-le-referendum-en-serbie\/"},"author":{"name":"Newsendip with Reuters","@id":"https:\/\/www.newsendip.com\/fr\/#\/schema\/person\/182bec5d3cd42e6d99fd38038be46ccb"},"headline":"Le Kosovo a refus\u00e9 d\u2019ouvrir des bureaux de vote pour le r\u00e9f\u00e9rendum en Serbie","datePublished":"2022-01-17T10:18:08+00:00","dateModified":"2023-09-05T08:44:47+00:00","mainEntityOfPage":{"@id":"https:\/\/www.newsendip.com\/fr\/le-kosovo-a-refuse-douvrir-des-bureaux-de-vote-pour-le-referendum-en-serbie\/"},"wordCount":540,"publisher":{"@id":"https:\/\/www.newsendip.com\/fr\/#organization"},"image":{"@id":"https:\/\/www.newsendip.com\/fr\/le-kosovo-a-refuse-douvrir-des-bureaux-de-vote-pour-le-referendum-en-serbie\/#primaryimage"},"thumbnailUrl":"https:\/\/www.newsendip.com\/wp-content\/uploads\/2022\/01\/kosovo-prime-minister-referendum-serbia-elections.webp","keywords":["Serbie","Vieux"],"articleSection":["Politique"],"inLanguage":"fr-FR","copyrightYear":"2022","copyrightHolder":{"@id":"https:\/\/www.newsendip.com\/#organization"}},{"@type":"WebPage","@id":"https:\/\/www.newsendip.com\/fr\/le-kosovo-a-refuse-douvrir-des-bureaux-de-vote-pour-le-referendum-en-serbie\/","url":"https:\/\/www.newsendip.com\/fr\/le-kosovo-a-refuse-douvrir-des-bureaux-de-vote-pour-le-referendum-en-serbie\/","name":"Le Kosovo a refus\u00e9 d'ouvrir des bureaux de vote pour le r\u00e9f\u00e9rendum en Serbie","isPartOf":{"@id":"https:\/\/www.newsendip.com\/fr\/#website"},"primaryImageOfPage":{"@id":"https:\/\/www.newsendip.com\/fr\/le-kosovo-a-refuse-douvrir-des-bureaux-de-vote-pour-le-referendum-en-serbie\/#primaryimage"},"image":{"@id":"https:\/\/www.newsendip.com\/fr\/le-kosovo-a-refuse-douvrir-des-bureaux-de-vote-pour-le-referendum-en-serbie\/#primaryimage"},"thumbnailUrl":"https:\/\/www.newsendip.com\/wp-content\/uploads\/2022\/01\/kosovo-prime-minister-referendum-serbia-elections.webp","datePublished":"2022-01-17T10:18:08+00:00","dateModified":"2023-09-05T08:44:47+00:00","description":"Le Premier ministre du Kosovo a estim\u00e9 que les Serbes devaient voter par correspondance ou dans les bureaux de repr\u00e9sentation de la Serbie. L'Union europ\u00e9enne et les \u00c9tats-Unis ont exhort\u00e9 le Kosovo \u00e0 permettre aux Serbes d'exercer leur droit de vote.","breadcrumb":{"@id":"https:\/\/www.newsendip.com\/fr\/le-kosovo-a-refuse-douvrir-des-bureaux-de-vote-pour-le-referendum-en-serbie\/#breadcrumb"},"inLanguage":"fr-FR","potentialAction":[{"@type":"ReadAction","target":["https:\/\/www.newsendip.com\/fr\/le-kosovo-a-refuse-douvrir-des-bureaux-de-vote-pour-le-referendum-en-serbie\/"]}]},{"@type":"ImageObject","inLanguage":"fr-FR","@id":"https:\/\/www.newsendip.com\/fr\/le-kosovo-a-refuse-douvrir-des-bureaux-de-vote-pour-le-referendum-en-serbie\/#primaryimage","url":"https:\/\/www.newsendip.com\/wp-content\/uploads\/2022\/01\/kosovo-prime-minister-referendum-serbia-elections.webp","contentUrl":"https:\/\/www.newsendip.com\/wp-content\/uploads\/2022\/01\/kosovo-prime-minister-referendum-serbia-elections.webp","width":1431,"height":922,"caption":"Kosovo's Prime Minister Albin Kurti told parliament that polling stations for ethnic Serbs would be against Kosovo's constitution | \u00a9 Kenzo Tribouillard via Reuters, April 2021"},{"@type":"BreadcrumbList","@id":"https:\/\/www.newsendip.com\/fr\/le-kosovo-a-refuse-douvrir-des-bureaux-de-vote-pour-le-referendum-en-serbie\/#breadcrumb","itemListElement":[{"@type":"ListItem","position":1,"name":"Accueil","item":"https:\/\/www.newsendip.com\/fr\/"},{"@type":"ListItem","position":2,"name":"Le Kosovo a refus\u00e9 d&#8217;ouvrir des bureaux de vote pour le r\u00e9f\u00e9rendum en Serbie"}]},{"@type":"WebSite","@id":"https:\/\/www.newsendip.com\/fr\/#website","url":"https:\/\/www.newsendip.com\/fr\/","name":"Newsendip","description":"Red\u00e9couvrez l&#039;actualit\u00e9 internationale","publisher":{"@id":"https:\/\/www.newsendip.com\/fr\/#organization"},"potentialAction":[{"@type":"SearchAction","target":{"@type":"EntryPoint","urlTemplate":"https:\/\/www.newsendip.com\/fr\/?s={search_term_string}"},"query-input":{"@type":"PropertyValueSpecification","valueRequired":true,"valueName":"search_term_string"}}],"inLanguage":"fr-FR"},{"@type":"Organization","@id":"https:\/\/www.newsendip.com\/fr\/#organization","name":"Newsendip","url":"https:\/\/www.newsendip.com\/fr\/","logo":{"@type":"ImageObject","inLanguage":"fr-FR","@id":"https:\/\/www.newsendip.com\/fr\/#\/schema\/logo\/image\/","url":"https:\/\/www.newsendip.com\/wp-content\/uploads\/2023\/12\/512x512.svg","contentUrl":"https:\/\/www.newsendip.com\/wp-content\/uploads\/2023\/12\/512x512.svg","width":1,"height":1,"caption":"Newsendip"},"image":{"@id":"https:\/\/www.newsendip.com\/fr\/#\/schema\/logo\/image\/"},"sameAs":["https:\/\/www.facebook.com\/newsendip","https:\/\/x.com\/newsendip","https:\/\/mastodon.social\/@newsendip","https:\/\/www.linkedin.com\/company\/newsendip"],"description":"Newsendip est un site qui a pour mission de rendre l'actualit\u00e9 internationale accessible et diversifi\u00e9e","email":"contact@newsendip.com","legalName":"Newsendip SAS","foundingDate":"2022-11-04","vatID":"FR60921124723","numberOfEmployees":{"@type":"QuantitativeValue","minValue":"1","maxValue":"10"},"publishingPrinciples":"https:\/\/www.newsendip.com\/about-us\/","ownershipFundingInfo":"https:\/\/www.newsendip.com\/legal-notice\/","actionableFeedbackPolicy":"https:\/\/www.newsendip.com\/about-us\/","correctionsPolicy":"https:\/\/www.newsendip.com\/about-us\/","ethicsPolicy":"https:\/\/www.newsendip.com\/about-us\/","diversityPolicy":"https:\/\/www.newsendip.com\/about-us\/"},{"@type":"Person","@id":"https:\/\/www.newsendip.com\/fr\/#\/schema\/person\/182bec5d3cd42e6d99fd38038be46ccb","name":"Newsendip with Reuters","description":"Newsendip newsroom articles with the support of Reuters newswire","knowsAbout":["News"],"url":"https:\/\/www.newsendip.com\/fr\/author\/newsendip-reuters\/"}]}},"_links":{"self":[{"href":"https:\/\/www.newsendip.com\/fr\/wp-json\/wp\/v2\/posts\/29887","targetHints":{"allow":["GET"]}}],"collection":[{"href":"https:\/\/www.newsendip.com\/fr\/wp-json\/wp\/v2\/posts"}],"about":[{"href":"https:\/\/www.newsendip.com\/fr\/wp-json\/wp\/v2\/types\/post"}],"author":[{"embeddable":true,"href":"https:\/\/www.newsendip.com\/fr\/wp-json\/wp\/v2\/users\/2"}],"replies":[{"embeddable":true,"href":"https:\/\/www.newsendip.com\/fr\/wp-json\/wp\/v2\/comments?post=29887"}],"version-history":[{"count":0,"href":"https:\/\/www.newsendip.com\/fr\/wp-json\/wp\/v2\/posts\/29887\/revisions"}],"wp:featuredmedia":[{"embeddable":true,"href":"https:\/\/www.newsendip.com\/fr\/wp-json\/wp\/v2\/media\/10270"}],"wp:attachment":[{"href":"https:\/\/www.newsendip.com\/fr\/wp-json\/wp\/v2\/media?parent=29887"}],"wp:term":[{"taxonomy":"category","embeddable":true,"href":"https:\/\/www.newsendip.com\/fr\/wp-json\/wp\/v2\/categories?post=29887"},{"taxonomy":"post_tag","embeddable":true,"href":"https:\/\/www.newsendip.com\/fr\/wp-json\/wp\/v2\/tags?post=29887"}],"curies":[{"name":"wp","href":"https:\/\/api.w.org\/{rel}","templated":true}]}}