{"id":29924,"date":"2022-02-15T13:40:44","date_gmt":"2022-02-15T12:40:44","guid":{"rendered":"https:\/\/www.newsendip.com\/?p=29924"},"modified":"2023-09-05T19:09:50","modified_gmt":"2023-09-05T17:09:50","slug":"les-sud-coreens-infectes-par-le-covid-19-avec-un-moment-specifique-pour-voter-a-lelection-presidentielle","status":"publish","type":"post","link":"https:\/\/www.newsendip.com\/fr\/les-sud-coreens-infectes-par-le-covid-19-avec-un-moment-specifique-pour-voter-a-lelection-presidentielle\/","title":{"rendered":"Les Sud-Cor\u00e9ens infect\u00e9s par le Covid-19 avec un moment sp\u00e9cifique pour voter \u00e0 l\u2019\u00e9lection pr\u00e9sidentielle"},"content":{"rendered":"<p><strong>L\u2019\u00e9lection pr\u00e9sidentielle en Cor\u00e9e du Sud aura lieu prochainement, mais les Cor\u00e9ens infect\u00e9s par le Covid-19 n\u2019auraient pas pu voter. La d\u00e9cision intervient alors que le pays conna\u00eet une recrudescence des infections par omicron.<br>\n<\/strong><\/p>\n<figure id=\"attachment_14066\" aria-describedby=\"caption-attachment-14066\" style=\"width: 1024px\" class=\"wp-caption aligncenter\"><img decoding=\"async\" class=\"wp-image-14066 size-large\" src=\"https:\/\/www.newsendip.com\/wp-content\/uploads\/2022\/02\/south-korea-president-moon-jae-in-1024x633.webp\" alt=\"Moon Jae-in\" width=\"1024\" height=\"633\" srcset=\"https:\/\/www.newsendip.com\/wp-content\/uploads\/2022\/02\/south-korea-president-moon-jae-in-1024x633.webp 1024w, https:\/\/www.newsendip.com\/wp-content\/uploads\/2022\/02\/south-korea-president-moon-jae-in-60x37.webp 60w, https:\/\/www.newsendip.com\/wp-content\/uploads\/2022\/02\/south-korea-president-moon-jae-in-300x186.webp 300w, https:\/\/www.newsendip.com\/wp-content\/uploads\/2022\/02\/south-korea-president-moon-jae-in-768x475.webp 768w, https:\/\/www.newsendip.com\/wp-content\/uploads\/2022\/02\/south-korea-president-moon-jae-in-1536x950.webp 1536w, https:\/\/www.newsendip.com\/wp-content\/uploads\/2022\/02\/south-korea-president-moon-jae-in.webp 2047w\" sizes=\"(max-width: 1024px) 100vw, 1024px\"><figcaption id=\"caption-attachment-14066\" class=\"wp-caption-text\">Le pr\u00e9sident de la Cor\u00e9e du Sud, Moon Jae-in, \u00e9lu en 2017, ne peut pas se pr\u00e9senter pour un autre mandat | \u00a9 R\u00e9publique de Cor\u00e9e, 2017<\/figcaption><\/figure>\n<p>Le 14 f\u00e9vrier, le Parlement sud-cor\u00e9en a approuv\u00e9 un projet visant \u00e0 accorder aux patients atteints de Covid-19 un temps d\u00e9di\u00e9 pour voter lors de la prochaine \u00e9lection pr\u00e9sidentielle.<\/p>\n<p>Les \u00e9lecteurs diagnostiqu\u00e9s avec le Covid-19, ou d\u2019autres maladies hautement infectieuses, et confin\u00e9s auront un moment sp\u00e9cifique pour venir dans les bureaux de vote. Le vote normal se termine \u00e0 18 heures et une heure de vote sp\u00e9ciale sera ouverte de 18 h 30 \u00e0 19 h 30 pour les \u00e9lecteurs infect\u00e9s, <a href=\"https:\/\/www.assembly.go.kr\/assm\/notification\/news\/news01\/bodo\/bodoView.do\">selon l\u2019amendement<\/a>.<\/p>\n<p>Cette prolongation s\u2019appliquerait pour les deux jours de vote anticip\u00e9 et au jour de l\u2019\u00e9lection, le 9&nbsp;mars.<\/p>\n<p>L\u2019amendement propos\u00e9 doit \u00eatre approuv\u00e9 par le Conseil des ministres et sign\u00e9 par le pr\u00e9sident cor\u00e9en Moon Jae-in pour entrer en vigueur. Les partis de gouvernement et d\u2019opposition se sont toutefois d\u00e9j\u00e0 mis d\u2019accord sur la mesure et devrait donc \u00eatre officiellement promulgu\u00e9e.<\/p>\n<p>Selon la loi actuelle, les patients atteints du virus devaient s\u2019inscrire pour obtenir des bulletins de vote par correspondance ou pour voter dans un bureau de vote le 5 mars, deuxi\u00e8me jour du vote par anticipation. Mais la p\u00e9riode d\u2019inscription s\u2019est achev\u00e9e le 13 f\u00e9vrier. Les Cor\u00e9ens qui ont \u00e9t\u00e9 infect\u00e9s par le Covid-19 peu avant le jour de l\u2019\u00e9lection n\u2019ont en fait pas pu voter \u00e0 cause des confinements.<\/p>\n<p>La commission \u00e9lectorale nationale doit r\u00e9gler des d\u00e9tails tels que la protection que doivent porter les agents \u00e9lectoraux ou l\u2019installation d\u2019isoloirs distincts pour les \u00e9lecteurs malades.<\/p>\n<p>La campagne pr\u00e9sidentielle a officiellement d\u00e9but\u00e9 le 15 f\u00e9vrier avec un <a href=\"https:\/\/www.aljazeera.com\/news\/2022\/2\/15\/campaigning-for-next-president-kicks-off-in-south-korea\">r\u00e9sultat tr\u00e8s incertain<\/a>.<\/p>\n<h2>La Cor\u00e9e du Sud s\u2019attend \u00e0 de nombreuses infections du Covid-19 lors de l\u2019\u00e9lection pr\u00e9sidentielle<\/h2>\n<p><!--more--><\/p>\n<p>Les enqu\u00eates d\u2019opinion montrent que le candidat du parti lib\u00e9ral au pouvoir, Lee Jae-myung, et son rival de l\u2019opposition conservatrice, Yoon Suk Yeol, sont au coude \u00e0 coude. Selon la loi, l\u2019actuel pr\u00e9sident Moon Jae-in ne peut pas \u00eatre r\u00e9\u00e9lu pour un nouveau mandat de cinq&nbsp;ans.<\/p>\n<p>Lee Jae-myung, du parti d\u00e9mocrate et qui s\u2019est fait conna\u00eetre pour sa gestion agressive de la pand\u00e9mie de Covid-19, plaide en faveur d\u2019un revenu de base universel. Il a \u00e9galement propos\u00e9 de fournir des soins de sant\u00e9 pour le <a href=\"https:\/\/www.newsendip.com\/fr\/un-candidat-elections-presidentielle-coree-remboursement-soins-contre-la-calvitie-alopecie-perte-de-cheveux\/\">traitement m\u00e9dical contre la chute de cheveux<\/a> et s\u2019est r\u00e9cemment excus\u00e9 pour l\u2019<a href=\"https:\/\/www.newsendip.com\/fr\/?p=36821\">utilisation inappropri\u00e9e de l\u2019argent public<\/a> lorsqu\u2019il \u00e9tait gouverneur.<\/p>\n<p>L\u2019adaptation de la proc\u00e9dure de vote intervient alors que la Cor\u00e9e du Sud conna\u00eet une vague record d\u2019infection au variant omicron \u00e0 quelques semaines de l\u2019\u00e9lection pr\u00e9sidentielle. Selon le minist\u00e8re de la sant\u00e9, environ 232 000 personnes pr\u00e9sentant des sympt\u00f4mes l\u00e9gers ou mod\u00e9r\u00e9s du Covid-19 sont soign\u00e9es \u00e0 domicile.<\/p>\n<p>Jusqu\u2019\u00e0 pr\u00e9sent, le <a href=\"https:\/\/www.newsendip.com\/fr\/la-coree-du-sud-restreint-la-musique-dans-les-salles-de-sport-pour-lutter-contre-le-covid-19\/\">pays est parvenu \u00e0 maintenir les infections<\/a> par le Covid-19 \u00e0 un faible niveau. Mais le 14 f\u00e9vrier, le nombre de nouveaux cas a d\u00e9pass\u00e9 les 50 000 pour la cinqui\u00e8me journ\u00e9e cons\u00e9cutive dans ce pays de 51 millions d\u2019habitants. Lundi, la Cor\u00e9e du Sud a officiellement enregistr\u00e9 un total de 1,4 million d\u2019infections et 7 102 d\u00e9c\u00e8s depuis le d\u00e9but de la pand\u00e9mie.<\/p>\n<p>Le nombre actuel de nouveaux cas quotidiens a \u00e9t\u00e9 multipli\u00e9 par 12 par rapport \u00e0 la mi-janvier, lorsque le variant omicron est devenu la souche dominante dans le&nbsp;pays.<\/p>\n<p>L\u2019agence cor\u00e9enne de contr\u00f4le et de pr\u00e9vention des maladies a averti que la Cor\u00e9e du Sud pourrait compter jusqu\u2019\u00e0 170 000 nouveaux cas quotidiens d\u2019ici la fin f\u00e9vrier.<\/p>\n<p>En r\u00e9ponse \u00e0 la flamb\u00e9e de la propagation du virus, la Cor\u00e9e du Sud a consid\u00e9rablement assoupli les restrictions de quarantaine et r\u00e9organis\u00e9 sa r\u00e9ponse au Covid-19 pour se concentrer sur le traitement \u00e0 domicile et des test antig\u00e9niques rapides.<\/p>\n<p><a href=\"https:\/\/www.newsendip.com\/fr\/etiquette\/coree-sud\/\"><strong>D\u00e9couvrez plus d\u2019actualit\u00e9s sur la Cor\u00e9e du&nbsp;Sud<\/strong><\/a><\/p>\n","protected":false},"excerpt":{"rendered":"<p>L\u2019\u00e9lection pr\u00e9sidentielle en Cor\u00e9e du Sud aura lieu prochainement, mais les Cor\u00e9ens infect\u00e9s par le Covid-19 n\u2019auraient pas pu voter. La d\u00e9cision intervient alors que le pays conna\u00eet une recrudescence des infections par omicron.<\/p>\n","protected":false},"author":4,"featured_media":14066,"comment_status":"closed","ping_status":"closed","sticky":false,"template":"","format":"standard","meta":{"wp_typography_post_enhancements_disabled":false,"footnotes":""},"categories":[416],"tags":[511,421],"class_list":["post-29924","post","type-post","status-publish","format-standard","has-post-thumbnail","hentry","category-politique","tag-coree-sud","tag-vieux"],"yoast_head":"<!-- This site is optimized with the Yoast SEO Premium plugin v27.4 (Yoast SEO v27.4) - https:\/\/yoast.com\/product\/yoast-seo-premium-wordpress\/ -->\n<title>Les Sud-Cor\u00e9ens infect\u00e9s par le Covid-19 avec un moment sp\u00e9cifique pour voter \u00e0 l&#039;\u00e9lection pr\u00e9sidentielle<\/title>\n<meta name=\"description\" content=\"L&#039;\u00e9lection pr\u00e9sidentielle en Cor\u00e9e du Sud aura lieu prochainement, mais les Cor\u00e9ens infect\u00e9s par le Covid-19 n&#039;auraient pas pu voter. La d\u00e9cision intervient alors que le pays conna\u00eet une recrudescence des infections par omicron.\" \/>\n<meta name=\"robots\" content=\"index, follow, max-snippet:-1, max-image-preview:large, max-video-preview:-1\" \/>\n<link rel=\"canonical\" href=\"https:\/\/www.newsendip.com\/fr\/les-sud-coreens-infectes-par-le-covid-19-avec-un-moment-specifique-pour-voter-a-lelection-presidentielle\/\" \/>\n<meta property=\"og:locale\" content=\"fr_FR\" \/>\n<meta property=\"og:type\" content=\"article\" \/>\n<meta property=\"og:title\" content=\"Les Sud-Cor\u00e9ens infect\u00e9s par le Covid-19 avec un moment sp\u00e9cifique pour voter \u00e0 l&#039;\u00e9lection pr\u00e9sidentielle\" \/>\n<meta property=\"og:description\" content=\"L&#039;\u00e9lection pr\u00e9sidentielle en Cor\u00e9e du Sud aura lieu prochainement, mais les Cor\u00e9ens infect\u00e9s par le Covid-19 n&#039;auraient pas pu voter. La d\u00e9cision intervient alors que le pays conna\u00eet une recrudescence des infections par omicron.\" \/>\n<meta property=\"og:url\" content=\"https:\/\/www.newsendip.com\/fr\/les-sud-coreens-infectes-par-le-covid-19-avec-un-moment-specifique-pour-voter-a-lelection-presidentielle\/\" \/>\n<meta property=\"og:site_name\" content=\"Newsendip\" \/>\n<meta property=\"article:publisher\" content=\"https:\/\/www.facebook.com\/newsendip\" \/>\n<meta property=\"article:published_time\" content=\"2022-02-15T12:40:44+00:00\" \/>\n<meta property=\"article:modified_time\" content=\"2023-09-05T17:09:50+00:00\" \/>\n<meta property=\"og:image\" content=\"https:\/\/www.newsendip.com\/wp-content\/uploads\/2022\/02\/south-korea-president-moon-jae-in-progressive.jpeg\" \/>\n\t<meta property=\"og:image:width\" content=\"2047\" \/>\n\t<meta property=\"og:image:height\" content=\"1266\" \/>\n\t<meta property=\"og:image:type\" content=\"image\/jpeg\" \/>\n<meta name=\"author\" content=\"Newsendip with AP\" \/>\n<meta name=\"twitter:card\" content=\"summary_large_image\" \/>\n<meta name=\"twitter:creator\" content=\"@newsendip\" \/>\n<meta name=\"twitter:site\" content=\"@newsendip\" \/>\n<meta name=\"twitter:label1\" content=\"\u00c9crit par\" \/>\n\t<meta name=\"twitter:data1\" content=\"Newsendip avec AP\" \/>\n\t<meta name=\"twitter:label2\" content=\"Dur\u00e9e de lecture estim\u00e9e\" \/>\n\t<meta name=\"twitter:data2\" content=\"4 minutes\" \/>\n<!-- \/ Yoast SEO Premium plugin. -->","yoast_head_json":{"title":"Les Sud-Cor\u00e9ens infect\u00e9s par le Covid-19 avec un moment sp\u00e9cifique pour voter \u00e0 l'\u00e9lection pr\u00e9sidentielle","description":"L'\u00e9lection pr\u00e9sidentielle en Cor\u00e9e du Sud aura lieu prochainement, mais les Cor\u00e9ens infect\u00e9s par le Covid-19 n'auraient pas pu voter. La d\u00e9cision intervient alors que le pays conna\u00eet une recrudescence des infections par omicron.","robots":{"index":"index","follow":"follow","max-snippet":"max-snippet:-1","max-image-preview":"max-image-preview:large","max-video-preview":"max-video-preview:-1"},"canonical":"https:\/\/www.newsendip.com\/fr\/les-sud-coreens-infectes-par-le-covid-19-avec-un-moment-specifique-pour-voter-a-lelection-presidentielle\/","og_locale":"fr_FR","og_type":"article","og_title":"Les Sud-Cor\u00e9ens infect\u00e9s par le Covid-19 avec un moment sp\u00e9cifique pour voter \u00e0 l'\u00e9lection pr\u00e9sidentielle","og_description":"L'\u00e9lection pr\u00e9sidentielle en Cor\u00e9e du Sud aura lieu prochainement, mais les Cor\u00e9ens infect\u00e9s par le Covid-19 n'auraient pas pu voter. La d\u00e9cision intervient alors que le pays conna\u00eet une recrudescence des infections par omicron.","og_url":"https:\/\/www.newsendip.com\/fr\/les-sud-coreens-infectes-par-le-covid-19-avec-un-moment-specifique-pour-voter-a-lelection-presidentielle\/","og_site_name":"Newsendip","article_publisher":"https:\/\/www.facebook.com\/newsendip","article_published_time":"2022-02-15T12:40:44+00:00","article_modified_time":"2023-09-05T17:09:50+00:00","og_image":[{"width":2047,"height":1266,"url":"https:\/\/www.newsendip.com\/wp-content\/uploads\/2022\/02\/south-korea-president-moon-jae-in-progressive.jpeg","type":"image\/jpeg"}],"author":"Newsendip with AP","twitter_card":"summary_large_image","twitter_creator":"@newsendip","twitter_site":"@newsendip","twitter_misc":{"\u00c9crit par":"Newsendip avec AP","Dur\u00e9e de lecture estim\u00e9e":"4 minutes"},"schema":{"@context":"https:\/\/schema.org","@graph":[{"@type":"NewsArticle","@id":"https:\/\/www.newsendip.com\/fr\/les-sud-coreens-infectes-par-le-covid-19-avec-un-moment-specifique-pour-voter-a-lelection-presidentielle\/#article","isPartOf":{"@id":"https:\/\/www.newsendip.com\/fr\/les-sud-coreens-infectes-par-le-covid-19-avec-un-moment-specifique-pour-voter-a-lelection-presidentielle\/"},"author":{"name":"Newsendip with AP","@id":"https:\/\/www.newsendip.com\/fr\/#\/schema\/person\/b39c439f25219d252080349ee96644f3"},"headline":"Les Sud-Cor\u00e9ens infect\u00e9s par le Covid-19 avec un moment sp\u00e9cifique pour voter \u00e0 l\u2019\u00e9lection pr\u00e9sidentielle","datePublished":"2022-02-15T12:40:44+00:00","dateModified":"2023-09-05T17:09:50+00:00","mainEntityOfPage":{"@id":"https:\/\/www.newsendip.com\/fr\/les-sud-coreens-infectes-par-le-covid-19-avec-un-moment-specifique-pour-voter-a-lelection-presidentielle\/"},"wordCount":765,"publisher":{"@id":"https:\/\/www.newsendip.com\/fr\/#organization"},"image":{"@id":"https:\/\/www.newsendip.com\/fr\/les-sud-coreens-infectes-par-le-covid-19-avec-un-moment-specifique-pour-voter-a-lelection-presidentielle\/#primaryimage"},"thumbnailUrl":"https:\/\/www.newsendip.com\/wp-content\/uploads\/2022\/02\/south-korea-president-moon-jae-in.webp","keywords":["Cor\u00e9e du sud","Vieux"],"articleSection":["Politique"],"inLanguage":"fr-FR","copyrightYear":"2022","copyrightHolder":{"@id":"https:\/\/www.newsendip.com\/#organization"}},{"@type":"WebPage","@id":"https:\/\/www.newsendip.com\/fr\/les-sud-coreens-infectes-par-le-covid-19-avec-un-moment-specifique-pour-voter-a-lelection-presidentielle\/","url":"https:\/\/www.newsendip.com\/fr\/les-sud-coreens-infectes-par-le-covid-19-avec-un-moment-specifique-pour-voter-a-lelection-presidentielle\/","name":"Les Sud-Cor\u00e9ens infect\u00e9s par le Covid-19 avec un moment sp\u00e9cifique pour voter \u00e0 l'\u00e9lection pr\u00e9sidentielle","isPartOf":{"@id":"https:\/\/www.newsendip.com\/fr\/#website"},"primaryImageOfPage":{"@id":"https:\/\/www.newsendip.com\/fr\/les-sud-coreens-infectes-par-le-covid-19-avec-un-moment-specifique-pour-voter-a-lelection-presidentielle\/#primaryimage"},"image":{"@id":"https:\/\/www.newsendip.com\/fr\/les-sud-coreens-infectes-par-le-covid-19-avec-un-moment-specifique-pour-voter-a-lelection-presidentielle\/#primaryimage"},"thumbnailUrl":"https:\/\/www.newsendip.com\/wp-content\/uploads\/2022\/02\/south-korea-president-moon-jae-in.webp","datePublished":"2022-02-15T12:40:44+00:00","dateModified":"2023-09-05T17:09:50+00:00","description":"L'\u00e9lection pr\u00e9sidentielle en Cor\u00e9e du Sud aura lieu prochainement, mais les Cor\u00e9ens infect\u00e9s par le Covid-19 n'auraient pas pu voter. La d\u00e9cision intervient alors que le pays conna\u00eet une recrudescence des infections par omicron.","breadcrumb":{"@id":"https:\/\/www.newsendip.com\/fr\/les-sud-coreens-infectes-par-le-covid-19-avec-un-moment-specifique-pour-voter-a-lelection-presidentielle\/#breadcrumb"},"inLanguage":"fr-FR","potentialAction":[{"@type":"ReadAction","target":["https:\/\/www.newsendip.com\/fr\/les-sud-coreens-infectes-par-le-covid-19-avec-un-moment-specifique-pour-voter-a-lelection-presidentielle\/"]}]},{"@type":"ImageObject","inLanguage":"fr-FR","@id":"https:\/\/www.newsendip.com\/fr\/les-sud-coreens-infectes-par-le-covid-19-avec-un-moment-specifique-pour-voter-a-lelection-presidentielle\/#primaryimage","url":"https:\/\/www.newsendip.com\/wp-content\/uploads\/2022\/02\/south-korea-president-moon-jae-in.webp","contentUrl":"https:\/\/www.newsendip.com\/wp-content\/uploads\/2022\/02\/south-korea-president-moon-jae-in.webp","width":2047,"height":1266,"caption":"Le pr\u00e9sident de la Cor\u00e9e du Sud, Moon Jae-in, \u00e9lu en 2017, ne peut pas se pr\u00e9senter pour un autre mandat | \u00a9 R\u00e9publique de Cor\u00e9e, 2017"},{"@type":"BreadcrumbList","@id":"https:\/\/www.newsendip.com\/fr\/les-sud-coreens-infectes-par-le-covid-19-avec-un-moment-specifique-pour-voter-a-lelection-presidentielle\/#breadcrumb","itemListElement":[{"@type":"ListItem","position":1,"name":"Accueil","item":"https:\/\/www.newsendip.com\/fr\/"},{"@type":"ListItem","position":2,"name":"Les Sud-Cor\u00e9ens infect\u00e9s par le Covid-19 avec un moment sp\u00e9cifique pour voter \u00e0 l&#8217;\u00e9lection pr\u00e9sidentielle"}]},{"@type":"WebSite","@id":"https:\/\/www.newsendip.com\/fr\/#website","url":"https:\/\/www.newsendip.com\/fr\/","name":"Newsendip","description":"Red\u00e9couvrez l&#039;actualit\u00e9 internationale","publisher":{"@id":"https:\/\/www.newsendip.com\/fr\/#organization"},"potentialAction":[{"@type":"SearchAction","target":{"@type":"EntryPoint","urlTemplate":"https:\/\/www.newsendip.com\/fr\/?s={search_term_string}"},"query-input":{"@type":"PropertyValueSpecification","valueRequired":true,"valueName":"search_term_string"}}],"inLanguage":"fr-FR"},{"@type":"Organization","@id":"https:\/\/www.newsendip.com\/fr\/#organization","name":"Newsendip","url":"https:\/\/www.newsendip.com\/fr\/","logo":{"@type":"ImageObject","inLanguage":"fr-FR","@id":"https:\/\/www.newsendip.com\/fr\/#\/schema\/logo\/image\/","url":"https:\/\/www.newsendip.com\/wp-content\/uploads\/2023\/12\/512x512.svg","contentUrl":"https:\/\/www.newsendip.com\/wp-content\/uploads\/2023\/12\/512x512.svg","width":1,"height":1,"caption":"Newsendip"},"image":{"@id":"https:\/\/www.newsendip.com\/fr\/#\/schema\/logo\/image\/"},"sameAs":["https:\/\/www.facebook.com\/newsendip","https:\/\/x.com\/newsendip","https:\/\/mastodon.social\/@newsendip","https:\/\/www.linkedin.com\/company\/newsendip"],"description":"Newsendip est un site qui a pour mission de rendre l'actualit\u00e9 internationale accessible et diversifi\u00e9e","email":"contact@newsendip.com","legalName":"Newsendip SAS","foundingDate":"2022-11-04","vatID":"FR60921124723","numberOfEmployees":{"@type":"QuantitativeValue","minValue":"1","maxValue":"10"},"publishingPrinciples":"https:\/\/www.newsendip.com\/about-us\/","ownershipFundingInfo":"https:\/\/www.newsendip.com\/legal-notice\/","actionableFeedbackPolicy":"https:\/\/www.newsendip.com\/about-us\/","correctionsPolicy":"https:\/\/www.newsendip.com\/about-us\/","ethicsPolicy":"https:\/\/www.newsendip.com\/about-us\/","diversityPolicy":"https:\/\/www.newsendip.com\/about-us\/"},{"@type":"Person","@id":"https:\/\/www.newsendip.com\/fr\/#\/schema\/person\/b39c439f25219d252080349ee96644f3","name":"Newsendip with AP","description":"Newsendip newsroom articles with the support of Associated Press newswire","knowsAbout":["News"],"url":"https:\/\/www.newsendip.com\/fr\/author\/newsendip-associated-press\/"}]}},"_links":{"self":[{"href":"https:\/\/www.newsendip.com\/fr\/wp-json\/wp\/v2\/posts\/29924","targetHints":{"allow":["GET"]}}],"collection":[{"href":"https:\/\/www.newsendip.com\/fr\/wp-json\/wp\/v2\/posts"}],"about":[{"href":"https:\/\/www.newsendip.com\/fr\/wp-json\/wp\/v2\/types\/post"}],"author":[{"embeddable":true,"href":"https:\/\/www.newsendip.com\/fr\/wp-json\/wp\/v2\/users\/4"}],"replies":[{"embeddable":true,"href":"https:\/\/www.newsendip.com\/fr\/wp-json\/wp\/v2\/comments?post=29924"}],"version-history":[{"count":0,"href":"https:\/\/www.newsendip.com\/fr\/wp-json\/wp\/v2\/posts\/29924\/revisions"}],"wp:featuredmedia":[{"embeddable":true,"href":"https:\/\/www.newsendip.com\/fr\/wp-json\/wp\/v2\/media\/14066"}],"wp:attachment":[{"href":"https:\/\/www.newsendip.com\/fr\/wp-json\/wp\/v2\/media?parent=29924"}],"wp:term":[{"taxonomy":"category","embeddable":true,"href":"https:\/\/www.newsendip.com\/fr\/wp-json\/wp\/v2\/categories?post=29924"},{"taxonomy":"post_tag","embeddable":true,"href":"https:\/\/www.newsendip.com\/fr\/wp-json\/wp\/v2\/tags?post=29924"}],"curies":[{"name":"wp","href":"https:\/\/api.w.org\/{rel}","templated":true}]}}