{"id":29935,"date":"2022-02-27T18:27:15","date_gmt":"2022-02-27T17:27:15","guid":{"rendered":"https:\/\/www.newsendip.com\/?p=29935"},"modified":"2023-09-05T18:32:01","modified_gmt":"2023-09-05T16:32:01","slug":"le-president-du-niger-a-libere-plusieurs-combattants-de-boko-haram","status":"publish","type":"post","link":"https:\/\/www.newsendip.com\/fr\/le-president-du-niger-a-libere-plusieurs-combattants-de-boko-haram\/","title":{"rendered":"Le pr\u00e9sident du Niger a lib\u00e9r\u00e9 plusieurs combattants de Boko&nbsp;Haram"},"content":{"rendered":"<p><strong>Le pr\u00e9sident du Niger a d\u00e9clar\u00e9 avoir lib\u00e9r\u00e9 plusieurs \u00ab\u202fterroristes\u202f\u00bb, dont des combattants de Boko Haram, afin de retrouver la paix dans le&nbsp;pays.<br>\n<\/strong><\/p>\n<figure id=\"attachment_14139\" aria-describedby=\"caption-attachment-14139\" style=\"width: 1024px\" class=\"wp-caption aligncenter\"><img decoding=\"async\" class=\"wp-image-14139 size-large\" src=\"https:\/\/www.newsendip.com\/wp-content\/uploads\/2022\/02\/mohamed-bazoum-niger-president-1024x683.webp\" alt=\"Mohamed Bazoum, pr\u00e9sident du Niger\" width=\"1024\" height=\"683\" srcset=\"https:\/\/www.newsendip.com\/wp-content\/uploads\/2022\/02\/mohamed-bazoum-niger-president-1024x683.webp 1024w, https:\/\/www.newsendip.com\/wp-content\/uploads\/2022\/02\/mohamed-bazoum-niger-president-60x40.webp 60w, https:\/\/www.newsendip.com\/wp-content\/uploads\/2022\/02\/mohamed-bazoum-niger-president-720x480.webp 720w, https:\/\/www.newsendip.com\/wp-content\/uploads\/2022\/02\/mohamed-bazoum-niger-president-300x200.webp 300w, https:\/\/www.newsendip.com\/wp-content\/uploads\/2022\/02\/mohamed-bazoum-niger-president-768x512.webp 768w, https:\/\/www.newsendip.com\/wp-content\/uploads\/2022\/02\/mohamed-bazoum-niger-president.webp 1500w\" sizes=\"(max-width: 1024px) 100vw, 1024px\"><figcaption id=\"caption-attachment-14139\" class=\"wp-caption-text\">Mohamed Bazoum, pr\u00e9sident du&nbsp;Niger<\/figcaption><\/figure>\n<p>Le pr\u00e9sident du Niger, Mohamed Bazoum, a d\u00e9clar\u00e9 le 25 f\u00e9vrier que le pays avait lib\u00e9r\u00e9 plusieurs \u00ab\u202f<em>terroristes<\/em>\u202f\u00bb pour \u00ab\u202f<em>rechercher la paix<\/em>\u202f\u00bb. Cette d\u00e9cision concernait plusieurs membres de Boko Haram, a rapport\u00e9 samedi la t\u00e9l\u00e9vision nationale.<\/p>\n<p>C\u2019est la premi\u00e8re fois que le gouvernement lib\u00e8re officiellement des membres de Boko&nbsp;Haram.<\/p>\n<p>\u00ab\u202f<em>J\u2019ai identifi\u00e9 neuf chefs terroristes. On m\u2019a conseill\u00e9 de lib\u00e9rer des prisonniers que j\u2019ai ensuite re\u00e7us directement au palais pr\u00e9sidentiel parce que je cherche \u00e0 r\u00e9tablir la paix<\/em>\u202f\u00bb, a d\u00e9clar\u00e9 le pr\u00e9sident du Niger, qui a pris ses fonctions en avril&nbsp;2021.<\/p>\n<p>Les lib\u00e9rations ont eu lieu au cours de ces trois derniers mois.<em><br>\n<\/em><\/p>\n<p>L\u2019objectif du pr\u00e9sident est d\u2019apaiser les tensions et de maintenir le dialogue&nbsp;: \u00ab\u202f<em>Je ne m\u00e9nage pas mes efforts, j\u2019ai beaucoup d\u2019\u00e9missaires dans tous les domaines. [\u2026] J\u2019ai essay\u00e9 de trouver des r\u00e9conciliations dans les villages. Je me d\u00e9brouille comme je peux<\/em>\u202f\u00bb. Il a \u00e9galement d\u00e9clar\u00e9 avoir constat\u00e9 moins d\u2019attaques dans les r\u00e9gions du sud-est du&nbsp;pays.<\/p>\n<p>Le Niger est confront\u00e9 \u00e0 deux conflits internes avec des groupes islamistes. L\u2019un dans le sud-est, pr\u00e8s du <a href=\"https:\/\/www.newsendip.com\/fr\/la-liste-des-terroristes-des-emirats-arabes-unis-accroit-la-pression-sur-les-autorites-nigerianes\/\">Nigeria, avec Boko Haram<\/a> et la province d\u2019Afrique de l\u2019Ouest de l\u2019\u00c9tat islamique rival, et l\u2019autre dans l\u2019ouest, pr\u00e8s des fronti\u00e8res du Mali, avec des groupes affili\u00e9s \u00e0 ISIS ou \u00e0 Al-Qa\u00efda.<\/p>\n<p><a href=\"https:\/\/www.newsendip.com\/fr\/les-pays-dafrique-de-louest-sanctionnent-et-isolent-davantage-le-mali\/\">Contrairement au Mali<\/a>, o\u00f9 la junte militaire a demand\u00e9 aux troupes fran\u00e7aises et europ\u00e9ennes de quitter le pays, Mohamed Bazoum sollicite toujours l\u2019assistance militaire des forces arm\u00e9es am\u00e9ricaines et europ\u00e9ennes contre les djihadistes.<\/p>\n<p><em>Traduit \u00e0 partir de l\u2019anglais<\/em><\/p>\n","protected":false},"excerpt":{"rendered":"<p>Le pr\u00e9sident du Niger a d\u00e9clar\u00e9 avoir lib\u00e9r\u00e9 plusieurs \u00ab\u202fterroristes\u202f\u00bb, dont des combattants de Boko Haram, afin de r\u00e9tablir la paix dans le&nbsp;pays.<\/p>\n","protected":false},"author":1,"featured_media":14139,"comment_status":"closed","ping_status":"closed","sticky":false,"template":"","format":"standard","meta":{"wp_typography_post_enhancements_disabled":false,"footnotes":""},"categories":[416],"tags":[500,421],"class_list":["post-29935","post","type-post","status-publish","format-standard","has-post-thumbnail","hentry","category-politique","tag-niger-fr","tag-vieux"],"yoast_head":"<!-- This site is optimized with the Yoast SEO Premium plugin v27.4 (Yoast SEO v27.4) - https:\/\/yoast.com\/product\/yoast-seo-premium-wordpress\/ -->\n<title>Le pr\u00e9sident du Niger a lib\u00e9r\u00e9 plusieurs combattants de Boko Haram<\/title>\n<meta name=\"description\" content=\"Le pr\u00e9sident du Niger a d\u00e9clar\u00e9 avoir lib\u00e9r\u00e9 plusieurs &quot;terroristes&quot;, dont des combattants de Boko Haram, afin de r\u00e9tablir la paix dans le pays.\" \/>\n<meta name=\"robots\" content=\"index, follow, max-snippet:-1, max-image-preview:large, max-video-preview:-1\" \/>\n<link rel=\"canonical\" href=\"https:\/\/www.newsendip.com\/fr\/le-president-du-niger-a-libere-plusieurs-combattants-de-boko-haram\/\" \/>\n<meta property=\"og:locale\" content=\"fr_FR\" \/>\n<meta property=\"og:type\" content=\"article\" \/>\n<meta property=\"og:title\" content=\"Le pr\u00e9sident du Niger a lib\u00e9r\u00e9 plusieurs combattants de Boko Haram\" \/>\n<meta property=\"og:description\" content=\"Le pr\u00e9sident du Niger a d\u00e9clar\u00e9 avoir lib\u00e9r\u00e9 plusieurs &quot;terroristes&quot;, dont des combattants de Boko Haram, afin de r\u00e9tablir la paix dans le pays.\" \/>\n<meta property=\"og:url\" content=\"https:\/\/www.newsendip.com\/fr\/le-president-du-niger-a-libere-plusieurs-combattants-de-boko-haram\/\" \/>\n<meta property=\"og:site_name\" content=\"Newsendip\" \/>\n<meta property=\"article:publisher\" content=\"https:\/\/www.facebook.com\/newsendip\" \/>\n<meta property=\"article:published_time\" content=\"2022-02-27T17:27:15+00:00\" \/>\n<meta property=\"article:modified_time\" content=\"2023-09-05T16:32:01+00:00\" \/>\n<meta property=\"og:image\" content=\"https:\/\/www.newsendip.com\/wp-content\/uploads\/2022\/02\/mohamed-bazoum-niger-president-progressive.jpeg\" \/>\n\t<meta property=\"og:image:width\" content=\"1500\" \/>\n\t<meta property=\"og:image:height\" content=\"1000\" \/>\n\t<meta property=\"og:image:type\" content=\"image\/jpeg\" \/>\n<meta name=\"author\" content=\"Cl\u00e9ment V\u00e9rit\u00e9\" \/>\n<meta name=\"twitter:card\" content=\"summary_large_image\" \/>\n<meta name=\"twitter:creator\" content=\"@https:\/\/twitter.com\/cverite\" \/>\n<meta name=\"twitter:site\" content=\"@newsendip\" \/>\n<meta name=\"twitter:label1\" content=\"\u00c9crit par\" \/>\n\t<meta name=\"twitter:data1\" content=\"Cl\u00e9ment V\u00e9rit\u00e9\" \/>\n\t<meta name=\"twitter:label2\" content=\"Dur\u00e9e de lecture estim\u00e9e\" \/>\n\t<meta name=\"twitter:data2\" content=\"2 minutes\" \/>\n<!-- \/ Yoast SEO Premium plugin. -->","yoast_head_json":{"title":"Le pr\u00e9sident du Niger a lib\u00e9r\u00e9 plusieurs combattants de Boko Haram","description":"Le pr\u00e9sident du Niger a d\u00e9clar\u00e9 avoir lib\u00e9r\u00e9 plusieurs \"terroristes\", dont des combattants de Boko Haram, afin de r\u00e9tablir la paix dans le pays.","robots":{"index":"index","follow":"follow","max-snippet":"max-snippet:-1","max-image-preview":"max-image-preview:large","max-video-preview":"max-video-preview:-1"},"canonical":"https:\/\/www.newsendip.com\/fr\/le-president-du-niger-a-libere-plusieurs-combattants-de-boko-haram\/","og_locale":"fr_FR","og_type":"article","og_title":"Le pr\u00e9sident du Niger a lib\u00e9r\u00e9 plusieurs combattants de Boko Haram","og_description":"Le pr\u00e9sident du Niger a d\u00e9clar\u00e9 avoir lib\u00e9r\u00e9 plusieurs \"terroristes\", dont des combattants de Boko Haram, afin de r\u00e9tablir la paix dans le pays.","og_url":"https:\/\/www.newsendip.com\/fr\/le-president-du-niger-a-libere-plusieurs-combattants-de-boko-haram\/","og_site_name":"Newsendip","article_publisher":"https:\/\/www.facebook.com\/newsendip","article_published_time":"2022-02-27T17:27:15+00:00","article_modified_time":"2023-09-05T16:32:01+00:00","og_image":[{"width":1500,"height":1000,"url":"https:\/\/www.newsendip.com\/wp-content\/uploads\/2022\/02\/mohamed-bazoum-niger-president-progressive.jpeg","type":"image\/jpeg"}],"author":"Cl\u00e9ment V\u00e9rit\u00e9","twitter_card":"summary_large_image","twitter_creator":"@https:\/\/twitter.com\/cverite","twitter_site":"@newsendip","twitter_misc":{"\u00c9crit par":"Cl\u00e9ment V\u00e9rit\u00e9","Dur\u00e9e de lecture estim\u00e9e":"2 minutes"},"schema":{"@context":"https:\/\/schema.org","@graph":[{"@type":"NewsArticle","@id":"https:\/\/www.newsendip.com\/fr\/le-president-du-niger-a-libere-plusieurs-combattants-de-boko-haram\/#article","isPartOf":{"@id":"https:\/\/www.newsendip.com\/fr\/le-president-du-niger-a-libere-plusieurs-combattants-de-boko-haram\/"},"author":{"name":"Cl\u00e9ment V\u00e9rit\u00e9","@id":"https:\/\/www.newsendip.com\/fr\/#\/schema\/person\/ea22c01755f464a3cbc2c619584d6363"},"headline":"Le pr\u00e9sident du Niger a lib\u00e9r\u00e9 plusieurs combattants de Boko&nbsp;Haram","datePublished":"2022-02-27T17:27:15+00:00","dateModified":"2023-09-05T16:32:01+00:00","mainEntityOfPage":{"@id":"https:\/\/www.newsendip.com\/fr\/le-president-du-niger-a-libere-plusieurs-combattants-de-boko-haram\/"},"wordCount":343,"publisher":{"@id":"https:\/\/www.newsendip.com\/fr\/#organization"},"image":{"@id":"https:\/\/www.newsendip.com\/fr\/le-president-du-niger-a-libere-plusieurs-combattants-de-boko-haram\/#primaryimage"},"thumbnailUrl":"https:\/\/www.newsendip.com\/wp-content\/uploads\/2022\/02\/mohamed-bazoum-niger-president.webp","keywords":["Niger","Vieux"],"articleSection":["Politique"],"inLanguage":"fr-FR","copyrightYear":"2022","copyrightHolder":{"@id":"https:\/\/www.newsendip.com\/#organization"}},{"@type":"WebPage","@id":"https:\/\/www.newsendip.com\/fr\/le-president-du-niger-a-libere-plusieurs-combattants-de-boko-haram\/","url":"https:\/\/www.newsendip.com\/fr\/le-president-du-niger-a-libere-plusieurs-combattants-de-boko-haram\/","name":"Le pr\u00e9sident du Niger a lib\u00e9r\u00e9 plusieurs combattants de Boko Haram","isPartOf":{"@id":"https:\/\/www.newsendip.com\/fr\/#website"},"primaryImageOfPage":{"@id":"https:\/\/www.newsendip.com\/fr\/le-president-du-niger-a-libere-plusieurs-combattants-de-boko-haram\/#primaryimage"},"image":{"@id":"https:\/\/www.newsendip.com\/fr\/le-president-du-niger-a-libere-plusieurs-combattants-de-boko-haram\/#primaryimage"},"thumbnailUrl":"https:\/\/www.newsendip.com\/wp-content\/uploads\/2022\/02\/mohamed-bazoum-niger-president.webp","datePublished":"2022-02-27T17:27:15+00:00","dateModified":"2023-09-05T16:32:01+00:00","description":"Le pr\u00e9sident du Niger a d\u00e9clar\u00e9 avoir lib\u00e9r\u00e9 plusieurs \"terroristes\", dont des combattants de Boko Haram, afin de r\u00e9tablir la paix dans le pays.","breadcrumb":{"@id":"https:\/\/www.newsendip.com\/fr\/le-president-du-niger-a-libere-plusieurs-combattants-de-boko-haram\/#breadcrumb"},"inLanguage":"fr-FR","potentialAction":[{"@type":"ReadAction","target":["https:\/\/www.newsendip.com\/fr\/le-president-du-niger-a-libere-plusieurs-combattants-de-boko-haram\/"]}]},{"@type":"ImageObject","inLanguage":"fr-FR","@id":"https:\/\/www.newsendip.com\/fr\/le-president-du-niger-a-libere-plusieurs-combattants-de-boko-haram\/#primaryimage","url":"https:\/\/www.newsendip.com\/wp-content\/uploads\/2022\/02\/mohamed-bazoum-niger-president.webp","contentUrl":"https:\/\/www.newsendip.com\/wp-content\/uploads\/2022\/02\/mohamed-bazoum-niger-president.webp","width":1500,"height":1000,"caption":"Mohamed Bazoum, pr\u00e9sident du Niger"},{"@type":"BreadcrumbList","@id":"https:\/\/www.newsendip.com\/fr\/le-president-du-niger-a-libere-plusieurs-combattants-de-boko-haram\/#breadcrumb","itemListElement":[{"@type":"ListItem","position":1,"name":"Accueil","item":"https:\/\/www.newsendip.com\/fr\/"},{"@type":"ListItem","position":2,"name":"Le pr\u00e9sident du Niger a lib\u00e9r\u00e9 plusieurs combattants de Boko Haram"}]},{"@type":"WebSite","@id":"https:\/\/www.newsendip.com\/fr\/#website","url":"https:\/\/www.newsendip.com\/fr\/","name":"Newsendip","description":"Red\u00e9couvrez l&#039;actualit\u00e9 internationale","publisher":{"@id":"https:\/\/www.newsendip.com\/fr\/#organization"},"potentialAction":[{"@type":"SearchAction","target":{"@type":"EntryPoint","urlTemplate":"https:\/\/www.newsendip.com\/fr\/?s={search_term_string}"},"query-input":{"@type":"PropertyValueSpecification","valueRequired":true,"valueName":"search_term_string"}}],"inLanguage":"fr-FR"},{"@type":"Organization","@id":"https:\/\/www.newsendip.com\/fr\/#organization","name":"Newsendip","url":"https:\/\/www.newsendip.com\/fr\/","logo":{"@type":"ImageObject","inLanguage":"fr-FR","@id":"https:\/\/www.newsendip.com\/fr\/#\/schema\/logo\/image\/","url":"https:\/\/www.newsendip.com\/wp-content\/uploads\/2023\/12\/512x512.svg","contentUrl":"https:\/\/www.newsendip.com\/wp-content\/uploads\/2023\/12\/512x512.svg","width":1,"height":1,"caption":"Newsendip"},"image":{"@id":"https:\/\/www.newsendip.com\/fr\/#\/schema\/logo\/image\/"},"sameAs":["https:\/\/www.facebook.com\/newsendip","https:\/\/x.com\/newsendip","https:\/\/mastodon.social\/@newsendip","https:\/\/www.linkedin.com\/company\/newsendip"],"description":"Newsendip est un site qui a pour mission de rendre l'actualit\u00e9 internationale accessible et diversifi\u00e9e","email":"contact@newsendip.com","legalName":"Newsendip SAS","foundingDate":"2022-11-04","vatID":"FR60921124723","numberOfEmployees":{"@type":"QuantitativeValue","minValue":"1","maxValue":"10"},"publishingPrinciples":"https:\/\/www.newsendip.com\/about-us\/","ownershipFundingInfo":"https:\/\/www.newsendip.com\/legal-notice\/","actionableFeedbackPolicy":"https:\/\/www.newsendip.com\/about-us\/","correctionsPolicy":"https:\/\/www.newsendip.com\/about-us\/","ethicsPolicy":"https:\/\/www.newsendip.com\/about-us\/","diversityPolicy":"https:\/\/www.newsendip.com\/about-us\/"},{"@type":"Person","@id":"https:\/\/www.newsendip.com\/fr\/#\/schema\/person\/ea22c01755f464a3cbc2c619584d6363","name":"Cl\u00e9ment V\u00e9rit\u00e9","description":"Cl\u00e9ment is the executive editor and founder of Newsendip. He started in the media industry as a freelance reporter at 16 for a local French newspaper after school and has never left it. He later worked for seven years at The New York Times, notably as a data analyst. He holds a Master of Management in France and a Master of Arts in the United Kingdom in International Marketing &amp; Communications Strategy. He has lived in France, the United Kingdom, and Italy.","sameAs":["https:\/\/www.newsendip.com\/","https:\/\/www.linkedin.com\/in\/clementverite\/","https:\/\/x.com\/https:\/\/twitter.com\/cverite"],"knowsAbout":["News","International","Business","Media monitoring"],"knowsLanguage":["English","French","Italian","Spanish"],"url":"https:\/\/www.newsendip.com\/fr\/author\/clement-verite\/"}]}},"_links":{"self":[{"href":"https:\/\/www.newsendip.com\/fr\/wp-json\/wp\/v2\/posts\/29935","targetHints":{"allow":["GET"]}}],"collection":[{"href":"https:\/\/www.newsendip.com\/fr\/wp-json\/wp\/v2\/posts"}],"about":[{"href":"https:\/\/www.newsendip.com\/fr\/wp-json\/wp\/v2\/types\/post"}],"author":[{"embeddable":true,"href":"https:\/\/www.newsendip.com\/fr\/wp-json\/wp\/v2\/users\/1"}],"replies":[{"embeddable":true,"href":"https:\/\/www.newsendip.com\/fr\/wp-json\/wp\/v2\/comments?post=29935"}],"version-history":[{"count":0,"href":"https:\/\/www.newsendip.com\/fr\/wp-json\/wp\/v2\/posts\/29935\/revisions"}],"wp:featuredmedia":[{"embeddable":true,"href":"https:\/\/www.newsendip.com\/fr\/wp-json\/wp\/v2\/media\/14139"}],"wp:attachment":[{"href":"https:\/\/www.newsendip.com\/fr\/wp-json\/wp\/v2\/media?parent=29935"}],"wp:term":[{"taxonomy":"category","embeddable":true,"href":"https:\/\/www.newsendip.com\/fr\/wp-json\/wp\/v2\/categories?post=29935"},{"taxonomy":"post_tag","embeddable":true,"href":"https:\/\/www.newsendip.com\/fr\/wp-json\/wp\/v2\/tags?post=29935"}],"curies":[{"name":"wp","href":"https:\/\/api.w.org\/{rel}","templated":true}]}}