{"id":30399,"date":"2023-09-11T22:02:06","date_gmt":"2023-09-11T20:02:06","guid":{"rendered":"https:\/\/www.newsendip.com\/?p=30399"},"modified":"2024-07-18T15:43:09","modified_gmt":"2024-07-18T13:43:09","slug":"en-coree-du-sud-levaluation-des-professeurs-par-les-eleves-et-les-parents-mis-en-pause","status":"publish","type":"post","link":"https:\/\/www.newsendip.com\/fr\/en-coree-du-sud-levaluation-des-professeurs-par-les-eleves-et-les-parents-mis-en-pause\/","title":{"rendered":"En Cor\u00e9e du Sud, l\u2019\u00e9valuation des professeurs par les \u00e9l\u00e8ves et les parents mise en&nbsp;pause"},"content":{"rendered":"<p><strong>En Cor\u00e9e du Sud, les parents, et parfois les \u00e9l\u00e8ves, peuvent \u00e9valuer les enseignants de mani\u00e8re anonyme. Mais apr\u00e8s le suicide d\u2019une enseignante en juillet, le minist\u00e8re de l\u2019\u00e9ducation cherche \u00e0 restaurer leur autorit\u00e9.<\/strong><\/p>\n<figure id=\"attachment_30418\" aria-describedby=\"caption-attachment-30418\" style=\"width: 1280px\" class=\"wp-caption aligncenter\"><img decoding=\"async\" class=\"size-full wp-image-30418\" src=\"https:\/\/www.newsendip.com\/wp-content\/uploads\/2023\/09\/protest-teachers-south-korea.webp\" alt=\"Rassemblement enseignants Cor\u00e9e du Sud\" width=\"1280\" height=\"960\" srcset=\"https:\/\/www.newsendip.com\/wp-content\/uploads\/2023\/09\/protest-teachers-south-korea.webp 1280w, https:\/\/www.newsendip.com\/wp-content\/uploads\/2023\/09\/protest-teachers-south-korea-60x45.webp 60w, https:\/\/www.newsendip.com\/wp-content\/uploads\/2023\/09\/protest-teachers-south-korea-300x225.webp 300w, https:\/\/www.newsendip.com\/wp-content\/uploads\/2023\/09\/protest-teachers-south-korea-768x576.webp 768w, https:\/\/www.newsendip.com\/wp-content\/uploads\/2023\/09\/protest-teachers-south-korea-1024x768.webp 1024w\" sizes=\"(max-width: 1280px) 100vw, 1280px\"><figcaption id=\"caption-attachment-30418\" class=\"wp-caption-text\">Rassemblement organis\u00e9 pour comm\u00e9morer la mort d\u2019une enseignante d\u2019\u00e9cole primaire en juillet. Les pancartes demandent de \u00ab\u202fTrouver la v\u00e9rit\u00e9 maintenant\u202f! Agissez\u202f!\u202f\u00bb | \u00a9 Syndicat national des enseignants et de l\u2019\u00e9ducation, 24 juillet, S\u00e9oul, Cor\u00e9e du&nbsp;Sud<\/figcaption><\/figure>\n<p>Le minist\u00e8re sud-cor\u00e9en de l\u2019\u00e9ducation a annonc\u00e9 que les \u00e9valuations des enseignants \u00e9taient suspendues et report\u00e9es d\u2019un&nbsp;an.<\/p>\n<p>\u00ab\u202f<em>Cela fait environ dix ans que le syst\u00e8me d\u2019\u00e9valuation des enseignants a \u00e9t\u00e9 lanc\u00e9, et je pense qu\u2019il est temps de le revoir parce que les conditions pour les \u00e9tudiants et les enseignants ont beaucoup chang\u00e9<\/em>\u202f\u00bb, a d\u00e9clar\u00e9 le vice-premier ministre et ministre de l\u2019\u00e9ducation, <a href=\"https:\/\/www.youtube.com\/watch?v=YcP2OzUIEVU\">Lee Joo-ho<\/a>, lors d\u2019une conf\u00e9rence de presse le 11 septembre.<\/p>\n<p>En Cor\u00e9e du Sud, les parents, mais aussi les \u00e9l\u00e8ves dans certains cas, peuvent participer activement \u00e0 l\u2019\u00e9valuation des professeurs et influencer leur carri\u00e8re. Le syst\u00e8me d\u2019\u00e9valuation du d\u00e9veloppement des comp\u00e9tences des enseignants a \u00e9t\u00e9 introduit dans toutes les \u00e9coles du pays en 2010, apr\u00e8s quelques ann\u00e9es de tests afin d\u2019am\u00e9liorer leurs comp\u00e9tences en recevant plus de retours sur leur travail dans un souci de coop\u00e9ration.<\/p>\n<p>Chaque ann\u00e9e, de septembre \u00e0 novembre, ils peuvent ainsi \u00e9valuer leur satisfaction \u00e0 l\u2019\u00e9gard de l\u2019enseignement, des comp\u00e9tences des professeurs, et s\u2019exprimer ouvertement par le biais de commentaires que les professeurs auront acc\u00e8s, mais sans en conna\u00eetre les auteurs puisqu\u2019ils sont fait anonymement.<\/p>\n<p>Mais ce syst\u00e8me est d\u00e9nonc\u00e9 par les syndicats d\u2019enseignants, qui cherchent \u00e0 l\u2019abolir.<\/p>\n<h2>Une enseignante d\u2019\u00e9cole primaire s\u2019est suicid\u00e9e dans une salle de classe.<\/h2>\n<p>L\u2019annonce de M. Lee fait partie d\u2019une s\u00e9rie de mesures et de projets de loi visant \u00e0 \u00ab\u202frestaurer l\u2019autorit\u00e9 des enseignants\u202f\u00bb et de prot\u00e9ger la libert\u00e9 d\u2019enseignement dans une atmosph\u00e8re pesante entourant le <a href=\"https:\/\/www.newsendip.com\/fr\/le-ministere-sud-coreen-de-la-culture-modifie-les-criteres-de-financement-des-universites-pour-freiner-linvasion-des-arts-liberaux\/\">syst\u00e8me \u00e9ducatif cor\u00e9en<\/a>.<\/p>\n<p>Elles font suite \u00e0 l\u2019\u00e9motion suscit\u00e9e par le d\u00e9c\u00e8s par suicide d\u2019une enseignante d\u2019\u00e9cole primaire de 23 ans en juillet. Elle fut \u00e9t\u00e9 retrouv\u00e9e morte dans une salle de classe par ses coll\u00e8gues. Il a \u00e9t\u00e9 r\u00e9v\u00e9l\u00e9 par la suite qu\u2019elle souffrait de la pression engendr\u00e9e par son travail et qu\u2019elle devait \u00e9galement faire face \u00e0 des plaintes de la part des parents d\u2019\u00e9l\u00e8ves.<\/p>\n<p>Peu de temps avant son d\u00e9c\u00e8s, un \u00e9l\u00e8ve avait ouvert le front d\u2019un camarade avec un stylo pendant sa classe, ce qui avait engendr\u00e9 plusieurs appels et messages de la part de parents jusqu\u2019\u00e0 tard dans la&nbsp;nuit.<\/p>\n<p>Cet \u00e9v\u00e9nement tragique a entra\u00een\u00e9 des semaines de manifestations pour des dizaines de milliers d\u2019enseignants. Il a \u00e9galement eu pour effet d\u2019ouvrir une bo\u00eete de Pandore, les enseignants commen\u00e7ant \u00e0 partager leurs histoires et leurs exp\u00e9riences de parents autoritaires et surprotecteurs qui \u00e9l\u00e8vent leurs enfants dans une soci\u00e9t\u00e9 tr\u00e8s comp\u00e9titive, finissant par harceler les enseignants.<\/p>\n<p>Les nouvelles lignes directrices publi\u00e9es d\u00e9but septembre indiquent que les enseignants peuvent d\u00e9sormais faire sortir les \u00e9l\u00e8ves de la classe lorsqu\u2019ils la perturbent et qu\u2019ils peuvent les punir si n\u00e9cessaire.<\/p>\n<p>Le minist\u00e8re de l\u2019\u00e9ducation pr\u00e9voit de s\u2019associer au minist\u00e8re de la sant\u00e9 pour mettre en place un programme de <a href=\"https:\/\/www.newsendip.com\/fr\/sante-mentale-jeunes-autrichiens-plus-de-la-moitie-souffre-symptomes-depressifs\/\">sant\u00e9 mentale<\/a> \u00e0 l\u2019intention des enseignants, alors que les syndicats alertent sur le taux de suicides dans la profession.<\/p>\n<p>Les autorit\u00e9s pr\u00e9voient \u00e9galement d\u2019am\u00e9liorer le processus d\u2019application de la loi \u00ab\u202f<em>afin de prot\u00e9ger les enseignants contre les signalements inconsid\u00e9r\u00e9s de maltraitance d\u2019enfants<\/em>\u202f\u00bb.<\/p>\n<p>En effet, les enseignants peuvent parfois \u00eatre d\u00e9nonc\u00e9s pour maltraitance lorsqu\u2019ils ma\u00eetrisent des \u00e9l\u00e8ves violents ou les r\u00e9primandent, ce qui peut engendrer leur perte d\u2019emploi. Les professeurs affirment que certains parents abusent d\u2019une loi sur la protection de l\u2019enfance adopt\u00e9e en 2014 qui suspend automatiquement un enseignant accus\u00e9 de maltraitance.<\/p>\n<h2>Une refonte du syst\u00e8me d\u2019\u00e9valuation des enseignants<\/h2>\n<p>En d\u00e9cembre dernier, un sondage men\u00e9 par le <a href=\"https:\/\/www.eduhope.net\/bbs\/board.php?bo_table=maybbs_eduhope_jibu&amp;wr_id=230010&amp;page=61&amp;menu_id=2020\">Syndicat cor\u00e9en des enseignants et des travailleurs de l\u2019\u00e9ducation<\/a>, une organisation oppos\u00e9e au syst\u00e8me d\u2019\u00e9valuation depuis ses d\u00e9buts, aupr\u00e8s de 6 507 enseignants a montr\u00e9 que 31\u202f% d\u2019entre eux avaient d\u00e9j\u00e0 subi un pr\u00e9judice direct en recevant d\u00e9nigrement, propos injurieux, insulte ou commentaire \u00e0 caract\u00e8re sexuel dans leurs \u00e9valuations.<\/p>\n<p>La <a href=\"https:\/\/www.kfta.or.kr\/page\/pressView.do?menuSeq=170000000015&amp;currPageIndex=1&amp;searchText=%EA%B5%90%EC%9B%90%ED%8F%89%EA%B0%80&amp;seq=230612000000\">F\u00e9d\u00e9ration des enseignants<\/a> elle d\u00e9nonce un syst\u00e8me qui, au-del\u00e0 du sujet des commentaires anonymes, a \u00e9t\u00e9 \u00ab\u202f<em>r\u00e9duit \u00e0 une \u00e9valuation d\u2019impression et de popularit\u00e9<\/em>\u202f\u00bb.<\/p>\n<p>D\u2019autre part, les enseignants peuvent parfois se voir reprocher de faire <a href=\"https:\/\/www.newsendip.com\/fr\/en-roumanie-vers-une-interdiction-des-cours-particuliers-enseignants-a-leurs-propres-eleves\/\">pression sur les \u00e9l\u00e8ves<\/a> pendant la p\u00e9riode d\u2019\u00e9valuation pour qu\u2019ils soient bien&nbsp;not\u00e9s.<\/p>\n<p>Pour l\u2019Association de protection des droits de l\u2019homme des \u00e9tudiants, des parents et des enseignants, la plupart des parents se comportent correctement et craint que, en tant que parents, les canaux de communication pour exprimer leurs pr\u00e9occupations soient supprim\u00e9, a d\u00e9clar\u00e9 Shin Min-hyang, une responsable de l\u2019association, \u00e0 la <a href=\"https:\/\/www.bbc.com\/korean\/articles\/c3gzr399pngo\">BBC<\/a>.<\/p>\n<p>En juin, le minist\u00e8re de l\u2019\u00e9ducation a averti que les commentaires inappropri\u00e9s sans rapport avec les activit\u00e9s \u00e9ducatives pouvaient \u00eatre sanctionn\u00e9s conform\u00e9ment aux lois en vigueur.<\/p>\n<p>Cette semaine, le minist\u00e8re \u00ab\u202f<em>discutera ouvertement des politiques souhait\u00e9es par les enseignants<\/em>\u202f\u00bb, \u00e0 commencer par le processus d\u2019\u00e9valuation. Mais il n\u2019a parl\u00e9 que d\u2019une refonte et non d\u2019une abolition de ce dernier.<\/p>\n<p><a href=\"https:\/\/www.newsendip.com\/fr\/etiquette\/coree-sud\/\"><strong>D\u00e9couvrez plus d\u2019actualit\u00e9s sur la Cor\u00e9e du&nbsp;Sud<\/strong><\/a><\/p>\n","protected":false},"excerpt":{"rendered":"<p>En Cor\u00e9e du Sud, les parents, et parfois les \u00e9l\u00e8ves, peuvent \u00e9valuer les enseignants de mani\u00e8re anonyme. Mais apr\u00e8s le suicide d\u2019une enseignante en juillet, le minist\u00e8re de l\u2019\u00e9ducation cherche \u00e0 restaurer leur autorit\u00e9.<\/p>\n","protected":false},"author":1,"featured_media":30418,"comment_status":"closed","ping_status":"open","sticky":false,"template":"","format":"standard","meta":{"wp_typography_post_enhancements_disabled":false,"footnotes":""},"categories":[409],"tags":[511,421],"class_list":["post-30399","post","type-post","status-publish","format-standard","has-post-thumbnail","hentry","category-societe","tag-coree-sud","tag-vieux"],"yoast_head":"<!-- This site is optimized with the Yoast SEO Premium plugin v27.4 (Yoast SEO v27.4) - https:\/\/yoast.com\/product\/yoast-seo-premium-wordpress\/ -->\n<title>En Cor\u00e9e du Sud, l&#039;\u00e9valuation des professeurs par les \u00e9l\u00e8ves et les parents mise en pause<\/title>\n<meta name=\"description\" content=\"En Cor\u00e9e du Sud, les parents, et parfois les \u00e9l\u00e8ves, peuvent \u00e9valuer les enseignants de mani\u00e8re anonyme. Mais apr\u00e8s le suicide d&#039;une enseignante en juillet, le minist\u00e8re de l&#039;\u00e9ducation cherche \u00e0 restaurer leur autorit\u00e9.\" \/>\n<meta name=\"robots\" content=\"index, follow, max-snippet:-1, max-image-preview:large, max-video-preview:-1\" \/>\n<link rel=\"canonical\" href=\"https:\/\/www.newsendip.com\/fr\/en-coree-du-sud-levaluation-des-professeurs-par-les-eleves-et-les-parents-mis-en-pause\/\" \/>\n<meta property=\"og:locale\" content=\"fr_FR\" \/>\n<meta property=\"og:type\" content=\"article\" \/>\n<meta property=\"og:title\" content=\"En Cor\u00e9e du Sud, l&#039;\u00e9valuation des professeurs par les \u00e9l\u00e8ves et les parents mise en pause\" \/>\n<meta property=\"og:description\" content=\"En Cor\u00e9e du Sud, les parents, et parfois les \u00e9l\u00e8ves, peuvent \u00e9valuer les enseignants de mani\u00e8re anonyme. Mais apr\u00e8s le suicide d&#039;une enseignante en juillet, le minist\u00e8re de l&#039;\u00e9ducation cherche \u00e0 restaurer leur autorit\u00e9.\" \/>\n<meta property=\"og:url\" content=\"https:\/\/www.newsendip.com\/fr\/en-coree-du-sud-levaluation-des-professeurs-par-les-eleves-et-les-parents-mis-en-pause\/\" \/>\n<meta property=\"og:site_name\" content=\"Newsendip\" \/>\n<meta property=\"article:publisher\" content=\"https:\/\/www.facebook.com\/newsendip\" \/>\n<meta property=\"article:published_time\" content=\"2023-09-11T20:02:06+00:00\" \/>\n<meta property=\"article:modified_time\" content=\"2024-07-18T13:43:09+00:00\" \/>\n<meta property=\"og:image\" content=\"https:\/\/www.newsendip.com\/wp-content\/uploads\/2023\/09\/protest-teachers-south-korea.jpeg\" \/>\n\t<meta property=\"og:image:width\" content=\"1280\" \/>\n\t<meta property=\"og:image:height\" content=\"960\" \/>\n\t<meta property=\"og:image:type\" content=\"image\/jpeg\" \/>\n<meta name=\"author\" content=\"Cl\u00e9ment V\u00e9rit\u00e9\" \/>\n<meta name=\"twitter:card\" content=\"summary_large_image\" \/>\n<meta name=\"twitter:image\" content=\"https:\/\/www.newsendip.com\/wp-content\/uploads\/2023\/09\/protest-teachers-south-korea.jpeg\" \/>\n<meta name=\"twitter:creator\" content=\"@https:\/\/twitter.com\/cverite\" \/>\n<meta name=\"twitter:site\" content=\"@newsendip\" \/>\n<meta name=\"twitter:label1\" content=\"\u00c9crit par\" \/>\n\t<meta name=\"twitter:data1\" content=\"Cl\u00e9ment V\u00e9rit\u00e9\" \/>\n\t<meta name=\"twitter:label2\" content=\"Dur\u00e9e de lecture estim\u00e9e\" \/>\n\t<meta name=\"twitter:data2\" content=\"4 minutes\" \/>\n<!-- \/ Yoast SEO Premium plugin. -->","yoast_head_json":{"title":"En Cor\u00e9e du Sud, l'\u00e9valuation des professeurs par les \u00e9l\u00e8ves et les parents mise en pause","description":"En Cor\u00e9e du Sud, les parents, et parfois les \u00e9l\u00e8ves, peuvent \u00e9valuer les enseignants de mani\u00e8re anonyme. Mais apr\u00e8s le suicide d'une enseignante en juillet, le minist\u00e8re de l'\u00e9ducation cherche \u00e0 restaurer leur autorit\u00e9.","robots":{"index":"index","follow":"follow","max-snippet":"max-snippet:-1","max-image-preview":"max-image-preview:large","max-video-preview":"max-video-preview:-1"},"canonical":"https:\/\/www.newsendip.com\/fr\/en-coree-du-sud-levaluation-des-professeurs-par-les-eleves-et-les-parents-mis-en-pause\/","og_locale":"fr_FR","og_type":"article","og_title":"En Cor\u00e9e du Sud, l'\u00e9valuation des professeurs par les \u00e9l\u00e8ves et les parents mise en pause","og_description":"En Cor\u00e9e du Sud, les parents, et parfois les \u00e9l\u00e8ves, peuvent \u00e9valuer les enseignants de mani\u00e8re anonyme. Mais apr\u00e8s le suicide d'une enseignante en juillet, le minist\u00e8re de l'\u00e9ducation cherche \u00e0 restaurer leur autorit\u00e9.","og_url":"https:\/\/www.newsendip.com\/fr\/en-coree-du-sud-levaluation-des-professeurs-par-les-eleves-et-les-parents-mis-en-pause\/","og_site_name":"Newsendip","article_publisher":"https:\/\/www.facebook.com\/newsendip","article_published_time":"2023-09-11T20:02:06+00:00","article_modified_time":"2024-07-18T13:43:09+00:00","og_image":[{"width":1280,"height":960,"url":"https:\/\/www.newsendip.com\/wp-content\/uploads\/2023\/09\/protest-teachers-south-korea.jpeg","type":"image\/jpeg"}],"author":"Cl\u00e9ment V\u00e9rit\u00e9","twitter_card":"summary_large_image","twitter_image":"https:\/\/www.newsendip.com\/wp-content\/uploads\/2023\/09\/protest-teachers-south-korea.jpeg","twitter_creator":"@https:\/\/twitter.com\/cverite","twitter_site":"@newsendip","twitter_misc":{"\u00c9crit par":"Cl\u00e9ment V\u00e9rit\u00e9","Dur\u00e9e de lecture estim\u00e9e":"4 minutes"},"schema":{"@context":"https:\/\/schema.org","@graph":[{"@type":"NewsArticle","@id":"https:\/\/www.newsendip.com\/fr\/en-coree-du-sud-levaluation-des-professeurs-par-les-eleves-et-les-parents-mis-en-pause\/#article","isPartOf":{"@id":"https:\/\/www.newsendip.com\/fr\/en-coree-du-sud-levaluation-des-professeurs-par-les-eleves-et-les-parents-mis-en-pause\/"},"author":{"name":"Cl\u00e9ment V\u00e9rit\u00e9","@id":"https:\/\/www.newsendip.com\/fr\/#\/schema\/person\/ea22c01755f464a3cbc2c619584d6363"},"headline":"En Cor\u00e9e du Sud, l\u2019\u00e9valuation des professeurs par les \u00e9l\u00e8ves et les parents mise en&nbsp;pause","datePublished":"2023-09-11T20:02:06+00:00","dateModified":"2024-07-18T13:43:09+00:00","mainEntityOfPage":{"@id":"https:\/\/www.newsendip.com\/fr\/en-coree-du-sud-levaluation-des-professeurs-par-les-eleves-et-les-parents-mis-en-pause\/"},"wordCount":1015,"publisher":{"@id":"https:\/\/www.newsendip.com\/fr\/#organization"},"image":{"@id":"https:\/\/www.newsendip.com\/fr\/en-coree-du-sud-levaluation-des-professeurs-par-les-eleves-et-les-parents-mis-en-pause\/#primaryimage"},"thumbnailUrl":"https:\/\/www.newsendip.com\/wp-content\/uploads\/2023\/09\/protest-teachers-south-korea.webp","keywords":["Cor\u00e9e du sud","Vieux"],"articleSection":["Soci\u00e9t\u00e9"],"inLanguage":"fr-FR","copyrightYear":"2023","copyrightHolder":{"@id":"https:\/\/www.newsendip.com\/#organization"}},{"@type":"WebPage","@id":"https:\/\/www.newsendip.com\/fr\/en-coree-du-sud-levaluation-des-professeurs-par-les-eleves-et-les-parents-mis-en-pause\/","url":"https:\/\/www.newsendip.com\/fr\/en-coree-du-sud-levaluation-des-professeurs-par-les-eleves-et-les-parents-mis-en-pause\/","name":"En Cor\u00e9e du Sud, l'\u00e9valuation des professeurs par les \u00e9l\u00e8ves et les parents mise en pause","isPartOf":{"@id":"https:\/\/www.newsendip.com\/fr\/#website"},"primaryImageOfPage":{"@id":"https:\/\/www.newsendip.com\/fr\/en-coree-du-sud-levaluation-des-professeurs-par-les-eleves-et-les-parents-mis-en-pause\/#primaryimage"},"image":{"@id":"https:\/\/www.newsendip.com\/fr\/en-coree-du-sud-levaluation-des-professeurs-par-les-eleves-et-les-parents-mis-en-pause\/#primaryimage"},"thumbnailUrl":"https:\/\/www.newsendip.com\/wp-content\/uploads\/2023\/09\/protest-teachers-south-korea.webp","datePublished":"2023-09-11T20:02:06+00:00","dateModified":"2024-07-18T13:43:09+00:00","description":"En Cor\u00e9e du Sud, les parents, et parfois les \u00e9l\u00e8ves, peuvent \u00e9valuer les enseignants de mani\u00e8re anonyme. Mais apr\u00e8s le suicide d'une enseignante en juillet, le minist\u00e8re de l'\u00e9ducation cherche \u00e0 restaurer leur autorit\u00e9.","breadcrumb":{"@id":"https:\/\/www.newsendip.com\/fr\/en-coree-du-sud-levaluation-des-professeurs-par-les-eleves-et-les-parents-mis-en-pause\/#breadcrumb"},"inLanguage":"fr-FR","potentialAction":[{"@type":"ReadAction","target":["https:\/\/www.newsendip.com\/fr\/en-coree-du-sud-levaluation-des-professeurs-par-les-eleves-et-les-parents-mis-en-pause\/"]}]},{"@type":"ImageObject","inLanguage":"fr-FR","@id":"https:\/\/www.newsendip.com\/fr\/en-coree-du-sud-levaluation-des-professeurs-par-les-eleves-et-les-parents-mis-en-pause\/#primaryimage","url":"https:\/\/www.newsendip.com\/wp-content\/uploads\/2023\/09\/protest-teachers-south-korea.webp","contentUrl":"https:\/\/www.newsendip.com\/wp-content\/uploads\/2023\/09\/protest-teachers-south-korea.webp","width":1280,"height":960,"caption":"Rassemblement organis\u00e9 pour comm\u00e9morer la mort d'une enseignante d'\u00e9cole primaire en juillet. Les pancartes demandent de \"Trouver la v\u00e9rit\u00e9 maintenant ! Agissez !\" | \u00a9 Syndicat national des enseignants et de l'\u00e9ducation, 24 juillet, S\u00e9oul, Cor\u00e9e du Sud"},{"@type":"BreadcrumbList","@id":"https:\/\/www.newsendip.com\/fr\/en-coree-du-sud-levaluation-des-professeurs-par-les-eleves-et-les-parents-mis-en-pause\/#breadcrumb","itemListElement":[{"@type":"ListItem","position":1,"name":"Accueil","item":"https:\/\/www.newsendip.com\/fr\/"},{"@type":"ListItem","position":2,"name":"En Cor\u00e9e du Sud, l&#8217;\u00e9valuation des professeurs par les \u00e9l\u00e8ves et les parents mise en pause"}]},{"@type":"WebSite","@id":"https:\/\/www.newsendip.com\/fr\/#website","url":"https:\/\/www.newsendip.com\/fr\/","name":"Newsendip","description":"Red\u00e9couvrez l&#039;actualit\u00e9 internationale","publisher":{"@id":"https:\/\/www.newsendip.com\/fr\/#organization"},"potentialAction":[{"@type":"SearchAction","target":{"@type":"EntryPoint","urlTemplate":"https:\/\/www.newsendip.com\/fr\/?s={search_term_string}"},"query-input":{"@type":"PropertyValueSpecification","valueRequired":true,"valueName":"search_term_string"}}],"inLanguage":"fr-FR"},{"@type":"Organization","@id":"https:\/\/www.newsendip.com\/fr\/#organization","name":"Newsendip","url":"https:\/\/www.newsendip.com\/fr\/","logo":{"@type":"ImageObject","inLanguage":"fr-FR","@id":"https:\/\/www.newsendip.com\/fr\/#\/schema\/logo\/image\/","url":"https:\/\/www.newsendip.com\/wp-content\/uploads\/2023\/12\/512x512.svg","contentUrl":"https:\/\/www.newsendip.com\/wp-content\/uploads\/2023\/12\/512x512.svg","width":1,"height":1,"caption":"Newsendip"},"image":{"@id":"https:\/\/www.newsendip.com\/fr\/#\/schema\/logo\/image\/"},"sameAs":["https:\/\/www.facebook.com\/newsendip","https:\/\/x.com\/newsendip","https:\/\/mastodon.social\/@newsendip","https:\/\/www.linkedin.com\/company\/newsendip"],"description":"Newsendip est un site qui a pour mission de rendre l'actualit\u00e9 internationale accessible et diversifi\u00e9e","email":"contact@newsendip.com","legalName":"Newsendip SAS","foundingDate":"2022-11-04","vatID":"FR60921124723","numberOfEmployees":{"@type":"QuantitativeValue","minValue":"1","maxValue":"10"},"publishingPrinciples":"https:\/\/www.newsendip.com\/about-us\/","ownershipFundingInfo":"https:\/\/www.newsendip.com\/legal-notice\/","actionableFeedbackPolicy":"https:\/\/www.newsendip.com\/about-us\/","correctionsPolicy":"https:\/\/www.newsendip.com\/about-us\/","ethicsPolicy":"https:\/\/www.newsendip.com\/about-us\/","diversityPolicy":"https:\/\/www.newsendip.com\/about-us\/"},{"@type":"Person","@id":"https:\/\/www.newsendip.com\/fr\/#\/schema\/person\/ea22c01755f464a3cbc2c619584d6363","name":"Cl\u00e9ment V\u00e9rit\u00e9","description":"Cl\u00e9ment is the executive editor and founder of Newsendip. He started in the media industry as a freelance reporter at 16 for a local French newspaper after school and has never left it. He later worked for seven years at The New York Times, notably as a data analyst. He holds a Master of Management in France and a Master of Arts in the United Kingdom in International Marketing &amp; Communications Strategy. He has lived in France, the United Kingdom, and Italy.","sameAs":["https:\/\/www.newsendip.com\/","https:\/\/www.linkedin.com\/in\/clementverite\/","https:\/\/x.com\/https:\/\/twitter.com\/cverite"],"knowsAbout":["News","International","Business","Media monitoring"],"knowsLanguage":["English","French","Italian","Spanish"],"url":"https:\/\/www.newsendip.com\/fr\/author\/clement-verite\/"}]}},"_links":{"self":[{"href":"https:\/\/www.newsendip.com\/fr\/wp-json\/wp\/v2\/posts\/30399","targetHints":{"allow":["GET"]}}],"collection":[{"href":"https:\/\/www.newsendip.com\/fr\/wp-json\/wp\/v2\/posts"}],"about":[{"href":"https:\/\/www.newsendip.com\/fr\/wp-json\/wp\/v2\/types\/post"}],"author":[{"embeddable":true,"href":"https:\/\/www.newsendip.com\/fr\/wp-json\/wp\/v2\/users\/1"}],"replies":[{"embeddable":true,"href":"https:\/\/www.newsendip.com\/fr\/wp-json\/wp\/v2\/comments?post=30399"}],"version-history":[{"count":0,"href":"https:\/\/www.newsendip.com\/fr\/wp-json\/wp\/v2\/posts\/30399\/revisions"}],"wp:featuredmedia":[{"embeddable":true,"href":"https:\/\/www.newsendip.com\/fr\/wp-json\/wp\/v2\/media\/30418"}],"wp:attachment":[{"href":"https:\/\/www.newsendip.com\/fr\/wp-json\/wp\/v2\/media?parent=30399"}],"wp:term":[{"taxonomy":"category","embeddable":true,"href":"https:\/\/www.newsendip.com\/fr\/wp-json\/wp\/v2\/categories?post=30399"},{"taxonomy":"post_tag","embeddable":true,"href":"https:\/\/www.newsendip.com\/fr\/wp-json\/wp\/v2\/tags?post=30399"}],"curies":[{"name":"wp","href":"https:\/\/api.w.org\/{rel}","templated":true}]}}