{"id":30821,"date":"2023-09-21T15:07:44","date_gmt":"2023-09-21T13:07:44","guid":{"rendered":"https:\/\/www.newsendip.com\/?p=30821"},"modified":"2024-07-18T15:42:15","modified_gmt":"2024-07-18T13:42:15","slug":"litalie-souhaite-saisir-la-cour-europeenne-de-justice-contre-lautriche","status":"publish","type":"post","link":"https:\/\/www.newsendip.com\/fr\/litalie-souhaite-saisir-la-cour-europeenne-de-justice-contre-lautriche\/","title":{"rendered":"L\u2019Italie souhaite saisir la Cour europ\u00e9enne de justice contre l\u2019Autriche"},"content":{"rendered":"<p><strong>L\u2019Italie a annonc\u00e9 vouloir saisir la Cour europ\u00e9enne de justice contre l\u2019Autriche \u00e0 cause des contr\u00f4les frontaliers effectu\u00e9s suite \u00e0 l\u2019arriv\u00e9e des milliers de migrants \u00e0 Lampedusa. En juin dernier, les deux pays se f\u00e9licitaient pourtant de leurs positions communes sur l\u2019immigration ill\u00e9gale.<\/strong><\/p>\n<figure id=\"attachment_30837\" aria-describedby=\"caption-attachment-30837\" style=\"width: 1024px\" class=\"wp-caption aligncenter\"><img decoding=\"async\" class=\"wp-image-30837 size-large\" src=\"https:\/\/www.newsendip.com\/wp-content\/uploads\/2023\/09\/austria-italy-meeting-june-2023-1024x646.webp\" alt=\"La premi\u00e8re ministre italienne Giorgia Meloni et le chancelier autrichien Karl Nehammer\" width=\"1024\" height=\"646\" srcset=\"https:\/\/www.newsendip.com\/wp-content\/uploads\/2023\/09\/austria-italy-meeting-june-2023-1024x646.webp 1024w, https:\/\/www.newsendip.com\/wp-content\/uploads\/2023\/09\/austria-italy-meeting-june-2023-60x38.webp 60w, https:\/\/www.newsendip.com\/wp-content\/uploads\/2023\/09\/austria-italy-meeting-june-2023-300x189.webp 300w, https:\/\/www.newsendip.com\/wp-content\/uploads\/2023\/09\/austria-italy-meeting-june-2023-768x485.webp 768w, https:\/\/www.newsendip.com\/wp-content\/uploads\/2023\/09\/austria-italy-meeting-june-2023-1536x969.webp 1536w, https:\/\/www.newsendip.com\/wp-content\/uploads\/2023\/09\/austria-italy-meeting-june-2023.webp 2048w\" sizes=\"(max-width: 1024px) 100vw, 1024px\"><figcaption id=\"caption-attachment-30837\" class=\"wp-caption-text\">La premi\u00e8re ministre italienne Giorgia Meloni (au centre) et le chancelier autrichien Karl Nehammer (\u00e0 droite) lors d\u2019une visite d\u2019\u00c9tat de l\u2019Italie en Autriche en juin pour discuter de leur partenariat dans la lutte contre l\u2019immigration clandestine | \u00a9 Karl Nehammer, Twitter<\/figcaption><\/figure>\n<p>Alors que l\u2019<a href=\"https:\/\/www.newsendip.com\/fr\/etiquette\/autriche\/\">Autriche<\/a> met en place des contr\u00f4les aux fronti\u00e8res avec l\u2019Italie suite \u00e0 l\u2019arriv\u00e9e de plus de 12 000 migrants sur l\u2019\u00eele sicilienne de Lampedusa la semaine derni\u00e8re, son voisin menace de d\u00e9poser un recours devant la Cour europ\u00e9enne de justice contre un autre \u00c9tat membre de l\u2019Union europ\u00e9enne et de l\u2019espace Schengen.<\/p>\n<p>Dans une interview accord\u00e9e ce week-end au journal autrichien <a href=\"https:\/\/www.kleinezeitung.at\/service\/newsticker\/aussenpolitik\/6322949\/Kanzler-Nehammer-erwaegt-Grenzkontrollen-auch-zu-Italien?from=rss\">Kleine Zeitung<\/a>, le chancelier autrichien Karl Nehammer, du conservateur Parti populaire autrichien, a d\u00e9clar\u00e9 que les autorit\u00e9s avaient renforc\u00e9 leur activit\u00e9 \u00e0 la fronti\u00e8re avec l\u2019Italie pour \u00ab\u202f<em>lutter contre les itin\u00e9raires des passeurs<\/em>\u202f\u00bb.<\/p>\n<p>Mais il a \u00e9galement annonc\u00e9 que l\u2019Autriche renforcerait les contr\u00f4les \u00e0 la fronti\u00e8re, m\u00eame si l\u2019appr\u00e9hension des entr\u00e9es ill\u00e9gales au col du Brenner, qui traverse les Alpes et constitue la fronti\u00e8re entre l\u2019Italie et l\u2019Autriche, a pour le moment augment\u00e9 \u00ab\u202f<em>marginalement<\/em>\u202f\u00bb mais \u00ab\u202f<em>pas de mani\u00e8re perceptible<\/em>\u202f\u00bb.<\/p>\n<p>Lundi, le vice-Premier ministre et ministre des Transports italien Matteo Salvini a vivement critiqu\u00e9 le gouvernement autrichien et son plan. Sur X (ex-Twitter), <a href=\"https:\/\/twitter.com\/matteosalvinimi\/status\/1703782949223596326\">il a d\u00e9clar\u00e9<\/a> que \u00ab\u202f<em>la d\u00e9cision de Vienne de renforcer les contr\u00f4les sur les v\u00e9hicules en provenance d\u2019Italie est une gifle \u00e0 la solidarit\u00e9 europ\u00e9enne<\/em>\u202f\u00bb et une \u00ab\u202f<em>grave offense aux forces de police et aux volontaires italiens engag\u00e9s depuis des ann\u00e9es dans la d\u00e9fense des fronti\u00e8res europ\u00e9ennes<\/em>\u202f\u00bb.<\/p>\n<p>La premi\u00e8re ministre italienne, Giorgia Meloni, qui critiquait jusque l\u00e0 l\u2019Union europ\u00e9enne, a appel\u00e9 les autres \u00c9tats membres \u00e0 faire preuve de solidarit\u00e9 \u00e0 l\u2019\u00e9gard de l\u2019Italie pour g\u00e9rer l\u2019arriv\u00e9e des migrants \u00e0 Lampedusa.<\/p>\n<p>Alors que M. Salvini partage les m\u00eames points de vue que M. Nehammer \u2013 et Marine Le Pen \u2013 sur la <a href=\"https:\/\/www.newsendip.com\/fr\/en-pologne-un-gouvernement-anti-immigration-englue-dans-un-scandale-doctroi-de-visas\/\">politique de lutte contre l\u2019immigration<\/a> clandestine, il a cette fois d\u00e9nonc\u00e9 les \u00ab\u202f<em>interdictions ill\u00e9gitimes et discriminatoires<\/em>\u202f\u00bb \u00e0 l\u2019encontre de l\u2019Italie et a fait valoir qu\u2019au lieu de construire \u00ab\u202f<em>construire des forteresses dans les Alpes en punissant les travailleurs, comme les chauffeurs routiers, et les touristes<\/em>\u202f\u00bb, l\u2019Autriche \u00ab\u202f<em>doit envoyer des moyens et des hommes pour aider sur la M\u00e9diterran\u00e9e<\/em>\u202f\u00bb.<\/p>\n<p>L\u2019Autriche d\u00e9fend le fait que les <a href=\"https:\/\/www.newsendip.com\/fr\/la-cour-supreme-du-mexique-considere-les-controles-aleatoires-de-limmigration-inconstitutionnels\/\">contr\u00f4les frontaliers<\/a> dans les r\u00e9gions de la Carinthie et du Tyrol peuvent \u00eatre renforc\u00e9s momentan\u00e9ment de mani\u00e8re extraordinaire. Le minist\u00e8re de l\u2019int\u00e9rieur a d\u00e9clar\u00e9 que les autorit\u00e9s se concentraient sur les contr\u00f4les contre le trafic d\u2019\u00eatres humains avec la recherche de v\u00e9hicules utilis\u00e9s par les passeurs.<\/p>\n<p>Mais pour M. Salvini, il s\u2019agit d\u2019un \u00ab\u202f<em>acte de violence et d\u2019arrogance<\/em>\u202f\u00bb, qui entra\u00eene une \u00ab\u202f<em>concurrence d\u00e9loyale \u00e0 l\u2019encontre des entrepreneurs et <a href=\"https:\/\/www.newsendip.com\/fr\/le-gouvernement-italien-veut-supprimer-une-taxe-sur-les-voitures-les-plus-puissantes\/\">transporteurs europ\u00e9ens<\/a><\/em>\u202f\u00bb, car cela bloque le principal acc\u00e8s routier de l\u2019Italie \u00e0 l\u2019Europe du&nbsp;Nord.<\/p>\n<p>L\u2019Italie a donc d\u00e9cid\u00e9 de faire appel de la d\u00e9cision aupr\u00e8s de la Cour europ\u00e9enne de justice, contre un autre \u00c9tat membre de l\u2019Union europ\u00e9enne. \u00ab\u202f<em>Il s\u2019agit d\u2019un geste fort, inhabituel mais n\u00e9cessaire<\/em>\u202f\u00bb, a poursuivi mercredi le ministre des transports, qui souhaite \u00ab\u202f<em>mettre fin \u00e0 cette honte<\/em>\u202f\u00bb.<\/p>\n<p>En juin, Giorgia Meloni s\u2019est rendue en Autriche, une premi\u00e8re en huit ans pour la pr\u00e9sidence italienne du Conseil des ministres, apr\u00e8s une visite du chancelier en Italie un mois auparavant.<\/p>\n<p>Elle s\u2019\u00e9tait alors f\u00e9licit\u00e9e que les deux gouvernements partagent la m\u00eame vision sur l\u2019<a href=\"https:\/\/www.newsendip.com\/fr\/lappartenance-ethnique-consideree-comme-un-motif-acceptable-de-controle-de-limmigration-aux-pays-bas\/\">immigration<\/a> et a soulign\u00e9 leur \u00ab\u202f<em>coop\u00e9ration<\/em>\u202f\u00bb pour \u00ab\u202f<em>changer le paradigme du Conseil europ\u00e9en concernant la question des flux migratoires ill\u00e9gaux<\/em>\u202f\u00bb. Elle y concluait que leurs \u00ab\u202f<em>relations s\u2019intensifieront encore dans les mois et les ann\u00e9es \u00e0 venir<\/em>\u202f\u00bb.<\/p>\n<p>La France a \u00e9galement annonc\u00e9 qu\u2019elle renforcerait les forces de l\u2019ordre \u00e0 la fronti\u00e8re avec l\u2019Italie.<\/p>\n<p><a href=\"https:\/\/www.newsendip.com\/fr\/etiquette\/italie\/\"><strong>D\u00e9couvrez plus d\u2019actualit\u00e9s sur l\u2019Italie<\/strong><\/a><\/p>\n","protected":false},"excerpt":{"rendered":"<p>L\u2019Italie a annonc\u00e9 vouloir saisir la Cour europ\u00e9enne de justice contre l\u2019Autriche \u00e0 cause des contr\u00f4les frontaliers effectu\u00e9s suite \u00e0 l\u2019arriv\u00e9e des milliers de migrants \u00e0 Lampedusa.<\/p>\n","protected":false},"author":1,"featured_media":30837,"comment_status":"closed","ping_status":"open","sticky":false,"template":"","format":"standard","meta":{"wp_typography_post_enhancements_disabled":false,"footnotes":""},"categories":[416],"tags":[911,418,421],"class_list":["post-30821","post","type-post","status-publish","format-standard","has-post-thumbnail","hentry","category-politique","tag-autriche","tag-italie","tag-vieux"],"yoast_head":"<!-- This site is optimized with the Yoast SEO Premium plugin v27.4 (Yoast SEO v27.4) - https:\/\/yoast.com\/product\/yoast-seo-premium-wordpress\/ -->\n<title>L&#039;Italie souhaite saisir la Cour europ\u00e9enne de justice contre l&#039;Autriche<\/title>\n<meta name=\"description\" content=\"L&#039;Italie a annonc\u00e9 vouloir saisir la Cour europ\u00e9enne de justice contre l&#039;Autriche \u00e0 cause des contr\u00f4les frontaliers effectu\u00e9s suite \u00e0 l&#039;arriv\u00e9e des milliers de migrants \u00e0 Lampedusa.\" \/>\n<meta name=\"robots\" content=\"index, follow, max-snippet:-1, max-image-preview:large, max-video-preview:-1\" \/>\n<link rel=\"canonical\" href=\"https:\/\/www.newsendip.com\/fr\/litalie-souhaite-saisir-la-cour-europeenne-de-justice-contre-lautriche\/\" \/>\n<meta property=\"og:locale\" content=\"fr_FR\" \/>\n<meta property=\"og:type\" content=\"article\" \/>\n<meta property=\"og:title\" content=\"L&#039;Italie souhaite saisir la Cour europ\u00e9enne de justice contre l&#039;Autriche\" \/>\n<meta property=\"og:description\" content=\"L&#039;Italie a annonc\u00e9 vouloir saisir la Cour europ\u00e9enne de justice contre l&#039;Autriche \u00e0 cause des contr\u00f4les frontaliers effectu\u00e9s suite \u00e0 l&#039;arriv\u00e9e des milliers de migrants \u00e0 Lampedusa.\" \/>\n<meta property=\"og:url\" content=\"https:\/\/www.newsendip.com\/fr\/litalie-souhaite-saisir-la-cour-europeenne-de-justice-contre-lautriche\/\" \/>\n<meta property=\"og:site_name\" content=\"Newsendip\" \/>\n<meta property=\"article:publisher\" content=\"https:\/\/www.facebook.com\/newsendip\" \/>\n<meta property=\"article:published_time\" content=\"2023-09-21T13:07:44+00:00\" \/>\n<meta property=\"article:modified_time\" content=\"2024-07-18T13:42:15+00:00\" \/>\n<meta property=\"og:image\" content=\"https:\/\/www.newsendip.com\/wp-content\/uploads\/2023\/09\/austria-italy-meeting-june-2023-min.jpeg\" \/>\n\t<meta property=\"og:image:width\" content=\"2048\" \/>\n\t<meta property=\"og:image:height\" content=\"1292\" \/>\n\t<meta property=\"og:image:type\" content=\"image\/jpeg\" \/>\n<meta name=\"author\" content=\"Cl\u00e9ment V\u00e9rit\u00e9\" \/>\n<meta name=\"twitter:card\" content=\"summary_large_image\" \/>\n<meta name=\"twitter:image\" content=\"https:\/\/www.newsendip.com\/wp-content\/uploads\/2023\/09\/austria-italy-meeting-june-2023-min.jpeg\" \/>\n<meta name=\"twitter:creator\" content=\"@https:\/\/twitter.com\/cverite\" \/>\n<meta name=\"twitter:site\" content=\"@newsendip\" \/>\n<meta name=\"twitter:label1\" content=\"\u00c9crit par\" \/>\n\t<meta name=\"twitter:data1\" content=\"Cl\u00e9ment V\u00e9rit\u00e9\" \/>\n\t<meta name=\"twitter:label2\" content=\"Dur\u00e9e de lecture estim\u00e9e\" \/>\n\t<meta name=\"twitter:data2\" content=\"4 minutes\" \/>\n<!-- \/ Yoast SEO Premium plugin. -->","yoast_head_json":{"title":"L'Italie souhaite saisir la Cour europ\u00e9enne de justice contre l'Autriche","description":"L'Italie a annonc\u00e9 vouloir saisir la Cour europ\u00e9enne de justice contre l'Autriche \u00e0 cause des contr\u00f4les frontaliers effectu\u00e9s suite \u00e0 l'arriv\u00e9e des milliers de migrants \u00e0 Lampedusa.","robots":{"index":"index","follow":"follow","max-snippet":"max-snippet:-1","max-image-preview":"max-image-preview:large","max-video-preview":"max-video-preview:-1"},"canonical":"https:\/\/www.newsendip.com\/fr\/litalie-souhaite-saisir-la-cour-europeenne-de-justice-contre-lautriche\/","og_locale":"fr_FR","og_type":"article","og_title":"L'Italie souhaite saisir la Cour europ\u00e9enne de justice contre l'Autriche","og_description":"L'Italie a annonc\u00e9 vouloir saisir la Cour europ\u00e9enne de justice contre l'Autriche \u00e0 cause des contr\u00f4les frontaliers effectu\u00e9s suite \u00e0 l'arriv\u00e9e des milliers de migrants \u00e0 Lampedusa.","og_url":"https:\/\/www.newsendip.com\/fr\/litalie-souhaite-saisir-la-cour-europeenne-de-justice-contre-lautriche\/","og_site_name":"Newsendip","article_publisher":"https:\/\/www.facebook.com\/newsendip","article_published_time":"2023-09-21T13:07:44+00:00","article_modified_time":"2024-07-18T13:42:15+00:00","og_image":[{"width":2048,"height":1292,"url":"https:\/\/www.newsendip.com\/wp-content\/uploads\/2023\/09\/austria-italy-meeting-june-2023-min.jpeg","type":"image\/jpeg"}],"author":"Cl\u00e9ment V\u00e9rit\u00e9","twitter_card":"summary_large_image","twitter_image":"https:\/\/www.newsendip.com\/wp-content\/uploads\/2023\/09\/austria-italy-meeting-june-2023-min.jpeg","twitter_creator":"@https:\/\/twitter.com\/cverite","twitter_site":"@newsendip","twitter_misc":{"\u00c9crit par":"Cl\u00e9ment V\u00e9rit\u00e9","Dur\u00e9e de lecture estim\u00e9e":"4 minutes"},"schema":{"@context":"https:\/\/schema.org","@graph":[{"@type":"NewsArticle","@id":"https:\/\/www.newsendip.com\/fr\/litalie-souhaite-saisir-la-cour-europeenne-de-justice-contre-lautriche\/#article","isPartOf":{"@id":"https:\/\/www.newsendip.com\/fr\/litalie-souhaite-saisir-la-cour-europeenne-de-justice-contre-lautriche\/"},"author":{"name":"Cl\u00e9ment V\u00e9rit\u00e9","@id":"https:\/\/www.newsendip.com\/fr\/#\/schema\/person\/ea22c01755f464a3cbc2c619584d6363"},"headline":"L\u2019Italie souhaite saisir la Cour europ\u00e9enne de justice contre l\u2019Autriche","datePublished":"2023-09-21T13:07:44+00:00","dateModified":"2024-07-18T13:42:15+00:00","mainEntityOfPage":{"@id":"https:\/\/www.newsendip.com\/fr\/litalie-souhaite-saisir-la-cour-europeenne-de-justice-contre-lautriche\/"},"wordCount":779,"publisher":{"@id":"https:\/\/www.newsendip.com\/fr\/#organization"},"image":{"@id":"https:\/\/www.newsendip.com\/fr\/litalie-souhaite-saisir-la-cour-europeenne-de-justice-contre-lautriche\/#primaryimage"},"thumbnailUrl":"https:\/\/www.newsendip.com\/wp-content\/uploads\/2023\/09\/austria-italy-meeting-june-2023.webp","keywords":["Autriche","Italie","Vieux"],"articleSection":["Politique"],"inLanguage":"fr-FR","copyrightYear":"2023","copyrightHolder":{"@id":"https:\/\/www.newsendip.com\/#organization"}},{"@type":"WebPage","@id":"https:\/\/www.newsendip.com\/fr\/litalie-souhaite-saisir-la-cour-europeenne-de-justice-contre-lautriche\/","url":"https:\/\/www.newsendip.com\/fr\/litalie-souhaite-saisir-la-cour-europeenne-de-justice-contre-lautriche\/","name":"L'Italie souhaite saisir la Cour europ\u00e9enne de justice contre l'Autriche","isPartOf":{"@id":"https:\/\/www.newsendip.com\/fr\/#website"},"primaryImageOfPage":{"@id":"https:\/\/www.newsendip.com\/fr\/litalie-souhaite-saisir-la-cour-europeenne-de-justice-contre-lautriche\/#primaryimage"},"image":{"@id":"https:\/\/www.newsendip.com\/fr\/litalie-souhaite-saisir-la-cour-europeenne-de-justice-contre-lautriche\/#primaryimage"},"thumbnailUrl":"https:\/\/www.newsendip.com\/wp-content\/uploads\/2023\/09\/austria-italy-meeting-june-2023.webp","datePublished":"2023-09-21T13:07:44+00:00","dateModified":"2024-07-18T13:42:15+00:00","description":"L'Italie a annonc\u00e9 vouloir saisir la Cour europ\u00e9enne de justice contre l'Autriche \u00e0 cause des contr\u00f4les frontaliers effectu\u00e9s suite \u00e0 l'arriv\u00e9e des milliers de migrants \u00e0 Lampedusa.","breadcrumb":{"@id":"https:\/\/www.newsendip.com\/fr\/litalie-souhaite-saisir-la-cour-europeenne-de-justice-contre-lautriche\/#breadcrumb"},"inLanguage":"fr-FR","potentialAction":[{"@type":"ReadAction","target":["https:\/\/www.newsendip.com\/fr\/litalie-souhaite-saisir-la-cour-europeenne-de-justice-contre-lautriche\/"]}]},{"@type":"ImageObject","inLanguage":"fr-FR","@id":"https:\/\/www.newsendip.com\/fr\/litalie-souhaite-saisir-la-cour-europeenne-de-justice-contre-lautriche\/#primaryimage","url":"https:\/\/www.newsendip.com\/wp-content\/uploads\/2023\/09\/austria-italy-meeting-june-2023.webp","contentUrl":"https:\/\/www.newsendip.com\/wp-content\/uploads\/2023\/09\/austria-italy-meeting-june-2023.webp","width":2048,"height":1292,"caption":"La premi\u00e8re ministre italienne Giorgia Meloni (au centre) et le chancelier autrichien Karl Nehammer (\u00e0 droite) lors d'une visite d'\u00c9tat de l'Italie en Autriche en juin pour discuter de leur partenariat dans la lutte contre l'immigration clandestine | \u00a9 Karl Nehammer, Twitter"},{"@type":"BreadcrumbList","@id":"https:\/\/www.newsendip.com\/fr\/litalie-souhaite-saisir-la-cour-europeenne-de-justice-contre-lautriche\/#breadcrumb","itemListElement":[{"@type":"ListItem","position":1,"name":"Accueil","item":"https:\/\/www.newsendip.com\/fr\/"},{"@type":"ListItem","position":2,"name":"L&#8217;Italie souhaite saisir la Cour europ\u00e9enne de justice contre l&#8217;Autriche"}]},{"@type":"WebSite","@id":"https:\/\/www.newsendip.com\/fr\/#website","url":"https:\/\/www.newsendip.com\/fr\/","name":"Newsendip","description":"Red\u00e9couvrez l&#039;actualit\u00e9 internationale","publisher":{"@id":"https:\/\/www.newsendip.com\/fr\/#organization"},"potentialAction":[{"@type":"SearchAction","target":{"@type":"EntryPoint","urlTemplate":"https:\/\/www.newsendip.com\/fr\/?s={search_term_string}"},"query-input":{"@type":"PropertyValueSpecification","valueRequired":true,"valueName":"search_term_string"}}],"inLanguage":"fr-FR"},{"@type":"Organization","@id":"https:\/\/www.newsendip.com\/fr\/#organization","name":"Newsendip","url":"https:\/\/www.newsendip.com\/fr\/","logo":{"@type":"ImageObject","inLanguage":"fr-FR","@id":"https:\/\/www.newsendip.com\/fr\/#\/schema\/logo\/image\/","url":"https:\/\/www.newsendip.com\/wp-content\/uploads\/2023\/12\/512x512.svg","contentUrl":"https:\/\/www.newsendip.com\/wp-content\/uploads\/2023\/12\/512x512.svg","width":1,"height":1,"caption":"Newsendip"},"image":{"@id":"https:\/\/www.newsendip.com\/fr\/#\/schema\/logo\/image\/"},"sameAs":["https:\/\/www.facebook.com\/newsendip","https:\/\/x.com\/newsendip","https:\/\/mastodon.social\/@newsendip","https:\/\/www.linkedin.com\/company\/newsendip"],"description":"Newsendip est un site qui a pour mission de rendre l'actualit\u00e9 internationale accessible et diversifi\u00e9e","email":"contact@newsendip.com","legalName":"Newsendip SAS","foundingDate":"2022-11-04","vatID":"FR60921124723","numberOfEmployees":{"@type":"QuantitativeValue","minValue":"1","maxValue":"10"},"publishingPrinciples":"https:\/\/www.newsendip.com\/about-us\/","ownershipFundingInfo":"https:\/\/www.newsendip.com\/legal-notice\/","actionableFeedbackPolicy":"https:\/\/www.newsendip.com\/about-us\/","correctionsPolicy":"https:\/\/www.newsendip.com\/about-us\/","ethicsPolicy":"https:\/\/www.newsendip.com\/about-us\/","diversityPolicy":"https:\/\/www.newsendip.com\/about-us\/"},{"@type":"Person","@id":"https:\/\/www.newsendip.com\/fr\/#\/schema\/person\/ea22c01755f464a3cbc2c619584d6363","name":"Cl\u00e9ment V\u00e9rit\u00e9","description":"Cl\u00e9ment is the executive editor and founder of Newsendip. He started in the media industry as a freelance reporter at 16 for a local French newspaper after school and has never left it. He later worked for seven years at The New York Times, notably as a data analyst. He holds a Master of Management in France and a Master of Arts in the United Kingdom in International Marketing &amp; Communications Strategy. He has lived in France, the United Kingdom, and Italy.","sameAs":["https:\/\/www.newsendip.com\/","https:\/\/www.linkedin.com\/in\/clementverite\/","https:\/\/x.com\/https:\/\/twitter.com\/cverite"],"knowsAbout":["News","International","Business","Media monitoring"],"knowsLanguage":["English","French","Italian","Spanish"],"url":"https:\/\/www.newsendip.com\/fr\/author\/clement-verite\/"}]}},"_links":{"self":[{"href":"https:\/\/www.newsendip.com\/fr\/wp-json\/wp\/v2\/posts\/30821","targetHints":{"allow":["GET"]}}],"collection":[{"href":"https:\/\/www.newsendip.com\/fr\/wp-json\/wp\/v2\/posts"}],"about":[{"href":"https:\/\/www.newsendip.com\/fr\/wp-json\/wp\/v2\/types\/post"}],"author":[{"embeddable":true,"href":"https:\/\/www.newsendip.com\/fr\/wp-json\/wp\/v2\/users\/1"}],"replies":[{"embeddable":true,"href":"https:\/\/www.newsendip.com\/fr\/wp-json\/wp\/v2\/comments?post=30821"}],"version-history":[{"count":0,"href":"https:\/\/www.newsendip.com\/fr\/wp-json\/wp\/v2\/posts\/30821\/revisions"}],"wp:featuredmedia":[{"embeddable":true,"href":"https:\/\/www.newsendip.com\/fr\/wp-json\/wp\/v2\/media\/30837"}],"wp:attachment":[{"href":"https:\/\/www.newsendip.com\/fr\/wp-json\/wp\/v2\/media?parent=30821"}],"wp:term":[{"taxonomy":"category","embeddable":true,"href":"https:\/\/www.newsendip.com\/fr\/wp-json\/wp\/v2\/categories?post=30821"},{"taxonomy":"post_tag","embeddable":true,"href":"https:\/\/www.newsendip.com\/fr\/wp-json\/wp\/v2\/tags?post=30821"}],"curies":[{"name":"wp","href":"https:\/\/api.w.org\/{rel}","templated":true}]}}