{"id":30949,"date":"2023-09-22T17:30:19","date_gmt":"2023-09-22T15:30:19","guid":{"rendered":"https:\/\/www.newsendip.com\/?p=30949"},"modified":"2024-07-18T15:42:07","modified_gmt":"2024-07-18T13:42:07","slug":"pour-la-premiere-fois-la-colombie-va-vacciner-les-garcons-contre-le-papillomavirus","status":"publish","type":"post","link":"https:\/\/www.newsendip.com\/fr\/pour-la-premiere-fois-la-colombie-va-vacciner-les-garcons-contre-le-papillomavirus\/","title":{"rendered":"Pour la premi\u00e8re fois, la Colombie va vacciner les gar\u00e7ons contre le papillomavirus"},"content":{"rendered":"<p><strong>Pour la premi\u00e8re fois, la Colombie inclut les gar\u00e7ons dans un programme de vaccination contre le papillomavirus, faisant \u00e9cho au fait qu\u2019un homme sur trois est infect\u00e9 et risque de transmettre le virus aux femmes.<\/strong><\/p>\n<figure id=\"attachment_30974\" aria-describedby=\"caption-attachment-30974\" style=\"width: 1024px\" class=\"wp-caption aligncenter\"><img decoding=\"async\" class=\"wp-image-30974 size-large\" src=\"https:\/\/www.newsendip.com\/wp-content\/uploads\/2023\/09\/minister-health-colombia-papillomavirus-1024x763.webp\" alt=\"Guillermo Alfonso Jaramillo, ministre colombien de la sant\u00e9\" width=\"1024\" height=\"763\" srcset=\"https:\/\/www.newsendip.com\/wp-content\/uploads\/2023\/09\/minister-health-colombia-papillomavirus-1024x763.webp 1024w, https:\/\/www.newsendip.com\/wp-content\/uploads\/2023\/09\/minister-health-colombia-papillomavirus-60x45.webp 60w, https:\/\/www.newsendip.com\/wp-content\/uploads\/2023\/09\/minister-health-colombia-papillomavirus-300x223.webp 300w, https:\/\/www.newsendip.com\/wp-content\/uploads\/2023\/09\/minister-health-colombia-papillomavirus-768x572.webp 768w, https:\/\/www.newsendip.com\/wp-content\/uploads\/2023\/09\/minister-health-colombia-papillomavirus.webp 1309w\" sizes=\"(max-width: 1024px) 100vw, 1024px\"><figcaption id=\"caption-attachment-30974\" class=\"wp-caption-text\">Guillermo Alfonso Jaramillo, ministre colombien de la sant\u00e9, s\u2019exprimant sur le programme de vaccination des gar\u00e7ons contre le papillomavirus | \u00a9 Minist\u00e8re de la&nbsp;sant\u00e9<\/figcaption><\/figure>\n<p>Pour la premi\u00e8re fois dans le pays, la Colombie va vacciner les gar\u00e7ons contre le papillomavirus humain g\u00e9nital (PVH).<\/p>\n<p>Le <a href=\"https:\/\/twitter.com\/MinSaludCol\/status\/1704988413831639494\">minist\u00e8re colombien de la sant\u00e9 a annonc\u00e9<\/a> le 21 septembre quatre journ\u00e9es de vaccination jusqu\u2019\u00e0 la fin de l\u2019ann\u00e9e pour permettre de compl\u00e9ter les calendriers de vaccination de la population. Le 30 septembre, l\u2019accent sera mis sur le papillomavirus avec un vaccin \u00e0 dose unique pour les filles de 9 \u00e0 17 ans et les gar\u00e7ons de 9 ans \u00e0 travers le territoire.<\/p>\n<p>Cela fait partie d\u2019un plan d\u2019intensification de la vaccination des enfants contre la rougeole, la rub\u00e9ole, la varicelle et de 27 autres maladies, afin de retrouver les taux d\u2019immunisation d\u2019avant la <a href=\"https:\/\/www.newsendip.com\/fr\/le-nombre-de-meurtres-en-colombie-repart-a-la-hausse-en-debut-2021\/\">pand\u00e9mie de Covid-19<\/a>, qui a rendu plus difficile l\u2019organisation de journ\u00e9es de vaccination de masse que les autorit\u00e9s ont l\u2019habitude de mettre en place pour une population parfois isol\u00e9e des services de&nbsp;sant\u00e9.<\/p>\n<p>La majorit\u00e9 des infections au PVH, pour lesquelles il n\u2019existe pas de traitement, chez les hommes et les femmes sont asymptomatiques, mais elles sont la principale <a href=\"https:\/\/www.newsendip.com\/fr\/le-lait-maternel-une-potentielle-methode-de-depistage-de-cancers-du-sein\/\">cause de cancer<\/a> du col de l\u2019ut\u00e9rus chez les femmes.<\/p>\n<p>L\u2019infection au PVH, une infection sexuellement transmissible courante, est \u00e0 l\u2019origine d\u2019environ 5\u202f% de tous les cancers dans le monde. L\u2019Organisation mondiale de la sant\u00e9 estime que 625 600 femmes et 69 400 hommes sont atteints chaque ann\u00e9e d\u2019un cancer li\u00e9 \u00e0 l\u2019infection au&nbsp;PVH.<\/p>\n<p>Le plan colombien et la communication du ministre de la sant\u00e9, <a href=\"https:\/\/twitter.com\/MinSaludCol\/status\/1704988413831639494\">Guillermo Alfonso Jaramillo<\/a>, font \u00e9cho \u00e0 <a href=\"https:\/\/www.sciencedirect.com\/science\/article\/pii\/S2214109X23003054\">une r\u00e9cente \u00e9tude<\/a> soulignant que pr\u00e8s d\u2019un homme sur trois \u00e2g\u00e9 de plus de 15 ans est infect\u00e9 par au moins un type de PVH, montrant la n\u00e9cessit\u00e9 d\u2019inclure les gar\u00e7ons dans les programmes de vaccination afin de pr\u00e9venir une future transmission de l\u2019infection aux femmes.<\/p>\n<p>Cette mesure prise par la Colombie va au-del\u00e0 des objectifs et des <a href=\"https:\/\/www.who.int\/news-room\/fact-sheets\/detail\/human-papilloma-virus-and-cancer\">recommandations de l\u2019OMS<\/a>, qui vise \u00e0 ce que 90\u202f% des filles soient enti\u00e8rement vaccin\u00e9es contre le papillomavirus avant l\u2019\u00e2ge de 15 ans, puisqu\u2019ils n\u2019incluent pas la vaccination des gar\u00e7ons.<\/p>\n<p>Mais de plus en plus de pays comme la Colombie les incluent dans leur programme de vaccination contre les infections \u00e0 papillomavirus, bien que cela reste dans une bien moindre mesure pour les gar\u00e7ons. <a href=\"https:\/\/immunizationdata.who.int\/pages\/schedule-by-disease\/hpv.html?ISO_3_CODE=&amp;TARGETPOP_GENERAL=\">Selon les donn\u00e9es de l\u2019OMS<\/a>, en 2022, 125 pays (64\u202f%) avaient int\u00e9gr\u00e9 les vaccins contre le papillomavirus dans leur programme national de vaccination des filles, et 49 pays (25\u202f%) dans celui des gar\u00e7ons.<\/p>\n<p>Mais m\u00eame pour les femmes le chemin est encore long, puisque seules 21\u202f% des filles ont \u00e9t\u00e9 immunis\u00e9es contre le papillomavirus \u00e0 l\u2019\u00e2ge de 15 ans dans le&nbsp;monde.<\/p>\n<p><a href=\"https:\/\/www.newsendip.com\/fr\/etiquette\/colombie\/\"><strong>D\u00e9couvrez plus d\u2019actualit\u00e9s sur la Colombie<\/strong><\/a><\/p>\n","protected":false},"excerpt":{"rendered":"<p>Pour la premi\u00e8re fois, la Colombie inclut les gar\u00e7ons dans un programme de vaccination contre le papillomavirus, faisant \u00e9cho au fait qu\u2019un homme sur trois est infect\u00e9 et risque de transmettre le virus aux femmes.<\/p>\n","protected":false},"author":226,"featured_media":30974,"comment_status":"closed","ping_status":"open","sticky":false,"template":"","format":"standard","meta":{"wp_typography_post_enhancements_disabled":false,"footnotes":""},"categories":[412],"tags":[440,421],"class_list":["post-30949","post","type-post","status-publish","format-standard","has-post-thumbnail","hentry","category-sciences-et-sante","tag-colombie","tag-vieux"],"yoast_head":"<!-- This site is optimized with the Yoast SEO Premium plugin v27.4 (Yoast SEO v27.4) - https:\/\/yoast.com\/product\/yoast-seo-premium-wordpress\/ -->\n<title>Pour la premi\u00e8re fois, la Colombie va vacciner les gar\u00e7ons contre le papillomavirus<\/title>\n<meta name=\"description\" content=\"Pour la premi\u00e8re fois, la Colombie inclut les gar\u00e7ons dans un programme de vaccination contre le papillomavirus, faisant \u00e9cho au fait qu&#039;un homme sur trois est infect\u00e9 et risque de transmettre le virus aux femmes.\" \/>\n<meta name=\"robots\" content=\"index, follow, max-snippet:-1, max-image-preview:large, max-video-preview:-1\" \/>\n<link rel=\"canonical\" href=\"https:\/\/www.newsendip.com\/fr\/pour-la-premiere-fois-la-colombie-va-vacciner-les-garcons-contre-le-papillomavirus\/\" \/>\n<meta property=\"og:locale\" content=\"fr_FR\" \/>\n<meta property=\"og:type\" content=\"article\" \/>\n<meta property=\"og:title\" content=\"Pour la premi\u00e8re fois, la Colombie va vacciner les gar\u00e7ons contre le papillomavirus\" \/>\n<meta property=\"og:description\" content=\"Pour la premi\u00e8re fois, la Colombie inclut les gar\u00e7ons dans un programme de vaccination contre le papillomavirus, faisant \u00e9cho au fait qu&#039;un homme sur trois est infect\u00e9 et risque de transmettre le virus aux femmes.\" \/>\n<meta property=\"og:url\" content=\"https:\/\/www.newsendip.com\/fr\/pour-la-premiere-fois-la-colombie-va-vacciner-les-garcons-contre-le-papillomavirus\/\" \/>\n<meta property=\"og:site_name\" content=\"Newsendip\" \/>\n<meta property=\"article:publisher\" content=\"https:\/\/www.facebook.com\/newsendip\" \/>\n<meta property=\"article:published_time\" content=\"2023-09-22T15:30:19+00:00\" \/>\n<meta property=\"article:modified_time\" content=\"2024-07-18T13:42:07+00:00\" \/>\n<meta property=\"og:image\" content=\"https:\/\/www.newsendip.com\/wp-content\/uploads\/2023\/09\/minister-health-colombia-papillomavirus-min.jpeg\" \/>\n\t<meta property=\"og:image:width\" content=\"1309\" \/>\n\t<meta property=\"og:image:height\" content=\"975\" \/>\n\t<meta property=\"og:image:type\" content=\"image\/jpeg\" \/>\n<meta name=\"author\" content=\"Alexander Saraff Marcos\" \/>\n<meta name=\"twitter:card\" content=\"summary_large_image\" \/>\n<meta name=\"twitter:image\" content=\"https:\/\/www.newsendip.com\/wp-content\/uploads\/2023\/09\/minister-health-colombia-papillomavirus-min.jpeg\" \/>\n<meta name=\"twitter:creator\" content=\"@https:\/\/twitter.com\/AlexanderSaraff\" \/>\n<meta name=\"twitter:site\" content=\"@newsendip\" \/>\n<meta name=\"twitter:label1\" content=\"\u00c9crit par\" \/>\n\t<meta name=\"twitter:data1\" content=\"Alexander Saraff Marcos\" \/>\n\t<meta name=\"twitter:label2\" content=\"Dur\u00e9e de lecture estim\u00e9e\" \/>\n\t<meta name=\"twitter:data2\" content=\"3 minutes\" \/>\n<!-- \/ Yoast SEO Premium plugin. -->","yoast_head_json":{"title":"Pour la premi\u00e8re fois, la Colombie va vacciner les gar\u00e7ons contre le papillomavirus","description":"Pour la premi\u00e8re fois, la Colombie inclut les gar\u00e7ons dans un programme de vaccination contre le papillomavirus, faisant \u00e9cho au fait qu'un homme sur trois est infect\u00e9 et risque de transmettre le virus aux femmes.","robots":{"index":"index","follow":"follow","max-snippet":"max-snippet:-1","max-image-preview":"max-image-preview:large","max-video-preview":"max-video-preview:-1"},"canonical":"https:\/\/www.newsendip.com\/fr\/pour-la-premiere-fois-la-colombie-va-vacciner-les-garcons-contre-le-papillomavirus\/","og_locale":"fr_FR","og_type":"article","og_title":"Pour la premi\u00e8re fois, la Colombie va vacciner les gar\u00e7ons contre le papillomavirus","og_description":"Pour la premi\u00e8re fois, la Colombie inclut les gar\u00e7ons dans un programme de vaccination contre le papillomavirus, faisant \u00e9cho au fait qu'un homme sur trois est infect\u00e9 et risque de transmettre le virus aux femmes.","og_url":"https:\/\/www.newsendip.com\/fr\/pour-la-premiere-fois-la-colombie-va-vacciner-les-garcons-contre-le-papillomavirus\/","og_site_name":"Newsendip","article_publisher":"https:\/\/www.facebook.com\/newsendip","article_published_time":"2023-09-22T15:30:19+00:00","article_modified_time":"2024-07-18T13:42:07+00:00","og_image":[{"width":1309,"height":975,"url":"https:\/\/www.newsendip.com\/wp-content\/uploads\/2023\/09\/minister-health-colombia-papillomavirus-min.jpeg","type":"image\/jpeg"}],"author":"Alexander Saraff Marcos","twitter_card":"summary_large_image","twitter_image":"https:\/\/www.newsendip.com\/wp-content\/uploads\/2023\/09\/minister-health-colombia-papillomavirus-min.jpeg","twitter_creator":"@https:\/\/twitter.com\/AlexanderSaraff","twitter_site":"@newsendip","twitter_misc":{"\u00c9crit par":"Alexander Saraff Marcos","Dur\u00e9e de lecture estim\u00e9e":"3 minutes"},"schema":{"@context":"https:\/\/schema.org","@graph":[{"@type":"NewsArticle","@id":"https:\/\/www.newsendip.com\/fr\/pour-la-premiere-fois-la-colombie-va-vacciner-les-garcons-contre-le-papillomavirus\/#article","isPartOf":{"@id":"https:\/\/www.newsendip.com\/fr\/pour-la-premiere-fois-la-colombie-va-vacciner-les-garcons-contre-le-papillomavirus\/"},"author":{"name":"Alexander Saraff Marcos","@id":"https:\/\/www.newsendip.com\/fr\/#\/schema\/person\/e3467cf4a38ff8f5b92c83c7422ae321"},"headline":"Pour la premi\u00e8re fois, la Colombie va vacciner les gar\u00e7ons contre le papillomavirus","datePublished":"2023-09-22T15:30:19+00:00","dateModified":"2024-07-18T13:42:07+00:00","mainEntityOfPage":{"@id":"https:\/\/www.newsendip.com\/fr\/pour-la-premiere-fois-la-colombie-va-vacciner-les-garcons-contre-le-papillomavirus\/"},"wordCount":547,"publisher":{"@id":"https:\/\/www.newsendip.com\/fr\/#organization"},"image":{"@id":"https:\/\/www.newsendip.com\/fr\/pour-la-premiere-fois-la-colombie-va-vacciner-les-garcons-contre-le-papillomavirus\/#primaryimage"},"thumbnailUrl":"https:\/\/www.newsendip.com\/wp-content\/uploads\/2023\/09\/minister-health-colombia-papillomavirus.webp","keywords":["Colombie","Vieux"],"articleSection":["Sciences et sant\u00e9"],"inLanguage":"fr-FR","copyrightYear":"2023","copyrightHolder":{"@id":"https:\/\/www.newsendip.com\/#organization"}},{"@type":"WebPage","@id":"https:\/\/www.newsendip.com\/fr\/pour-la-premiere-fois-la-colombie-va-vacciner-les-garcons-contre-le-papillomavirus\/","url":"https:\/\/www.newsendip.com\/fr\/pour-la-premiere-fois-la-colombie-va-vacciner-les-garcons-contre-le-papillomavirus\/","name":"Pour la premi\u00e8re fois, la Colombie va vacciner les gar\u00e7ons contre le papillomavirus","isPartOf":{"@id":"https:\/\/www.newsendip.com\/fr\/#website"},"primaryImageOfPage":{"@id":"https:\/\/www.newsendip.com\/fr\/pour-la-premiere-fois-la-colombie-va-vacciner-les-garcons-contre-le-papillomavirus\/#primaryimage"},"image":{"@id":"https:\/\/www.newsendip.com\/fr\/pour-la-premiere-fois-la-colombie-va-vacciner-les-garcons-contre-le-papillomavirus\/#primaryimage"},"thumbnailUrl":"https:\/\/www.newsendip.com\/wp-content\/uploads\/2023\/09\/minister-health-colombia-papillomavirus.webp","datePublished":"2023-09-22T15:30:19+00:00","dateModified":"2024-07-18T13:42:07+00:00","description":"Pour la premi\u00e8re fois, la Colombie inclut les gar\u00e7ons dans un programme de vaccination contre le papillomavirus, faisant \u00e9cho au fait qu'un homme sur trois est infect\u00e9 et risque de transmettre le virus aux femmes.","breadcrumb":{"@id":"https:\/\/www.newsendip.com\/fr\/pour-la-premiere-fois-la-colombie-va-vacciner-les-garcons-contre-le-papillomavirus\/#breadcrumb"},"inLanguage":"fr-FR","potentialAction":[{"@type":"ReadAction","target":["https:\/\/www.newsendip.com\/fr\/pour-la-premiere-fois-la-colombie-va-vacciner-les-garcons-contre-le-papillomavirus\/"]}]},{"@type":"ImageObject","inLanguage":"fr-FR","@id":"https:\/\/www.newsendip.com\/fr\/pour-la-premiere-fois-la-colombie-va-vacciner-les-garcons-contre-le-papillomavirus\/#primaryimage","url":"https:\/\/www.newsendip.com\/wp-content\/uploads\/2023\/09\/minister-health-colombia-papillomavirus.webp","contentUrl":"https:\/\/www.newsendip.com\/wp-content\/uploads\/2023\/09\/minister-health-colombia-papillomavirus.webp","width":1309,"height":975,"caption":"Guillermo Alfonso Jaramillo, ministre colombien de la sant\u00e9, s'exprimant sur le programme de vaccination des gar\u00e7ons contre le papillomavirus | \u00a9 Minist\u00e8re de la sant\u00e9"},{"@type":"BreadcrumbList","@id":"https:\/\/www.newsendip.com\/fr\/pour-la-premiere-fois-la-colombie-va-vacciner-les-garcons-contre-le-papillomavirus\/#breadcrumb","itemListElement":[{"@type":"ListItem","position":1,"name":"Accueil","item":"https:\/\/www.newsendip.com\/fr\/"},{"@type":"ListItem","position":2,"name":"Pour la premi\u00e8re fois, la Colombie va vacciner les gar\u00e7ons contre le papillomavirus"}]},{"@type":"WebSite","@id":"https:\/\/www.newsendip.com\/fr\/#website","url":"https:\/\/www.newsendip.com\/fr\/","name":"Newsendip","description":"Red\u00e9couvrez l&#039;actualit\u00e9 internationale","publisher":{"@id":"https:\/\/www.newsendip.com\/fr\/#organization"},"potentialAction":[{"@type":"SearchAction","target":{"@type":"EntryPoint","urlTemplate":"https:\/\/www.newsendip.com\/fr\/?s={search_term_string}"},"query-input":{"@type":"PropertyValueSpecification","valueRequired":true,"valueName":"search_term_string"}}],"inLanguage":"fr-FR"},{"@type":"Organization","@id":"https:\/\/www.newsendip.com\/fr\/#organization","name":"Newsendip","url":"https:\/\/www.newsendip.com\/fr\/","logo":{"@type":"ImageObject","inLanguage":"fr-FR","@id":"https:\/\/www.newsendip.com\/fr\/#\/schema\/logo\/image\/","url":"https:\/\/www.newsendip.com\/wp-content\/uploads\/2023\/12\/512x512.svg","contentUrl":"https:\/\/www.newsendip.com\/wp-content\/uploads\/2023\/12\/512x512.svg","width":1,"height":1,"caption":"Newsendip"},"image":{"@id":"https:\/\/www.newsendip.com\/fr\/#\/schema\/logo\/image\/"},"sameAs":["https:\/\/www.facebook.com\/newsendip","https:\/\/x.com\/newsendip","https:\/\/mastodon.social\/@newsendip","https:\/\/www.linkedin.com\/company\/newsendip"],"description":"Newsendip est un site qui a pour mission de rendre l'actualit\u00e9 internationale accessible et diversifi\u00e9e","email":"contact@newsendip.com","legalName":"Newsendip SAS","foundingDate":"2022-11-04","vatID":"FR60921124723","numberOfEmployees":{"@type":"QuantitativeValue","minValue":"1","maxValue":"10"},"publishingPrinciples":"https:\/\/www.newsendip.com\/about-us\/","ownershipFundingInfo":"https:\/\/www.newsendip.com\/legal-notice\/","actionableFeedbackPolicy":"https:\/\/www.newsendip.com\/about-us\/","correctionsPolicy":"https:\/\/www.newsendip.com\/about-us\/","ethicsPolicy":"https:\/\/www.newsendip.com\/about-us\/","diversityPolicy":"https:\/\/www.newsendip.com\/about-us\/"},{"@type":"Person","@id":"https:\/\/www.newsendip.com\/fr\/#\/schema\/person\/e3467cf4a38ff8f5b92c83c7422ae321","name":"Alexander Saraff Marcos","description":"Alexander is a writer for Newsendip. He is a dual citizen of the United States and Spain and lives between Spain and France. He graduated from the University of Pittsburgh with a major in philosophy and a minor in French. He loves watching e-sport on his spare time.","sameAs":["https:\/\/www.linkedin.com\/in\/alexander-saraff-b132bb226\/","https:\/\/x.com\/https:\/\/twitter.com\/AlexanderSaraff"],"knowsAbout":["News"],"knowsLanguage":["English","Spanish","French"],"url":"https:\/\/www.newsendip.com\/fr\/author\/alexander-saraff\/"}]}},"_links":{"self":[{"href":"https:\/\/www.newsendip.com\/fr\/wp-json\/wp\/v2\/posts\/30949","targetHints":{"allow":["GET"]}}],"collection":[{"href":"https:\/\/www.newsendip.com\/fr\/wp-json\/wp\/v2\/posts"}],"about":[{"href":"https:\/\/www.newsendip.com\/fr\/wp-json\/wp\/v2\/types\/post"}],"author":[{"embeddable":true,"href":"https:\/\/www.newsendip.com\/fr\/wp-json\/wp\/v2\/users\/226"}],"replies":[{"embeddable":true,"href":"https:\/\/www.newsendip.com\/fr\/wp-json\/wp\/v2\/comments?post=30949"}],"version-history":[{"count":0,"href":"https:\/\/www.newsendip.com\/fr\/wp-json\/wp\/v2\/posts\/30949\/revisions"}],"wp:featuredmedia":[{"embeddable":true,"href":"https:\/\/www.newsendip.com\/fr\/wp-json\/wp\/v2\/media\/30974"}],"wp:attachment":[{"href":"https:\/\/www.newsendip.com\/fr\/wp-json\/wp\/v2\/media?parent=30949"}],"wp:term":[{"taxonomy":"category","embeddable":true,"href":"https:\/\/www.newsendip.com\/fr\/wp-json\/wp\/v2\/categories?post=30949"},{"taxonomy":"post_tag","embeddable":true,"href":"https:\/\/www.newsendip.com\/fr\/wp-json\/wp\/v2\/tags?post=30949"}],"curies":[{"name":"wp","href":"https:\/\/api.w.org\/{rel}","templated":true}]}}