{"id":31121,"date":"2023-09-26T21:50:10","date_gmt":"2023-09-26T19:50:10","guid":{"rendered":"https:\/\/www.newsendip.com\/?p=31121"},"modified":"2024-07-18T15:41:45","modified_gmt":"2024-07-18T13:41:45","slug":"radio-numerique-et-polemique-dans-larmee-allemande","status":"publish","type":"post","link":"https:\/\/www.newsendip.com\/fr\/radio-numerique-et-polemique-dans-larmee-allemande\/","title":{"rendered":"Radio num\u00e9rique et pol\u00e9mique dans l\u2019arm\u00e9e allemande"},"content":{"rendered":"<p><strong>Alors que la pol\u00e9mique enfle au sujet des radios achet\u00e9es pour l\u2019arm\u00e9e allemande qui pourraient souffrir d\u2019incompatibilit\u00e9, le ministre de la d\u00e9fense rejette les accusations tout en admettant des retards.<\/strong><\/p>\n<figure id=\"attachment_31134\" aria-describedby=\"caption-attachment-31134\" style=\"width: 1024px\" class=\"wp-caption aligncenter\"><img decoding=\"async\" class=\"wp-image-31134 size-large\" src=\"https:\/\/www.newsendip.com\/wp-content\/uploads\/2023\/09\/germany-military-tank-1024x576.webp\" alt=\"German military\" width=\"1024\" height=\"576\" srcset=\"https:\/\/www.newsendip.com\/wp-content\/uploads\/2023\/09\/germany-military-tank-1024x576.webp 1024w, https:\/\/www.newsendip.com\/wp-content\/uploads\/2023\/09\/germany-military-tank-60x34.webp 60w, https:\/\/www.newsendip.com\/wp-content\/uploads\/2023\/09\/germany-military-tank-300x169.webp 300w, https:\/\/www.newsendip.com\/wp-content\/uploads\/2023\/09\/germany-military-tank-768x432.webp 768w, https:\/\/www.newsendip.com\/wp-content\/uploads\/2023\/09\/germany-military-tank-1536x864.webp 1536w, https:\/\/www.newsendip.com\/wp-content\/uploads\/2023\/09\/germany-military-tank.webp 2000w\" sizes=\"(max-width: 1024px) 100vw, 1024px\"><figcaption id=\"caption-attachment-31134\" class=\"wp-caption-text\">Germany bought digital radios to install on tanks, but there could be compatibility and power issues with them | \u00a9 Bundeswehr\/Florian Sorge<\/figcaption><\/figure>\n<p>La <em>Bundeswehr<\/em>, l\u2019arm\u00e9e allemande, n\u2019est pas s\u00fbre de pouvoir installer les radios num\u00e9riques qu\u2019elle vient d\u2019acheter en raison de possibles probl\u00e8mes de compatibilit\u00e9 et d\u2019alimentation \u00e9lectrique. Mais le ministre allemand de la d\u00e9fense, Boris Pistorius, d\u00e9fend toute erreur dans cet achat de 1,3 milliard d\u2019euros.<\/p>\n<p>Dans l\u2019esprit de la <em>Zeintenwende<\/em>, la modernisation de la Bundeswehr, et suite \u00e0 l\u2019initiative de num\u00e9risation des op\u00e9rations terrestres, l\u2019arm\u00e9e allemande a d\u00e9cid\u00e9 d\u2019<a href=\"https:\/\/www.reuters.com\/business\/aerospace-defense\/german-military-set-buy-20000-encrypted-radios-135-bln-euros-source-2022-12-08\/\">acheter des radios num\u00e9riques<\/a> \u00e0 un fabricant allemand, Rohde &amp; Schwarz, en d\u00e9cembre 2022 pour un montant de 1,3 milliard d\u2019euros.<\/p>\n<p>Cette mesure s\u2019inscrivait dans le cadre de l\u2019engagement pris avec l\u2019OTAN de faire de son <a href=\"https:\/\/www.newsendip.com\/fr\/lallemagne-augmente-ses-depenses-militaires-au-dela-des-2-du-pib\/\">arm\u00e9e une division pleinement op\u00e9rationnelle<\/a> d\u2019ici \u00e0 2025, ce qui implique de disposer et de garantir d\u2019une communication num\u00e9rique efficace.<\/p>\n<p>Cependant, environ 34 000 v\u00e9hicules, des <a href=\"https:\/\/www.newsendip.com\/fr\/la-turquie-craint-que-les-etats-unis-ne-bloquent-un-accord-militaire-avec-la-coree-du-sud-sur-la-production-de-chars\/\">chars<\/a> aux v\u00e9hicules tout-terrain, sont soup\u00e7onn\u00e9s de ne pas pouvoir \u00eatre \u00e9quip\u00e9s en temps&nbsp;voulu.<\/p>\n<p>Selon la lettre interne pr\u00e9sum\u00e9e obtenue par le journal allemand <a href=\"https:\/\/www.welt.de\/politik\/deutschland\/plus247640566\/Bundeswehr-Jetzt-steckt-Pistorius-in-seinem-ersten-Ruestungsdesaster.html\">Welt<\/a>, la Bundeswehr n\u2019aurait pas pr\u00e9vu l\u2019installation des dispositifs D\u2011LBO dans les v\u00e9hicules lors du choix des radios. Il existe de nombreux mod\u00e8les de v\u00e9hicules dot\u00e9s avec modules d\u2019adaptation diff\u00e9rents, et l\u2019arm\u00e9e doit d\u00e9sormais d\u00e9terminer lesquels sont compatibles avec les radios et comment les installer.<\/p>\n<p>Un autre probl\u00e8me serait celui de l\u2019alimentation \u00e9lectrique, et plus pr\u00e9cis\u00e9ment d\u2019une capacit\u00e9 insuffisante <a href=\"https:\/\/www.newsendip.com\/fr\/les-batteries-dordinateurs-et-de-smartphones-dans-lu-e-devront-etre-faciles-a-changer-par-les-utilisateurs\/\">des batteries<\/a> et d\u2019alternateurs sous-dimensionn\u00e9s.<\/p>\n<p>L\u2019arm\u00e9e ne serait alors pas s\u00fbre que tous les v\u00e9hicules disposent d\u2019une puissance suffisante pour faire fonctionner efficacement les radios. Dans ce cas, le minist\u00e8re souhaite proc\u00e9der \u00e0 des ajustements techniques au niveau des alternateurs et des syst\u00e8mes de refroidissement pour permettre aux nouvelles radios d\u2019\u00eatre op\u00e9rationnelles, ce qui ne sera possible que dans plusieurs ann\u00e9es.<\/p>\n<p>Le ministre de la d\u00e9fense, Boris Pistorius, a abord\u00e9 ce dilemme lors d\u2019une <a href=\"https:\/\/www.youtube.com\/watch?v=V8l-Ml3V8rc\">conf\u00e9rence de presse<\/a> organis\u00e9e \u00e0 l\u2019occasion de sa visite en Lettonie.<\/p>\n<p>Bien qu\u2019il confirme les retards, il conteste fermement le fait que les mauvaises radios aient \u00e9t\u00e9 achet\u00e9es.<\/p>\n<p>Mais son coll\u00e8gue du Parti social-d\u00e9mocrate et responsable parlementaire sur le budget des arm\u00e9es Andreas Schwarz n\u2019est pas d\u2019accord et sugg\u00e8re de ne pas commander davantage de ces appareils en raison de l\u2019incertitude quant \u00e0 leur installation. De plus, il craint que m\u00eame si les appareils sont install\u00e9s, ils ne disposent pas des capacit\u00e9s techniques n\u00e9cessaires pour communiquer avec les <a href=\"https:\/\/www.newsendip.com\/fr\/la-perception-des-roumains-sur-leur-pays-sest-amelioree-avec-linvasion-de-lukraine\/\">partenaires de l\u2019OTAN<\/a>.<\/p>\n<p>Le d\u00e9put\u00e9 vert Sebastian Sch\u00e4fer, qui avait mis en garde contre l\u2019obtention de ce march\u00e9 en d\u00e9cembre, a \u00e9galement exprim\u00e9 son opinion, affirmant que l\u2019erreur n\u2019est \u00ab\u202f<em>pas surprenante<\/em>\u202f\u00bb et \u00ab\u202f<em>embarrassante<\/em>\u202f\u00bb.<\/p>\n<p>Alors que la Bundeswehr fait face aux d\u00e9fis et aux \u00e9ch\u00e9ances actuels, l\u2019engagement en faveur de la modernisation reste en cours avec l\u2019objectif de parvenir \u00e0 une communication num\u00e9rique efficace le plus rapidement possible.<\/p>\n<p><a href=\"https:\/\/www.newsendip.com\/fr\/etiquette\/allemagne\/\"><strong>Lire plus d\u2019actualit\u00e9s sur l\u2019Allemagne<\/strong><\/a><\/p>\n","protected":false},"excerpt":{"rendered":"<p>Alors que la pol\u00e9mique enfle au sujet des radios achet\u00e9es pour l\u2019arm\u00e9e allemande qui pourraient souffrir d\u2019incompatibilit\u00e9, le ministre de la d\u00e9fense rejette les accusations tout en admettant des retards.<\/p>\n","protected":false},"author":219,"featured_media":31135,"comment_status":"closed","ping_status":"open","sticky":false,"template":"","format":"standard","meta":{"wp_typography_post_enhancements_disabled":false,"footnotes":""},"categories":[416],"tags":[478,421],"class_list":["post-31121","post","type-post","status-publish","format-standard","has-post-thumbnail","hentry","category-politique","tag-allemagne","tag-vieux"],"yoast_head":"<!-- This site is optimized with the Yoast SEO Premium plugin v27.4 (Yoast SEO v27.4) - https:\/\/yoast.com\/product\/yoast-seo-premium-wordpress\/ -->\n<title>Radio num\u00e9rique et pol\u00e9mique dans l&#039;arm\u00e9e allemande<\/title>\n<meta name=\"description\" content=\"Alors que la pol\u00e9mique enfle au sujet des radios achet\u00e9es pour l&#039;arm\u00e9e allemande qui pourraient souffrir d&#039;incompatibilit\u00e9, le ministre de la d\u00e9fense rejette les accusations tout en admettant des retards.\" \/>\n<meta name=\"robots\" content=\"index, follow, max-snippet:-1, max-image-preview:large, max-video-preview:-1\" \/>\n<link rel=\"canonical\" href=\"https:\/\/www.newsendip.com\/fr\/radio-numerique-et-polemique-dans-larmee-allemande\/\" \/>\n<meta property=\"og:locale\" content=\"fr_FR\" \/>\n<meta property=\"og:type\" content=\"article\" \/>\n<meta property=\"og:title\" content=\"Radio num\u00e9rique et pol\u00e9mique dans l&#039;arm\u00e9e allemande\" \/>\n<meta property=\"og:description\" content=\"Alors que la pol\u00e9mique enfle au sujet des radios achet\u00e9es pour l&#039;arm\u00e9e allemande qui pourraient souffrir d&#039;incompatibilit\u00e9, le ministre de la d\u00e9fense rejette les accusations tout en admettant des retards.\" \/>\n<meta property=\"og:url\" content=\"https:\/\/www.newsendip.com\/fr\/radio-numerique-et-polemique-dans-larmee-allemande\/\" \/>\n<meta property=\"og:site_name\" content=\"Newsendip\" \/>\n<meta property=\"article:publisher\" content=\"https:\/\/www.facebook.com\/newsendip\" \/>\n<meta property=\"article:published_time\" content=\"2023-09-26T19:50:10+00:00\" \/>\n<meta property=\"article:modified_time\" content=\"2024-07-18T13:41:45+00:00\" \/>\n<meta property=\"og:image\" content=\"https:\/\/www.newsendip.com\/wp-content\/uploads\/2023\/09\/germany-military-tank.jpeg\" \/>\n\t<meta property=\"og:image:width\" content=\"2000\" \/>\n\t<meta property=\"og:image:height\" content=\"1125\" \/>\n\t<meta property=\"og:image:type\" content=\"image\/jpeg\" \/>\n<meta name=\"author\" content=\"Monika Filipovic\" \/>\n<meta name=\"twitter:card\" content=\"summary_large_image\" \/>\n<meta name=\"twitter:image\" content=\"https:\/\/www.newsendip.com\/wp-content\/uploads\/2023\/09\/germany-military-tank.jpeg\" \/>\n<meta name=\"twitter:creator\" content=\"@newsendip\" \/>\n<meta name=\"twitter:site\" content=\"@newsendip\" \/>\n<meta name=\"twitter:label1\" content=\"\u00c9crit par\" \/>\n\t<meta name=\"twitter:data1\" content=\"Monika Filipovic\" \/>\n\t<meta name=\"twitter:label2\" content=\"Dur\u00e9e de lecture estim\u00e9e\" \/>\n\t<meta name=\"twitter:data2\" content=\"3 minutes\" \/>\n<!-- \/ Yoast SEO Premium plugin. -->","yoast_head_json":{"title":"Radio num\u00e9rique et pol\u00e9mique dans l'arm\u00e9e allemande","description":"Alors que la pol\u00e9mique enfle au sujet des radios achet\u00e9es pour l'arm\u00e9e allemande qui pourraient souffrir d'incompatibilit\u00e9, le ministre de la d\u00e9fense rejette les accusations tout en admettant des retards.","robots":{"index":"index","follow":"follow","max-snippet":"max-snippet:-1","max-image-preview":"max-image-preview:large","max-video-preview":"max-video-preview:-1"},"canonical":"https:\/\/www.newsendip.com\/fr\/radio-numerique-et-polemique-dans-larmee-allemande\/","og_locale":"fr_FR","og_type":"article","og_title":"Radio num\u00e9rique et pol\u00e9mique dans l'arm\u00e9e allemande","og_description":"Alors que la pol\u00e9mique enfle au sujet des radios achet\u00e9es pour l'arm\u00e9e allemande qui pourraient souffrir d'incompatibilit\u00e9, le ministre de la d\u00e9fense rejette les accusations tout en admettant des retards.","og_url":"https:\/\/www.newsendip.com\/fr\/radio-numerique-et-polemique-dans-larmee-allemande\/","og_site_name":"Newsendip","article_publisher":"https:\/\/www.facebook.com\/newsendip","article_published_time":"2023-09-26T19:50:10+00:00","article_modified_time":"2024-07-18T13:41:45+00:00","og_image":[{"width":2000,"height":1125,"url":"https:\/\/www.newsendip.com\/wp-content\/uploads\/2023\/09\/germany-military-tank.jpeg","type":"image\/jpeg"}],"author":"Monika Filipovic","twitter_card":"summary_large_image","twitter_image":"https:\/\/www.newsendip.com\/wp-content\/uploads\/2023\/09\/germany-military-tank.jpeg","twitter_creator":"@newsendip","twitter_site":"@newsendip","twitter_misc":{"\u00c9crit par":"Monika Filipovic","Dur\u00e9e de lecture estim\u00e9e":"3 minutes"},"schema":{"@context":"https:\/\/schema.org","@graph":[{"@type":"NewsArticle","@id":"https:\/\/www.newsendip.com\/fr\/radio-numerique-et-polemique-dans-larmee-allemande\/#article","isPartOf":{"@id":"https:\/\/www.newsendip.com\/fr\/radio-numerique-et-polemique-dans-larmee-allemande\/"},"author":{"name":"Monika Filipovic","@id":"https:\/\/www.newsendip.com\/fr\/#\/schema\/person\/4b0d5f5cca51385b230a932cb52069d3"},"headline":"Radio num\u00e9rique et pol\u00e9mique dans l\u2019arm\u00e9e allemande","datePublished":"2023-09-26T19:50:10+00:00","dateModified":"2024-07-18T13:41:45+00:00","mainEntityOfPage":{"@id":"https:\/\/www.newsendip.com\/fr\/radio-numerique-et-polemique-dans-larmee-allemande\/"},"wordCount":612,"publisher":{"@id":"https:\/\/www.newsendip.com\/fr\/#organization"},"image":{"@id":"https:\/\/www.newsendip.com\/fr\/radio-numerique-et-polemique-dans-larmee-allemande\/#primaryimage"},"thumbnailUrl":"https:\/\/www.newsendip.com\/wp-content\/uploads\/2023\/09\/germany-military-tank.webp","keywords":["Allemagne","Vieux"],"articleSection":["Politique"],"inLanguage":"fr-FR","copyrightYear":"2023","copyrightHolder":{"@id":"https:\/\/www.newsendip.com\/#organization"}},{"@type":"WebPage","@id":"https:\/\/www.newsendip.com\/fr\/radio-numerique-et-polemique-dans-larmee-allemande\/","url":"https:\/\/www.newsendip.com\/fr\/radio-numerique-et-polemique-dans-larmee-allemande\/","name":"Radio num\u00e9rique et pol\u00e9mique dans l'arm\u00e9e allemande","isPartOf":{"@id":"https:\/\/www.newsendip.com\/fr\/#website"},"primaryImageOfPage":{"@id":"https:\/\/www.newsendip.com\/fr\/radio-numerique-et-polemique-dans-larmee-allemande\/#primaryimage"},"image":{"@id":"https:\/\/www.newsendip.com\/fr\/radio-numerique-et-polemique-dans-larmee-allemande\/#primaryimage"},"thumbnailUrl":"https:\/\/www.newsendip.com\/wp-content\/uploads\/2023\/09\/germany-military-tank.webp","datePublished":"2023-09-26T19:50:10+00:00","dateModified":"2024-07-18T13:41:45+00:00","description":"Alors que la pol\u00e9mique enfle au sujet des radios achet\u00e9es pour l'arm\u00e9e allemande qui pourraient souffrir d'incompatibilit\u00e9, le ministre de la d\u00e9fense rejette les accusations tout en admettant des retards.","breadcrumb":{"@id":"https:\/\/www.newsendip.com\/fr\/radio-numerique-et-polemique-dans-larmee-allemande\/#breadcrumb"},"inLanguage":"fr-FR","potentialAction":[{"@type":"ReadAction","target":["https:\/\/www.newsendip.com\/fr\/radio-numerique-et-polemique-dans-larmee-allemande\/"]}]},{"@type":"ImageObject","inLanguage":"fr-FR","@id":"https:\/\/www.newsendip.com\/fr\/radio-numerique-et-polemique-dans-larmee-allemande\/#primaryimage","url":"https:\/\/www.newsendip.com\/wp-content\/uploads\/2023\/09\/germany-military-tank.webp","contentUrl":"https:\/\/www.newsendip.com\/wp-content\/uploads\/2023\/09\/germany-military-tank.webp","width":2000,"height":1125,"caption":"L'Allemagne a achet\u00e9 des radios num\u00e9riques pour les installer sur les chars, mais elles pourraient avoir des probl\u00e8mes de compatibilit\u00e9 et d'alimentation | \u00a9 Bundeswehr\/Florian Sorge"},{"@type":"BreadcrumbList","@id":"https:\/\/www.newsendip.com\/fr\/radio-numerique-et-polemique-dans-larmee-allemande\/#breadcrumb","itemListElement":[{"@type":"ListItem","position":1,"name":"Accueil","item":"https:\/\/www.newsendip.com\/fr\/"},{"@type":"ListItem","position":2,"name":"Radio num\u00e9rique et pol\u00e9mique dans l&#8217;arm\u00e9e allemande"}]},{"@type":"WebSite","@id":"https:\/\/www.newsendip.com\/fr\/#website","url":"https:\/\/www.newsendip.com\/fr\/","name":"Newsendip","description":"Red\u00e9couvrez l&#039;actualit\u00e9 internationale","publisher":{"@id":"https:\/\/www.newsendip.com\/fr\/#organization"},"potentialAction":[{"@type":"SearchAction","target":{"@type":"EntryPoint","urlTemplate":"https:\/\/www.newsendip.com\/fr\/?s={search_term_string}"},"query-input":{"@type":"PropertyValueSpecification","valueRequired":true,"valueName":"search_term_string"}}],"inLanguage":"fr-FR"},{"@type":"Organization","@id":"https:\/\/www.newsendip.com\/fr\/#organization","name":"Newsendip","url":"https:\/\/www.newsendip.com\/fr\/","logo":{"@type":"ImageObject","inLanguage":"fr-FR","@id":"https:\/\/www.newsendip.com\/fr\/#\/schema\/logo\/image\/","url":"https:\/\/www.newsendip.com\/wp-content\/uploads\/2023\/12\/512x512.svg","contentUrl":"https:\/\/www.newsendip.com\/wp-content\/uploads\/2023\/12\/512x512.svg","width":1,"height":1,"caption":"Newsendip"},"image":{"@id":"https:\/\/www.newsendip.com\/fr\/#\/schema\/logo\/image\/"},"sameAs":["https:\/\/www.facebook.com\/newsendip","https:\/\/x.com\/newsendip","https:\/\/mastodon.social\/@newsendip","https:\/\/www.linkedin.com\/company\/newsendip"],"description":"Newsendip est un site qui a pour mission de rendre l'actualit\u00e9 internationale accessible et diversifi\u00e9e","email":"contact@newsendip.com","legalName":"Newsendip SAS","foundingDate":"2022-11-04","vatID":"FR60921124723","numberOfEmployees":{"@type":"QuantitativeValue","minValue":"1","maxValue":"10"},"publishingPrinciples":"https:\/\/www.newsendip.com\/about-us\/","ownershipFundingInfo":"https:\/\/www.newsendip.com\/legal-notice\/","actionableFeedbackPolicy":"https:\/\/www.newsendip.com\/about-us\/","correctionsPolicy":"https:\/\/www.newsendip.com\/about-us\/","ethicsPolicy":"https:\/\/www.newsendip.com\/about-us\/","diversityPolicy":"https:\/\/www.newsendip.com\/about-us\/"},{"@type":"Person","@id":"https:\/\/www.newsendip.com\/fr\/#\/schema\/person\/4b0d5f5cca51385b230a932cb52069d3","name":"Monika Filipovic","description":"Monika Filipovi\u0107 is a writer for Newsendip. She is Croatian and graduated in political science and in European and international studies. She has experience working in the European Union Parliament.","sameAs":["https:\/\/hr.linkedin.com\/in\/monika-filipovi-93845a25b"],"knowsAbout":["News"],"knowsLanguage":["English","Croatian"],"url":"https:\/\/www.newsendip.com\/fr\/author\/monika-filipovic\/"}]}},"_links":{"self":[{"href":"https:\/\/www.newsendip.com\/fr\/wp-json\/wp\/v2\/posts\/31121","targetHints":{"allow":["GET"]}}],"collection":[{"href":"https:\/\/www.newsendip.com\/fr\/wp-json\/wp\/v2\/posts"}],"about":[{"href":"https:\/\/www.newsendip.com\/fr\/wp-json\/wp\/v2\/types\/post"}],"author":[{"embeddable":true,"href":"https:\/\/www.newsendip.com\/fr\/wp-json\/wp\/v2\/users\/219"}],"replies":[{"embeddable":true,"href":"https:\/\/www.newsendip.com\/fr\/wp-json\/wp\/v2\/comments?post=31121"}],"version-history":[{"count":0,"href":"https:\/\/www.newsendip.com\/fr\/wp-json\/wp\/v2\/posts\/31121\/revisions"}],"wp:featuredmedia":[{"embeddable":true,"href":"https:\/\/www.newsendip.com\/fr\/wp-json\/wp\/v2\/media\/31135"}],"wp:attachment":[{"href":"https:\/\/www.newsendip.com\/fr\/wp-json\/wp\/v2\/media?parent=31121"}],"wp:term":[{"taxonomy":"category","embeddable":true,"href":"https:\/\/www.newsendip.com\/fr\/wp-json\/wp\/v2\/categories?post=31121"},{"taxonomy":"post_tag","embeddable":true,"href":"https:\/\/www.newsendip.com\/fr\/wp-json\/wp\/v2\/tags?post=31121"}],"curies":[{"name":"wp","href":"https:\/\/api.w.org\/{rel}","templated":true}]}}