{"id":31354,"date":"2023-09-29T16:56:00","date_gmt":"2023-09-29T14:56:00","guid":{"rendered":"https:\/\/www.newsendip.com\/?p=31354"},"modified":"2024-07-18T15:37:46","modified_gmt":"2024-07-18T13:37:46","slug":"le-premier-ministre-suedois-reagit-a-une-vague-de-violence-meurtriere-et-promet-laide-de-larmee","status":"publish","type":"post","link":"https:\/\/www.newsendip.com\/fr\/le-premier-ministre-suedois-reagit-a-une-vague-de-violence-meurtriere-et-promet-laide-de-larmee\/","title":{"rendered":"Le Premier ministre su\u00e9dois r\u00e9agit \u00e0 une vague de violence meurtri\u00e8re et promet l\u2019aide de l\u2019arm\u00e9e"},"content":{"rendered":"<p><strong>Alors que plusieurs fusillades et d\u00e9c\u00e8s en Su\u00e8de se sont succ\u00e9d\u00e9 ces derni\u00e8res semaines, le Premier ministre a d\u00e9cid\u00e9 de s\u2019adresser directement au pays \u00e0 la suite d\u2019une explosion mortelle.<\/strong><\/p>\n<figure id=\"attachment_31367\" aria-describedby=\"caption-attachment-31367\" style=\"width: 1024px\" class=\"wp-caption aligncenter\"><img decoding=\"async\" class=\"wp-image-31367 size-large\" src=\"https:\/\/www.newsendip.com\/wp-content\/uploads\/2023\/09\/sweden-prime-minister-gang-violence-speech-1024x576.webp\" alt=\"Ulf Kristersson, Premier ministre su\u00e9dois\" width=\"1024\" height=\"576\" srcset=\"https:\/\/www.newsendip.com\/wp-content\/uploads\/2023\/09\/sweden-prime-minister-gang-violence-speech-1024x576.webp 1024w, https:\/\/www.newsendip.com\/wp-content\/uploads\/2023\/09\/sweden-prime-minister-gang-violence-speech-60x34.webp 60w, https:\/\/www.newsendip.com\/wp-content\/uploads\/2023\/09\/sweden-prime-minister-gang-violence-speech-300x169.webp 300w, https:\/\/www.newsendip.com\/wp-content\/uploads\/2023\/09\/sweden-prime-minister-gang-violence-speech-768x432.webp 768w, https:\/\/www.newsendip.com\/wp-content\/uploads\/2023\/09\/sweden-prime-minister-gang-violence-speech-1536x864.webp 1536w, https:\/\/www.newsendip.com\/wp-content\/uploads\/2023\/09\/sweden-prime-minister-gang-violence-speech.webp 1920w\" sizes=\"(max-width: 1024px) 100vw, 1024px\"><figcaption id=\"caption-attachment-31367\" class=\"wp-caption-text\">Ulf Kristersson, Premier ministre su\u00e9dois, lors de son discours \u00e0 la nation sur la violence des gangs | \u00a9 Bureaux gouvernementaux de&nbsp;Su\u00e8de<\/figcaption><\/figure>\n<p>Apr\u00e8s qu\u2019une explosion hier \u00e0 Uppsala, une ville \u00e0 70\u202fkm au nord de la capitale Stockholm, a tu\u00e9 une femme de 25 ans, le premier ministre est intervenu <a href=\"https:\/\/www.regeringen.se\/tal\/2023\/09\/statsminister-ulf-kristerssons-tal-till-nationen\/\">dans un discours \u00e0 la nation<\/a> en r\u00e9ponse \u00e0 plusieurs meurtres commis en Su\u00e8de ces derni\u00e8res semaines.<\/p>\n<p>Le premier ministre, Ulf Kristersson, du parti mod\u00e9r\u00e9 de centre-droit, a d\u00e9clar\u00e9 que les gangs \u00e9taient responsables de ces meurtres incessants et que le gouvernement modifierait sa l\u00e9gislation pour lutter contre la violence des gangs, par le biais d\u2019une politique plus stricte en mati\u00e8re d\u2019immigration et de surveillance, avec l\u2019aide de l\u2019<a href=\"https:\/\/www.newsendip.com\/fr\/la-suede-prevoit-aussi-une-augmentation-de-son-budget-defense\/\">arm\u00e9e su\u00e9doise<\/a>.<\/p>\n<p>M. Kristersson a fait r\u00e9f\u00e9rence \u00e0 six meurtres diff\u00e9rents survenus dans le pays au cours des deux derni\u00e8res semaines. Selon les donn\u00e9es du <a href=\"https:\/\/bra.se\/bra-in-english\/home\/crime-and-statistics\/murder-and-manslaughter.html\">Conseil national su\u00e9dois pour la pr\u00e9vention de la criminalit\u00e9<\/a>, la Su\u00e8de a enregistr\u00e9 plus de meurtres en 2020 qu\u2019au cours de n\u2019importe quelle autre ann\u00e9e depuis 2002, la plus ancienne ann\u00e9e enregistr\u00e9e. L\u2019ann\u00e9e 2022 a vu 116 cas de violence mortelle. Le mois de septembre 2023 a d\u00e9j\u00e0 connu plusieurs cas de meurtre.<\/p>\n<p>En r\u00e9ponse \u00e0 la vague de <a href=\"https:\/\/www.newsendip.com\/fr\/la-cour-supreme-de-suede-confirme-lexclusion-dune-avocate-qui-avait-une-liaison-avec-son-client\/\">criminalit\u00e9<\/a>, M. Kristersson a d\u00e9clar\u00e9 que la \u00ab\u202f<em>na\u00efvet\u00e9<\/em>\u202f\u00bb et \u00ab\u202f<em>l\u2019ignorance<\/em>\u202f\u00bb du gouvernement en \u00e9taient la cause, et qu\u2019il y rem\u00e9dierait en refusant l\u2019entr\u00e9e d\u2019un plus grand nombre de migrants dans le pays. \u00ab\u202f<em>Tandis que l\u2019immigration augmente en Europe, elle diminue en Su\u00e8de<\/em>\u202f\u00bb, a revendiqu\u00e9 M. Kristersson.<\/p>\n<h2>\u00c9coutes t\u00e9l\u00e9phoniques pr\u00e9ventives et zones de fouilles<\/h2>\n<p>M. Kristersson avait vd\u00e9j\u00e0 critiqu\u00e9 la politique migratoire de la Su\u00e8de, qui ont \u00e9t\u00e9 au c\u0153ur des \u00e9lections l\u00e9gislatives de 2022. Les politiques d\u2019immigration lib\u00e9rales de la Su\u00e8de lui ont permis d\u2019<a href=\"https:\/\/sweden.se\/culture\/history\/sweden-and-migration\">accueillir des centaines de milliers de migrants<\/a> depuis 2015, politiques que le gouvernement de M. Kristersson a modifi\u00e9es.<\/p>\n<p>\u00c0 partir du 1er octobre, M. Kistersson a d\u00e9clar\u00e9 que des <a href=\"https:\/\/www.newsendip.com\/fr\/la-loi-sur-le-renseignement-surveillance-en-baviere-devait-etre-plus-stricte-selon-la-cour-constitutionnelle-allemagne\/\">\u00e9coutes pr\u00e9ventives<\/a> seraient mises en place en Su\u00e8de. Si l\u2019on en croit les propos du Premier ministre, il semble que la police sera en mesure d\u2019\u00e9couter les appels t\u00e9l\u00e9phoniques des particuliers. Nous ne pouvons pas fournir plus de d\u00e9tails sur cette annonce \u00e0 l\u2019heure o\u00f9 nous \u00e9crivons ces lignes.<\/p>\n<p>Le 1er juillet dernier, la Su\u00e8de a adopt\u00e9 des lois <a href=\"https:\/\/www.loc.gov\/item\/global-legal-monitor\/2023-09-11\/sweden-law-criminalizing-recruitment-of-children-into-criminal-activity-enters-into-force\/#:~:text=On%20July%2C%201%2C%202023%2C,entered%20into%20force%20in%20Sweden.\">doublant les peines de prison<\/a> pour les crimes li\u00e9s aux organisations criminelles et a ajout\u00e9 une loi contre le recrutement d\u2019enfants.<\/p>\n<p>Le Premier ministre a d\u00e9clar\u00e9 que le gouvernement allait \u00e9galement cr\u00e9er des \u00ab\u202f<em>zones de fouille<\/em>\u202f\u00bb, o\u00f9 les personnes seront fouill\u00e9es pour d\u00e9tecter la pr\u00e9sence d\u2019armes.<\/p>\n<p>Il a ajout\u00e9 qu\u2019il avait demand\u00e9 au commandant en chef des forces arm\u00e9es d\u2019aider la police dans le cadre de ces programmes. L\u2019assistance dans les conflits internes ne fait pas n\u00e9cessairement partie des&nbsp;<a href=\"https:\/\/www.forsvarsmakten.se\/sv\/om-forsvarsmakten\/darfor-finns-forsvarsmakten\/vart-uppdrag\/\">pr\u00e9rogatives des forces arm\u00e9es<\/a>, qui sont g\u00e9n\u00e9ralement plus ax\u00e9es sur l\u2019assistance dans les conflits internationaux, \u00ab\u202f<em>la d\u00e9fense de la Su\u00e8de et de ses territoires contre les attaques arm\u00e9es<\/em>\u202f\u00bb et \u00ab\u202f<em>la sauvegarde des droits et des int\u00e9r\u00eats souverains nationaux dans les zones situ\u00e9es en dehors du territoire<\/em>\u202f\u00bb.<\/p>\n<p>En adoptant des mesures visant \u00e0 annihiler la violence des gangs, M. Kristersson a mentionn\u00e9 vers la fin de son discours qu\u2019il esp\u00e9rait que tous les partis du Parlement su\u00e9dois parviendraient \u00e0 trouver un accord.<\/p>\n<p>Actuellement, la Su\u00e8de est gouvern\u00e9e par une coalition de droite form\u00e9e par les Mod\u00e9r\u00e9s de M. Kristersson et deux autres partis de droite. Le parti qui dispose du plus grand nombre de voix au Parlement est celui des D\u00e9mocrates de Su\u00e8de, un parti nationaliste qui veut \u00ab\u202f<em>emp\u00eacher le crime organis\u00e9 d\u2019entrer<\/em>\u202f\u00bb gr\u00e2ce \u00e0 une politique migratoire stricte et qui \u00ab\u202f<em>n\u2019a pas peur de remettre en question le statu quo<\/em>\u202f\u00bb, selon son site internet. Le gouvernement a besoin des D\u00e9mocrates de Su\u00e8de pour obtenir une majorit\u00e9 au Riksdag.<\/p>\n<p><a href=\"https:\/\/www.newsendip.com\/fr\/etiquette\/suede\/\"><strong>D\u00e9couvrez plus d\u2019actualit\u00e9s sur la&nbsp;Su\u00e8de<\/strong><\/a><\/p>\n","protected":false},"excerpt":{"rendered":"<p>Alors que plusieurs fusillades et d\u00e9c\u00e8s en Su\u00e8de sont pr\u00e9sum\u00e9s provenir de gangs, le Premier ministre a d\u00e9cid\u00e9 de s\u2019adresser directement au pays \u00e0 la suite d\u2019une explosion mortelle.<\/p>\n","protected":false},"author":226,"featured_media":31367,"comment_status":"closed","ping_status":"open","sticky":false,"template":"","format":"standard","meta":{"wp_typography_post_enhancements_disabled":false,"footnotes":""},"categories":[409],"tags":[513,421],"class_list":["post-31354","post","type-post","status-publish","format-standard","has-post-thumbnail","hentry","category-societe","tag-suede","tag-vieux"],"yoast_head":"<!-- This site is optimized with the Yoast SEO Premium plugin v27.4 (Yoast SEO v27.4) - https:\/\/yoast.com\/product\/yoast-seo-premium-wordpress\/ -->\n<title>Le Premier ministre su\u00e9dois r\u00e9agit \u00e0 une vague de violence meurtri\u00e8re et promet l&#039;aide de l&#039;arm\u00e9e<\/title>\n<meta name=\"description\" content=\"Alors que plusieurs fusillades et d\u00e9c\u00e8s en Su\u00e8de sont pr\u00e9sum\u00e9s provenir de gangs, le Premier ministre a d\u00e9cid\u00e9 de s&#039;adresser directement au pays \u00e0 la suite d&#039;une explosion mortelle.\" \/>\n<meta name=\"robots\" content=\"index, follow, max-snippet:-1, max-image-preview:large, max-video-preview:-1\" \/>\n<link rel=\"canonical\" href=\"https:\/\/www.newsendip.com\/fr\/le-premier-ministre-suedois-reagit-a-une-vague-de-violence-meurtriere-et-promet-laide-de-larmee\/\" \/>\n<meta property=\"og:locale\" content=\"fr_FR\" \/>\n<meta property=\"og:type\" content=\"article\" \/>\n<meta property=\"og:title\" content=\"Le Premier ministre su\u00e9dois r\u00e9agit \u00e0 une vague de violence meurtri\u00e8re et promet l&#039;aide de l&#039;arm\u00e9e\" \/>\n<meta property=\"og:description\" content=\"Alors que plusieurs fusillades et d\u00e9c\u00e8s en Su\u00e8de sont pr\u00e9sum\u00e9s provenir de gangs, le Premier ministre a d\u00e9cid\u00e9 de s&#039;adresser directement au pays \u00e0 la suite d&#039;une explosion mortelle.\" \/>\n<meta property=\"og:url\" content=\"https:\/\/www.newsendip.com\/fr\/le-premier-ministre-suedois-reagit-a-une-vague-de-violence-meurtriere-et-promet-laide-de-larmee\/\" \/>\n<meta property=\"og:site_name\" content=\"Newsendip\" \/>\n<meta property=\"article:publisher\" content=\"https:\/\/www.facebook.com\/newsendip\" \/>\n<meta property=\"article:published_time\" content=\"2023-09-29T14:56:00+00:00\" \/>\n<meta property=\"article:modified_time\" content=\"2024-07-18T13:37:46+00:00\" \/>\n<meta property=\"og:image\" content=\"https:\/\/www.newsendip.com\/wp-content\/uploads\/2023\/09\/sweden-prime-minister-gang-violence-speech.jpeg\" \/>\n\t<meta property=\"og:image:width\" content=\"1920\" \/>\n\t<meta property=\"og:image:height\" content=\"1080\" \/>\n\t<meta property=\"og:image:type\" content=\"image\/jpeg\" \/>\n<meta name=\"author\" content=\"Alexander Saraff Marcos\" \/>\n<meta name=\"twitter:card\" content=\"summary_large_image\" \/>\n<meta name=\"twitter:image\" content=\"https:\/\/www.newsendip.com\/wp-content\/uploads\/2023\/09\/sweden-prime-minister-gang-violence-speech.jpeg\" \/>\n<meta name=\"twitter:creator\" content=\"@https:\/\/twitter.com\/AlexanderSaraff\" \/>\n<meta name=\"twitter:site\" content=\"@newsendip\" \/>\n<meta name=\"twitter:label1\" content=\"\u00c9crit par\" \/>\n\t<meta name=\"twitter:data1\" content=\"Alexander Saraff Marcos\" \/>\n\t<meta name=\"twitter:label2\" content=\"Dur\u00e9e de lecture estim\u00e9e\" \/>\n\t<meta name=\"twitter:data2\" content=\"4 minutes\" \/>\n<!-- \/ Yoast SEO Premium plugin. -->","yoast_head_json":{"title":"Le Premier ministre su\u00e9dois r\u00e9agit \u00e0 une vague de violence meurtri\u00e8re et promet l'aide de l'arm\u00e9e","description":"Alors que plusieurs fusillades et d\u00e9c\u00e8s en Su\u00e8de sont pr\u00e9sum\u00e9s provenir de gangs, le Premier ministre a d\u00e9cid\u00e9 de s'adresser directement au pays \u00e0 la suite d'une explosion mortelle.","robots":{"index":"index","follow":"follow","max-snippet":"max-snippet:-1","max-image-preview":"max-image-preview:large","max-video-preview":"max-video-preview:-1"},"canonical":"https:\/\/www.newsendip.com\/fr\/le-premier-ministre-suedois-reagit-a-une-vague-de-violence-meurtriere-et-promet-laide-de-larmee\/","og_locale":"fr_FR","og_type":"article","og_title":"Le Premier ministre su\u00e9dois r\u00e9agit \u00e0 une vague de violence meurtri\u00e8re et promet l'aide de l'arm\u00e9e","og_description":"Alors que plusieurs fusillades et d\u00e9c\u00e8s en Su\u00e8de sont pr\u00e9sum\u00e9s provenir de gangs, le Premier ministre a d\u00e9cid\u00e9 de s'adresser directement au pays \u00e0 la suite d'une explosion mortelle.","og_url":"https:\/\/www.newsendip.com\/fr\/le-premier-ministre-suedois-reagit-a-une-vague-de-violence-meurtriere-et-promet-laide-de-larmee\/","og_site_name":"Newsendip","article_publisher":"https:\/\/www.facebook.com\/newsendip","article_published_time":"2023-09-29T14:56:00+00:00","article_modified_time":"2024-07-18T13:37:46+00:00","og_image":[{"width":1920,"height":1080,"url":"https:\/\/www.newsendip.com\/wp-content\/uploads\/2023\/09\/sweden-prime-minister-gang-violence-speech.jpeg","type":"image\/jpeg"}],"author":"Alexander Saraff Marcos","twitter_card":"summary_large_image","twitter_image":"https:\/\/www.newsendip.com\/wp-content\/uploads\/2023\/09\/sweden-prime-minister-gang-violence-speech.jpeg","twitter_creator":"@https:\/\/twitter.com\/AlexanderSaraff","twitter_site":"@newsendip","twitter_misc":{"\u00c9crit par":"Alexander Saraff Marcos","Dur\u00e9e de lecture estim\u00e9e":"4 minutes"},"schema":{"@context":"https:\/\/schema.org","@graph":[{"@type":"NewsArticle","@id":"https:\/\/www.newsendip.com\/fr\/le-premier-ministre-suedois-reagit-a-une-vague-de-violence-meurtriere-et-promet-laide-de-larmee\/#article","isPartOf":{"@id":"https:\/\/www.newsendip.com\/fr\/le-premier-ministre-suedois-reagit-a-une-vague-de-violence-meurtriere-et-promet-laide-de-larmee\/"},"author":{"name":"Alexander Saraff Marcos","@id":"https:\/\/www.newsendip.com\/fr\/#\/schema\/person\/e3467cf4a38ff8f5b92c83c7422ae321"},"headline":"Le Premier ministre su\u00e9dois r\u00e9agit \u00e0 une vague de violence meurtri\u00e8re et promet l\u2019aide de l\u2019arm\u00e9e","datePublished":"2023-09-29T14:56:00+00:00","dateModified":"2024-07-18T13:37:46+00:00","mainEntityOfPage":{"@id":"https:\/\/www.newsendip.com\/fr\/le-premier-ministre-suedois-reagit-a-une-vague-de-violence-meurtriere-et-promet-laide-de-larmee\/"},"wordCount":782,"publisher":{"@id":"https:\/\/www.newsendip.com\/fr\/#organization"},"image":{"@id":"https:\/\/www.newsendip.com\/fr\/le-premier-ministre-suedois-reagit-a-une-vague-de-violence-meurtriere-et-promet-laide-de-larmee\/#primaryimage"},"thumbnailUrl":"https:\/\/www.newsendip.com\/wp-content\/uploads\/2023\/09\/sweden-prime-minister-gang-violence-speech.webp","keywords":["Su\u00e8de","Vieux"],"articleSection":["Soci\u00e9t\u00e9"],"inLanguage":"fr-FR","copyrightYear":"2023","copyrightHolder":{"@id":"https:\/\/www.newsendip.com\/#organization"}},{"@type":"WebPage","@id":"https:\/\/www.newsendip.com\/fr\/le-premier-ministre-suedois-reagit-a-une-vague-de-violence-meurtriere-et-promet-laide-de-larmee\/","url":"https:\/\/www.newsendip.com\/fr\/le-premier-ministre-suedois-reagit-a-une-vague-de-violence-meurtriere-et-promet-laide-de-larmee\/","name":"Le Premier ministre su\u00e9dois r\u00e9agit \u00e0 une vague de violence meurtri\u00e8re et promet l'aide de l'arm\u00e9e","isPartOf":{"@id":"https:\/\/www.newsendip.com\/fr\/#website"},"primaryImageOfPage":{"@id":"https:\/\/www.newsendip.com\/fr\/le-premier-ministre-suedois-reagit-a-une-vague-de-violence-meurtriere-et-promet-laide-de-larmee\/#primaryimage"},"image":{"@id":"https:\/\/www.newsendip.com\/fr\/le-premier-ministre-suedois-reagit-a-une-vague-de-violence-meurtriere-et-promet-laide-de-larmee\/#primaryimage"},"thumbnailUrl":"https:\/\/www.newsendip.com\/wp-content\/uploads\/2023\/09\/sweden-prime-minister-gang-violence-speech.webp","datePublished":"2023-09-29T14:56:00+00:00","dateModified":"2024-07-18T13:37:46+00:00","description":"Alors que plusieurs fusillades et d\u00e9c\u00e8s en Su\u00e8de sont pr\u00e9sum\u00e9s provenir de gangs, le Premier ministre a d\u00e9cid\u00e9 de s'adresser directement au pays \u00e0 la suite d'une explosion mortelle.","breadcrumb":{"@id":"https:\/\/www.newsendip.com\/fr\/le-premier-ministre-suedois-reagit-a-une-vague-de-violence-meurtriere-et-promet-laide-de-larmee\/#breadcrumb"},"inLanguage":"fr-FR","potentialAction":[{"@type":"ReadAction","target":["https:\/\/www.newsendip.com\/fr\/le-premier-ministre-suedois-reagit-a-une-vague-de-violence-meurtriere-et-promet-laide-de-larmee\/"]}]},{"@type":"ImageObject","inLanguage":"fr-FR","@id":"https:\/\/www.newsendip.com\/fr\/le-premier-ministre-suedois-reagit-a-une-vague-de-violence-meurtriere-et-promet-laide-de-larmee\/#primaryimage","url":"https:\/\/www.newsendip.com\/wp-content\/uploads\/2023\/09\/sweden-prime-minister-gang-violence-speech.webp","contentUrl":"https:\/\/www.newsendip.com\/wp-content\/uploads\/2023\/09\/sweden-prime-minister-gang-violence-speech.webp","width":1920,"height":1080,"caption":"Ulf Kristersson, Premier ministre su\u00e9dois, lors de son discours \u00e0 la nation sur la violence des gangs | \u00a9 Bureaux gouvernementaux de Su\u00e8de"},{"@type":"BreadcrumbList","@id":"https:\/\/www.newsendip.com\/fr\/le-premier-ministre-suedois-reagit-a-une-vague-de-violence-meurtriere-et-promet-laide-de-larmee\/#breadcrumb","itemListElement":[{"@type":"ListItem","position":1,"name":"Accueil","item":"https:\/\/www.newsendip.com\/fr\/"},{"@type":"ListItem","position":2,"name":"Le Premier ministre su\u00e9dois r\u00e9agit \u00e0 une vague de violence meurtri\u00e8re et promet l&#8217;aide de l&#8217;arm\u00e9e"}]},{"@type":"WebSite","@id":"https:\/\/www.newsendip.com\/fr\/#website","url":"https:\/\/www.newsendip.com\/fr\/","name":"Newsendip","description":"Red\u00e9couvrez l&#039;actualit\u00e9 internationale","publisher":{"@id":"https:\/\/www.newsendip.com\/fr\/#organization"},"potentialAction":[{"@type":"SearchAction","target":{"@type":"EntryPoint","urlTemplate":"https:\/\/www.newsendip.com\/fr\/?s={search_term_string}"},"query-input":{"@type":"PropertyValueSpecification","valueRequired":true,"valueName":"search_term_string"}}],"inLanguage":"fr-FR"},{"@type":"Organization","@id":"https:\/\/www.newsendip.com\/fr\/#organization","name":"Newsendip","url":"https:\/\/www.newsendip.com\/fr\/","logo":{"@type":"ImageObject","inLanguage":"fr-FR","@id":"https:\/\/www.newsendip.com\/fr\/#\/schema\/logo\/image\/","url":"https:\/\/www.newsendip.com\/wp-content\/uploads\/2023\/12\/512x512.svg","contentUrl":"https:\/\/www.newsendip.com\/wp-content\/uploads\/2023\/12\/512x512.svg","width":1,"height":1,"caption":"Newsendip"},"image":{"@id":"https:\/\/www.newsendip.com\/fr\/#\/schema\/logo\/image\/"},"sameAs":["https:\/\/www.facebook.com\/newsendip","https:\/\/x.com\/newsendip","https:\/\/mastodon.social\/@newsendip","https:\/\/www.linkedin.com\/company\/newsendip"],"description":"Newsendip est un site qui a pour mission de rendre l'actualit\u00e9 internationale accessible et diversifi\u00e9e","email":"contact@newsendip.com","legalName":"Newsendip SAS","foundingDate":"2022-11-04","vatID":"FR60921124723","numberOfEmployees":{"@type":"QuantitativeValue","minValue":"1","maxValue":"10"},"publishingPrinciples":"https:\/\/www.newsendip.com\/about-us\/","ownershipFundingInfo":"https:\/\/www.newsendip.com\/legal-notice\/","actionableFeedbackPolicy":"https:\/\/www.newsendip.com\/about-us\/","correctionsPolicy":"https:\/\/www.newsendip.com\/about-us\/","ethicsPolicy":"https:\/\/www.newsendip.com\/about-us\/","diversityPolicy":"https:\/\/www.newsendip.com\/about-us\/"},{"@type":"Person","@id":"https:\/\/www.newsendip.com\/fr\/#\/schema\/person\/e3467cf4a38ff8f5b92c83c7422ae321","name":"Alexander Saraff Marcos","description":"Alexander is a writer for Newsendip. He is a dual citizen of the United States and Spain and lives between Spain and France. He graduated from the University of Pittsburgh with a major in philosophy and a minor in French. He loves watching e-sport on his spare time.","sameAs":["https:\/\/www.linkedin.com\/in\/alexander-saraff-b132bb226\/","https:\/\/x.com\/https:\/\/twitter.com\/AlexanderSaraff"],"knowsAbout":["News"],"knowsLanguage":["English","Spanish","French"],"url":"https:\/\/www.newsendip.com\/fr\/author\/alexander-saraff\/"}]}},"_links":{"self":[{"href":"https:\/\/www.newsendip.com\/fr\/wp-json\/wp\/v2\/posts\/31354","targetHints":{"allow":["GET"]}}],"collection":[{"href":"https:\/\/www.newsendip.com\/fr\/wp-json\/wp\/v2\/posts"}],"about":[{"href":"https:\/\/www.newsendip.com\/fr\/wp-json\/wp\/v2\/types\/post"}],"author":[{"embeddable":true,"href":"https:\/\/www.newsendip.com\/fr\/wp-json\/wp\/v2\/users\/226"}],"replies":[{"embeddable":true,"href":"https:\/\/www.newsendip.com\/fr\/wp-json\/wp\/v2\/comments?post=31354"}],"version-history":[{"count":0,"href":"https:\/\/www.newsendip.com\/fr\/wp-json\/wp\/v2\/posts\/31354\/revisions"}],"wp:featuredmedia":[{"embeddable":true,"href":"https:\/\/www.newsendip.com\/fr\/wp-json\/wp\/v2\/media\/31367"}],"wp:attachment":[{"href":"https:\/\/www.newsendip.com\/fr\/wp-json\/wp\/v2\/media?parent=31354"}],"wp:term":[{"taxonomy":"category","embeddable":true,"href":"https:\/\/www.newsendip.com\/fr\/wp-json\/wp\/v2\/categories?post=31354"},{"taxonomy":"post_tag","embeddable":true,"href":"https:\/\/www.newsendip.com\/fr\/wp-json\/wp\/v2\/tags?post=31354"}],"curies":[{"name":"wp","href":"https:\/\/api.w.org\/{rel}","templated":true}]}}