{"id":31490,"date":"2023-10-03T13:06:48","date_gmt":"2023-10-03T11:06:48","guid":{"rendered":"https:\/\/www.newsendip.com\/?p=31490"},"modified":"2023-11-24T12:09:14","modified_gmt":"2023-11-24T11:09:14","slug":"le-portugal-va-supprimer-un-avantage-fiscal-aux-residents-etrangers-dans-un-contexte-de-penurie-de-logements","status":"publish","type":"post","link":"https:\/\/www.newsendip.com\/fr\/le-portugal-va-supprimer-un-avantage-fiscal-aux-residents-etrangers-dans-un-contexte-de-penurie-de-logements\/","title":{"rendered":"Le Portugal va supprimer un avantage fiscal aux r\u00e9sidents \u00e9trangers dans un contexte de p\u00e9nurie de logements"},"content":{"rendered":"<p><strong>Dans une longue interview t\u00e9l\u00e9vis\u00e9e, le premier ministre portugais a abord\u00e9 le probl\u00e8me de l\u2019inflation qui affecte les citoyens portugais. Il a parl\u00e9 de mesures fiscales pour aider les familles, mais a \u00e9galement annonc\u00e9 la fin du taux sp\u00e9cial de l\u2019imp\u00f4t sur le revenu pour les r\u00e9sidents non habituels.<\/strong><\/p>\n<figure id=\"attachment_15982\" aria-describedby=\"caption-attachment-15982\" style=\"width: 1024px\" class=\"wp-caption aligncenter\"><img decoding=\"async\" class=\"wp-image-15982 size-large\" src=\"https:\/\/www.newsendip.com\/wp-content\/uploads\/2022\/04\/lisbon-apartments-portugal-tourism-1024x768.webp\" alt=\"Immeubles de Lisbonne\" width=\"1024\" height=\"768\" srcset=\"https:\/\/www.newsendip.com\/wp-content\/uploads\/2022\/04\/lisbon-apartments-portugal-tourism-1024x768.webp 1024w, https:\/\/www.newsendip.com\/wp-content\/uploads\/2022\/04\/lisbon-apartments-portugal-tourism-60x45.webp 60w, https:\/\/www.newsendip.com\/wp-content\/uploads\/2022\/04\/lisbon-apartments-portugal-tourism-300x225.webp 300w, https:\/\/www.newsendip.com\/wp-content\/uploads\/2022\/04\/lisbon-apartments-portugal-tourism-768x576.webp 768w, https:\/\/www.newsendip.com\/wp-content\/uploads\/2022\/04\/lisbon-apartments-portugal-tourism-1536x1152.webp 1536w, https:\/\/www.newsendip.com\/wp-content\/uploads\/2022\/04\/lisbon-apartments-portugal-tourism.webp 1920w\" sizes=\"(max-width: 1024px) 100vw, 1024px\"><figcaption id=\"caption-attachment-15982\" class=\"wp-caption-text\">Lisbonne | \u00a9 Liam&nbsp;McKay<\/figcaption><\/figure>\n<p>Le Premier ministre portugais Ant\u00f3nio Costa a annonc\u00e9, lors d\u2019une <a href=\"https:\/\/cnnportugal.iol.pt\/videos\/a-entrevista-a-antonio-costa-na-integra\/651b61d50cf265bc96827120\">interview accord\u00e9e \u00e0 CNN Portugal<\/a> et TVI, que le taux sp\u00e9cial de l\u2019imp\u00f4t sur le revenu pour les r\u00e9sidents non habituels au Portugal serait supprim\u00e9, parce que cette mesure \u00ab\u202f<em>n\u2019avait plus de sens<\/em>\u202f\u00bb. La mesure ne s\u2019appliquera aux futurs non-r\u00e9sidents qu\u2019\u00e0 partir de&nbsp;2024.<\/p>\n<p>Le <a href=\"https:\/\/www.acm.gov.pt\/documents\/10181\/753067\/IRS_RNH_EN.pdf\/3b639655-6f18-4f94-86c2-d3b080bd691d\">r\u00e9gime d\u2019imposition des r\u00e9sidents non habituels<\/a> avait \u00e9t\u00e9 cr\u00e9\u00e9 en 2009 \u00ab\u202f<em>pour attirer au Portugal des professionnels non r\u00e9sidents qui sont qualifi\u00e9s dans des activit\u00e9s \u00e0 haute valeur ajout\u00e9e ou dans des activit\u00e9s intellectuelles, de propri\u00e9t\u00e9 industrielle ou de savoir-faire<\/em>\u202f\u00bb.<\/p>\n<p>Les r\u00e9sidents non habituels doivent passer plus de la moiti\u00e9 de l\u2019ann\u00e9e au Portugal pour pouvoir b\u00e9n\u00e9ficier de ce r\u00e9gime, mais ils n\u2019ont pas la nationalit\u00e9 portugaise.<\/p>\n<p>La d\u00e9cision de supprimer cette mesure intervient dans un <a href=\"https:\/\/www.newsendip.com\/fr\/le-prix-de-limmobilier-au-portugal-a-vu-en-2022-sa-plus-forte-hausse-en-30-ans\/\">contexte d\u2019inflation \u00e9lev\u00e9e<\/a> et de <a href=\"https:\/\/www.newsendip.com\/fr\/au-portugal-pas-appartements-pour-les-touristes-selon-la-cour-supreme\/\">p\u00e9nurie de logements<\/a> au Portugal.<\/p>\n<h2>Une \u00ab\u202finjustice fiscale qui gonfle le march\u00e9 du logement\u202f\u00bb<\/h2>\n<p>Selon l\u2019<a href=\"https:\/\/www.ine.pt\/xportal\/xmain?xpid=INE&amp;xpgid=ine_destaques&amp;DESTAQUESdest_boui=593936440&amp;DESTAQUESmodo=2t_boui=539435507&amp;DESTAQUESmodo=2\">Institut national de la statistique du Portugal<\/a>, l\u2019\u00e9valuation bancaire des maisons au Portugal a atteint 1 518 euros par m\u00e8tre carr\u00e9 en juin 2023 et les prix des maisons ont augment\u00e9 de 8,7\u202f% au cours du deuxi\u00e8me trimestre 2023.<\/p>\n<p>Et cette nouvelle r\u00e9alit\u00e9 \u00e9conomique a laiss\u00e9 les Portugais avec moins d\u2019espace pour vivre. En 2021, 10,6\u202f% des Portugais vivaient dans des logements qualifi\u00e9s de trop petits, contre environ 9,0\u202f% en 2018\u20132020.<\/p>\n<p>Si les <a href=\"https:\/\/www.newsendip.com\/fr\/les-portugais-plus-exposes-au-risque-de-pauvrete-en-2021-le-premier-recul-depuis-2014\/\">taux du risque de pauvret\u00e9 se sont stabilis\u00e9s apr\u00e8s une augmentation en 2021<\/a>, le seuil n\u2019est que de <a href=\"https:\/\/www.newsendip.com\/fr\/30-de-la-jeunesse-portugaise-souhaite-quitter-le-pays\/\">556 euros par mois<\/a>. Le taux d\u2019inflation annuel en septembre s\u2019\u00e9levait \u00e0 3,6\u202f%<\/p>\n<p>M. Costa a expliqu\u00e9 que la mesure en faveur des non-<a href=\"https:\/\/www.newsendip.com\/fr\/le-portugal-a-lance-un-titre-de-sejour-automatique-en-ligne-pour-les-lusophones-le-site-peine-a-support-lafflux-de-visiteurs\/\">r\u00e9sidents<\/a> habituels favorisait \u00ab\u202f<em>l\u2019injustice fiscale<\/em>\u202f\u00bb et qu\u2019elle constituait une \u00ab\u202f<em>mani\u00e8re biais\u00e9e de gonfler le march\u00e9 du logement<\/em>\u202f\u00bb. Malgr\u00e9 cela, il a d\u00e9clar\u00e9 que les personnes b\u00e9n\u00e9ficiant actuellement du taux sp\u00e9cial d\u2019imposition sur le revenu continueront d\u2019en b\u00e9n\u00e9ficier, et qu\u2019il ne sera plus appliqu\u00e9 uniquement pour les futurs non-r\u00e9sidents \u00e0 partir de&nbsp;2024.<\/p>\n<p>En r\u00e9ponse aux probl\u00e8mes d\u2019inflation et de logement du pays, M. Costa s\u2019est dit \u00ab\u202f<em>frustr\u00e9 que la r\u00e9alit\u00e9 [du march\u00e9 du logement] ait \u00e9t\u00e9 plus dynamique que la r\u00e9ponse politique<\/em>\u202f\u00bb. M. Costa a \u00e9galement \u00e9voqu\u00e9 les mesures fiscales destin\u00e9es \u00e0 aider les citoyens portugais.<\/p>\n<p>Il a d\u00e9clar\u00e9 que les initiatives autour de la s\u00e9curit\u00e9 sociale introduites pour aider les familles, ainsi que la suppression de la TVA sur <a href=\"https:\/\/www.newsendip.com\/fr\/le-prix-de-lhuile-dolive-pousse-les-espagnols-frontaliers-a-se-tourner-vers-les-supermarches-portugais\/\">certains produits alimentaires,<\/a> seront maintenues et deviendront p\u00e9rennes.<\/p>\n<p>Tout au long de son intervention, M. Costa a tenu \u00e0 \u00e9voquer les initiatives visant \u00e0 all\u00e9ger le poids qui p\u00e8se sur les familles portugaises. Le Premier ministre a \u00e9galement mentionn\u00e9 les n\u00e9gociations avec l\u2019Union g\u00e9n\u00e9rale des travailleurs du Portugal en vue d\u2019augmenter le salaire minimum de 760 euros \u00e0 plus de 810 euros en 2024, et la poursuite des r\u00e9ductions de l\u2019imp\u00f4t sur le revenu pour les familles portugaises.<\/p>\n<p><a href=\"https:\/\/www.newsendip.com\/fr\/etiquette\/portugal\/\"><strong>D\u00e9couvrez plus d\u2019actualit\u00e9s sur le Portugal<\/strong><\/a><\/p>\n","protected":false},"excerpt":{"rendered":"<p>Le premier ministre portugais a annonc\u00e9 la fin du taux sp\u00e9cial de l\u2019imp\u00f4t sur le revenu pour les r\u00e9sidents \u00e9trangers<\/p>\n","protected":false},"author":226,"featured_media":15982,"comment_status":"closed","ping_status":"open","sticky":false,"template":"","format":"standard","meta":{"wp_typography_post_enhancements_disabled":false,"footnotes":""},"categories":[414],"tags":[453,1334],"class_list":["post-31490","post","type-post","status-publish","format-standard","has-post-thumbnail","hentry","category-economie","tag-portugal","tag-nouveau"],"yoast_head":"<!-- This site is optimized with the Yoast SEO Premium plugin v27.4 (Yoast SEO v27.4) - https:\/\/yoast.com\/product\/yoast-seo-premium-wordpress\/ -->\n<title>Le Portugal va supprimer un avantage fiscal aux r\u00e9sidents \u00e9trangers dans un contexte de p\u00e9nurie de logements<\/title>\n<meta name=\"description\" content=\"Le premier ministre portugais a annonc\u00e9 la fin du taux sp\u00e9cial de l&#039;imp\u00f4t sur le revenu pour les r\u00e9sidents \u00e9trangers\" \/>\n<meta name=\"robots\" content=\"index, follow, max-snippet:-1, max-image-preview:large, max-video-preview:-1\" \/>\n<link rel=\"canonical\" href=\"https:\/\/www.newsendip.com\/fr\/le-portugal-va-supprimer-un-avantage-fiscal-aux-residents-etrangers-dans-un-contexte-de-penurie-de-logements\/\" \/>\n<meta property=\"og:locale\" content=\"fr_FR\" \/>\n<meta property=\"og:type\" content=\"article\" \/>\n<meta property=\"og:title\" content=\"Le Portugal va supprimer un avantage fiscal aux r\u00e9sidents \u00e9trangers dans un contexte de p\u00e9nurie de logements\" \/>\n<meta property=\"og:description\" content=\"Le premier ministre portugais a annonc\u00e9 la fin du taux sp\u00e9cial de l&#039;imp\u00f4t sur le revenu pour les r\u00e9sidents \u00e9trangers\" \/>\n<meta property=\"og:url\" content=\"https:\/\/www.newsendip.com\/fr\/le-portugal-va-supprimer-un-avantage-fiscal-aux-residents-etrangers-dans-un-contexte-de-penurie-de-logements\/\" \/>\n<meta property=\"og:site_name\" content=\"Newsendip\" \/>\n<meta property=\"article:publisher\" content=\"https:\/\/www.facebook.com\/newsendip\" \/>\n<meta property=\"article:published_time\" content=\"2023-10-03T11:06:48+00:00\" \/>\n<meta property=\"article:modified_time\" content=\"2023-11-24T11:09:14+00:00\" \/>\n<meta property=\"og:image\" content=\"https:\/\/www.newsendip.com\/wp-content\/uploads\/2022\/04\/lisbon-apartments-portugal-tourism-small-progressive.jpeg\" \/>\n<meta name=\"author\" content=\"Alexander Saraff Marcos\" \/>\n<meta name=\"twitter:card\" content=\"summary_large_image\" \/>\n<meta name=\"twitter:image\" content=\"https:\/\/www.newsendip.com\/wp-content\/uploads\/2022\/04\/lisbon-apartments-portugal-tourism-small-progressive.jpeg\" \/>\n<meta name=\"twitter:creator\" content=\"@https:\/\/twitter.com\/AlexanderSaraff\" \/>\n<meta name=\"twitter:site\" content=\"@newsendip\" \/>\n<meta name=\"twitter:label1\" content=\"\u00c9crit par\" \/>\n\t<meta name=\"twitter:data1\" content=\"Alexander Saraff Marcos\" \/>\n\t<meta name=\"twitter:label2\" content=\"Dur\u00e9e de lecture estim\u00e9e\" \/>\n\t<meta name=\"twitter:data2\" content=\"3 minutes\" \/>\n<!-- \/ Yoast SEO Premium plugin. -->","yoast_head_json":{"title":"Le Portugal va supprimer un avantage fiscal aux r\u00e9sidents \u00e9trangers dans un contexte de p\u00e9nurie de logements","description":"Le premier ministre portugais a annonc\u00e9 la fin du taux sp\u00e9cial de l'imp\u00f4t sur le revenu pour les r\u00e9sidents \u00e9trangers","robots":{"index":"index","follow":"follow","max-snippet":"max-snippet:-1","max-image-preview":"max-image-preview:large","max-video-preview":"max-video-preview:-1"},"canonical":"https:\/\/www.newsendip.com\/fr\/le-portugal-va-supprimer-un-avantage-fiscal-aux-residents-etrangers-dans-un-contexte-de-penurie-de-logements\/","og_locale":"fr_FR","og_type":"article","og_title":"Le Portugal va supprimer un avantage fiscal aux r\u00e9sidents \u00e9trangers dans un contexte de p\u00e9nurie de logements","og_description":"Le premier ministre portugais a annonc\u00e9 la fin du taux sp\u00e9cial de l'imp\u00f4t sur le revenu pour les r\u00e9sidents \u00e9trangers","og_url":"https:\/\/www.newsendip.com\/fr\/le-portugal-va-supprimer-un-avantage-fiscal-aux-residents-etrangers-dans-un-contexte-de-penurie-de-logements\/","og_site_name":"Newsendip","article_publisher":"https:\/\/www.facebook.com\/newsendip","article_published_time":"2023-10-03T11:06:48+00:00","article_modified_time":"2023-11-24T11:09:14+00:00","og_image":[{"url":"https:\/\/www.newsendip.com\/wp-content\/uploads\/2022\/04\/lisbon-apartments-portugal-tourism-small-progressive.jpeg","type":"","width":"","height":""}],"author":"Alexander Saraff Marcos","twitter_card":"summary_large_image","twitter_image":"https:\/\/www.newsendip.com\/wp-content\/uploads\/2022\/04\/lisbon-apartments-portugal-tourism-small-progressive.jpeg","twitter_creator":"@https:\/\/twitter.com\/AlexanderSaraff","twitter_site":"@newsendip","twitter_misc":{"\u00c9crit par":"Alexander Saraff Marcos","Dur\u00e9e de lecture estim\u00e9e":"3 minutes"},"schema":{"@context":"https:\/\/schema.org","@graph":[{"@type":"NewsArticle","@id":"https:\/\/www.newsendip.com\/fr\/le-portugal-va-supprimer-un-avantage-fiscal-aux-residents-etrangers-dans-un-contexte-de-penurie-de-logements\/#article","isPartOf":{"@id":"https:\/\/www.newsendip.com\/fr\/le-portugal-va-supprimer-un-avantage-fiscal-aux-residents-etrangers-dans-un-contexte-de-penurie-de-logements\/"},"author":{"name":"Alexander Saraff Marcos","@id":"https:\/\/www.newsendip.com\/fr\/#\/schema\/person\/e3467cf4a38ff8f5b92c83c7422ae321"},"headline":"Le Portugal va supprimer un avantage fiscal aux r\u00e9sidents \u00e9trangers dans un contexte de p\u00e9nurie de logements","datePublished":"2023-10-03T11:06:48+00:00","dateModified":"2023-11-24T11:09:14+00:00","mainEntityOfPage":{"@id":"https:\/\/www.newsendip.com\/fr\/le-portugal-va-supprimer-un-avantage-fiscal-aux-residents-etrangers-dans-un-contexte-de-penurie-de-logements\/"},"wordCount":611,"publisher":{"@id":"https:\/\/www.newsendip.com\/fr\/#organization"},"image":{"@id":"https:\/\/www.newsendip.com\/fr\/le-portugal-va-supprimer-un-avantage-fiscal-aux-residents-etrangers-dans-un-contexte-de-penurie-de-logements\/#primaryimage"},"thumbnailUrl":"https:\/\/www.newsendip.com\/wp-content\/uploads\/2022\/04\/lisbon-apartments-portugal-tourism.webp","keywords":["Portugal","R\u00e9cent"],"articleSection":["\u00c9conomie"],"inLanguage":"fr-FR","copyrightYear":"2023","copyrightHolder":{"@id":"https:\/\/www.newsendip.com\/#organization"}},{"@type":"WebPage","@id":"https:\/\/www.newsendip.com\/fr\/le-portugal-va-supprimer-un-avantage-fiscal-aux-residents-etrangers-dans-un-contexte-de-penurie-de-logements\/","url":"https:\/\/www.newsendip.com\/fr\/le-portugal-va-supprimer-un-avantage-fiscal-aux-residents-etrangers-dans-un-contexte-de-penurie-de-logements\/","name":"Le Portugal va supprimer un avantage fiscal aux r\u00e9sidents \u00e9trangers dans un contexte de p\u00e9nurie de logements","isPartOf":{"@id":"https:\/\/www.newsendip.com\/fr\/#website"},"primaryImageOfPage":{"@id":"https:\/\/www.newsendip.com\/fr\/le-portugal-va-supprimer-un-avantage-fiscal-aux-residents-etrangers-dans-un-contexte-de-penurie-de-logements\/#primaryimage"},"image":{"@id":"https:\/\/www.newsendip.com\/fr\/le-portugal-va-supprimer-un-avantage-fiscal-aux-residents-etrangers-dans-un-contexte-de-penurie-de-logements\/#primaryimage"},"thumbnailUrl":"https:\/\/www.newsendip.com\/wp-content\/uploads\/2022\/04\/lisbon-apartments-portugal-tourism.webp","datePublished":"2023-10-03T11:06:48+00:00","dateModified":"2023-11-24T11:09:14+00:00","description":"Le premier ministre portugais a annonc\u00e9 la fin du taux sp\u00e9cial de l'imp\u00f4t sur le revenu pour les r\u00e9sidents \u00e9trangers","breadcrumb":{"@id":"https:\/\/www.newsendip.com\/fr\/le-portugal-va-supprimer-un-avantage-fiscal-aux-residents-etrangers-dans-un-contexte-de-penurie-de-logements\/#breadcrumb"},"inLanguage":"fr-FR","potentialAction":[{"@type":"ReadAction","target":["https:\/\/www.newsendip.com\/fr\/le-portugal-va-supprimer-un-avantage-fiscal-aux-residents-etrangers-dans-un-contexte-de-penurie-de-logements\/"]}]},{"@type":"ImageObject","inLanguage":"fr-FR","@id":"https:\/\/www.newsendip.com\/fr\/le-portugal-va-supprimer-un-avantage-fiscal-aux-residents-etrangers-dans-un-contexte-de-penurie-de-logements\/#primaryimage","url":"https:\/\/www.newsendip.com\/wp-content\/uploads\/2022\/04\/lisbon-apartments-portugal-tourism.webp","contentUrl":"https:\/\/www.newsendip.com\/wp-content\/uploads\/2022\/04\/lisbon-apartments-portugal-tourism.webp","width":1920,"height":1440,"caption":"Lisbonne | \u00a9 Liam McKay"},{"@type":"BreadcrumbList","@id":"https:\/\/www.newsendip.com\/fr\/le-portugal-va-supprimer-un-avantage-fiscal-aux-residents-etrangers-dans-un-contexte-de-penurie-de-logements\/#breadcrumb","itemListElement":[{"@type":"ListItem","position":1,"name":"Accueil","item":"https:\/\/www.newsendip.com\/fr\/"},{"@type":"ListItem","position":2,"name":"Le Portugal va supprimer un avantage fiscal aux r\u00e9sidents \u00e9trangers dans un contexte de p\u00e9nurie de logements"}]},{"@type":"WebSite","@id":"https:\/\/www.newsendip.com\/fr\/#website","url":"https:\/\/www.newsendip.com\/fr\/","name":"Newsendip","description":"Red\u00e9couvrez l&#039;actualit\u00e9 internationale","publisher":{"@id":"https:\/\/www.newsendip.com\/fr\/#organization"},"potentialAction":[{"@type":"SearchAction","target":{"@type":"EntryPoint","urlTemplate":"https:\/\/www.newsendip.com\/fr\/?s={search_term_string}"},"query-input":{"@type":"PropertyValueSpecification","valueRequired":true,"valueName":"search_term_string"}}],"inLanguage":"fr-FR"},{"@type":"Organization","@id":"https:\/\/www.newsendip.com\/fr\/#organization","name":"Newsendip","url":"https:\/\/www.newsendip.com\/fr\/","logo":{"@type":"ImageObject","inLanguage":"fr-FR","@id":"https:\/\/www.newsendip.com\/fr\/#\/schema\/logo\/image\/","url":"https:\/\/www.newsendip.com\/wp-content\/uploads\/2023\/12\/512x512.svg","contentUrl":"https:\/\/www.newsendip.com\/wp-content\/uploads\/2023\/12\/512x512.svg","width":1,"height":1,"caption":"Newsendip"},"image":{"@id":"https:\/\/www.newsendip.com\/fr\/#\/schema\/logo\/image\/"},"sameAs":["https:\/\/www.facebook.com\/newsendip","https:\/\/x.com\/newsendip","https:\/\/mastodon.social\/@newsendip","https:\/\/www.linkedin.com\/company\/newsendip"],"description":"Newsendip est un site qui a pour mission de rendre l'actualit\u00e9 internationale accessible et diversifi\u00e9e","email":"contact@newsendip.com","legalName":"Newsendip SAS","foundingDate":"2022-11-04","vatID":"FR60921124723","numberOfEmployees":{"@type":"QuantitativeValue","minValue":"1","maxValue":"10"},"publishingPrinciples":"https:\/\/www.newsendip.com\/about-us\/","ownershipFundingInfo":"https:\/\/www.newsendip.com\/legal-notice\/","actionableFeedbackPolicy":"https:\/\/www.newsendip.com\/about-us\/","correctionsPolicy":"https:\/\/www.newsendip.com\/about-us\/","ethicsPolicy":"https:\/\/www.newsendip.com\/about-us\/","diversityPolicy":"https:\/\/www.newsendip.com\/about-us\/"},{"@type":"Person","@id":"https:\/\/www.newsendip.com\/fr\/#\/schema\/person\/e3467cf4a38ff8f5b92c83c7422ae321","name":"Alexander Saraff Marcos","description":"Alexander is a writer for Newsendip. He is a dual citizen of the United States and Spain and lives between Spain and France. He graduated from the University of Pittsburgh with a major in philosophy and a minor in French. He loves watching e-sport on his spare time.","sameAs":["https:\/\/www.linkedin.com\/in\/alexander-saraff-b132bb226\/","https:\/\/x.com\/https:\/\/twitter.com\/AlexanderSaraff"],"knowsAbout":["News"],"knowsLanguage":["English","Spanish","French"],"url":"https:\/\/www.newsendip.com\/fr\/author\/alexander-saraff\/"}]}},"_links":{"self":[{"href":"https:\/\/www.newsendip.com\/fr\/wp-json\/wp\/v2\/posts\/31490","targetHints":{"allow":["GET"]}}],"collection":[{"href":"https:\/\/www.newsendip.com\/fr\/wp-json\/wp\/v2\/posts"}],"about":[{"href":"https:\/\/www.newsendip.com\/fr\/wp-json\/wp\/v2\/types\/post"}],"author":[{"embeddable":true,"href":"https:\/\/www.newsendip.com\/fr\/wp-json\/wp\/v2\/users\/226"}],"replies":[{"embeddable":true,"href":"https:\/\/www.newsendip.com\/fr\/wp-json\/wp\/v2\/comments?post=31490"}],"version-history":[{"count":0,"href":"https:\/\/www.newsendip.com\/fr\/wp-json\/wp\/v2\/posts\/31490\/revisions"}],"wp:featuredmedia":[{"embeddable":true,"href":"https:\/\/www.newsendip.com\/fr\/wp-json\/wp\/v2\/media\/15982"}],"wp:attachment":[{"href":"https:\/\/www.newsendip.com\/fr\/wp-json\/wp\/v2\/media?parent=31490"}],"wp:term":[{"taxonomy":"category","embeddable":true,"href":"https:\/\/www.newsendip.com\/fr\/wp-json\/wp\/v2\/categories?post=31490"},{"taxonomy":"post_tag","embeddable":true,"href":"https:\/\/www.newsendip.com\/fr\/wp-json\/wp\/v2\/tags?post=31490"}],"curies":[{"name":"wp","href":"https:\/\/api.w.org\/{rel}","templated":true}]}}