{"id":31558,"date":"2023-10-04T17:22:00","date_gmt":"2023-10-04T15:22:00","guid":{"rendered":"https:\/\/www.newsendip.com\/?p=31558"},"modified":"2024-07-18T15:37:15","modified_gmt":"2024-07-18T13:37:15","slug":"le-gouvernement-tcheque-revient-sur-le-doublement-des-heures-supplementaires-des-medecins-a-lhopital","status":"publish","type":"post","link":"https:\/\/www.newsendip.com\/fr\/le-gouvernement-tcheque-revient-sur-le-doublement-des-heures-supplementaires-des-medecins-a-lhopital\/","title":{"rendered":"Le gouvernement tch\u00e8que revient sur le doublement des heures suppl\u00e9mentaires des m\u00e9decins \u00e0 l\u2019h\u00f4pital"},"content":{"rendered":"<p><strong>Alors que le gouvernement tch\u00e8que avait doubl\u00e9 le nombre d\u2019heures suppl\u00e9mentaires volontaires \u00e0 l\u2019h\u00f4pital, plus de 5 000 m\u00e9decins tch\u00e8ques ont menac\u00e9 de n\u2019en effectuer aucune en d\u00e9cembre, for\u00e7ant le ministre de la sant\u00e9 \u00e0 revoir l\u2019amendement.<\/strong><\/p>\n<figure id=\"attachment_31554\" aria-describedby=\"caption-attachment-31554\" style=\"width: 724px\" class=\"wp-caption aligncenter\"><img decoding=\"async\" class=\"wp-image-31554 size-full\" src=\"https:\/\/www.newsendip.com\/wp-content\/uploads\/2023\/10\/healthcare-worker-displeased.webp\" alt=\"personnel de sant\u00e9 fatigu\u00e9\" width=\"724\" height=\"483\" srcset=\"https:\/\/www.newsendip.com\/wp-content\/uploads\/2023\/10\/healthcare-worker-displeased.webp 724w, https:\/\/www.newsendip.com\/wp-content\/uploads\/2023\/10\/healthcare-worker-displeased-60x40.webp 60w, https:\/\/www.newsendip.com\/wp-content\/uploads\/2023\/10\/healthcare-worker-displeased-720x480.webp 720w, https:\/\/www.newsendip.com\/wp-content\/uploads\/2023\/10\/healthcare-worker-displeased-300x200.webp 300w\" sizes=\"(max-width: 724px) 100vw, 724px\"><figcaption id=\"caption-attachment-31554\" class=\"wp-caption-text\">Illustration | \u00a9 Drazen Zigic<\/figcaption><\/figure>\n<p>Le gouvernement tch\u00e8que a d\u00e9cid\u00e9 de fait machine arri\u00e8re sur sa d\u00e9cision de doubler le nombre d\u2019heures suppl\u00e9mentaires apr\u00e8s que 5 653 professionnels de la sant\u00e9 ont refus\u00e9 de remplir leurs plannings pour le mois de d\u00e9cembre, estimant que les conditions de travail n\u2019\u00e9taient plus acceptables.<\/p>\n<p>Selon le ministre de la sant\u00e9 Vlastimil V\u00e1lek, un groupe de d\u00e9put\u00e9s soumettra au gouvernement dans deux semaines un amendement du Code du travail. Ce plan vise \u00e0 annuler la d\u00e9cision faite auparavant qui doublait le nombre d\u2019heures suppl\u00e9mentaires que les m\u00e9decins pouvaient effectuer \u00e0 l\u2019h\u00f4pital.<\/p>\n<p>Le 1er octobre, le gouvernement tch\u00e8que avait d\u00e9cid\u00e9 d\u2019amender le code du travail afin d\u2019augmenter le nombre d\u2019heures suppl\u00e9mentaires volontaires de 416 \u00e0 832 heures par an pour les m\u00e9decins et jusqu\u2019\u00e0 1 000 heures pour le personnel param\u00e9dical.<\/p>\n<p>Mais ce revirement fait suite \u00e0 l\u2019annonce de la <a href=\"https:\/\/www.facebook.com\/photo\/?fbid=815331773721220&amp;set=a.560994325821634\">Section des Jeunes m\u00e9decins<\/a> (\u010cLK) sur Facebook selon laquelle 5 653 m\u00e9decins auraient refus\u00e9 d\u2019accepter des heures de travail suppl\u00e9mentaires en d\u00e9cembre. Ils repr\u00e9sentent plus de 25% de l\u2019effectif total des m\u00e9decins qui assurent des services dans les h\u00f4pitaux.<\/p>\n<p>\u00ab\u202f<em>Les jeunes m\u00e9decins, en particulier, qui doivent suivre une formation post-universitaire, sont dans une situation d\u00e9licate&nbsp;: s\u2019ils n\u2019acceptent pas d\u2019effectuer des heures suppl\u00e9mentaires, l\u2019employeur ne leur permet pas, par exemple, de faire des stages<\/em>\u202f\u00bb t\u00e9moigne <a href=\"https:\/\/francais.radio.cz\/les-medecins-sinsurgent-contre-le-projet-de-doubler-le-nombre-dheures-8793588\">Jan P\u0159\u00e1da<\/a>, obst\u00e9tricien et pr\u00e9sident de la Section des jeunes m\u00e9decins tch\u00e8ques \u00e0 l\u2019antenne de Radio Prague International.<\/p>\n<h2>Certains services ne fonctionnent uniquement gr\u00e2ce aux heures suppl\u00e9mentaires<\/h2>\n<p>\u00ab\u202f<em>Ensuite, dans ce syst\u00e8me, tous les m\u00e9decins subissent une pression psychologique&nbsp;: on leur fait remarquer que s\u2019ils refusent de travailler davantage, quelqu\u2019un d\u2019autre sera oblig\u00e9 de faire le travail \u00e0 leur place<\/em>\u202f\u00bb rench\u00e9rit Jan P\u0159\u00e1da. Dans ce contexte, avant m\u00eame l\u2019amendement, la charge de travail \u00e9tait dure \u00e0 endurer pour les m\u00e9decins.<\/p>\n<p>De plus, le minist\u00e8re de la sant\u00e9 a d\u00e9cid\u00e9 de mettre en place de nouveaux contrats, obligeant les m\u00e9decins g\u00e9n\u00e9ralistes \u00e0 travailler un minimum d\u2019heures dans des services d\u2019urgence sous peine de sanctions sous la forme de d\u00e9ductions de l\u2019argent vers\u00e9 au m\u00e9decin par la mutuelle du patient.<\/p>\n<p>Pr\u00e1v Petr \u0160onka, pr\u00e9sident de l\u2019Association des m\u00e9decins g\u00e9n\u00e9ralistes interview\u00e9 par <a href=\"https:\/\/www.novinky.cz\/clanek\/domaci-sankce-v-uhradove-vyhlasce-pobourily-praktiky-40444826\">Novinky<\/a> affirme que \u00ab\u202f<em>c\u2019est une affaire totalement inacceptable pour les m\u00e9decins g\u00e9n\u00e9ralistes<\/em>\u202f\u00bb.<\/p>\n<p>Le manque de <a href=\"https:\/\/www.newsendip.com\/fr\/le-ministre-allemand-de-la-sante-veut-supprimer-les-gardes-de-nuit-pour-le-personnel-infirmier-dans-les-hopitaux\/\">personnel hospitalier<\/a> est un probl\u00e8me majeur en R\u00e9publique Tch\u00e8que et certains services ne fonctionnent d\u00e9j\u00e0 que gr\u00e2ce aux heures suppl\u00e9mentaires.<\/p>\n<p>Le minist\u00e8re souhaite aussi autoriser les gardes de 24 heures de suite, ce qui devrait \u00eatre retoqu\u00e9 selon les lois europ\u00e9ennes.<\/p>\n<p>L\u2019amendement a aussi fait resurgir d\u2019autres d\u00e9bats chez les m\u00e9decins notamment sur le Code du travail et leur r\u00e9mun\u00e9ration. \u00c0 l\u2019heure actuelle, les heures suppl\u00e9mentaires repr\u00e9sentent la moiti\u00e9 de leur salaire mensuel.<\/p>\n<p>De plus amples n\u00e9gociations sont \u00e0 attendre ce 20 octobre o\u00f9 la section des jeunes m\u00e9decins rencontrera le ministre de la sant\u00e9, Vlastimil V\u00e1lek et Marian Jure\u010dka, le ministre du travail.<\/p>\n<p><a href=\"https:\/\/www.newsendip.com\/fr\/etiquette\/republique-tcheque\/\"><strong>Lire plus d\u2019actualit\u00e9s sur la R\u00e9publique tch\u00e8que<\/strong><\/a><\/p>\n","protected":false},"excerpt":{"rendered":"<p>Alors que le gouvernement tch\u00e8que avait doubl\u00e9 le nombre d\u2019heures suppl\u00e9mentaires volontaires \u00e0 l\u2019h\u00f4pital, plus de 5 000 m\u00e9decins tch\u00e8ques ont menac\u00e9 de n\u2019en effectuer aucune en d\u00e9cembre, for\u00e7ant le ministre de la sant\u00e9 \u00e0 revoir l\u2019amendement.<\/p>\n","protected":false},"author":225,"featured_media":31554,"comment_status":"closed","ping_status":"open","sticky":false,"template":"","format":"standard","meta":{"wp_typography_post_enhancements_disabled":false,"footnotes":""},"categories":[412],"tags":[437,421],"class_list":["post-31558","post","type-post","status-publish","format-standard","has-post-thumbnail","hentry","category-sciences-et-sante","tag-republique-tcheque","tag-vieux"],"yoast_head":"<!-- This site is optimized with the Yoast SEO Premium plugin v27.4 (Yoast SEO v27.4) - https:\/\/yoast.com\/product\/yoast-seo-premium-wordpress\/ -->\n<title>Le gouvernement tch\u00e8que revient sur le doublement des heures suppl\u00e9mentaires des m\u00e9decins \u00e0 l&#039;h\u00f4pital<\/title>\n<meta name=\"description\" content=\"Alors que le gouvernement tch\u00e8que avait doubl\u00e9 le nombre d&#039;heures suppl\u00e9mentaires volontaires \u00e0 l&#039;h\u00f4pital, plus de 5 000 m\u00e9decins tch\u00e8ques ont menac\u00e9 de n&#039;en effectuer aucune en d\u00e9cembre, for\u00e7ant le ministre de la sant\u00e9 \u00e0 revoir l&#039;amendement.\" \/>\n<meta name=\"robots\" content=\"index, follow, max-snippet:-1, max-image-preview:large, max-video-preview:-1\" \/>\n<link rel=\"canonical\" href=\"https:\/\/www.newsendip.com\/fr\/le-gouvernement-tcheque-revient-sur-le-doublement-des-heures-supplementaires-des-medecins-a-lhopital\/\" \/>\n<meta property=\"og:locale\" content=\"fr_FR\" \/>\n<meta property=\"og:type\" content=\"article\" \/>\n<meta property=\"og:title\" content=\"Le gouvernement tch\u00e8que revient sur le doublement des heures suppl\u00e9mentaires des m\u00e9decins \u00e0 l&#039;h\u00f4pital\" \/>\n<meta property=\"og:description\" content=\"Alors que le gouvernement tch\u00e8que avait doubl\u00e9 le nombre d&#039;heures suppl\u00e9mentaires volontaires \u00e0 l&#039;h\u00f4pital, plus de 5 000 m\u00e9decins tch\u00e8ques ont menac\u00e9 de n&#039;en effectuer aucune en d\u00e9cembre, for\u00e7ant le ministre de la sant\u00e9 \u00e0 revoir l&#039;amendement.\" \/>\n<meta property=\"og:url\" content=\"https:\/\/www.newsendip.com\/fr\/le-gouvernement-tcheque-revient-sur-le-doublement-des-heures-supplementaires-des-medecins-a-lhopital\/\" \/>\n<meta property=\"og:site_name\" content=\"Newsendip\" \/>\n<meta property=\"article:publisher\" content=\"https:\/\/www.facebook.com\/newsendip\" \/>\n<meta property=\"article:published_time\" content=\"2023-10-04T15:22:00+00:00\" \/>\n<meta property=\"article:modified_time\" content=\"2024-07-18T13:37:15+00:00\" \/>\n<meta property=\"og:image\" content=\"https:\/\/www.newsendip.com\/wp-content\/uploads\/2023\/10\/healthcare-worker-displeased-min.jpeg\" \/>\n\t<meta property=\"og:image:width\" content=\"724\" \/>\n\t<meta property=\"og:image:height\" content=\"483\" \/>\n\t<meta property=\"og:image:type\" content=\"image\/jpeg\" \/>\n<meta name=\"author\" content=\"Paul Raymond\" \/>\n<meta name=\"twitter:card\" content=\"summary_large_image\" \/>\n<meta name=\"twitter:image\" content=\"https:\/\/www.newsendip.com\/wp-content\/uploads\/2023\/10\/healthcare-worker-displeased-min.jpeg\" \/>\n<meta name=\"twitter:creator\" content=\"@https:\/\/x.com\/p_phasino\" \/>\n<meta name=\"twitter:site\" content=\"@newsendip\" \/>\n<meta name=\"twitter:label1\" content=\"\u00c9crit par\" \/>\n\t<meta name=\"twitter:data1\" content=\"Paul Raymond\" \/>\n\t<meta name=\"twitter:label2\" content=\"Dur\u00e9e de lecture estim\u00e9e\" \/>\n\t<meta name=\"twitter:data2\" content=\"3 minutes\" \/>\n<!-- \/ Yoast SEO Premium plugin. -->","yoast_head_json":{"title":"Le gouvernement tch\u00e8que revient sur le doublement des heures suppl\u00e9mentaires des m\u00e9decins \u00e0 l'h\u00f4pital","description":"Alors que le gouvernement tch\u00e8que avait doubl\u00e9 le nombre d'heures suppl\u00e9mentaires volontaires \u00e0 l'h\u00f4pital, plus de 5 000 m\u00e9decins tch\u00e8ques ont menac\u00e9 de n'en effectuer aucune en d\u00e9cembre, for\u00e7ant le ministre de la sant\u00e9 \u00e0 revoir l'amendement.","robots":{"index":"index","follow":"follow","max-snippet":"max-snippet:-1","max-image-preview":"max-image-preview:large","max-video-preview":"max-video-preview:-1"},"canonical":"https:\/\/www.newsendip.com\/fr\/le-gouvernement-tcheque-revient-sur-le-doublement-des-heures-supplementaires-des-medecins-a-lhopital\/","og_locale":"fr_FR","og_type":"article","og_title":"Le gouvernement tch\u00e8que revient sur le doublement des heures suppl\u00e9mentaires des m\u00e9decins \u00e0 l'h\u00f4pital","og_description":"Alors que le gouvernement tch\u00e8que avait doubl\u00e9 le nombre d'heures suppl\u00e9mentaires volontaires \u00e0 l'h\u00f4pital, plus de 5 000 m\u00e9decins tch\u00e8ques ont menac\u00e9 de n'en effectuer aucune en d\u00e9cembre, for\u00e7ant le ministre de la sant\u00e9 \u00e0 revoir l'amendement.","og_url":"https:\/\/www.newsendip.com\/fr\/le-gouvernement-tcheque-revient-sur-le-doublement-des-heures-supplementaires-des-medecins-a-lhopital\/","og_site_name":"Newsendip","article_publisher":"https:\/\/www.facebook.com\/newsendip","article_published_time":"2023-10-04T15:22:00+00:00","article_modified_time":"2024-07-18T13:37:15+00:00","og_image":[{"width":724,"height":483,"url":"https:\/\/www.newsendip.com\/wp-content\/uploads\/2023\/10\/healthcare-worker-displeased-min.jpeg","type":"image\/jpeg"}],"author":"Paul Raymond","twitter_card":"summary_large_image","twitter_image":"https:\/\/www.newsendip.com\/wp-content\/uploads\/2023\/10\/healthcare-worker-displeased-min.jpeg","twitter_creator":"@https:\/\/x.com\/p_phasino","twitter_site":"@newsendip","twitter_misc":{"\u00c9crit par":"Paul Raymond","Dur\u00e9e de lecture estim\u00e9e":"3 minutes"},"schema":{"@context":"https:\/\/schema.org","@graph":[{"@type":"NewsArticle","@id":"https:\/\/www.newsendip.com\/fr\/le-gouvernement-tcheque-revient-sur-le-doublement-des-heures-supplementaires-des-medecins-a-lhopital\/#article","isPartOf":{"@id":"https:\/\/www.newsendip.com\/fr\/le-gouvernement-tcheque-revient-sur-le-doublement-des-heures-supplementaires-des-medecins-a-lhopital\/"},"author":{"name":"Paul Raymond","@id":"https:\/\/www.newsendip.com\/fr\/#\/schema\/person\/a27d453e1ade16f6bb1e2a51cb961f82"},"headline":"Le gouvernement tch\u00e8que revient sur le doublement des heures suppl\u00e9mentaires des m\u00e9decins \u00e0 l\u2019h\u00f4pital","datePublished":"2023-10-04T15:22:00+00:00","dateModified":"2024-07-18T13:37:15+00:00","mainEntityOfPage":{"@id":"https:\/\/www.newsendip.com\/fr\/le-gouvernement-tcheque-revient-sur-le-doublement-des-heures-supplementaires-des-medecins-a-lhopital\/"},"wordCount":636,"publisher":{"@id":"https:\/\/www.newsendip.com\/fr\/#organization"},"image":{"@id":"https:\/\/www.newsendip.com\/fr\/le-gouvernement-tcheque-revient-sur-le-doublement-des-heures-supplementaires-des-medecins-a-lhopital\/#primaryimage"},"thumbnailUrl":"https:\/\/www.newsendip.com\/wp-content\/uploads\/2023\/10\/healthcare-worker-displeased.webp","keywords":["R\u00e9publique tch\u00e8que","Vieux"],"articleSection":["Sciences et sant\u00e9"],"inLanguage":"fr-FR","copyrightYear":"2023","copyrightHolder":{"@id":"https:\/\/www.newsendip.com\/#organization"}},{"@type":"WebPage","@id":"https:\/\/www.newsendip.com\/fr\/le-gouvernement-tcheque-revient-sur-le-doublement-des-heures-supplementaires-des-medecins-a-lhopital\/","url":"https:\/\/www.newsendip.com\/fr\/le-gouvernement-tcheque-revient-sur-le-doublement-des-heures-supplementaires-des-medecins-a-lhopital\/","name":"Le gouvernement tch\u00e8que revient sur le doublement des heures suppl\u00e9mentaires des m\u00e9decins \u00e0 l'h\u00f4pital","isPartOf":{"@id":"https:\/\/www.newsendip.com\/fr\/#website"},"primaryImageOfPage":{"@id":"https:\/\/www.newsendip.com\/fr\/le-gouvernement-tcheque-revient-sur-le-doublement-des-heures-supplementaires-des-medecins-a-lhopital\/#primaryimage"},"image":{"@id":"https:\/\/www.newsendip.com\/fr\/le-gouvernement-tcheque-revient-sur-le-doublement-des-heures-supplementaires-des-medecins-a-lhopital\/#primaryimage"},"thumbnailUrl":"https:\/\/www.newsendip.com\/wp-content\/uploads\/2023\/10\/healthcare-worker-displeased.webp","datePublished":"2023-10-04T15:22:00+00:00","dateModified":"2024-07-18T13:37:15+00:00","description":"Alors que le gouvernement tch\u00e8que avait doubl\u00e9 le nombre d'heures suppl\u00e9mentaires volontaires \u00e0 l'h\u00f4pital, plus de 5 000 m\u00e9decins tch\u00e8ques ont menac\u00e9 de n'en effectuer aucune en d\u00e9cembre, for\u00e7ant le ministre de la sant\u00e9 \u00e0 revoir l'amendement.","breadcrumb":{"@id":"https:\/\/www.newsendip.com\/fr\/le-gouvernement-tcheque-revient-sur-le-doublement-des-heures-supplementaires-des-medecins-a-lhopital\/#breadcrumb"},"inLanguage":"fr-FR","potentialAction":[{"@type":"ReadAction","target":["https:\/\/www.newsendip.com\/fr\/le-gouvernement-tcheque-revient-sur-le-doublement-des-heures-supplementaires-des-medecins-a-lhopital\/"]}]},{"@type":"ImageObject","inLanguage":"fr-FR","@id":"https:\/\/www.newsendip.com\/fr\/le-gouvernement-tcheque-revient-sur-le-doublement-des-heures-supplementaires-des-medecins-a-lhopital\/#primaryimage","url":"https:\/\/www.newsendip.com\/wp-content\/uploads\/2023\/10\/healthcare-worker-displeased.webp","contentUrl":"https:\/\/www.newsendip.com\/wp-content\/uploads\/2023\/10\/healthcare-worker-displeased.webp","width":724,"height":483,"caption":"Illustration | \u00a9 Drazen Zigic"},{"@type":"BreadcrumbList","@id":"https:\/\/www.newsendip.com\/fr\/le-gouvernement-tcheque-revient-sur-le-doublement-des-heures-supplementaires-des-medecins-a-lhopital\/#breadcrumb","itemListElement":[{"@type":"ListItem","position":1,"name":"Accueil","item":"https:\/\/www.newsendip.com\/fr\/"},{"@type":"ListItem","position":2,"name":"Le gouvernement tch\u00e8que revient sur le doublement des heures suppl\u00e9mentaires des m\u00e9decins \u00e0 l&#8217;h\u00f4pital"}]},{"@type":"WebSite","@id":"https:\/\/www.newsendip.com\/fr\/#website","url":"https:\/\/www.newsendip.com\/fr\/","name":"Newsendip","description":"Red\u00e9couvrez l&#039;actualit\u00e9 internationale","publisher":{"@id":"https:\/\/www.newsendip.com\/fr\/#organization"},"potentialAction":[{"@type":"SearchAction","target":{"@type":"EntryPoint","urlTemplate":"https:\/\/www.newsendip.com\/fr\/?s={search_term_string}"},"query-input":{"@type":"PropertyValueSpecification","valueRequired":true,"valueName":"search_term_string"}}],"inLanguage":"fr-FR"},{"@type":"Organization","@id":"https:\/\/www.newsendip.com\/fr\/#organization","name":"Newsendip","url":"https:\/\/www.newsendip.com\/fr\/","logo":{"@type":"ImageObject","inLanguage":"fr-FR","@id":"https:\/\/www.newsendip.com\/fr\/#\/schema\/logo\/image\/","url":"https:\/\/www.newsendip.com\/wp-content\/uploads\/2023\/12\/512x512.svg","contentUrl":"https:\/\/www.newsendip.com\/wp-content\/uploads\/2023\/12\/512x512.svg","width":1,"height":1,"caption":"Newsendip"},"image":{"@id":"https:\/\/www.newsendip.com\/fr\/#\/schema\/logo\/image\/"},"sameAs":["https:\/\/www.facebook.com\/newsendip","https:\/\/x.com\/newsendip","https:\/\/mastodon.social\/@newsendip","https:\/\/www.linkedin.com\/company\/newsendip"],"description":"Newsendip est un site qui a pour mission de rendre l'actualit\u00e9 internationale accessible et diversifi\u00e9e","email":"contact@newsendip.com","legalName":"Newsendip SAS","foundingDate":"2022-11-04","vatID":"FR60921124723","numberOfEmployees":{"@type":"QuantitativeValue","minValue":"1","maxValue":"10"},"publishingPrinciples":"https:\/\/www.newsendip.com\/about-us\/","ownershipFundingInfo":"https:\/\/www.newsendip.com\/legal-notice\/","actionableFeedbackPolicy":"https:\/\/www.newsendip.com\/about-us\/","correctionsPolicy":"https:\/\/www.newsendip.com\/about-us\/","ethicsPolicy":"https:\/\/www.newsendip.com\/about-us\/","diversityPolicy":"https:\/\/www.newsendip.com\/about-us\/"},{"@type":"Person","@id":"https:\/\/www.newsendip.com\/fr\/#\/schema\/person\/a27d453e1ade16f6bb1e2a51cb961f82","name":"Paul Raymond","description":"Paul is a writer for Newsendip. He studied political science and international relations at the European School of Politics and loves Japanese culture.","sameAs":["https:\/\/www.linkedin.com\/in\/paul-raymond-66573325a\/","https:\/\/x.com\/https:\/\/x.com\/p_phasino"],"knowsAbout":["News"],"knowsLanguage":["English","French","Japanese"],"url":"https:\/\/www.newsendip.com\/fr\/author\/paul-raymond\/"}]}},"_links":{"self":[{"href":"https:\/\/www.newsendip.com\/fr\/wp-json\/wp\/v2\/posts\/31558","targetHints":{"allow":["GET"]}}],"collection":[{"href":"https:\/\/www.newsendip.com\/fr\/wp-json\/wp\/v2\/posts"}],"about":[{"href":"https:\/\/www.newsendip.com\/fr\/wp-json\/wp\/v2\/types\/post"}],"author":[{"embeddable":true,"href":"https:\/\/www.newsendip.com\/fr\/wp-json\/wp\/v2\/users\/225"}],"replies":[{"embeddable":true,"href":"https:\/\/www.newsendip.com\/fr\/wp-json\/wp\/v2\/comments?post=31558"}],"version-history":[{"count":0,"href":"https:\/\/www.newsendip.com\/fr\/wp-json\/wp\/v2\/posts\/31558\/revisions"}],"wp:featuredmedia":[{"embeddable":true,"href":"https:\/\/www.newsendip.com\/fr\/wp-json\/wp\/v2\/media\/31554"}],"wp:attachment":[{"href":"https:\/\/www.newsendip.com\/fr\/wp-json\/wp\/v2\/media?parent=31558"}],"wp:term":[{"taxonomy":"category","embeddable":true,"href":"https:\/\/www.newsendip.com\/fr\/wp-json\/wp\/v2\/categories?post=31558"},{"taxonomy":"post_tag","embeddable":true,"href":"https:\/\/www.newsendip.com\/fr\/wp-json\/wp\/v2\/tags?post=31558"}],"curies":[{"name":"wp","href":"https:\/\/api.w.org\/{rel}","templated":true}]}}