{"id":31647,"date":"2023-10-05T16:08:48","date_gmt":"2023-10-05T14:08:48","guid":{"rendered":"https:\/\/www.newsendip.com\/?p=31647"},"modified":"2024-07-18T15:37:02","modified_gmt":"2024-07-18T13:37:02","slug":"letat-durgence-declare-dans-une-region-colombienne-retoque-par-la-cour-constitutionnelle","status":"publish","type":"post","link":"https:\/\/www.newsendip.com\/fr\/letat-durgence-declare-dans-une-region-colombienne-retoque-par-la-cour-constitutionnelle\/","title":{"rendered":"L\u2019\u00e9tat d\u2019urgence d\u00e9clar\u00e9 dans une r\u00e9gion colombienne retoqu\u00e9 par la Cour constitutionnelle"},"content":{"rendered":"<p><strong>Le pr\u00e9sident de la Colombie, Gustavo Petro, a d\u00e9clar\u00e9 l\u2019\u00e9tat d\u2019urgence dans le d\u00e9partement de La Guajira, anticipant une crise humanitaire \u00e0 la fin de l\u2019ann\u00e9e 2023. Mais la Cour constitutionnelle a bloqu\u00e9 cet \u00e9tat d\u2019urgence, estimant que la situation n\u2019\u00e9tait pas \u00ab\u202f<em>suffisante<\/em>\u202f\u00bb pour justifier une telle d\u00e9cision.<\/strong><\/p>\n<figure id=\"attachment_31644\" aria-describedby=\"caption-attachment-31644\" style=\"width: 1024px\" class=\"wp-caption aligncenter\"><img decoding=\"async\" class=\"wp-image-31644 size-large\" src=\"https:\/\/www.newsendip.com\/wp-content\/uploads\/2023\/10\/Wayuu-people-colombia-la-guajira-1024x773.webp\" alt=\"La Guajira, Colombia\" width=\"1024\" height=\"773\" srcset=\"https:\/\/www.newsendip.com\/wp-content\/uploads\/2023\/10\/Wayuu-people-colombia-la-guajira-1024x773.webp 1024w, https:\/\/www.newsendip.com\/wp-content\/uploads\/2023\/10\/Wayuu-people-colombia-la-guajira-60x45.webp 60w, https:\/\/www.newsendip.com\/wp-content\/uploads\/2023\/10\/Wayuu-people-colombia-la-guajira-300x226.webp 300w, https:\/\/www.newsendip.com\/wp-content\/uploads\/2023\/10\/Wayuu-people-colombia-la-guajira-768x579.webp 768w, https:\/\/www.newsendip.com\/wp-content\/uploads\/2023\/10\/Wayuu-people-colombia-la-guajira.webp 1474w\" sizes=\"(max-width: 1024px) 100vw, 1024px\"><figcaption id=\"caption-attachment-31644\" class=\"wp-caption-text\">Way\u00fau people in La Guajira, Colombia | \u00a9 Gustavo Petro, X (ex-Twitter)<\/figcaption><\/figure>\n<p>Le 2 octobre, la <a href=\"https:\/\/www.corteconstitucional.gov.co\/comunicados\/Comunicado%2035-%20Octubre%202%20de%202023.pdf\">Cour constitutionnelle colombienne<\/a> a formellement rejet\u00e9 la d\u00e9claration d\u2019\u00e9tat d\u2019urgence du pr\u00e9sident Gustavo Petro \u00e0 La Guajira, le d\u00e9partement le plus au nord de la Colombie, o\u00f9 vivent notamment la population am\u00e9rindienne Way\u00fau.<\/p>\n<p>M. Petro, \u00e9lu en 2022, a d\u00e9clar\u00e9 l\u2019\u00e9tat d\u2019urgence \u00ab\u202f<em>\u00e9conomique, social et \u00e9cologique<\/em>\u202f\u00bb \u00e0 La Guajira le 2 juillet dernier, ce qui lui a donn\u00e9 des pouvoirs l\u00e9gislatifs extraordinaires pour faire face aux d\u00e9fis environnementaux et humanitaires attendus dans la r\u00e9gion.<\/p>\n<p>La crainte d\u2019une crise humanitaire est due \u00e0 une combinaison de facteurs climatiques pr\u00e9visibles ou attendus.<\/p>\n<h2>El Ni\u00f1o risque d\u2019aggraver la s\u00e9cheresse et la sous-nutrition chez les&nbsp;Way\u00fau<\/h2>\n<p>En ao\u00fbt, le pr\u00e9sident s\u2019\u00e9tait <a href=\"https:\/\/www.youtube.com\/watch?v=NDoPfiBvPm8&amp;ab_channel=GustavoPetro\">exprim\u00e9 devant la Cour constitutionnelle<\/a> pour d\u00e9fendre sa d\u00e9claration de l\u2019\u00e9tat d\u2019urgence, affirmant que la r\u00e9gion risquait d\u2019\u00eatre confront\u00e9e \u00e0 une aggravation des probl\u00e8mes humanitaires d\u00e9j\u00e0 existants tout au long de l\u2019ann\u00e9e.<\/p>\n<p>M. Petro a d\u00e9clar\u00e9 que la population Way\u00fau avait culturellement pour habitude d\u2019\u00eatre g\u00e9ographiquement tr\u00e8s dispers\u00e9e, ce qui rendait difficile l\u2019acheminement d\u2019aides de base. M. Petro a d\u00e9clar\u00e9 l\u2019\u00e9tat d\u2019urgence afin de ne pas avoir \u00e0 attendre que le Congr\u00e8s colombien l\u00e9gif\u00e8re sur les probl\u00e8mes climatiques \u00e0 venir d\u2019ici la fin de l\u2019ann\u00e9e.<\/p>\n<p>Les <a href=\"https:\/\/www.dane.gov.co\/index.php\/estadisticas-por-tema\/pobreza-y-condiciones-de-vida\/pobreza-monetaria\/pobreza-monetaria-2021\">donn\u00e9es du gouvernement colombien<\/a> montrent que La Guajira est le d\u00e9partement le plus pauvre de Colombie, avec un taux de 67% par habitant en 2021. La m\u00eame ann\u00e9e, les donn\u00e9es montrent que 53% des habitants du d\u00e9partement, \u00e9galement le taux le plus \u00e9lev\u00e9 du pays, souffraient d\u2019un manque de biens de premi\u00e8re n\u00e9cessit\u00e9 tels qu\u2019un logement d\u00e9cent. La Guajira \u00e9tait le quatri\u00e8me d\u00e9partement du pays avec le plus fort taux de pauvret\u00e9 multidimensionnelle, qui comprend \u00e9galement la malnutrition, et s\u2019\u00e9levait \u00e0 43\u202f% en&nbsp;2022.<\/p>\n<p>En raison de la forte probabilit\u00e9 que les effets m\u00e9t\u00e9orologiques d\u2019<a href=\"https:\/\/www.newsendip.com\/fr\/le-president-colombien-pret-a-exproprier-des-proprietes-privees-pour-reloger-les-familles-touchees-par-les-fortes-pluies\/\">El Ni\u00f1o<\/a> cr\u00e9ent des s\u00e9cheresses, combin\u00e9e aux effets impr\u00e9visibles du changement climatique, Petro a d\u00e9clar\u00e9 qu\u2019il s\u2019attendait \u00e0 ce que la malnutrition s\u2019aggrave pour le peuple Way\u00fau, en raison de l\u2019aridit\u00e9 et du manque de pr\u00e9cipitations en cas d\u2019apparition d\u2019El Ni\u00f1o. Selon l\u2019<a href=\"https:\/\/public.wmo.int\/en\/our-mandate\/climate\/el-ni%C3%B1ola-ni%C3%B1a-update\">Organisation m\u00e9t\u00e9orologique mondiale<\/a> (OMM), la probabilit\u00e9 qu\u2019El Ni\u00f1o se produise cette ann\u00e9e \u00e9tait de 90\u202f% en&nbsp;juin.<\/p>\n<p>La Guajira \u00e9tant une r\u00e9gion isol\u00e9e sur la c\u00f4te, l\u2019<a href=\"https:\/\/www.newsendip.com\/fr\/les-parlementaires-chiliens-approuvent-une-reforme-du-code-de-leau-vieille-de-onze-ans\/\">acc\u00e8s \u00e0 l\u2019eau potable<\/a> est \u00e9galement probl\u00e9matique.<\/p>\n<h2>La possibilit\u00e9 de contourner le Congr\u00e8s, mais la Cour contr\u00f4le les d\u00e9cisions du pr\u00e9sident<\/h2>\n<p>Dans son jugement de refuser l\u2019\u00e9tat d\u2019urgence, la Cour a cependant reconnu les probl\u00e8mes humanitaires qui se profilent \u00e0 La Guajira, ainsi que l\u2019urgence de la situation. Elle a \u00e9galement reconnu que la crise alimentaire \u00e0 venir \u00e0 La Guajira \u00e9tait r\u00e9elle et que le pr\u00e9sident ne commettait pas d\u2019erreur d\u2019interpr\u00e9tation.<\/p>\n<p>Cependant, la Cour estime qu\u2019il n\u2019y a pas de raison suffisante pour que des pouvoirs d\u2019urgence soient accord\u00e9s dans cette situation.<\/p>\n<p>Elle estime qu\u2019il en est de la \u00ab\u202f<em>responsabilit\u00e9 constitutionnelle<\/em>\u202f\u00bb du Congr\u00e8s colombien de \u00ab\u202f<em>pr\u00e9venir les probl\u00e8mes structurels ou leur aggravation<\/em>\u202f\u00bb, y compris la malnutrition des habitants de La Guajira. Par cons\u00e9quent, il n\u2019appartient pas au pr\u00e9sident de contourner le Congr\u00e8s dans cette situation. La Cour a malgr\u00e9 tout reconnu que le Congr\u00e8s n\u2019avait pas fait assez pour pr\u00e9venir cette situation.<\/p>\n<p>Pour \u00e9viter que les probl\u00e8mes de La Guajira ne s\u2019aggravent encore, la Cour a report\u00e9 le blocage de l\u2019\u00e9tat d\u2019urgence jusqu\u2019en 2024.<\/p>\n<p>Par cons\u00e9quent, le pr\u00e9sident disposera de privil\u00e8ges sp\u00e9ciaux pour intervenir dans la Guajira jusqu\u2019au 2 juillet 2024, sous le contr\u00f4le de la Cour, qui veillera \u00e0 ce que les interventions du pr\u00e9sident soient \u00ab\u202f<em>strictement n\u00e9cessaires<\/em>\u202f\u00bb dans la r\u00e9gion.<\/p>\n<p>Fin septembre, le gouvernement a commenc\u00e9 \u00e0 envoyer un revenu citoyen, d\u2019un demi-million de pesos (110 euros) par mois, dans le nord de La Guajira aux m\u00e8res seules responsables d\u2019une famille.<\/p>\n<p><strong><a href=\"https:\/\/www.newsendip.com\/fr\/etiquette\/colombie\/\">Lire plus d\u2019actualit\u00e9s sur la Colombie<\/a><\/strong><\/p>\n","protected":false},"excerpt":{"rendered":"<p>La justice colombienne a jug\u00e9 que la situation n\u2019\u00e9tait pas \u00ab\u202fsuffisante\u202f\u00bb&nbsp;pour<br>\noctroy\u00e9 l\u2019\u00e9tat d\u2019urgence dans le d\u00e9partement de La Guajira en pr\u00e9vision d\u2019une crise humanitaire \u00e0 l\u2019approche d\u2019El&nbsp;Ni\u00f1o.<\/p>\n","protected":false},"author":226,"featured_media":31645,"comment_status":"closed","ping_status":"open","sticky":false,"template":"","format":"standard","meta":{"wp_typography_post_enhancements_disabled":false,"footnotes":""},"categories":[416],"tags":[440,421],"class_list":["post-31647","post","type-post","status-publish","format-standard","has-post-thumbnail","hentry","category-politique","tag-colombie","tag-vieux"],"yoast_head":"<!-- This site is optimized with the Yoast SEO Premium plugin v27.4 (Yoast SEO v27.4) - https:\/\/yoast.com\/product\/yoast-seo-premium-wordpress\/ -->\n<title>L&#039;\u00e9tat d&#039;urgence d\u00e9clar\u00e9 dans une r\u00e9gion colombienne retoqu\u00e9 par la Cour constitutionnelle<\/title>\n<meta name=\"description\" content=\"La justice colombienne a jug\u00e9 que la situation n&#039;\u00e9tait pas &quot;suffisante&quot; pour octroy\u00e9 l&#039;\u00e9tat d&#039;urgence dans le d\u00e9partement de La Guajira en pr\u00e9vision d&#039;une crise humanitaire \u00e0 l&#039;approche d&#039;El Ni\u00f1o.\" \/>\n<meta name=\"robots\" content=\"index, follow, max-snippet:-1, max-image-preview:large, max-video-preview:-1\" \/>\n<link rel=\"canonical\" href=\"https:\/\/www.newsendip.com\/fr\/letat-durgence-declare-dans-une-region-colombienne-retoque-par-la-cour-constitutionnelle\/\" \/>\n<meta property=\"og:locale\" content=\"fr_FR\" \/>\n<meta property=\"og:type\" content=\"article\" \/>\n<meta property=\"og:title\" content=\"L&#039;\u00e9tat d&#039;urgence d\u00e9clar\u00e9 dans une r\u00e9gion colombienne retoqu\u00e9 par la Cour constitutionnelle\" \/>\n<meta property=\"og:description\" content=\"La justice colombienne a jug\u00e9 que la situation n&#039;\u00e9tait pas &quot;suffisante&quot; pour octroy\u00e9 l&#039;\u00e9tat d&#039;urgence dans le d\u00e9partement de La Guajira en pr\u00e9vision d&#039;une crise humanitaire \u00e0 l&#039;approche d&#039;El Ni\u00f1o.\" \/>\n<meta property=\"og:url\" content=\"https:\/\/www.newsendip.com\/fr\/letat-durgence-declare-dans-une-region-colombienne-retoque-par-la-cour-constitutionnelle\/\" \/>\n<meta property=\"og:site_name\" content=\"Newsendip\" \/>\n<meta property=\"article:publisher\" content=\"https:\/\/www.facebook.com\/newsendip\" \/>\n<meta property=\"article:published_time\" content=\"2023-10-05T14:08:48+00:00\" \/>\n<meta property=\"article:modified_time\" content=\"2024-07-18T13:37:02+00:00\" \/>\n<meta property=\"og:image\" content=\"https:\/\/www.newsendip.com\/wp-content\/uploads\/2023\/10\/Wayuu-people-colombia-la-guajira-min-1024x773.jpeg\" \/>\n<meta name=\"author\" content=\"Alexander Saraff Marcos\" \/>\n<meta name=\"twitter:card\" content=\"summary_large_image\" \/>\n<meta name=\"twitter:image\" content=\"https:\/\/www.newsendip.com\/wp-content\/uploads\/2023\/10\/Wayuu-people-colombia-la-guajira-min-1024x773.jpeg\" \/>\n<meta name=\"twitter:creator\" content=\"@https:\/\/twitter.com\/AlexanderSaraff\" \/>\n<meta name=\"twitter:site\" content=\"@newsendip\" \/>\n<meta name=\"twitter:label1\" content=\"\u00c9crit par\" \/>\n\t<meta name=\"twitter:data1\" content=\"Alexander Saraff Marcos\" \/>\n\t<meta name=\"twitter:label2\" content=\"Dur\u00e9e de lecture estim\u00e9e\" \/>\n\t<meta name=\"twitter:data2\" content=\"4 minutes\" \/>\n<!-- \/ Yoast SEO Premium plugin. -->","yoast_head_json":{"title":"L'\u00e9tat d'urgence d\u00e9clar\u00e9 dans une r\u00e9gion colombienne retoqu\u00e9 par la Cour constitutionnelle","description":"La justice colombienne a jug\u00e9 que la situation n'\u00e9tait pas \"suffisante\" pour octroy\u00e9 l'\u00e9tat d'urgence dans le d\u00e9partement de La Guajira en pr\u00e9vision d'une crise humanitaire \u00e0 l'approche d'El Ni\u00f1o.","robots":{"index":"index","follow":"follow","max-snippet":"max-snippet:-1","max-image-preview":"max-image-preview:large","max-video-preview":"max-video-preview:-1"},"canonical":"https:\/\/www.newsendip.com\/fr\/letat-durgence-declare-dans-une-region-colombienne-retoque-par-la-cour-constitutionnelle\/","og_locale":"fr_FR","og_type":"article","og_title":"L'\u00e9tat d'urgence d\u00e9clar\u00e9 dans une r\u00e9gion colombienne retoqu\u00e9 par la Cour constitutionnelle","og_description":"La justice colombienne a jug\u00e9 que la situation n'\u00e9tait pas \"suffisante\" pour octroy\u00e9 l'\u00e9tat d'urgence dans le d\u00e9partement de La Guajira en pr\u00e9vision d'une crise humanitaire \u00e0 l'approche d'El Ni\u00f1o.","og_url":"https:\/\/www.newsendip.com\/fr\/letat-durgence-declare-dans-une-region-colombienne-retoque-par-la-cour-constitutionnelle\/","og_site_name":"Newsendip","article_publisher":"https:\/\/www.facebook.com\/newsendip","article_published_time":"2023-10-05T14:08:48+00:00","article_modified_time":"2024-07-18T13:37:02+00:00","og_image":[{"url":"https:\/\/www.newsendip.com\/wp-content\/uploads\/2023\/10\/Wayuu-people-colombia-la-guajira-min-1024x773.jpeg","type":"","width":"","height":""}],"author":"Alexander Saraff Marcos","twitter_card":"summary_large_image","twitter_image":"https:\/\/www.newsendip.com\/wp-content\/uploads\/2023\/10\/Wayuu-people-colombia-la-guajira-min-1024x773.jpeg","twitter_creator":"@https:\/\/twitter.com\/AlexanderSaraff","twitter_site":"@newsendip","twitter_misc":{"\u00c9crit par":"Alexander Saraff Marcos","Dur\u00e9e de lecture estim\u00e9e":"4 minutes"},"schema":{"@context":"https:\/\/schema.org","@graph":[{"@type":"NewsArticle","@id":"https:\/\/www.newsendip.com\/fr\/letat-durgence-declare-dans-une-region-colombienne-retoque-par-la-cour-constitutionnelle\/#article","isPartOf":{"@id":"https:\/\/www.newsendip.com\/fr\/letat-durgence-declare-dans-une-region-colombienne-retoque-par-la-cour-constitutionnelle\/"},"author":{"name":"Alexander Saraff Marcos","@id":"https:\/\/www.newsendip.com\/fr\/#\/schema\/person\/e3467cf4a38ff8f5b92c83c7422ae321"},"headline":"L\u2019\u00e9tat d\u2019urgence d\u00e9clar\u00e9 dans une r\u00e9gion colombienne retoqu\u00e9 par la Cour constitutionnelle","datePublished":"2023-10-05T14:08:48+00:00","dateModified":"2024-07-18T13:37:02+00:00","mainEntityOfPage":{"@id":"https:\/\/www.newsendip.com\/fr\/letat-durgence-declare-dans-une-region-colombienne-retoque-par-la-cour-constitutionnelle\/"},"wordCount":815,"publisher":{"@id":"https:\/\/www.newsendip.com\/fr\/#organization"},"image":{"@id":"https:\/\/www.newsendip.com\/fr\/letat-durgence-declare-dans-une-region-colombienne-retoque-par-la-cour-constitutionnelle\/#primaryimage"},"thumbnailUrl":"https:\/\/www.newsendip.com\/wp-content\/uploads\/2023\/10\/Wayuu-people-colombia-la-guajira.webp","keywords":["Colombie","Vieux"],"articleSection":["Politique"],"inLanguage":"fr-FR","copyrightYear":"2023","copyrightHolder":{"@id":"https:\/\/www.newsendip.com\/#organization"}},{"@type":"WebPage","@id":"https:\/\/www.newsendip.com\/fr\/letat-durgence-declare-dans-une-region-colombienne-retoque-par-la-cour-constitutionnelle\/","url":"https:\/\/www.newsendip.com\/fr\/letat-durgence-declare-dans-une-region-colombienne-retoque-par-la-cour-constitutionnelle\/","name":"L'\u00e9tat d'urgence d\u00e9clar\u00e9 dans une r\u00e9gion colombienne retoqu\u00e9 par la Cour constitutionnelle","isPartOf":{"@id":"https:\/\/www.newsendip.com\/fr\/#website"},"primaryImageOfPage":{"@id":"https:\/\/www.newsendip.com\/fr\/letat-durgence-declare-dans-une-region-colombienne-retoque-par-la-cour-constitutionnelle\/#primaryimage"},"image":{"@id":"https:\/\/www.newsendip.com\/fr\/letat-durgence-declare-dans-une-region-colombienne-retoque-par-la-cour-constitutionnelle\/#primaryimage"},"thumbnailUrl":"https:\/\/www.newsendip.com\/wp-content\/uploads\/2023\/10\/Wayuu-people-colombia-la-guajira.webp","datePublished":"2023-10-05T14:08:48+00:00","dateModified":"2024-07-18T13:37:02+00:00","description":"La justice colombienne a jug\u00e9 que la situation n'\u00e9tait pas \"suffisante\" pour octroy\u00e9 l'\u00e9tat d'urgence dans le d\u00e9partement de La Guajira en pr\u00e9vision d'une crise humanitaire \u00e0 l'approche d'El Ni\u00f1o.","breadcrumb":{"@id":"https:\/\/www.newsendip.com\/fr\/letat-durgence-declare-dans-une-region-colombienne-retoque-par-la-cour-constitutionnelle\/#breadcrumb"},"inLanguage":"fr-FR","potentialAction":[{"@type":"ReadAction","target":["https:\/\/www.newsendip.com\/fr\/letat-durgence-declare-dans-une-region-colombienne-retoque-par-la-cour-constitutionnelle\/"]}]},{"@type":"ImageObject","inLanguage":"fr-FR","@id":"https:\/\/www.newsendip.com\/fr\/letat-durgence-declare-dans-une-region-colombienne-retoque-par-la-cour-constitutionnelle\/#primaryimage","url":"https:\/\/www.newsendip.com\/wp-content\/uploads\/2023\/10\/Wayuu-people-colombia-la-guajira.webp","contentUrl":"https:\/\/www.newsendip.com\/wp-content\/uploads\/2023\/10\/Wayuu-people-colombia-la-guajira.webp","width":1474,"height":1112,"caption":"Population Way\u00fau \u00e0 La Guajira en Colombie | \u00a9 Gustavo Petro, X (ex-Twitter)"},{"@type":"BreadcrumbList","@id":"https:\/\/www.newsendip.com\/fr\/letat-durgence-declare-dans-une-region-colombienne-retoque-par-la-cour-constitutionnelle\/#breadcrumb","itemListElement":[{"@type":"ListItem","position":1,"name":"Accueil","item":"https:\/\/www.newsendip.com\/fr\/"},{"@type":"ListItem","position":2,"name":"L&#8217;\u00e9tat d&#8217;urgence d\u00e9clar\u00e9 dans une r\u00e9gion colombienne retoqu\u00e9 par la Cour constitutionnelle"}]},{"@type":"WebSite","@id":"https:\/\/www.newsendip.com\/fr\/#website","url":"https:\/\/www.newsendip.com\/fr\/","name":"Newsendip","description":"Red\u00e9couvrez l&#039;actualit\u00e9 internationale","publisher":{"@id":"https:\/\/www.newsendip.com\/fr\/#organization"},"potentialAction":[{"@type":"SearchAction","target":{"@type":"EntryPoint","urlTemplate":"https:\/\/www.newsendip.com\/fr\/?s={search_term_string}"},"query-input":{"@type":"PropertyValueSpecification","valueRequired":true,"valueName":"search_term_string"}}],"inLanguage":"fr-FR"},{"@type":"Organization","@id":"https:\/\/www.newsendip.com\/fr\/#organization","name":"Newsendip","url":"https:\/\/www.newsendip.com\/fr\/","logo":{"@type":"ImageObject","inLanguage":"fr-FR","@id":"https:\/\/www.newsendip.com\/fr\/#\/schema\/logo\/image\/","url":"https:\/\/www.newsendip.com\/wp-content\/uploads\/2023\/12\/512x512.svg","contentUrl":"https:\/\/www.newsendip.com\/wp-content\/uploads\/2023\/12\/512x512.svg","width":1,"height":1,"caption":"Newsendip"},"image":{"@id":"https:\/\/www.newsendip.com\/fr\/#\/schema\/logo\/image\/"},"sameAs":["https:\/\/www.facebook.com\/newsendip","https:\/\/x.com\/newsendip","https:\/\/mastodon.social\/@newsendip","https:\/\/www.linkedin.com\/company\/newsendip"],"description":"Newsendip est un site qui a pour mission de rendre l'actualit\u00e9 internationale accessible et diversifi\u00e9e","email":"contact@newsendip.com","legalName":"Newsendip SAS","foundingDate":"2022-11-04","vatID":"FR60921124723","numberOfEmployees":{"@type":"QuantitativeValue","minValue":"1","maxValue":"10"},"publishingPrinciples":"https:\/\/www.newsendip.com\/about-us\/","ownershipFundingInfo":"https:\/\/www.newsendip.com\/legal-notice\/","actionableFeedbackPolicy":"https:\/\/www.newsendip.com\/about-us\/","correctionsPolicy":"https:\/\/www.newsendip.com\/about-us\/","ethicsPolicy":"https:\/\/www.newsendip.com\/about-us\/","diversityPolicy":"https:\/\/www.newsendip.com\/about-us\/"},{"@type":"Person","@id":"https:\/\/www.newsendip.com\/fr\/#\/schema\/person\/e3467cf4a38ff8f5b92c83c7422ae321","name":"Alexander Saraff Marcos","description":"Alexander is a writer for Newsendip. He is a dual citizen of the United States and Spain and lives between Spain and France. He graduated from the University of Pittsburgh with a major in philosophy and a minor in French. He loves watching e-sport on his spare time.","sameAs":["https:\/\/www.linkedin.com\/in\/alexander-saraff-b132bb226\/","https:\/\/x.com\/https:\/\/twitter.com\/AlexanderSaraff"],"knowsAbout":["News"],"knowsLanguage":["English","Spanish","French"],"url":"https:\/\/www.newsendip.com\/fr\/author\/alexander-saraff\/"}]}},"_links":{"self":[{"href":"https:\/\/www.newsendip.com\/fr\/wp-json\/wp\/v2\/posts\/31647","targetHints":{"allow":["GET"]}}],"collection":[{"href":"https:\/\/www.newsendip.com\/fr\/wp-json\/wp\/v2\/posts"}],"about":[{"href":"https:\/\/www.newsendip.com\/fr\/wp-json\/wp\/v2\/types\/post"}],"author":[{"embeddable":true,"href":"https:\/\/www.newsendip.com\/fr\/wp-json\/wp\/v2\/users\/226"}],"replies":[{"embeddable":true,"href":"https:\/\/www.newsendip.com\/fr\/wp-json\/wp\/v2\/comments?post=31647"}],"version-history":[{"count":0,"href":"https:\/\/www.newsendip.com\/fr\/wp-json\/wp\/v2\/posts\/31647\/revisions"}],"wp:featuredmedia":[{"embeddable":true,"href":"https:\/\/www.newsendip.com\/fr\/wp-json\/wp\/v2\/media\/31645"}],"wp:attachment":[{"href":"https:\/\/www.newsendip.com\/fr\/wp-json\/wp\/v2\/media?parent=31647"}],"wp:term":[{"taxonomy":"category","embeddable":true,"href":"https:\/\/www.newsendip.com\/fr\/wp-json\/wp\/v2\/categories?post=31647"},{"taxonomy":"post_tag","embeddable":true,"href":"https:\/\/www.newsendip.com\/fr\/wp-json\/wp\/v2\/tags?post=31647"}],"curies":[{"name":"wp","href":"https:\/\/api.w.org\/{rel}","templated":true}]}}