{"id":31771,"date":"2023-10-09T18:33:37","date_gmt":"2023-10-09T16:33:37","guid":{"rendered":"https:\/\/www.newsendip.com\/?p=31771"},"modified":"2024-07-18T15:36:48","modified_gmt":"2024-07-18T13:36:48","slug":"au-moins-une-douzaine-detrangers-captures-en-israel-par-le-hamas","status":"publish","type":"post","link":"https:\/\/www.newsendip.com\/fr\/au-moins-une-douzaine-detrangers-captures-en-israel-par-le-hamas\/","title":{"rendered":"Au moins une douzaine d\u2019\u00e9trangers captur\u00e9s en Isra\u00ebl par le&nbsp;Hamas"},"content":{"rendered":"<p><strong>Entre 150 et 200 personnes auraient \u00e9t\u00e9 prises en otage par le Hamas lors de son attaque terroriste surprise en Isra\u00ebl samedi. Au moins une vingtaine d\u2019entre elles sont de nationalit\u00e9 \u00e9trang\u00e8re&nbsp;: la Tha\u00eflande a signal\u00e9 mercredi que quatorze de ses ressortissants avaient \u00e9t\u00e9 enlev\u00e9s. Le Hamas menace de tuer des otages en r\u00e9ponse aux bombardements isra\u00e9liens.<\/strong><\/p>\n<figure id=\"attachment_31780\" aria-describedby=\"caption-attachment-31780\" style=\"width: 2560px\" class=\"wp-caption aligncenter\"><img decoding=\"async\" class=\"size-full wp-image-31780\" src=\"https:\/\/www.newsendip.com\/wp-content\/uploads\/2023\/10\/minister-foreign-affairs-thailand-scaled.webp\" alt=\"Chakkraphong Saengmanee, vice-ministre des Affaires \u00e9trang\u00e8res de Tha\u00eflande\" width=\"2560\" height=\"1707\" srcset=\"https:\/\/www.newsendip.com\/wp-content\/uploads\/2023\/10\/minister-foreign-affairs-thailand-scaled.webp 2560w, https:\/\/www.newsendip.com\/wp-content\/uploads\/2023\/10\/minister-foreign-affairs-thailand-2048x1365.webp 2048w, https:\/\/www.newsendip.com\/wp-content\/uploads\/2023\/10\/minister-foreign-affairs-thailand-60x40.webp 60w, https:\/\/www.newsendip.com\/wp-content\/uploads\/2023\/10\/minister-foreign-affairs-thailand-720x480.webp 720w, https:\/\/www.newsendip.com\/wp-content\/uploads\/2023\/10\/minister-foreign-affairs-thailand-300x200.webp 300w, https:\/\/www.newsendip.com\/wp-content\/uploads\/2023\/10\/minister-foreign-affairs-thailand-768x512.webp 768w, https:\/\/www.newsendip.com\/wp-content\/uploads\/2023\/10\/minister-foreign-affairs-thailand-1024x683.webp 1024w, https:\/\/www.newsendip.com\/wp-content\/uploads\/2023\/10\/minister-foreign-affairs-thailand-1536x1024.webp 1536w\" sizes=\"(max-width: 2560px) 100vw, 2560px\"><figcaption id=\"caption-attachment-31780\" class=\"wp-caption-text\">Chakkraphong Saengmanee, vice-ministre des Affaires \u00e9trang\u00e8res de Tha\u00eflande, lors d\u2019une conf\u00e9rence de presse le 9 octobre sur le conflit entre Isra\u00ebl et le Hamas | \u00a9 Minist\u00e8re des Affaires \u00e9trang\u00e8res de Tha\u00eflande<\/figcaption><\/figure>\n<p><em>(article susceptible d\u2019\u00eatre mis \u00e0 jour avec de nouvelles informations)<\/em><\/p>\n<p>Le 7 octobre, le groupe islamiste palestinien Hamas a pris Isra\u00ebl par surprise en lan\u00e7ant des attaques terroristes qui ont tu\u00e9 au moins 750 personnes, dont plus de 260 lors d\u2019un festival de musique pr\u00e8s de la bande de&nbsp;Gaza.<\/p>\n<p>Le Hamas a \u00e9galement enlev\u00e9 plusieurs civils, entre 150 et 2000 selon Isra\u00ebl.<\/p>\n<p><a href=\"https:\/\/www.newsendip.com\/fr\/etiquette\/israel-fr\/\">Isra\u00ebl<\/a> a officiellement d\u00e9clar\u00e9 la guerre au Hamas et bombard\u00e9 Gaza, tuant plus de 500 personnes selon le minist\u00e8re palestinien de la sant\u00e9, ainsi que quatre \u00ab\u202f<em>prisonniers ennemis<\/em>\u202f\u00bb avec leurs ravisseurs, selon un porte-parole des brigades Al-Qassam, la branche militaire du Hamas, sur Telegram.<\/p>\n<p>Alors que la situation sur les otages reste encore tr\u00e8s floue, au moins une douzaine d\u2019entre eux sont \u00e9trangers.<\/p>\n<p>D\u2019apr\u00e8s les diverses informations collect\u00e9es par Newsendip, 21 ressortissants \u00e9trangers, incluant ceux ayant une double nationalit\u00e9, \u00e9taient consid\u00e9r\u00e9s comme des otages par le Hamas tandis qu\u2019au moins 71 \u00e9taient toujours port\u00e9s disparus et 68 autres \u00e9taient d\u00e9c\u00e9d\u00e9es au 11 octobre. Voici une vision ce que l\u2019on sait et ignore \u00e0 ce jour sur les potentiels otages de chaque pays&nbsp;:<\/p>\n<h2>Allemagne<\/h2>\n<p>Une Allemande, qui poss\u00e8de \u00e9galement la nationalit\u00e9 isra\u00e9lienne, a \u00e9t\u00e9 reconnue par sa m\u00e8re dans des vid\u00e9os diffus\u00e9es sur les r\u00e9seaux sociaux o\u00f9 l\u2019on peut voir son corps d\u00e9nud\u00e9 et immobile \u00e0 l\u2019arri\u00e8re d\u2019un pick-up entour\u00e9 de combattants arm\u00e9s. Elle a \u00e9t\u00e9 enlev\u00e9e alors qu\u2019elle participait au festival pr\u00e8s de Gaza, sans que l\u2019on sache ce qu\u2019elle est devenue. Mardi soir, sa m\u00e8re a dit \u00e0 <em>Bild<\/em> qu\u2019elle avait re\u00e7u des preuves que sa fille \u00e9tait vivante dans un h\u00f4pital de Gaza mais qu\u2019elle avait une grave blessure \u00e0 la t\u00eate et qu\u2019elle \u00e9tait dans un \u00e9tat critique.<\/p>\n<p>Le minist\u00e8re allemand des affaires \u00e9trang\u00e8res suppose que certains Allemands font partie des otages.<\/p>\n<h2>Argentine<\/h2>\n<p>Mardi <a href=\"https:\/\/twitter.com\/argenisrael\/status\/1711504026980782263\">le minist\u00e8re des affaires \u00e9trang\u00e8res<\/a> a confirm\u00e9 que 7 Argentins sont d\u00e9c\u00e9d\u00e9s dans les attaques et qu\u2019ils cherchaient toujours \u00e0 joindre 15 autres personnes.<\/p>\n<h2>Autriche<\/h2>\n<p>Le minist\u00e8re autrichien des affaires \u00e9trang\u00e8res a d\u00e9clar\u00e9 que 3 personnes ayant la double nationalit\u00e9 autrichienne et isra\u00e9lienne sont port\u00e9es disparues et pourraient avoir \u00eatre enlev\u00e9es.<\/p>\n<h2>Br\u00e9sil<\/h2>\n<p>Trois Br\u00e9siliens \u00e9taient port\u00e9s disparus mais le p\u00e8re d\u2019un aurait reconnu le corps sans vie de son fils. La famille d\u2019une \u00e9tudiante de 24 ans, qui vivait en Isra\u00ebl depuis 10 ans et poss\u00e9dait la double nationalit\u00e9, a confirm\u00e9 son&nbsp;d\u00e9c\u00e8s.<\/p>\n<p>Guit autres ont \u00e9t\u00e9 bless\u00e9s selon les autorit\u00e9s br\u00e9siliennes dimanche.<\/p>\n<p>Tous participaient au concert.<\/p>\n<h2>Cambodge<\/h2>\n<p>Un \u00e9tudiant cambodgien a \u00e9t\u00e9 tu\u00e9 le 7 octobre lors de combats. Le minist\u00e8re cambodgien des affaires \u00e9trang\u00e8res et de la coop\u00e9ration internationale a publi\u00e9 une d\u00e9claration&nbsp;: \u00ab\u202f<em>Le gouvernement est profond\u00e9ment attrist\u00e9 par la perte de notre citoyen et souhaite pr\u00e9senter ses condol\u00e9ances \u00e0 la famille.<\/em>\u202f\u00bb<\/p>\n<h2>Canada<\/h2>\n<p>Selon Irwin Cotler, ancien ministre de la justice du Canada, deux femmes isra\u00e9lo-canadiennes ont \u00e9t\u00e9 enlev\u00e9es par le Hamas. Vivian Silver est une militante pacifiste de Winnipeg et Adi Vital Kaploun est originaire d\u2019Ottawa. <a href=\"https:\/\/twitter.com\/IrwinCotler\/status\/1711226433039638575\">M. Cotler a tweet\u00e9<\/a> qu\u2019Adi Vital Kaploun avait \u00e9t\u00e9 enlev\u00e9e avec ses deux enfants, \u00e2g\u00e9s de quatre ans et de six mois, mais que les enfants avaient \u00e9t\u00e9 sauv\u00e9s.<\/p>\n<p>Selon Affaires mondiales Canada, l\u2019\u00e9quivalent du minist\u00e8re des affaires \u00e9trang\u00e8res, 1 419 Canadiens sont enregistr\u00e9s en Isra\u00ebl et 492 dans les territoires palestiniens de Cisjordanie et de la bande de&nbsp;Gaza.<\/p>\n<h2>Chili<\/h2>\n<p>Le <a href=\"https:\/\/twitter.com\/Minrel_Chile\/status\/1711873664969302459\">Chili a confirm\u00e9 la mort d\u2019une personne<\/a> de nationalit\u00e9 chilienne dans les attaques.<\/p>\n<p>Le gouvernement a \u00e9galement partag\u00e9 le d\u00e9c\u00e8s de trois personnes de nationalit\u00e9 isra\u00e9lienne avec des parents ou grand-parents chiliens, mais qui n\u2019avaient pas eux-m\u00eame la nationalit\u00e9 chilienne.<\/p>\n<h2>Espagne<\/h2>\n<p>Deux Espagnols sont port\u00e9s disparus. La justice espagnole mercredi a ouvert une enqu\u00eate sur la disparition d\u2019un couple \u2013 la femme n\u2019est pas espagnole \u2013 et d\u2019une jeune femme ayant la double nationalit\u00e9 et qui servait dans l\u2019arm\u00e9e isra\u00e9lienne lors des attaques.<\/p>\n<h2>\u00c9tats-Unis<\/h2>\n<p>Les autorit\u00e9s am\u00e9ricaines pensent qu\u2019un certain nombre d\u2019Am\u00e9ricains sont retenus en otage, mais elles tentent encore de confirmer les informations.<\/p>\n<p>Le <a href=\"https:\/\/twitter.com\/POTUS\/status\/1711491441086624169\">Pr\u00e9sident Joe Biden<\/a> a d\u00e9clar\u00e9 qu\u2019au moins 11 citoyens am\u00e9ricains \u00e9taient d\u00e9c\u00e9d\u00e9es dans les attaques.<\/p>\n<h2>France<\/h2>\n<p>Mercredi, la France a rapport\u00e9 que onze personnes sont mortes dans les attaques, et jeudi que quatre enfants faisaient partie des 17 personnes port\u00e9es disparues.<\/p>\n<p>Mardi soir, la France portait d\u00e9sormais le bilan des d\u00e9c\u00e8s \u00e0 huit personnes lors des attaques du Hamas. Le pays est \u00e9galement sans nouvelles de 20 compatriotes \u00ab\u202f<em>dont la situation est tr\u00e8s inqui\u00e9tante, et dont certains ont tr\u00e8s probablement \u00e9t\u00e9 enlev\u00e9s<\/em>\u202f\u00bb.<\/p>\n<p>Plus t\u00f4t dans la semaine, la <a href=\"https:\/\/www.diplomatie.gouv.fr\/fr\/dossiers-pays\/israel-territoires-palestiniens\/actualites-et-evenements\/2023\/article\/attaques-terroristes-en-israel-deces-d-un-deuxieme-ressortissant-francais-09-10\">France avait fait \u00e9tat<\/a> de la mort d\u2019une Fran\u00e7aise lors des attentats, et lundi du d\u00e9c\u00e8s d\u2019une deuxi\u00e8me personne suite aux attaques. Le minist\u00e8re des affaires \u00e9trang\u00e8res a annonc\u00e9 lundi soir qu\u2019il \u00e9tait sans nouvelles de 14 Fran\u00e7ais, dont un enfant de 12&nbsp;ans.<\/p>\n<p>Mardi, les autorit\u00e9s fran\u00e7aises ont \u00e9lev\u00e9 le nombre de d\u00e9c\u00e8s \u00e0 un total de 4 personnes, avec encore 13 personnes disparues.<\/p>\n<p><a href=\"https:\/\/twitter.com\/Meyer_Habib\/status\/1711312163619352961\">Meyer Habib<\/a>, d\u00e9put\u00e9 franco-isra\u00e9lien de la huiti\u00e8me circonscription des Fran\u00e7ais \u00e9tablis hors de France, ce qui inclut Isra\u00ebl, avait indiqu\u00e9 lundi qu\u2019un jeune homme de Bordeaux avait \u00e9t\u00e9 pris en otage par le Hamas. Il avait ajout\u00e9 que sept autres Fran\u00e7ais \u00e9taient port\u00e9s disparus ou retenus en&nbsp;otage.<\/p>\n<p>Environ 200 000 Fran\u00e7ais vivent en Isra\u00ebl.<\/p>\n<h2>Italie<\/h2>\n<p>L\u2019Italie est sans nouvelles depuis samedi de deux italiens, qui poss\u00e8dent la double nationalit\u00e9 avec Isra\u00ebl, selon le ministre des affaires \u00e9trang\u00e8res Antonion Tajani lundi&nbsp;soir.<\/p>\n<h2>Mexique<\/h2>\n<p>L\u2019<a href=\"https:\/\/twitter.com\/aliciabarcena\/status\/1711043488198926584\">ambassade du Mexique en Isra\u00ebl<\/a> a signal\u00e9 qu\u2019une femme et un homme mexicains auraient \u00e9t\u00e9 pris en otage par le Hamas samedi. Les autorit\u00e9s ont ouvert un formulaire d\u2019urgence pour venir en aide aux citoyens mexicains\u202f; 500 l\u2019ont d\u00e9j\u00e0 rempli.<\/p>\n<h2>N\u00e9pal<\/h2>\n<p>Le minist\u00e8re des affaires \u00e9trang\u00e8res du N\u00e9pal a fait \u00e9tat de dix morts et de quatre bless\u00e9s lors des attentats. Une personne n\u2019a pas pu \u00eatre jointe samedi.<\/p>\n<h2>P\u00e9rou<\/h2>\n<p>Le P\u00e9rou a confirm\u00e9 le d\u00e9c\u00e8s d\u2019une personne. Ayant la double nationalit\u00e9 p\u00e9ruvienne et isra\u00e9lienne, il faisait partie des forces arm\u00e9es isra\u00e9liennes et est d\u00e9c\u00e9d\u00e9 lors de combats contre le&nbsp;Hamas.<\/p>\n<p>Trois personnes sont manquantes. Il s\u2019agit de deux touristes et d\u2019une P\u00e9ruvienne-Isra\u00e9lienne qui vit en Isra\u00ebl.<\/p>\n<h2>Philippines<\/h2>\n<p>Cinq Philippins n\u2019ont toujours pas pu \u00eatre rejoints au 9 octobre, selon l\u2019ambassadeur des Philippines en Isra\u00ebl.<\/p>\n<p>Environ 30 000 Philippins vivent en Isra\u00ebl, mais la plupart d\u2019entre eux se trouvent loin de la fronti\u00e8re avec Gaza. De plus, 137 Philippins vivent \u00e0 Gaza et 25 d\u2019entre eux auraient demand\u00e9 \u00e0 l\u2019ambassade de Jordanie \u2013 la Jordanie travaille actuellement avec les Philippines sur le rapatriement d\u2019enfants philippins qui n\u2019avaient pas de passeport jordanien pour \u00eatre autoris\u00e9s \u00e0 quitter la Jordanie \u2013 d\u2019\u00eatre rapatri\u00e9s aux Philippines.<\/p>\n<h2>Royaume-Uni<\/h2>\n<p>Un Britannique de 26 ans, qui travaillait comme agent de s\u00e9curit\u00e9 au festival, a \u00e9t\u00e9 port\u00e9 disparu.<\/p>\n<h2>Russie<\/h2>\n<p>L\u2019ambassade de Russie en Isra\u00ebl lundi a signal\u00e9 la mort d\u2019une personne.<\/p>\n<p>Selon l\u2019ambassade de Russie en Isra\u00ebl mardi, cinq personnes sont officiellement port\u00e9es disparues. Au total, neuf personnes, r\u00e9sidents permanents ou touristes, sont pr\u00e9sum\u00e9es disparues ou n\u2019ont pu \u00eatre rejointes.<\/p>\n<h2>Tanzanie<\/h2>\n<p>L\u2019ambassade de Tanzanie en Isra\u00ebl est \u00e0 la recherche de deux \u00e9tudiants port\u00e9s disparus. L\u2019ambassadeur tanzanien, Alex Kallua, a d\u00e9clar\u00e9 que l\u2019ambassade s\u2019effor\u00e7ait d\u2019\u00e9tablir un contact avec environ 350 citoyens.<\/p>\n<h2>Tha\u00eflande<\/h2>\n<p>Le minist\u00e8re tha\u00eflandais des affaires \u00e9trang\u00e8res a indiqu\u00e9 mercredi que le Hamas avait pris 14 personnes en&nbsp;otage.<\/p>\n<p>La Tha\u00eflande a \u00e9galement d\u00e9clar\u00e9 que 20 Tha\u00eflandais avaient trouv\u00e9 la mort au cours des attaques, mais attendait toujours qu\u2019Isra\u00ebl confirme l\u2019information. Treizes personnes auraient \u00e9t\u00e9 bless\u00e9es.<\/p>\n<p>Les m\u00e9dias isra\u00e9liens avaient indiqu\u00e9 mardi que 11 otages travaillaient dans le secteur agricole, comme de nombreux autres travailleurs tha\u00eflandais en Isra\u00ebl, pr\u00e8s de la fronti\u00e8re de Gaza (enveloppe de&nbsp;Gaza).<\/p>\n<p>Parmi les 30 000 travailleurs tha\u00eflandais enregistr\u00e9s en Isra\u00ebl,1 437 ressortissants ont actuellement exprim\u00e9 leur souhait d\u2019\u00eatre rapatri\u00e9s en Tha\u00eflande et 23 personnes ont d\u00e9clar\u00e9 qu\u2019elles resteraient.<\/p>\n<h2>Ukraine<\/h2>\n<p>Le ministre ukrainien des affaires \u00e9trang\u00e8res, Oleg Nikolenko, a <a href=\"https:\/\/www.facebook.com\/oleg.nikolenko.50\/posts\/pfbid027czs8u9RCEGuDa7MraWmZfZ565KR98AFmrHBqFBFdkK23xDe1T5spZ3MDCJC1WyYl\">indiqu\u00e9 sur Facebook<\/a> mercredi que le nombre de victimes ukrainiennes s\u2019\u00e9levait \u00e0 3 citoyens. Neuf Ukrainiens ont \u00e9t\u00e9 bless\u00e9s et sont actuellement hospitalis\u00e9s. Six Ukrainiens sont port\u00e9s disparus, les diplomates sont \u00e0 leur recherche avec les forces de l\u2019ordre isra\u00e9liennes.<\/p>\n","protected":false},"excerpt":{"rendered":"<p>Entre 150 et 200 personnes auraient \u00e9t\u00e9 prises en otage par le Hamas lors de son attaque terroriste surprise en Isra\u00ebl samedi. Au moins une vingtaine d\u2019entre elles sont de nationalit\u00e9 \u00e9trang\u00e8re&nbsp;: la Tha\u00eflande a signal\u00e9 mercredi que quatorze de ses ressortissants avaient \u00e9t\u00e9 enlev\u00e9s. Le Hamas menace de tuer des otages en r\u00e9ponse aux bombardements isra\u00e9liens.<\/p>\n","protected":false},"author":1,"featured_media":31780,"comment_status":"closed","ping_status":"open","sticky":false,"template":"","format":"standard","meta":{"wp_typography_post_enhancements_disabled":false,"footnotes":""},"categories":[416],"tags":[485,421],"class_list":["post-31771","post","type-post","status-publish","format-standard","has-post-thumbnail","hentry","category-politique","tag-israel-fr","tag-vieux"],"yoast_head":"<!-- This site is optimized with the Yoast SEO Premium plugin v27.4 (Yoast SEO v27.4) - https:\/\/yoast.com\/product\/yoast-seo-premium-wordpress\/ -->\n<title>Au moins une douzaine d&#039;\u00e9trangers captur\u00e9s en Isra\u00ebl par le Hamas<\/title>\n<meta name=\"description\" content=\"Entre 150 et 200 personnes auraient \u00e9t\u00e9 prises en otage par le Hamas lors de son attaque terroriste surprise en Isra\u00ebl samedi. Au moins une vingtaine d&#039;entre elles sont de nationalit\u00e9 \u00e9trang\u00e8re : la Tha\u00eflande a signal\u00e9 mercredi que quatorze de ses ressortissants avaient \u00e9t\u00e9 enlev\u00e9s. Le Hamas menace de tuer des otages en r\u00e9ponse aux bombardements isra\u00e9liens.\" \/>\n<meta name=\"robots\" content=\"index, follow, max-snippet:-1, max-image-preview:large, max-video-preview:-1\" \/>\n<link rel=\"canonical\" href=\"https:\/\/www.newsendip.com\/fr\/au-moins-une-douzaine-detrangers-captures-en-israel-par-le-hamas\/\" \/>\n<meta property=\"og:locale\" content=\"fr_FR\" \/>\n<meta property=\"og:type\" content=\"article\" \/>\n<meta property=\"og:title\" content=\"Au moins une douzaine d&#039;\u00e9trangers captur\u00e9s en Isra\u00ebl par le Hamas\" \/>\n<meta property=\"og:description\" content=\"Entre 150 et 200 personnes auraient \u00e9t\u00e9 prises en otage par le Hamas lors de son attaque terroriste surprise en Isra\u00ebl samedi. Au moins une vingtaine d&#039;entre elles sont de nationalit\u00e9 \u00e9trang\u00e8re : la Tha\u00eflande a signal\u00e9 mercredi que quatorze de ses ressortissants avaient \u00e9t\u00e9 enlev\u00e9s. Le Hamas menace de tuer des otages en r\u00e9ponse aux bombardements isra\u00e9liens.\" \/>\n<meta property=\"og:url\" content=\"https:\/\/www.newsendip.com\/fr\/au-moins-une-douzaine-detrangers-captures-en-israel-par-le-hamas\/\" \/>\n<meta property=\"og:site_name\" content=\"Newsendip\" \/>\n<meta property=\"article:publisher\" content=\"https:\/\/www.facebook.com\/newsendip\" \/>\n<meta property=\"article:published_time\" content=\"2023-10-09T16:33:37+00:00\" \/>\n<meta property=\"article:modified_time\" content=\"2024-07-18T13:36:48+00:00\" \/>\n<meta property=\"og:image\" content=\"https:\/\/www.newsendip.com\/wp-content\/uploads\/2023\/10\/minister-foreign-affairs-thailand-scaled.jpeg\" \/>\n\t<meta property=\"og:image:width\" content=\"2560\" \/>\n\t<meta property=\"og:image:height\" content=\"1707\" \/>\n\t<meta property=\"og:image:type\" content=\"image\/jpeg\" \/>\n<meta name=\"author\" content=\"Cl\u00e9ment V\u00e9rit\u00e9\" \/>\n<meta name=\"twitter:card\" content=\"summary_large_image\" \/>\n<meta name=\"twitter:image\" content=\"https:\/\/www.newsendip.com\/wp-content\/uploads\/2023\/10\/minister-foreign-affairs-thailand-scaled.jpeg\" \/>\n<meta name=\"twitter:creator\" content=\"@https:\/\/twitter.com\/cverite\" \/>\n<meta name=\"twitter:site\" content=\"@newsendip\" \/>\n<meta name=\"twitter:label1\" content=\"\u00c9crit par\" \/>\n\t<meta name=\"twitter:data1\" content=\"Cl\u00e9ment V\u00e9rit\u00e9\" \/>\n\t<meta name=\"twitter:label2\" content=\"Dur\u00e9e de lecture estim\u00e9e\" \/>\n\t<meta name=\"twitter:data2\" content=\"7 minutes\" \/>\n<!-- \/ Yoast SEO Premium plugin. -->","yoast_head_json":{"title":"Au moins une douzaine d'\u00e9trangers captur\u00e9s en Isra\u00ebl par le Hamas","description":"Entre 150 et 200 personnes auraient \u00e9t\u00e9 prises en otage par le Hamas lors de son attaque terroriste surprise en Isra\u00ebl samedi. Au moins une vingtaine d'entre elles sont de nationalit\u00e9 \u00e9trang\u00e8re : la Tha\u00eflande a signal\u00e9 mercredi que quatorze de ses ressortissants avaient \u00e9t\u00e9 enlev\u00e9s. Le Hamas menace de tuer des otages en r\u00e9ponse aux bombardements isra\u00e9liens.","robots":{"index":"index","follow":"follow","max-snippet":"max-snippet:-1","max-image-preview":"max-image-preview:large","max-video-preview":"max-video-preview:-1"},"canonical":"https:\/\/www.newsendip.com\/fr\/au-moins-une-douzaine-detrangers-captures-en-israel-par-le-hamas\/","og_locale":"fr_FR","og_type":"article","og_title":"Au moins une douzaine d'\u00e9trangers captur\u00e9s en Isra\u00ebl par le Hamas","og_description":"Entre 150 et 200 personnes auraient \u00e9t\u00e9 prises en otage par le Hamas lors de son attaque terroriste surprise en Isra\u00ebl samedi. Au moins une vingtaine d'entre elles sont de nationalit\u00e9 \u00e9trang\u00e8re : la Tha\u00eflande a signal\u00e9 mercredi que quatorze de ses ressortissants avaient \u00e9t\u00e9 enlev\u00e9s. Le Hamas menace de tuer des otages en r\u00e9ponse aux bombardements isra\u00e9liens.","og_url":"https:\/\/www.newsendip.com\/fr\/au-moins-une-douzaine-detrangers-captures-en-israel-par-le-hamas\/","og_site_name":"Newsendip","article_publisher":"https:\/\/www.facebook.com\/newsendip","article_published_time":"2023-10-09T16:33:37+00:00","article_modified_time":"2024-07-18T13:36:48+00:00","og_image":[{"width":2560,"height":1707,"url":"https:\/\/www.newsendip.com\/wp-content\/uploads\/2023\/10\/minister-foreign-affairs-thailand-scaled.jpeg","type":"image\/jpeg"}],"author":"Cl\u00e9ment V\u00e9rit\u00e9","twitter_card":"summary_large_image","twitter_image":"https:\/\/www.newsendip.com\/wp-content\/uploads\/2023\/10\/minister-foreign-affairs-thailand-scaled.jpeg","twitter_creator":"@https:\/\/twitter.com\/cverite","twitter_site":"@newsendip","twitter_misc":{"\u00c9crit par":"Cl\u00e9ment V\u00e9rit\u00e9","Dur\u00e9e de lecture estim\u00e9e":"7 minutes"},"schema":{"@context":"https:\/\/schema.org","@graph":[{"@type":"NewsArticle","@id":"https:\/\/www.newsendip.com\/fr\/au-moins-une-douzaine-detrangers-captures-en-israel-par-le-hamas\/#article","isPartOf":{"@id":"https:\/\/www.newsendip.com\/fr\/au-moins-une-douzaine-detrangers-captures-en-israel-par-le-hamas\/"},"author":{"name":"Cl\u00e9ment V\u00e9rit\u00e9","@id":"https:\/\/www.newsendip.com\/fr\/#\/schema\/person\/ea22c01755f464a3cbc2c619584d6363"},"headline":"Au moins une douzaine d\u2019\u00e9trangers captur\u00e9s en Isra\u00ebl par le&nbsp;Hamas","datePublished":"2023-10-09T16:33:37+00:00","dateModified":"2024-07-18T13:36:48+00:00","mainEntityOfPage":{"@id":"https:\/\/www.newsendip.com\/fr\/au-moins-une-douzaine-detrangers-captures-en-israel-par-le-hamas\/"},"wordCount":1650,"publisher":{"@id":"https:\/\/www.newsendip.com\/fr\/#organization"},"image":{"@id":"https:\/\/www.newsendip.com\/fr\/au-moins-une-douzaine-detrangers-captures-en-israel-par-le-hamas\/#primaryimage"},"thumbnailUrl":"https:\/\/www.newsendip.com\/wp-content\/uploads\/2023\/10\/minister-foreign-affairs-thailand-scaled.webp","keywords":["Isra\u00ebl","Vieux"],"articleSection":["Politique"],"inLanguage":"fr-FR","copyrightYear":"2023","copyrightHolder":{"@id":"https:\/\/www.newsendip.com\/#organization"}},{"@type":"WebPage","@id":"https:\/\/www.newsendip.com\/fr\/au-moins-une-douzaine-detrangers-captures-en-israel-par-le-hamas\/","url":"https:\/\/www.newsendip.com\/fr\/au-moins-une-douzaine-detrangers-captures-en-israel-par-le-hamas\/","name":"Au moins une douzaine d'\u00e9trangers captur\u00e9s en Isra\u00ebl par le Hamas","isPartOf":{"@id":"https:\/\/www.newsendip.com\/fr\/#website"},"primaryImageOfPage":{"@id":"https:\/\/www.newsendip.com\/fr\/au-moins-une-douzaine-detrangers-captures-en-israel-par-le-hamas\/#primaryimage"},"image":{"@id":"https:\/\/www.newsendip.com\/fr\/au-moins-une-douzaine-detrangers-captures-en-israel-par-le-hamas\/#primaryimage"},"thumbnailUrl":"https:\/\/www.newsendip.com\/wp-content\/uploads\/2023\/10\/minister-foreign-affairs-thailand-scaled.webp","datePublished":"2023-10-09T16:33:37+00:00","dateModified":"2024-07-18T13:36:48+00:00","description":"Entre 150 et 200 personnes auraient \u00e9t\u00e9 prises en otage par le Hamas lors de son attaque terroriste surprise en Isra\u00ebl samedi. Au moins une vingtaine d'entre elles sont de nationalit\u00e9 \u00e9trang\u00e8re : la Tha\u00eflande a signal\u00e9 mercredi que quatorze de ses ressortissants avaient \u00e9t\u00e9 enlev\u00e9s. Le Hamas menace de tuer des otages en r\u00e9ponse aux bombardements isra\u00e9liens.","breadcrumb":{"@id":"https:\/\/www.newsendip.com\/fr\/au-moins-une-douzaine-detrangers-captures-en-israel-par-le-hamas\/#breadcrumb"},"inLanguage":"fr-FR","potentialAction":[{"@type":"ReadAction","target":["https:\/\/www.newsendip.com\/fr\/au-moins-une-douzaine-detrangers-captures-en-israel-par-le-hamas\/"]}]},{"@type":"ImageObject","inLanguage":"fr-FR","@id":"https:\/\/www.newsendip.com\/fr\/au-moins-une-douzaine-detrangers-captures-en-israel-par-le-hamas\/#primaryimage","url":"https:\/\/www.newsendip.com\/wp-content\/uploads\/2023\/10\/minister-foreign-affairs-thailand-scaled.webp","contentUrl":"https:\/\/www.newsendip.com\/wp-content\/uploads\/2023\/10\/minister-foreign-affairs-thailand-scaled.webp","width":2560,"height":1707,"caption":"Chakkraphong Saengmanee, vice-ministre des Affaires \u00e9trang\u00e8res de Tha\u00eflande, lors d'une conf\u00e9rence de presse le 9 octobre sur le conflit entre Isra\u00ebl et le Hamas | \u00a9 Minist\u00e8re des Affaires \u00e9trang\u00e8res de Tha\u00eflande"},{"@type":"BreadcrumbList","@id":"https:\/\/www.newsendip.com\/fr\/au-moins-une-douzaine-detrangers-captures-en-israel-par-le-hamas\/#breadcrumb","itemListElement":[{"@type":"ListItem","position":1,"name":"Accueil","item":"https:\/\/www.newsendip.com\/fr\/"},{"@type":"ListItem","position":2,"name":"Au moins une douzaine d&#8217;\u00e9trangers captur\u00e9s en Isra\u00ebl par le Hamas"}]},{"@type":"WebSite","@id":"https:\/\/www.newsendip.com\/fr\/#website","url":"https:\/\/www.newsendip.com\/fr\/","name":"Newsendip","description":"Red\u00e9couvrez l&#039;actualit\u00e9 internationale","publisher":{"@id":"https:\/\/www.newsendip.com\/fr\/#organization"},"potentialAction":[{"@type":"SearchAction","target":{"@type":"EntryPoint","urlTemplate":"https:\/\/www.newsendip.com\/fr\/?s={search_term_string}"},"query-input":{"@type":"PropertyValueSpecification","valueRequired":true,"valueName":"search_term_string"}}],"inLanguage":"fr-FR"},{"@type":"Organization","@id":"https:\/\/www.newsendip.com\/fr\/#organization","name":"Newsendip","url":"https:\/\/www.newsendip.com\/fr\/","logo":{"@type":"ImageObject","inLanguage":"fr-FR","@id":"https:\/\/www.newsendip.com\/fr\/#\/schema\/logo\/image\/","url":"https:\/\/www.newsendip.com\/wp-content\/uploads\/2023\/12\/512x512.svg","contentUrl":"https:\/\/www.newsendip.com\/wp-content\/uploads\/2023\/12\/512x512.svg","width":1,"height":1,"caption":"Newsendip"},"image":{"@id":"https:\/\/www.newsendip.com\/fr\/#\/schema\/logo\/image\/"},"sameAs":["https:\/\/www.facebook.com\/newsendip","https:\/\/x.com\/newsendip","https:\/\/mastodon.social\/@newsendip","https:\/\/www.linkedin.com\/company\/newsendip"],"description":"Newsendip est un site qui a pour mission de rendre l'actualit\u00e9 internationale accessible et diversifi\u00e9e","email":"contact@newsendip.com","legalName":"Newsendip SAS","foundingDate":"2022-11-04","vatID":"FR60921124723","numberOfEmployees":{"@type":"QuantitativeValue","minValue":"1","maxValue":"10"},"publishingPrinciples":"https:\/\/www.newsendip.com\/about-us\/","ownershipFundingInfo":"https:\/\/www.newsendip.com\/legal-notice\/","actionableFeedbackPolicy":"https:\/\/www.newsendip.com\/about-us\/","correctionsPolicy":"https:\/\/www.newsendip.com\/about-us\/","ethicsPolicy":"https:\/\/www.newsendip.com\/about-us\/","diversityPolicy":"https:\/\/www.newsendip.com\/about-us\/"},{"@type":"Person","@id":"https:\/\/www.newsendip.com\/fr\/#\/schema\/person\/ea22c01755f464a3cbc2c619584d6363","name":"Cl\u00e9ment V\u00e9rit\u00e9","description":"Cl\u00e9ment is the executive editor and founder of Newsendip. He started in the media industry as a freelance reporter at 16 for a local French newspaper after school and has never left it. He later worked for seven years at The New York Times, notably as a data analyst. He holds a Master of Management in France and a Master of Arts in the United Kingdom in International Marketing &amp; Communications Strategy. He has lived in France, the United Kingdom, and Italy.","sameAs":["https:\/\/www.newsendip.com\/","https:\/\/www.linkedin.com\/in\/clementverite\/","https:\/\/x.com\/https:\/\/twitter.com\/cverite"],"knowsAbout":["News","International","Business","Media monitoring"],"knowsLanguage":["English","French","Italian","Spanish"],"url":"https:\/\/www.newsendip.com\/fr\/author\/clement-verite\/"}]}},"_links":{"self":[{"href":"https:\/\/www.newsendip.com\/fr\/wp-json\/wp\/v2\/posts\/31771","targetHints":{"allow":["GET"]}}],"collection":[{"href":"https:\/\/www.newsendip.com\/fr\/wp-json\/wp\/v2\/posts"}],"about":[{"href":"https:\/\/www.newsendip.com\/fr\/wp-json\/wp\/v2\/types\/post"}],"author":[{"embeddable":true,"href":"https:\/\/www.newsendip.com\/fr\/wp-json\/wp\/v2\/users\/1"}],"replies":[{"embeddable":true,"href":"https:\/\/www.newsendip.com\/fr\/wp-json\/wp\/v2\/comments?post=31771"}],"version-history":[{"count":0,"href":"https:\/\/www.newsendip.com\/fr\/wp-json\/wp\/v2\/posts\/31771\/revisions"}],"wp:featuredmedia":[{"embeddable":true,"href":"https:\/\/www.newsendip.com\/fr\/wp-json\/wp\/v2\/media\/31780"}],"wp:attachment":[{"href":"https:\/\/www.newsendip.com\/fr\/wp-json\/wp\/v2\/media?parent=31771"}],"wp:term":[{"taxonomy":"category","embeddable":true,"href":"https:\/\/www.newsendip.com\/fr\/wp-json\/wp\/v2\/categories?post=31771"},{"taxonomy":"post_tag","embeddable":true,"href":"https:\/\/www.newsendip.com\/fr\/wp-json\/wp\/v2\/tags?post=31771"}],"curies":[{"name":"wp","href":"https:\/\/api.w.org\/{rel}","templated":true}]}}