{"id":31900,"date":"2023-10-10T18:04:50","date_gmt":"2023-10-10T16:04:50","guid":{"rendered":"https:\/\/www.newsendip.com\/?p=31900"},"modified":"2023-11-24T12:04:47","modified_gmt":"2023-11-24T11:04:47","slug":"en-republique-tcheque-le-droit-a-loubli-pour-les-gueris-du-cancer","status":"publish","type":"post","link":"https:\/\/www.newsendip.com\/fr\/en-republique-tcheque-le-droit-a-loubli-pour-les-gueris-du-cancer\/","title":{"rendered":"En R\u00e9publique tch\u00e8que, le droit \u00e0 l\u2019oubli pour les gu\u00e9ris du cancer"},"content":{"rendered":"<p><strong>La R\u00e9publique tch\u00e8que s\u2019est mise d\u2019accord avec les compagnies d\u2019assurance sur une l\u00e9gislation visant \u00e0 accorder le droit \u00e0 l\u2019oubli aux personnes gu\u00e9ries d\u2019un cancer. Elles ne se verront pas refuser une assurance ou ne devront pas payer plus cher parce qu\u2019elles ont lutt\u00e9 contre le cancer au-del\u00e0 de sept ans pour la plupart des situations.<\/strong><\/p>\n<figure id=\"attachment_30444\" aria-describedby=\"caption-attachment-30444\" style=\"width: 1024px\" class=\"wp-caption aligncenter\"><img decoding=\"async\" class=\"wp-image-30444 size-large\" src=\"https:\/\/www.newsendip.com\/wp-content\/uploads\/2023\/09\/women-surgeon-healthcare-1024x683.webp\" alt=\"Chirurgienne\" width=\"1024\" height=\"683\" srcset=\"https:\/\/www.newsendip.com\/wp-content\/uploads\/2023\/09\/women-surgeon-healthcare-1024x683.webp 1024w, https:\/\/www.newsendip.com\/wp-content\/uploads\/2023\/09\/women-surgeon-healthcare-60x40.webp 60w, https:\/\/www.newsendip.com\/wp-content\/uploads\/2023\/09\/women-surgeon-healthcare-720x480.webp 720w, https:\/\/www.newsendip.com\/wp-content\/uploads\/2023\/09\/women-surgeon-healthcare-300x200.webp 300w, https:\/\/www.newsendip.com\/wp-content\/uploads\/2023\/09\/women-surgeon-healthcare-768x512.webp 768w, https:\/\/www.newsendip.com\/wp-content\/uploads\/2023\/09\/women-surgeon-healthcare-1536x1024.webp 1536w, https:\/\/www.newsendip.com\/wp-content\/uploads\/2023\/09\/women-surgeon-healthcare.webp 1920w\" sizes=\"(max-width: 1024px) 100vw, 1024px\"><figcaption id=\"caption-attachment-30444\" class=\"wp-caption-text\">Illustration | \u00a9 Artur Tumasjan<\/figcaption><\/figure>\n<p>Le <a href=\"https:\/\/www.mzcr.cz\/tiskove-centrum-mz\/vyleceni-onkologicti-pacienti-budou-mit-rovny-pristup-k-financnim-sluzbam-na-pravu-byt-zapomenut-se-shodli-zastupci-ministerstva-zdravotnictvi-pacientskych-organizaci-i-financniho\/\">minist\u00e8re tch\u00e8que de la sant\u00e9<\/a> a annonc\u00e9 que les patients gu\u00e9ris d\u2019un cancer b\u00e9n\u00e9ficieront du \u00ab\u202fdroit \u00e0 l\u2019oubli\u202f\u00bb, ce qui signifie qu\u2019ils ne pourront pas se voir refuser une assurance ou payer des frais suppl\u00e9mentaires parce qu\u2019ils ont eu un cancer apr\u00e8s quelques ann\u00e9es. Apr\u00e8s cette p\u00e9riode, \u00ab\u202f<em>les patients seront prot\u00e9g\u00e9s comme s\u2019ils n\u2019avaient jamais eu la maladie<\/em>\u202f\u00bb, selon <a href=\"https:\/\/www.newsendip.com\/fr\/le-gouvernement-tcheque-revient-sur-le-doublement-des-heures-supplementaires-des-medecins-a-lhopital\/\">le ministre de la sant\u00e9<\/a> Vlastimil V\u00e1lek.<\/p>\n<p>Le minist\u00e8re de la sant\u00e9, le Comit\u00e9 des patients en oncologie et l\u2019Association des compagnies d\u2019assurance tch\u00e8ques ont r\u00e9ussi \u00e0 se mettre d\u2019accord sur une l\u00e9gislation selon laquelle ces derni\u00e8res \u00ab\u202f<em>ne prendront pas en compte les anciennes maladies apr\u00e8s sept ans pour la plupart des diagnostics oncologiques<\/em>\u202f\u00bb, selon son directeur ex\u00e9cutif, Jan Matou\u0161ek. Toutefois, il n\u2019est pas clairement d\u00e9fini quels sont les \u00ab\u202f<em>diagnostics oncologiques<\/em>\u202f\u00bb inclus dans le droit \u00e0 l\u2019oubli apr\u00e8s les sept ann\u00e9es \u00e0 ce&nbsp;stade.<\/p>\n<p>D\u2019autres \u00c9tats membres de l\u2019Union europ\u00e9enne, comme la France, la Belgique, le Luxembourg, les Pays-Bas, le Portugal et la Roumanie, ont adopt\u00e9 une politique de droit \u00e0 l\u2019oubli pour les <a href=\"https:\/\/www.newsendip.com\/fr\/aux-pays-bas-un-neerlandais-sur-deux-risque-detre-atteint-dun-cancer-dans-sa-vie\/\">survivants du cancer<\/a>. Ils repoussent pour la plupart le seuil de l\u2019oubli \u00e0 10 ans au maximum pour les compagnies d\u2019assurance (la limite est de cinq ans en France).<\/p>\n<p>Le mois dernier, le <a href=\"https:\/\/www.europarl.europa.eu\/news\/en\/press-room\/20230911IPR04902\/meps-adopted-new-rules-protecting-consumers-from-taking-on-too-much-debt\">Parlement europ\u00e9en a adopt\u00e9 une directive<\/a> pour prot\u00e9ger les personnes gu\u00e9ries d\u2019un cancer et qui demandent un cr\u00e9dit pour lequel une assurance est requise. Ces personnes auront le droit d\u2019\u00eatre oubli\u00e9es apr\u00e8s un certain temps afin que leur ancienne maladie n\u2019affecte pas les taux d\u2019assurance.<\/p>\n<p>Les \u00c9tats membres devront adopter d\u2019ici 2025 une loi exigeant que les polices d\u2019assurance ne soient pas bas\u00e9es sur les donn\u00e9es de sant\u00e9 des consommateurs pendant une p\u00e9riode qui ne devrait pas d\u00e9passer 15 ans, \u00e0 compter de la fin du traitement m\u00e9dical. Cette loi devrait \u00eatre appliqu\u00e9e au plus tard trois ans apr\u00e8s l\u2019entr\u00e9e en vigueur de la directive europ\u00e9enne.<\/p>\n<p><a href=\"https:\/\/www.newsendip.com\/fr\/etiquette\/republique-tcheque\/\"><strong>D\u00e9couvrez plus d\u2019actualit\u00e9s sur la R\u00e9publique tch\u00e8que<\/strong><\/a><\/p>\n","protected":false},"excerpt":{"rendered":"<p>La R\u00e9publique tch\u00e8que s\u2019est mise d\u2019accord avec les compagnies d\u2019assurance sur une l\u00e9gislation visant \u00e0 accorder le droit \u00e0 l\u2019oubli aux personnes gu\u00e9ries d\u2019un cancer. Elles ne se verront pas refuser une assurance ou ne devront pas payer plus cher parce qu\u2019elles ont lutt\u00e9 contre le cancer au-del\u00e0 de sept ans pour la plupart des situations.<\/p>\n","protected":false},"author":226,"featured_media":30444,"comment_status":"closed","ping_status":"open","sticky":false,"template":"","format":"standard","meta":{"wp_typography_post_enhancements_disabled":false,"footnotes":""},"categories":[412],"tags":[1334,437],"class_list":["post-31900","post","type-post","status-publish","format-standard","has-post-thumbnail","hentry","category-sciences-et-sante","tag-nouveau","tag-republique-tcheque"],"yoast_head":"<!-- This site is optimized with the Yoast SEO Premium plugin v27.4 (Yoast SEO v27.4) - https:\/\/yoast.com\/product\/yoast-seo-premium-wordpress\/ -->\n<title>En R\u00e9publique tch\u00e8que, le droit \u00e0 l&#039;oubli pour les gu\u00e9ris du cancer<\/title>\n<meta name=\"description\" content=\"La R\u00e9publique tch\u00e8que s&#039;est mise d&#039;accord avec les compagnies d&#039;assurance sur une l\u00e9gislation visant \u00e0 accorder le droit \u00e0 l&#039;oubli aux personnes gu\u00e9ries d&#039;un cancer. Elles ne se verront pas refuser une assurance ou ne devront pas payer plus cher parce qu&#039;elles ont lutt\u00e9 contre le cancer au-del\u00e0 de sept ans pour la plupart des situations.\" \/>\n<meta name=\"robots\" content=\"index, follow, max-snippet:-1, max-image-preview:large, max-video-preview:-1\" \/>\n<link rel=\"canonical\" href=\"https:\/\/www.newsendip.com\/fr\/en-republique-tcheque-le-droit-a-loubli-pour-les-gueris-du-cancer\/\" \/>\n<meta property=\"og:locale\" content=\"fr_FR\" \/>\n<meta property=\"og:type\" content=\"article\" \/>\n<meta property=\"og:title\" content=\"En R\u00e9publique tch\u00e8que, le droit \u00e0 l&#039;oubli pour les gu\u00e9ris du cancer\" \/>\n<meta property=\"og:description\" content=\"La R\u00e9publique tch\u00e8que s&#039;est mise d&#039;accord avec les compagnies d&#039;assurance sur une l\u00e9gislation visant \u00e0 accorder le droit \u00e0 l&#039;oubli aux personnes gu\u00e9ries d&#039;un cancer. Elles ne se verront pas refuser une assurance ou ne devront pas payer plus cher parce qu&#039;elles ont lutt\u00e9 contre le cancer au-del\u00e0 de sept ans pour la plupart des situations.\" \/>\n<meta property=\"og:url\" content=\"https:\/\/www.newsendip.com\/fr\/en-republique-tcheque-le-droit-a-loubli-pour-les-gueris-du-cancer\/\" \/>\n<meta property=\"og:site_name\" content=\"Newsendip\" \/>\n<meta property=\"article:publisher\" content=\"https:\/\/www.facebook.com\/newsendip\" \/>\n<meta property=\"article:published_time\" content=\"2023-10-10T16:04:50+00:00\" \/>\n<meta property=\"article:modified_time\" content=\"2023-11-24T11:04:47+00:00\" \/>\n<meta property=\"og:image\" content=\"https:\/\/www.newsendip.com\/wp-content\/uploads\/2023\/09\/women-surgeon-healthcare.jpeg\" \/>\n\t<meta property=\"og:image:width\" content=\"1920\" \/>\n\t<meta property=\"og:image:height\" content=\"1280\" \/>\n\t<meta property=\"og:image:type\" content=\"image\/jpeg\" \/>\n<meta name=\"author\" content=\"Alexander Saraff Marcos\" \/>\n<meta name=\"twitter:card\" content=\"summary_large_image\" \/>\n<meta name=\"twitter:image\" content=\"https:\/\/www.newsendip.com\/wp-content\/uploads\/2023\/09\/women-surgeon-healthcare.jpeg\" \/>\n<meta name=\"twitter:creator\" content=\"@https:\/\/twitter.com\/AlexanderSaraff\" \/>\n<meta name=\"twitter:site\" content=\"@newsendip\" \/>\n<meta name=\"twitter:label1\" content=\"\u00c9crit par\" \/>\n\t<meta name=\"twitter:data1\" content=\"Alexander Saraff Marcos\" \/>\n\t<meta name=\"twitter:label2\" content=\"Dur\u00e9e de lecture estim\u00e9e\" \/>\n\t<meta name=\"twitter:data2\" content=\"2 minutes\" \/>\n<!-- \/ Yoast SEO Premium plugin. -->","yoast_head_json":{"title":"En R\u00e9publique tch\u00e8que, le droit \u00e0 l'oubli pour les gu\u00e9ris du cancer","description":"La R\u00e9publique tch\u00e8que s'est mise d'accord avec les compagnies d'assurance sur une l\u00e9gislation visant \u00e0 accorder le droit \u00e0 l'oubli aux personnes gu\u00e9ries d'un cancer. Elles ne se verront pas refuser une assurance ou ne devront pas payer plus cher parce qu'elles ont lutt\u00e9 contre le cancer au-del\u00e0 de sept ans pour la plupart des situations.","robots":{"index":"index","follow":"follow","max-snippet":"max-snippet:-1","max-image-preview":"max-image-preview:large","max-video-preview":"max-video-preview:-1"},"canonical":"https:\/\/www.newsendip.com\/fr\/en-republique-tcheque-le-droit-a-loubli-pour-les-gueris-du-cancer\/","og_locale":"fr_FR","og_type":"article","og_title":"En R\u00e9publique tch\u00e8que, le droit \u00e0 l'oubli pour les gu\u00e9ris du cancer","og_description":"La R\u00e9publique tch\u00e8que s'est mise d'accord avec les compagnies d'assurance sur une l\u00e9gislation visant \u00e0 accorder le droit \u00e0 l'oubli aux personnes gu\u00e9ries d'un cancer. Elles ne se verront pas refuser une assurance ou ne devront pas payer plus cher parce qu'elles ont lutt\u00e9 contre le cancer au-del\u00e0 de sept ans pour la plupart des situations.","og_url":"https:\/\/www.newsendip.com\/fr\/en-republique-tcheque-le-droit-a-loubli-pour-les-gueris-du-cancer\/","og_site_name":"Newsendip","article_publisher":"https:\/\/www.facebook.com\/newsendip","article_published_time":"2023-10-10T16:04:50+00:00","article_modified_time":"2023-11-24T11:04:47+00:00","og_image":[{"width":1920,"height":1280,"url":"https:\/\/www.newsendip.com\/wp-content\/uploads\/2023\/09\/women-surgeon-healthcare.jpeg","type":"image\/jpeg"}],"author":"Alexander Saraff Marcos","twitter_card":"summary_large_image","twitter_image":"https:\/\/www.newsendip.com\/wp-content\/uploads\/2023\/09\/women-surgeon-healthcare.jpeg","twitter_creator":"@https:\/\/twitter.com\/AlexanderSaraff","twitter_site":"@newsendip","twitter_misc":{"\u00c9crit par":"Alexander Saraff Marcos","Dur\u00e9e de lecture estim\u00e9e":"2 minutes"},"schema":{"@context":"https:\/\/schema.org","@graph":[{"@type":"NewsArticle","@id":"https:\/\/www.newsendip.com\/fr\/en-republique-tcheque-le-droit-a-loubli-pour-les-gueris-du-cancer\/#article","isPartOf":{"@id":"https:\/\/www.newsendip.com\/fr\/en-republique-tcheque-le-droit-a-loubli-pour-les-gueris-du-cancer\/"},"author":{"name":"Alexander Saraff Marcos","@id":"https:\/\/www.newsendip.com\/fr\/#\/schema\/person\/e3467cf4a38ff8f5b92c83c7422ae321"},"headline":"En R\u00e9publique tch\u00e8que, le droit \u00e0 l\u2019oubli pour les gu\u00e9ris du cancer","datePublished":"2023-10-10T16:04:50+00:00","dateModified":"2023-11-24T11:04:47+00:00","mainEntityOfPage":{"@id":"https:\/\/www.newsendip.com\/fr\/en-republique-tcheque-le-droit-a-loubli-pour-les-gueris-du-cancer\/"},"wordCount":467,"publisher":{"@id":"https:\/\/www.newsendip.com\/fr\/#organization"},"image":{"@id":"https:\/\/www.newsendip.com\/fr\/en-republique-tcheque-le-droit-a-loubli-pour-les-gueris-du-cancer\/#primaryimage"},"thumbnailUrl":"https:\/\/www.newsendip.com\/wp-content\/uploads\/2023\/09\/women-surgeon-healthcare.webp","keywords":["R\u00e9cent","R\u00e9publique tch\u00e8que"],"articleSection":["Sciences et sant\u00e9"],"inLanguage":"fr-FR","copyrightYear":"2023","copyrightHolder":{"@id":"https:\/\/www.newsendip.com\/#organization"}},{"@type":"WebPage","@id":"https:\/\/www.newsendip.com\/fr\/en-republique-tcheque-le-droit-a-loubli-pour-les-gueris-du-cancer\/","url":"https:\/\/www.newsendip.com\/fr\/en-republique-tcheque-le-droit-a-loubli-pour-les-gueris-du-cancer\/","name":"En R\u00e9publique tch\u00e8que, le droit \u00e0 l'oubli pour les gu\u00e9ris du cancer","isPartOf":{"@id":"https:\/\/www.newsendip.com\/fr\/#website"},"primaryImageOfPage":{"@id":"https:\/\/www.newsendip.com\/fr\/en-republique-tcheque-le-droit-a-loubli-pour-les-gueris-du-cancer\/#primaryimage"},"image":{"@id":"https:\/\/www.newsendip.com\/fr\/en-republique-tcheque-le-droit-a-loubli-pour-les-gueris-du-cancer\/#primaryimage"},"thumbnailUrl":"https:\/\/www.newsendip.com\/wp-content\/uploads\/2023\/09\/women-surgeon-healthcare.webp","datePublished":"2023-10-10T16:04:50+00:00","dateModified":"2023-11-24T11:04:47+00:00","description":"La R\u00e9publique tch\u00e8que s'est mise d'accord avec les compagnies d'assurance sur une l\u00e9gislation visant \u00e0 accorder le droit \u00e0 l'oubli aux personnes gu\u00e9ries d'un cancer. Elles ne se verront pas refuser une assurance ou ne devront pas payer plus cher parce qu'elles ont lutt\u00e9 contre le cancer au-del\u00e0 de sept ans pour la plupart des situations.","breadcrumb":{"@id":"https:\/\/www.newsendip.com\/fr\/en-republique-tcheque-le-droit-a-loubli-pour-les-gueris-du-cancer\/#breadcrumb"},"inLanguage":"fr-FR","potentialAction":[{"@type":"ReadAction","target":["https:\/\/www.newsendip.com\/fr\/en-republique-tcheque-le-droit-a-loubli-pour-les-gueris-du-cancer\/"]}]},{"@type":"ImageObject","inLanguage":"fr-FR","@id":"https:\/\/www.newsendip.com\/fr\/en-republique-tcheque-le-droit-a-loubli-pour-les-gueris-du-cancer\/#primaryimage","url":"https:\/\/www.newsendip.com\/wp-content\/uploads\/2023\/09\/women-surgeon-healthcare.webp","contentUrl":"https:\/\/www.newsendip.com\/wp-content\/uploads\/2023\/09\/women-surgeon-healthcare.webp","width":1920,"height":1280,"caption":"Illustration | \u00a9 Artur Tumasjan"},{"@type":"BreadcrumbList","@id":"https:\/\/www.newsendip.com\/fr\/en-republique-tcheque-le-droit-a-loubli-pour-les-gueris-du-cancer\/#breadcrumb","itemListElement":[{"@type":"ListItem","position":1,"name":"Accueil","item":"https:\/\/www.newsendip.com\/fr\/"},{"@type":"ListItem","position":2,"name":"En R\u00e9publique tch\u00e8que, le droit \u00e0 l\u2019oubli pour les gu\u00e9ris du cancer"}]},{"@type":"WebSite","@id":"https:\/\/www.newsendip.com\/fr\/#website","url":"https:\/\/www.newsendip.com\/fr\/","name":"Newsendip","description":"Red\u00e9couvrez l&#039;actualit\u00e9 internationale","publisher":{"@id":"https:\/\/www.newsendip.com\/fr\/#organization"},"potentialAction":[{"@type":"SearchAction","target":{"@type":"EntryPoint","urlTemplate":"https:\/\/www.newsendip.com\/fr\/?s={search_term_string}"},"query-input":{"@type":"PropertyValueSpecification","valueRequired":true,"valueName":"search_term_string"}}],"inLanguage":"fr-FR"},{"@type":"Organization","@id":"https:\/\/www.newsendip.com\/fr\/#organization","name":"Newsendip","url":"https:\/\/www.newsendip.com\/fr\/","logo":{"@type":"ImageObject","inLanguage":"fr-FR","@id":"https:\/\/www.newsendip.com\/fr\/#\/schema\/logo\/image\/","url":"https:\/\/www.newsendip.com\/wp-content\/uploads\/2023\/12\/512x512.svg","contentUrl":"https:\/\/www.newsendip.com\/wp-content\/uploads\/2023\/12\/512x512.svg","width":1,"height":1,"caption":"Newsendip"},"image":{"@id":"https:\/\/www.newsendip.com\/fr\/#\/schema\/logo\/image\/"},"sameAs":["https:\/\/www.facebook.com\/newsendip","https:\/\/x.com\/newsendip","https:\/\/mastodon.social\/@newsendip","https:\/\/www.linkedin.com\/company\/newsendip"],"description":"Newsendip est un site qui a pour mission de rendre l'actualit\u00e9 internationale accessible et diversifi\u00e9e","email":"contact@newsendip.com","legalName":"Newsendip SAS","foundingDate":"2022-11-04","vatID":"FR60921124723","numberOfEmployees":{"@type":"QuantitativeValue","minValue":"1","maxValue":"10"},"publishingPrinciples":"https:\/\/www.newsendip.com\/about-us\/","ownershipFundingInfo":"https:\/\/www.newsendip.com\/legal-notice\/","actionableFeedbackPolicy":"https:\/\/www.newsendip.com\/about-us\/","correctionsPolicy":"https:\/\/www.newsendip.com\/about-us\/","ethicsPolicy":"https:\/\/www.newsendip.com\/about-us\/","diversityPolicy":"https:\/\/www.newsendip.com\/about-us\/"},{"@type":"Person","@id":"https:\/\/www.newsendip.com\/fr\/#\/schema\/person\/e3467cf4a38ff8f5b92c83c7422ae321","name":"Alexander Saraff Marcos","description":"Alexander is a writer for Newsendip. He is a dual citizen of the United States and Spain and lives between Spain and France. He graduated from the University of Pittsburgh with a major in philosophy and a minor in French. He loves watching e-sport on his spare time.","sameAs":["https:\/\/www.linkedin.com\/in\/alexander-saraff-b132bb226\/","https:\/\/x.com\/https:\/\/twitter.com\/AlexanderSaraff"],"knowsAbout":["News"],"knowsLanguage":["English","Spanish","French"],"url":"https:\/\/www.newsendip.com\/fr\/author\/alexander-saraff\/"}]}},"_links":{"self":[{"href":"https:\/\/www.newsendip.com\/fr\/wp-json\/wp\/v2\/posts\/31900","targetHints":{"allow":["GET"]}}],"collection":[{"href":"https:\/\/www.newsendip.com\/fr\/wp-json\/wp\/v2\/posts"}],"about":[{"href":"https:\/\/www.newsendip.com\/fr\/wp-json\/wp\/v2\/types\/post"}],"author":[{"embeddable":true,"href":"https:\/\/www.newsendip.com\/fr\/wp-json\/wp\/v2\/users\/226"}],"replies":[{"embeddable":true,"href":"https:\/\/www.newsendip.com\/fr\/wp-json\/wp\/v2\/comments?post=31900"}],"version-history":[{"count":0,"href":"https:\/\/www.newsendip.com\/fr\/wp-json\/wp\/v2\/posts\/31900\/revisions"}],"wp:featuredmedia":[{"embeddable":true,"href":"https:\/\/www.newsendip.com\/fr\/wp-json\/wp\/v2\/media\/30444"}],"wp:attachment":[{"href":"https:\/\/www.newsendip.com\/fr\/wp-json\/wp\/v2\/media?parent=31900"}],"wp:term":[{"taxonomy":"category","embeddable":true,"href":"https:\/\/www.newsendip.com\/fr\/wp-json\/wp\/v2\/categories?post=31900"},{"taxonomy":"post_tag","embeddable":true,"href":"https:\/\/www.newsendip.com\/fr\/wp-json\/wp\/v2\/tags?post=31900"}],"curies":[{"name":"wp","href":"https:\/\/api.w.org\/{rel}","templated":true}]}}