{"id":32477,"date":"2023-10-19T18:47:56","date_gmt":"2023-10-19T16:47:56","guid":{"rendered":"https:\/\/www.newsendip.com\/?p=32477"},"modified":"2024-07-18T15:35:46","modified_gmt":"2024-07-18T13:35:46","slug":"en-slovenie-une-demande-pour-revoir-sa-definition-de-la-traite-des-etres-humains-pour-que-les-victimes-sachent-quand-elles-le-sont","status":"publish","type":"post","link":"https:\/\/www.newsendip.com\/fr\/en-slovenie-une-demande-pour-revoir-sa-definition-de-la-traite-des-etres-humains-pour-que-les-victimes-sachent-quand-elles-le-sont\/","title":{"rendered":"En Slov\u00e9nie, une demande pour revoir sa d\u00e9finition de la traite des \u00eatres humains pour que les victimes sachent quand elles le&nbsp;sont"},"content":{"rendered":"<p><strong>La Slov\u00e9nie, pays de transit pour de nombreux migrants et travailleurs, s\u2019inqui\u00e8te de l\u2019augmentation de l\u2019exploitation et du trafic de main-d\u2019\u0153uvre. Le minist\u00e8re de l\u2019int\u00e9rieur appelle \u00e0 \u00e9largir sa d\u00e9finition de la traite des \u00eatres humains car les victimes ne se rendent souvent pas compte qu\u2019elles le&nbsp;sont.<\/strong><\/p>\n<figure id=\"attachment_32475\" aria-describedby=\"caption-attachment-32475\" style=\"width: 1024px\" class=\"wp-caption aligncenter\"><img decoding=\"async\" class=\"wp-image-32475 size-large\" src=\"https:\/\/www.newsendip.com\/wp-content\/uploads\/2023\/10\/Helga-Dobrin-1024x695.webp\" alt=\"Helga Dobrin, la secr\u00e9taire d'\u00c9tat du minist\u00e8re de l'int\u00e9rieur de Slov\u00e9nie\" width=\"1024\" height=\"695\" srcset=\"https:\/\/www.newsendip.com\/wp-content\/uploads\/2023\/10\/Helga-Dobrin-1024x695.webp 1024w, https:\/\/www.newsendip.com\/wp-content\/uploads\/2023\/10\/Helga-Dobrin-2048x1389.webp 2048w, https:\/\/www.newsendip.com\/wp-content\/uploads\/2023\/10\/Helga-Dobrin-60x41.webp 60w, https:\/\/www.newsendip.com\/wp-content\/uploads\/2023\/10\/Helga-Dobrin-300x204.webp 300w, https:\/\/www.newsendip.com\/wp-content\/uploads\/2023\/10\/Helga-Dobrin-768x521.webp 768w, https:\/\/www.newsendip.com\/wp-content\/uploads\/2023\/10\/Helga-Dobrin-1536x1042.webp 1536w\" sizes=\"(max-width: 1024px) 100vw, 1024px\"><figcaption id=\"caption-attachment-32475\" class=\"wp-caption-text\">Helga Dobrin, la secr\u00e9taire d\u2019\u00c9tat du minist\u00e8re de l\u2019int\u00e9rieur de Slov\u00e9nie | \u00a9 Minist\u00e8re slov\u00e8ne de l\u2019int\u00e9rieur<\/figcaption><\/figure>\n<p>Le 18 octobre est la journ\u00e9e europ\u00e9enne annuelle de lutte contre la traite des \u00eatres humains. \u00c0 cette occasion, la secr\u00e9taire d\u2019\u00c9tat slov\u00e8ne au minist\u00e8re de l\u2019int\u00e9rieur, <a href=\"https:\/\/www.gov.si\/en\/registries\/projects\/combating-trafficking-in-human-beings\/\">Helga Dobrin<\/a>, a demand\u00e9 au minist\u00e8re de la justice d\u2019\u00e9largir la d\u00e9finition de la traite des \u00eatres humains dans son <a href=\"https:\/\/www.vertic.org\/media\/National%20Legislation\/Slovenia\/SI_Criminal_Code.pdf\">code p\u00e9nal<\/a>.<\/p>\n<p>La ministre Dobring affirme que les <a href=\"https:\/\/www.newsendip.com\/fr\/aux-pays-bas-la-moitie-des-victimes-de-traite-detre-humains-sont-a-nouveau-victimes-de-crimes\/\">victimes de la traite des \u00eatres humains<\/a> ne se rendent pas compte qu\u2019elles le&nbsp;sont.<\/p>\n<p>C\u2019est \u00e9galement la raison pour laquelle des recommandations ont \u00e9t\u00e9 adress\u00e9es au minist\u00e8re de la justice pour qu\u2019il \u00e9largisse la d\u00e9finition de la traite des \u00eatres humains dans le code p\u00e9nal. Les lois relatives \u00e0 l\u2019exploitation du travail et \u00e0 la traite des \u00eatres humains peuvent sembler floues et les victimes de la traite peuvent m\u00eame ne pas savoir qu\u2019elles sont exploit\u00e9es ou ne connaissent pas leurs droits. Par cons\u00e9quent, les trafiquants ne se font pas prendre.<\/p>\n<p>Goran Luki\u0107, du <a href=\"https:\/\/delavskasvetovalnica.si\/\">Bureau de conseil aux travailleurs,<\/a> a not\u00e9 que de plus en plus de cas d\u2019exploitation de travailleurs et de travail forc\u00e9 sont d\u00e9tect\u00e9s dans le&nbsp;pays.<\/p>\n<p>Polona Kova\u010d, de l\u2019association non gouvernementale <a href=\"https:\/\/www.unhcr.org\/sites\/default\/files\/legacy-pdf\/64074ceb7.pdf\">Klju\u010d<\/a>, s\u2019inqui\u00e8te d\u2019ailleurs du manque de condamnations pour la traite des \u00eatres humains dans le domaine de la prostitution. Il s\u2019inqui\u00e8te du fait que le domaine du travail forc\u00e9 n\u2019est pas appliqu\u00e9 dans le code p\u00e9nal. De plus, les \u00e9trangers peuvent s\u2019endetter lourdement aupr\u00e8s des trafiquants ou des passeurs, si bien qu\u2019ils sont contraints d\u2019accepter n\u2019importe quelle forme de travail.<\/p>\n<p>Depuis 2007, le 18 octobre est la <a href=\"https:\/\/home-affairs.ec.europa.eu\/news\/eu-anti-trafficking-day-2023-10-18_en\">Journ\u00e9e europ\u00e9enne de lutte contre la traite des \u00eatres humains<\/a>, qui vise \u00e0 sensibiliser le public et \u00e0 organiser des campagnes pour mettre un terme \u00e0 la traite. Selon la Commission europ\u00e9enne, l\u2019UE enregistre en moyenne 7 000 victimes de la traite des \u00eatres humains chaque ann\u00e9e, et beaucoup d\u2019autres ne sont pas d\u00e9tect\u00e9es. Pr\u00e8s d\u2019une victime sur quatre est un enfant.<\/p>\n<p>La plupart des trafiquants dans l\u2019UE sont des citoyens europ\u00e9ens et souvent de la m\u00eame nationalit\u00e9 que leurs victimes. <a href=\"https:\/\/www.newsendip.com\/fr\/des-membres-du-dragon-rouge-de-taiwan-suspectes-au-perou-davoir-pris-des-immigrants-en-otage-pour-arnaquer-des-personnes\/\">Pr\u00e8s des trois quarts des trafiquants<\/a> sont des hommes.<\/p>\n<p>La <a href=\"https:\/\/www.newsendip.com\/fr\/des-membres-du-dragon-rouge-de-taiwan-suspectes-au-perou-davoir-pris-des-immigrants-en-otage-pour-arnaquer-des-personnes\/\">traite des \u00eatres humains<\/a> d\u00e9signe la coercition, le transport et l\u2019exploitation \u00e0 des fins lucratives d\u2019un autre \u00eatre humain. Il s\u2019agit le plus souvent de traite sexuelle, mais aussi de servitude, de trafic d\u2019organes, de mendicit\u00e9 forc\u00e9e, de travail forc\u00e9 et de contrainte \u00e0 commettre des actes criminels.<\/p>\n<p>La Slov\u00e9nie est un pays de destination pour les victimes de la traite des \u00eatres humains, car c\u2019est un <a href=\"https:\/\/rm.coe.int\/greta-evaluation-report-on-slovenia-3rd-evaluation-round-greta-2023-05\/1680ab958b\">pays de transit<\/a> pour les r\u00e9fugi\u00e9s et les migrants qui empruntent la \u00ab\u202froute des Balkans\u202f\u00bb pour se rendre dans les pays d\u2019Europe occidentale.<\/p>\n<p>La <a href=\"https:\/\/www.newsendip.com\/fr\/etiquette\/slovenie\/\">Slov\u00e9nie<\/a> est \u00e9galement un pays de transit pour les travailleurs migrants qui sont embauch\u00e9s par des entreprises slov\u00e8nes pour \u00eatre employ\u00e9s comme travailleurs d\u00e9tach\u00e9s dans d\u2019autres pays de l\u2019Union europ\u00e9enne, ce qui peut augmenter le risque de coercition et d\u2019exploitation.<\/p>\n<p>L\u2019<a href=\"https:\/\/www.24ur.com\/novice\/slovenija\/notranje-ministrstvo-poziva-k-razsiritvi-definicije-trgovine-z-ljudmi.html\">inspection du travail de Slov\u00e9nie<\/a>, Suzana Ma\u0161at, a d\u00e9clar\u00e9 qu\u2019ils remarquaient une augmentation du nombre de travailleurs \u00e9trangers. Mais les employeurs ne signalent pas les travailleurs \u00e9trangers \u00e0 l\u2019agence pour l\u2019emploi et ne conservent pas les documents requis, sur les chantiers de construction notamment.<\/p>\n<p>Dans un rapport d\u2019\u00e9valuation 2023 du <a href=\"https:\/\/rm.coe.int\/greta-evaluation-report-on-slovenia-3rd-evaluation-round-greta-2023-05\/1680ab958b\">Groupe d\u2019experts sur la lutte contre la traite des \u00eatres humains<\/a> (GRETA), les donn\u00e9es fournies par les autorit\u00e9s slov\u00e8nes montrent qu\u2019au cours de la p\u00e9riode 2017\u20132021, 221 infractions p\u00e9nales de traite des \u00eatres humains impliquant 241 victimes et 93 auteurs ont \u00e9t\u00e9 enregistr\u00e9es par la police. Cependant, seuls 41 auteurs ont \u00e9t\u00e9 jug\u00e9s et 26 d\u2019entre eux ont \u00e9t\u00e9 condamn\u00e9s pour traite des \u00eatres humains. La peine la plus lourde \u00e9tait une peine d\u2019emprisonnement de huit ans, et la peine moyenne \u00e9tait d\u2019environ trois ans. Au moins trois auteurs ont \u00e9t\u00e9 condamn\u00e9s \u00e0 une peine avec sursis.<\/p>\n<p>Dans les proc\u00e9dures p\u00e9nales, seuls les citoyens slov\u00e8nes et les citoyens \u00e9trangers titulaires d\u2019un permis de s\u00e9jour permanent ou temporaire, qui se trouvent en Slov\u00e9nie, ont droit \u00e0 une aide juridique gratuite. Les victimes de la traite qui n\u2019ont pas de r\u00e9sidence l\u00e9gale doivent se esp\u00e9rer sur les ONG et non sur l\u2019\u00c9tat slov\u00e8ne pour obtenir de l\u2019aide.<\/p>\n","protected":false},"excerpt":{"rendered":"<p>La Slov\u00e9nie, pays de transit pour de nombreux migrants et travailleurs, s\u2019inqui\u00e8te de l\u2019augmentation de l\u2019exploitation et du trafic de main-d\u2019\u0153uvre. Le minist\u00e8re de l\u2019int\u00e9rieur appelle \u00e0 \u00e9largir la d\u00e9finition de la traite des \u00eatres humains car les victimes ne se rendent souvent pas compte qu\u2019elles le&nbsp;sont.<\/p>\n","protected":false},"author":227,"featured_media":32475,"comment_status":"closed","ping_status":"open","sticky":false,"template":"","format":"standard","meta":{"wp_typography_post_enhancements_disabled":false,"footnotes":""},"categories":[416],"tags":[748,421],"class_list":["post-32477","post","type-post","status-publish","format-standard","has-post-thumbnail","hentry","category-politique","tag-slovenie","tag-vieux"],"yoast_head":"<!-- This site is optimized with the Yoast SEO Premium plugin v27.5 (Yoast SEO v27.5) - https:\/\/yoast.com\/product\/yoast-seo-premium-wordpress\/ -->\n<title>En Slov\u00e9nie, une demande pour revoir sa d\u00e9finition de la traite des \u00eatres humains pour que les victimes sachent quand elles le sont<\/title>\n<meta name=\"description\" content=\"La Slov\u00e9nie, pays de transit pour de nombreux migrants et travailleurs, s&#039;inqui\u00e8te de l&#039;augmentation de l&#039;exploitation et du trafic de main-d&#039;\u0153uvre. Le minist\u00e8re de l&#039;int\u00e9rieur appelle \u00e0 \u00e9largir la d\u00e9finition de la traite des \u00eatres humains car les victimes ne se rendent souvent pas compte qu&#039;elles le sont.\" \/>\n<meta name=\"robots\" content=\"index, follow, max-snippet:-1, max-image-preview:large, max-video-preview:-1\" \/>\n<link rel=\"canonical\" href=\"https:\/\/www.newsendip.com\/fr\/en-slovenie-une-demande-pour-revoir-sa-definition-de-la-traite-des-etres-humains-pour-que-les-victimes-sachent-quand-elles-le-sont\/\" \/>\n<meta property=\"og:locale\" content=\"fr_FR\" \/>\n<meta property=\"og:type\" content=\"article\" \/>\n<meta property=\"og:title\" content=\"En Slov\u00e9nie, une demande pour revoir sa d\u00e9finition de la traite des \u00eatres humains pour que les victimes sachent quand elles le sont\" \/>\n<meta property=\"og:description\" content=\"La Slov\u00e9nie, pays de transit pour de nombreux migrants et travailleurs, s&#039;inqui\u00e8te de l&#039;augmentation de l&#039;exploitation et du trafic de main-d&#039;\u0153uvre. Le minist\u00e8re de l&#039;int\u00e9rieur appelle \u00e0 \u00e9largir la d\u00e9finition de la traite des \u00eatres humains car les victimes ne se rendent souvent pas compte qu&#039;elles le sont.\" \/>\n<meta property=\"og:url\" content=\"https:\/\/www.newsendip.com\/fr\/en-slovenie-une-demande-pour-revoir-sa-definition-de-la-traite-des-etres-humains-pour-que-les-victimes-sachent-quand-elles-le-sont\/\" \/>\n<meta property=\"og:site_name\" content=\"Newsendip\" \/>\n<meta property=\"article:publisher\" content=\"https:\/\/www.facebook.com\/newsendip\" \/>\n<meta property=\"article:published_time\" content=\"2023-10-19T16:47:56+00:00\" \/>\n<meta property=\"article:modified_time\" content=\"2024-07-18T13:35:46+00:00\" \/>\n<meta property=\"og:image\" content=\"https:\/\/www.newsendip.com\/wp-content\/uploads\/2023\/10\/Helga-Dobrin-scaled.jpeg\" \/>\n\t<meta property=\"og:image:width\" content=\"2560\" \/>\n\t<meta property=\"og:image:height\" content=\"1737\" \/>\n\t<meta property=\"og:image:type\" content=\"image\/jpeg\" \/>\n<meta name=\"author\" content=\"Jennifer Shoemaker\" \/>\n<meta name=\"twitter:card\" content=\"summary_large_image\" \/>\n<meta name=\"twitter:image\" content=\"https:\/\/www.newsendip.com\/wp-content\/uploads\/2023\/10\/Helga-Dobrin-scaled.jpeg\" \/>\n<meta name=\"twitter:creator\" content=\"@newsendip\" \/>\n<meta name=\"twitter:site\" content=\"@newsendip\" \/>\n<meta name=\"twitter:label1\" content=\"\u00c9crit par\" \/>\n\t<meta name=\"twitter:data1\" content=\"Jennifer Shoemaker\" \/>\n\t<meta name=\"twitter:label2\" content=\"Dur\u00e9e de lecture estim\u00e9e\" \/>\n\t<meta name=\"twitter:data2\" content=\"4 minutes\" \/>\n<!-- \/ Yoast SEO Premium plugin. -->","yoast_head_json":{"title":"En Slov\u00e9nie, une demande pour revoir sa d\u00e9finition de la traite des \u00eatres humains pour que les victimes sachent quand elles le sont","description":"La Slov\u00e9nie, pays de transit pour de nombreux migrants et travailleurs, s'inqui\u00e8te de l'augmentation de l'exploitation et du trafic de main-d'\u0153uvre. Le minist\u00e8re de l'int\u00e9rieur appelle \u00e0 \u00e9largir la d\u00e9finition de la traite des \u00eatres humains car les victimes ne se rendent souvent pas compte qu'elles le sont.","robots":{"index":"index","follow":"follow","max-snippet":"max-snippet:-1","max-image-preview":"max-image-preview:large","max-video-preview":"max-video-preview:-1"},"canonical":"https:\/\/www.newsendip.com\/fr\/en-slovenie-une-demande-pour-revoir-sa-definition-de-la-traite-des-etres-humains-pour-que-les-victimes-sachent-quand-elles-le-sont\/","og_locale":"fr_FR","og_type":"article","og_title":"En Slov\u00e9nie, une demande pour revoir sa d\u00e9finition de la traite des \u00eatres humains pour que les victimes sachent quand elles le sont","og_description":"La Slov\u00e9nie, pays de transit pour de nombreux migrants et travailleurs, s'inqui\u00e8te de l'augmentation de l'exploitation et du trafic de main-d'\u0153uvre. Le minist\u00e8re de l'int\u00e9rieur appelle \u00e0 \u00e9largir la d\u00e9finition de la traite des \u00eatres humains car les victimes ne se rendent souvent pas compte qu'elles le sont.","og_url":"https:\/\/www.newsendip.com\/fr\/en-slovenie-une-demande-pour-revoir-sa-definition-de-la-traite-des-etres-humains-pour-que-les-victimes-sachent-quand-elles-le-sont\/","og_site_name":"Newsendip","article_publisher":"https:\/\/www.facebook.com\/newsendip","article_published_time":"2023-10-19T16:47:56+00:00","article_modified_time":"2024-07-18T13:35:46+00:00","og_image":[{"width":2560,"height":1737,"url":"https:\/\/www.newsendip.com\/wp-content\/uploads\/2023\/10\/Helga-Dobrin-scaled.jpeg","type":"image\/jpeg"}],"author":"Jennifer Shoemaker","twitter_card":"summary_large_image","twitter_image":"https:\/\/www.newsendip.com\/wp-content\/uploads\/2023\/10\/Helga-Dobrin-scaled.jpeg","twitter_creator":"@newsendip","twitter_site":"@newsendip","twitter_misc":{"\u00c9crit par":"Jennifer Shoemaker","Dur\u00e9e de lecture estim\u00e9e":"4 minutes"},"schema":{"@context":"https:\/\/schema.org","@graph":[{"@type":"NewsArticle","@id":"https:\/\/www.newsendip.com\/fr\/en-slovenie-une-demande-pour-revoir-sa-definition-de-la-traite-des-etres-humains-pour-que-les-victimes-sachent-quand-elles-le-sont\/#article","isPartOf":{"@id":"https:\/\/www.newsendip.com\/fr\/en-slovenie-une-demande-pour-revoir-sa-definition-de-la-traite-des-etres-humains-pour-que-les-victimes-sachent-quand-elles-le-sont\/"},"author":{"name":"Jennifer Shoemaker","@id":"https:\/\/www.newsendip.com\/fr\/#\/schema\/person\/741c4552bcc1ec4f50a973293ac03e05"},"headline":"En Slov\u00e9nie, une demande pour revoir sa d\u00e9finition de la traite des \u00eatres humains pour que les victimes sachent quand elles le&nbsp;sont","datePublished":"2023-10-19T16:47:56+00:00","dateModified":"2024-07-18T13:35:46+00:00","mainEntityOfPage":{"@id":"https:\/\/www.newsendip.com\/fr\/en-slovenie-une-demande-pour-revoir-sa-definition-de-la-traite-des-etres-humains-pour-que-les-victimes-sachent-quand-elles-le-sont\/"},"wordCount":879,"publisher":{"@id":"https:\/\/www.newsendip.com\/fr\/#organization"},"image":{"@id":"https:\/\/www.newsendip.com\/fr\/en-slovenie-une-demande-pour-revoir-sa-definition-de-la-traite-des-etres-humains-pour-que-les-victimes-sachent-quand-elles-le-sont\/#primaryimage"},"thumbnailUrl":"https:\/\/www.newsendip.com\/wp-content\/uploads\/2023\/10\/Helga-Dobrin-scaled.webp","keywords":["Slov\u00e9nie","Vieux"],"articleSection":["Politique"],"inLanguage":"fr-FR","copyrightYear":"2023","copyrightHolder":{"@id":"https:\/\/www.newsendip.com\/#organization"}},{"@type":"WebPage","@id":"https:\/\/www.newsendip.com\/fr\/en-slovenie-une-demande-pour-revoir-sa-definition-de-la-traite-des-etres-humains-pour-que-les-victimes-sachent-quand-elles-le-sont\/","url":"https:\/\/www.newsendip.com\/fr\/en-slovenie-une-demande-pour-revoir-sa-definition-de-la-traite-des-etres-humains-pour-que-les-victimes-sachent-quand-elles-le-sont\/","name":"En Slov\u00e9nie, une demande pour revoir sa d\u00e9finition de la traite des \u00eatres humains pour que les victimes sachent quand elles le sont","isPartOf":{"@id":"https:\/\/www.newsendip.com\/fr\/#website"},"primaryImageOfPage":{"@id":"https:\/\/www.newsendip.com\/fr\/en-slovenie-une-demande-pour-revoir-sa-definition-de-la-traite-des-etres-humains-pour-que-les-victimes-sachent-quand-elles-le-sont\/#primaryimage"},"image":{"@id":"https:\/\/www.newsendip.com\/fr\/en-slovenie-une-demande-pour-revoir-sa-definition-de-la-traite-des-etres-humains-pour-que-les-victimes-sachent-quand-elles-le-sont\/#primaryimage"},"thumbnailUrl":"https:\/\/www.newsendip.com\/wp-content\/uploads\/2023\/10\/Helga-Dobrin-scaled.webp","datePublished":"2023-10-19T16:47:56+00:00","dateModified":"2024-07-18T13:35:46+00:00","description":"La Slov\u00e9nie, pays de transit pour de nombreux migrants et travailleurs, s'inqui\u00e8te de l'augmentation de l'exploitation et du trafic de main-d'\u0153uvre. Le minist\u00e8re de l'int\u00e9rieur appelle \u00e0 \u00e9largir la d\u00e9finition de la traite des \u00eatres humains car les victimes ne se rendent souvent pas compte qu'elles le sont.","breadcrumb":{"@id":"https:\/\/www.newsendip.com\/fr\/en-slovenie-une-demande-pour-revoir-sa-definition-de-la-traite-des-etres-humains-pour-que-les-victimes-sachent-quand-elles-le-sont\/#breadcrumb"},"inLanguage":"fr-FR","potentialAction":[{"@type":"ReadAction","target":["https:\/\/www.newsendip.com\/fr\/en-slovenie-une-demande-pour-revoir-sa-definition-de-la-traite-des-etres-humains-pour-que-les-victimes-sachent-quand-elles-le-sont\/"]}]},{"@type":"ImageObject","inLanguage":"fr-FR","@id":"https:\/\/www.newsendip.com\/fr\/en-slovenie-une-demande-pour-revoir-sa-definition-de-la-traite-des-etres-humains-pour-que-les-victimes-sachent-quand-elles-le-sont\/#primaryimage","url":"https:\/\/www.newsendip.com\/wp-content\/uploads\/2023\/10\/Helga-Dobrin-scaled.webp","contentUrl":"https:\/\/www.newsendip.com\/wp-content\/uploads\/2023\/10\/Helga-Dobrin-scaled.webp","width":2560,"height":1737,"caption":"Helga Dobrin, la secr\u00e9taire d'\u00c9tat du minist\u00e8re de l'int\u00e9rieur de Slov\u00e9nie | \u00a9 Minist\u00e8re slov\u00e8ne de l'int\u00e9rieur"},{"@type":"BreadcrumbList","@id":"https:\/\/www.newsendip.com\/fr\/en-slovenie-une-demande-pour-revoir-sa-definition-de-la-traite-des-etres-humains-pour-que-les-victimes-sachent-quand-elles-le-sont\/#breadcrumb","itemListElement":[{"@type":"ListItem","position":1,"name":"Accueil","item":"https:\/\/www.newsendip.com\/fr\/"},{"@type":"ListItem","position":2,"name":"En Slov\u00e9nie, une demande pour revoir sa d\u00e9finition de la traite des \u00eatres humains pour que les victimes sachent quand elles le sont"}]},{"@type":"WebSite","@id":"https:\/\/www.newsendip.com\/fr\/#website","url":"https:\/\/www.newsendip.com\/fr\/","name":"Newsendip","description":"Red\u00e9couvrez l&#039;actualit\u00e9 internationale","publisher":{"@id":"https:\/\/www.newsendip.com\/fr\/#organization"},"potentialAction":[{"@type":"SearchAction","target":{"@type":"EntryPoint","urlTemplate":"https:\/\/www.newsendip.com\/fr\/?s={search_term_string}"},"query-input":{"@type":"PropertyValueSpecification","valueRequired":true,"valueName":"search_term_string"}}],"inLanguage":"fr-FR"},{"@type":"Organization","@id":"https:\/\/www.newsendip.com\/fr\/#organization","name":"Newsendip","url":"https:\/\/www.newsendip.com\/fr\/","logo":{"@type":"ImageObject","inLanguage":"fr-FR","@id":"https:\/\/www.newsendip.com\/fr\/#\/schema\/logo\/image\/","url":"https:\/\/www.newsendip.com\/wp-content\/uploads\/2023\/12\/512x512.svg","contentUrl":"https:\/\/www.newsendip.com\/wp-content\/uploads\/2023\/12\/512x512.svg","width":1,"height":1,"caption":"Newsendip"},"image":{"@id":"https:\/\/www.newsendip.com\/fr\/#\/schema\/logo\/image\/"},"sameAs":["https:\/\/www.facebook.com\/newsendip","https:\/\/x.com\/newsendip","https:\/\/mastodon.social\/@newsendip","https:\/\/www.linkedin.com\/company\/newsendip"],"description":"Newsendip est un site qui a pour mission de rendre l'actualit\u00e9 internationale accessible et diversifi\u00e9e","email":"contact@newsendip.com","legalName":"Newsendip SAS","foundingDate":"2022-11-04","vatID":"FR60921124723","numberOfEmployees":{"@type":"QuantitativeValue","minValue":"1","maxValue":"10"},"publishingPrinciples":"https:\/\/www.newsendip.com\/about-us\/","ownershipFundingInfo":"https:\/\/www.newsendip.com\/legal-notice\/","actionableFeedbackPolicy":"https:\/\/www.newsendip.com\/about-us\/","correctionsPolicy":"https:\/\/www.newsendip.com\/about-us\/","ethicsPolicy":"https:\/\/www.newsendip.com\/about-us\/","diversityPolicy":"https:\/\/www.newsendip.com\/about-us\/"},{"@type":"Person","@id":"https:\/\/www.newsendip.com\/fr\/#\/schema\/person\/741c4552bcc1ec4f50a973293ac03e05","name":"Jennifer Shoemaker","description":"Jennifer is a writer for Newsendip. She is American-Russian who have lived in Russia, the United States, the United Arab Emirates, Indonesia, and Malaysia. She studied at the International School of Kuala Lumpur and the American University of Paris.","sameAs":["https:\/\/www.linkedin.com\/in\/jennifer-shoemaker-\/"],"knowsAbout":["News"],"knowsLanguage":["English","French","Russian"],"url":"https:\/\/www.newsendip.com\/fr\/author\/jennifer-shoemaker\/"}]}},"_links":{"self":[{"href":"https:\/\/www.newsendip.com\/fr\/wp-json\/wp\/v2\/posts\/32477","targetHints":{"allow":["GET"]}}],"collection":[{"href":"https:\/\/www.newsendip.com\/fr\/wp-json\/wp\/v2\/posts"}],"about":[{"href":"https:\/\/www.newsendip.com\/fr\/wp-json\/wp\/v2\/types\/post"}],"author":[{"embeddable":true,"href":"https:\/\/www.newsendip.com\/fr\/wp-json\/wp\/v2\/users\/227"}],"replies":[{"embeddable":true,"href":"https:\/\/www.newsendip.com\/fr\/wp-json\/wp\/v2\/comments?post=32477"}],"version-history":[{"count":0,"href":"https:\/\/www.newsendip.com\/fr\/wp-json\/wp\/v2\/posts\/32477\/revisions"}],"wp:featuredmedia":[{"embeddable":true,"href":"https:\/\/www.newsendip.com\/fr\/wp-json\/wp\/v2\/media\/32475"}],"wp:attachment":[{"href":"https:\/\/www.newsendip.com\/fr\/wp-json\/wp\/v2\/media?parent=32477"}],"wp:term":[{"taxonomy":"category","embeddable":true,"href":"https:\/\/www.newsendip.com\/fr\/wp-json\/wp\/v2\/categories?post=32477"},{"taxonomy":"post_tag","embeddable":true,"href":"https:\/\/www.newsendip.com\/fr\/wp-json\/wp\/v2\/tags?post=32477"}],"curies":[{"name":"wp","href":"https:\/\/api.w.org\/{rel}","templated":true}]}}