{"id":32688,"date":"2023-10-24T18:20:31","date_gmt":"2023-10-24T16:20:31","guid":{"rendered":"https:\/\/www.newsendip.com\/?p=32688"},"modified":"2023-10-24T18:18:15","modified_gmt":"2023-10-24T16:18:15","slug":"ce-quil-faut-savoir-sur-linterdiction-des-produits-du-tabac-a-chauffer-aromatises-dans-lunion-europeenne","status":"publish","type":"post","link":"https:\/\/www.newsendip.com\/fr\/ce-quil-faut-savoir-sur-linterdiction-des-produits-du-tabac-a-chauffer-aromatises-dans-lunion-europeenne\/","title":{"rendered":"Ce qu\u2019il faut savoir sur l\u2019interdiction des \u00ab\u202fproduits du tabac \u00e0 chauffer\u202f\u00bb aromatis\u00e9s dans l\u2019Union europ\u00e9enne"},"content":{"rendered":"<p><strong>Le nombre de consommateurs de \u00ab\u202ftabac chauff\u00e9\u202f\u00bb a consid\u00e9rablement augment\u00e9 dans l\u2019Union europ\u00e9enne au cours des derni\u00e8res ann\u00e9es. Mais ils ne peuvent plus acheter de produits aromatis\u00e9s puisqu\u2019ils doivent d\u00e9sormais avoir un ar\u00f4me neutre pour \u00eatre l\u00e9gaux.<\/strong><\/p>\n<figure id=\"attachment_32719\" aria-describedby=\"caption-attachment-32719\" style=\"width: 1024px\" class=\"wp-caption aligncenter\"><img decoding=\"async\" class=\"wp-image-32719 size-large\" src=\"https:\/\/www.newsendip.com\/wp-content\/uploads\/2023\/10\/heated-tobacco-iqos-1024x682.webp\" alt=\"Tabac chauff\u00e9\" width=\"1024\" height=\"682\" srcset=\"https:\/\/www.newsendip.com\/wp-content\/uploads\/2023\/10\/heated-tobacco-iqos-1024x682.webp 1024w, https:\/\/www.newsendip.com\/wp-content\/uploads\/2023\/10\/heated-tobacco-iqos-60x40.webp 60w, https:\/\/www.newsendip.com\/wp-content\/uploads\/2023\/10\/heated-tobacco-iqos-720x480.webp 720w, https:\/\/www.newsendip.com\/wp-content\/uploads\/2023\/10\/heated-tobacco-iqos-300x200.webp 300w, https:\/\/www.newsendip.com\/wp-content\/uploads\/2023\/10\/heated-tobacco-iqos-768x512.webp 768w, https:\/\/www.newsendip.com\/wp-content\/uploads\/2023\/10\/heated-tobacco-iqos.webp 1280w\" sizes=\"(max-width: 1024px) 100vw, 1024px\"><figcaption id=\"caption-attachment-32719\" class=\"wp-caption-text\">La vente de produits du tabac chauff\u00e9s a consid\u00e9rablement augment\u00e9 en quelques ann\u00e9es en Europe. Les autorit\u00e9s ont interdit les produits du tabac aromatis\u00e9s comme pour les cigarettes plus classiques | \u00a9 \u017darko Lazarevi\u0107<\/figcaption><\/figure>\n<p>Depuis le 23 octobre, la vente de <a href=\"https:\/\/www.cdc.gov\/tobacco\/basic_information\/heated-tobacco-products\/index.html#:~:text=The%20use%20of%20any%20type,shown%20to%20help%20smokers%20quit.\">produits du tabac chauff\u00e9<\/a>, o\u00f9 le tabac des cigarettes est chauff\u00e9 au lieu d\u2019\u00eatre br\u00fbl\u00e9, est limit\u00e9e dans l\u2019Union europ\u00e9enne en raison de l\u2019augmentation spectaculaire de leur popularit\u00e9 au cours des derni\u00e8res ann\u00e9es.<\/p>\n<p>Les produits du tabac en g\u00e9n\u00e9ral ont \u00e9t\u00e9 associ\u00e9s \u00e0 un risque accru de cancer, et l\u2019observation des tendances dans les \u00c9tats membres de l\u2019UE a conduit les autorit\u00e9s \u00e0 prendre une d\u00e9cision pour en limiter l\u2019attrait.<\/p>\n<p>Les produits du tabac chauff\u00e9s sont des dispositifs qui chauffent des feuilles de tabac sous forme de b\u00e2tonnets de cigarettes, parfois par l\u2019interm\u00e9diaire de substances et de liquides, au lieu de directement br\u00fbler les b\u00e2tonnets pour les fumer. Ils diff\u00e8rent du vapotage et des cigarettes \u00e9lectroniques, qui peuvent inclure de la nicotine mais ne chauffent pas de feuille de&nbsp;tabac.<\/p>\n<p>La principale restriction mise en \u0153uvre est identique \u00e0 l\u2019interdiction d\u00e9j\u00e0 en place pour toutes les cigarettes \u00ab\u202faromatis\u00e9es\u202f\u00bb, c\u2019est-\u00e0-dire celles qui \u00ab\u202f<em>ont un ar\u00f4me caract\u00e9ristique ou contiennent des ar\u00f4mes dans l\u2019un de leurs composants<\/em>\u202f\u00bb. Cette m\u00eame norme s\u2019applique d\u00e9sormais \u00e0 tous les produits du tabac chauff\u00e9s. Dans l\u2019<a href=\"https:\/\/eur-lex.europa.eu\/legal-content\/FR\/TXT\/HTML\/?uri=CELEX:32022L2100\">amendement<\/a>, ils est d\u00e9fini comme un produit du tabac qui est \u00ab\u202f<em>chauff\u00e9 pour produire une \u00e9mission contenant de la nicotine et d\u2019autres produits chimiques<\/em>\u202f\u00bb utilis\u00e9s comme \u00ab\u202f<em>un produit du tabac sans combustion ou un produit du tabac \u00e0 fumer<\/em>\u202f\u00bb.<\/p>\n<p>Cette d\u00e9cision fut prise en juillet 2022, entrant en vigueur en novembre, et a donn\u00e9 le temps aux pays d\u2019inclure les nouvelles dispositions avant le 23 juillet 2023 et de les appliquer le 23 octobre 2023.<\/p>\n<p>La raison de ce d\u00e9lai est expliqu\u00e9e par la <a href=\"https:\/\/eur-lex.europa.eu\/legal-content\/FR\/TXT\/HTML\/?uri=CELEX:32014L0040\">directive initiale de l\u2019UE de 2014<\/a> visant \u00e0 limiter l\u2019usage du tabac, qui stipule que les interdictions relatives aux produits du tabac ayant un \u00ab\u202f<em>ar\u00f4me caract\u00e9ristique<\/em>\u202f\u00bb doivent \u00eatre \u00ab\u202f<em>progressivement supprim\u00e9es pour permettre aux utilisateurs de passer \u00e0 d\u2019autres produits<\/em>\u202f\u00bb.<\/p>\n<p>Ces produits ne peuvent plus avoir d\u2019ar\u00f4me particulier qui modifie \u00ab\u202f<em>le go\u00fbt du tabac<\/em>\u202f\u00bb ou \u00ab\u202f<em>l\u2019intensit\u00e9 de la fum\u00e9e<\/em>\u202f\u00bb. Tous les produits de ce type devront avoir un ar\u00f4me neutre.<\/p>\n<h2>De 1 \u00e0 20 000 milliards de b\u00e2tonnets de cigarettes de tabac \u00e0 chauffer vendus chaque ann\u00e9e<\/h2>\n<p>En 2014, l\u2019Union europ\u00e9enne avait mis en \u00e9vidence les menaces que repr\u00e9sentait le tabac aromatis\u00e9, affirmant qu\u2019il \u00ab\u202f<em>pourrait faciliter l\u2019initiation \u00e0 la consommation de tabac ou influer sur les habitudes de consommation<\/em>\u202f\u00bb dans la directive aujourd\u2019hui modifi\u00e9e, ce qui signifie qu\u2019elle craignait une forte augmentation de la consommation de tabac en raison de ses ar\u00f4mes attrayants qui masquent le tabac. Depuis, elle a \u00e9galement interdit la vente de toutes les <a href=\"https:\/\/ec.europa.eu\/commission\/presscorner\/detail\/en\/IP_16_1762\">cigarettes aromatis\u00e9es pour la m\u00eame raison<\/a>.<\/p>\n<p>La Commission europ\u00e9enne a publi\u00e9 l\u2019<a href=\"https:\/\/eur-lex.europa.eu\/legal-content\/FR\/TXT\/HTML\/?uri=CELEX:52022DC0279\">\u00e9tude de march\u00e9<\/a> qu\u2019elle a utilis\u00e9e pour contr\u00f4ler les ventes de produits du tabac chauff\u00e9s. Elle a constat\u00e9 que les ventes de produits du tabac chauff\u00e9s sont pass\u00e9es de 900 millions de b\u00e2tonnets de cigarettes \u00e0 20 000 milliards de b\u00e2tonnets vendus par an entre 2018 et 2020 au sein des 27 pays membres. De nombreux pays de l\u2019UE n\u2019avaient vendu pratiquement aucun produit du tabac chauff\u00e9 en 2018, mais ont commenc\u00e9 \u00e0 en vendre des centaines de millions en 2019 et&nbsp;2020.<\/p>\n<p>Par exemple, la Hongrie n\u2019a vendu que 3 000 b\u00e2tonnets en 2018 et, en 2020, ses ventes annuelles s\u2019\u00e9levaient \u00e0 289 millions de b\u00e2tonnets. Des pays comme la Pologne, la R\u00e9publique tch\u00e8que, l\u2019Allemagne et l\u2019Italie ont connu une \u00e9volution similaire.<\/p>\n<p>En 2018, le tabac \u00e0 chauffer n\u2019\u00e9tait pas aussi populaire dans ces pays, mais il a connu un \u00ab\u202fboom\u202f\u00bb en 2019. Ces donn\u00e9es, ainsi que le fait que les produits du tabac \u00e0 chauffer d\u00e9tienaient au moins 3,51\u202f% de la part du march\u00e9 du tabac en 2020, ont permis de justifier la mise en \u0153uvre de la r\u00e9glementation.<\/p>\n<p>Selon les propres r\u00e8gles de l\u2019UE, les ventes de ces produits sur la p\u00e9riode 2018\u20132020 devaient r\u00e9pondre \u00e0 certains crit\u00e8res pour que des lois les limitent. Les l\u00e9gislateurs ont pu interdire les produits du tabac chauff\u00e9s aromatis\u00e9s parce que l\u2019\u00e9tude a montr\u00e9 une augmentation des ventes de b\u00e2tonnets d\u2019au moins 10\u202f% dans au moins cinq \u00c9tats membres et que le march\u00e9 repr\u00e9sentait au moins 2,5\u202f% de l\u2019ensemble du march\u00e9 du&nbsp;tabac.<\/p>\n<p>Une autre r\u00e9glementation a \u00e9t\u00e9 ajout\u00e9e aux produits du tabac \u00e0 chauffer pour les inclure dans le groupe plus large des <a href=\"https:\/\/www.newsendip.com\/fr\/un-tribunal-neerlandais-ordonne-dagir-contre-la-vente-de-cigarettes-avec-filtre-aux-pays-bas\/\">cigarettes<\/a> et des cigarettes \u00e0 rouler, les obligeant \u00e0 porter une \u00e9tiquette avec une image et un message sur les risques du tabagisme sur l\u2019emballage.<\/p>\n<p>Bien que les produits du tabac chauff\u00e9s soient vendus par les industriels comme une fa\u00e7on moins nocive de fumer du tabac, des recherches suppl\u00e9mentaires sont encore n\u00e9cessaires pour comprendre leurs effets \u00e0 court et \u00e0 long terme sur la sant\u00e9. L\u2019usage de tout type de tabac est consid\u00e9r\u00e9 comme&nbsp;nocif.<\/p>\n<p><a href=\"https:\/\/health.ec.europa.eu\/latest-updates\/europes-beating-cancer-plan-commission-proposes-prohibit-flavoured-heated-tobacco-products-2022-06-29_en\">Stella Kyriakides<\/a>, commissaire charg\u00e9e de la sant\u00e9 et de la s\u00e9curit\u00e9 alimentaire, a d\u00e9clar\u00e9 l\u2019ann\u00e9e derni\u00e8re qu\u2019en \u00ab\u202f<em>retirant du march\u00e9 le tabac chauff\u00e9 aromatis\u00e9, nous faisons un pas de plus vers une \u201c<a href=\"https:\/\/www.newsendip.com\/fr\/moins-de-nicotine-dans-les-cigarettes-en-nouvelle-zelande-et-interdiction-du-tabac-pour-les-nouvelles-generations\/\">G\u00e9n\u00e9ration sans tabac<\/a>\u201d, o\u00f9 moins de 5\u202f% de la population consommera du tabac d\u2019ici \u00e0 2040. [\u2026] Neuf cancers du poumon sur dix \u00e9tant caus\u00e9s par le tabac, nous voulons rendre le tabagisme aussi peu attrayant que possible afin de prot\u00e9ger la sant\u00e9 de nos concitoyens et de sauver des&nbsp;vies.\u202f\u00bb<\/em><\/p>\n","protected":false},"excerpt":{"rendered":"<p>Le nombre de consommateurs de \u00ab\u202ftabac chauff\u00e9\u202f\u00bb a consid\u00e9rablement augment\u00e9 dans l\u2019Union europ\u00e9enne au cours des derni\u00e8res ann\u00e9es. Mais ils ne peuvent plus acheter de produits aromatis\u00e9s puisqu\u2019ils doivent d\u00e9sormais avoir un ar\u00f4me neutre pour \u00eatre l\u00e9gaux.<\/p>\n","protected":false},"author":226,"featured_media":32719,"comment_status":"closed","ping_status":"open","sticky":false,"template":"","format":"standard","meta":{"wp_typography_post_enhancements_disabled":false,"footnotes":""},"categories":[412],"tags":[523,1334],"class_list":["post-32688","post","type-post","status-publish","format-standard","has-post-thumbnail","hentry","category-sciences-et-sante","tag-monde","tag-nouveau"],"yoast_head":"<!-- This site is optimized with the Yoast SEO Premium plugin v27.4 (Yoast SEO v27.4) - https:\/\/yoast.com\/product\/yoast-seo-premium-wordpress\/ -->\n<title>Ce qu&#039;il faut savoir sur l&#039;interdiction des &quot;produits du tabac \u00e0 chauffer&quot; aromatis\u00e9s dans l&#039;Union europ\u00e9enne<\/title>\n<meta name=\"description\" content=\"Le nombre de consommateurs de &quot;tabac chauff\u00e9&quot; a consid\u00e9rablement augment\u00e9 dans l&#039;Union europ\u00e9enne au cours des derni\u00e8res ann\u00e9es. Mais ils ne peuvent plus acheter de produits aromatis\u00e9s puisqu&#039;ils doivent d\u00e9sormais avoir un ar\u00f4me neutre pour \u00eatre l\u00e9gaux.\" \/>\n<meta name=\"robots\" content=\"index, follow, max-snippet:-1, max-image-preview:large, max-video-preview:-1\" \/>\n<link rel=\"canonical\" href=\"https:\/\/www.newsendip.com\/fr\/ce-quil-faut-savoir-sur-linterdiction-des-produits-du-tabac-a-chauffer-aromatises-dans-lunion-europeenne\/\" \/>\n<meta property=\"og:locale\" content=\"fr_FR\" \/>\n<meta property=\"og:type\" content=\"article\" \/>\n<meta property=\"og:title\" content=\"Ce qu&#039;il faut savoir sur l&#039;interdiction des &quot;produits du tabac \u00e0 chauffer&quot; aromatis\u00e9s dans l&#039;Union europ\u00e9enne\" \/>\n<meta property=\"og:description\" content=\"Le nombre de consommateurs de &quot;tabac chauff\u00e9&quot; a consid\u00e9rablement augment\u00e9 dans l&#039;Union europ\u00e9enne au cours des derni\u00e8res ann\u00e9es. Mais ils ne peuvent plus acheter de produits aromatis\u00e9s puisqu&#039;ils doivent d\u00e9sormais avoir un ar\u00f4me neutre pour \u00eatre l\u00e9gaux.\" \/>\n<meta property=\"og:url\" content=\"https:\/\/www.newsendip.com\/fr\/ce-quil-faut-savoir-sur-linterdiction-des-produits-du-tabac-a-chauffer-aromatises-dans-lunion-europeenne\/\" \/>\n<meta property=\"og:site_name\" content=\"Newsendip\" \/>\n<meta property=\"article:publisher\" content=\"https:\/\/www.facebook.com\/newsendip\" \/>\n<meta property=\"article:published_time\" content=\"2023-10-24T16:20:31+00:00\" \/>\n<meta property=\"og:image\" content=\"https:\/\/www.newsendip.com\/wp-content\/uploads\/2023\/10\/heated-tobacco-iqos.jpeg\" \/>\n\t<meta property=\"og:image:width\" content=\"1280\" \/>\n\t<meta property=\"og:image:height\" content=\"853\" \/>\n\t<meta property=\"og:image:type\" content=\"image\/jpeg\" \/>\n<meta name=\"author\" content=\"Alexander Saraff Marcos\" \/>\n<meta name=\"twitter:card\" content=\"summary_large_image\" \/>\n<meta name=\"twitter:image\" content=\"https:\/\/www.newsendip.com\/wp-content\/uploads\/2023\/10\/heated-tobacco-iqos.jpeg\" \/>\n<meta name=\"twitter:creator\" content=\"@https:\/\/twitter.com\/AlexanderSaraff\" \/>\n<meta name=\"twitter:site\" content=\"@newsendip\" \/>\n<meta name=\"twitter:label1\" content=\"\u00c9crit par\" \/>\n\t<meta name=\"twitter:data1\" content=\"Alexander Saraff Marcos\" \/>\n\t<meta name=\"twitter:label2\" content=\"Dur\u00e9e de lecture estim\u00e9e\" \/>\n\t<meta name=\"twitter:data2\" content=\"5 minutes\" \/>\n<!-- \/ Yoast SEO Premium plugin. -->","yoast_head_json":{"title":"Ce qu'il faut savoir sur l'interdiction des \"produits du tabac \u00e0 chauffer\" aromatis\u00e9s dans l'Union europ\u00e9enne","description":"Le nombre de consommateurs de \"tabac chauff\u00e9\" a consid\u00e9rablement augment\u00e9 dans l'Union europ\u00e9enne au cours des derni\u00e8res ann\u00e9es. Mais ils ne peuvent plus acheter de produits aromatis\u00e9s puisqu'ils doivent d\u00e9sormais avoir un ar\u00f4me neutre pour \u00eatre l\u00e9gaux.","robots":{"index":"index","follow":"follow","max-snippet":"max-snippet:-1","max-image-preview":"max-image-preview:large","max-video-preview":"max-video-preview:-1"},"canonical":"https:\/\/www.newsendip.com\/fr\/ce-quil-faut-savoir-sur-linterdiction-des-produits-du-tabac-a-chauffer-aromatises-dans-lunion-europeenne\/","og_locale":"fr_FR","og_type":"article","og_title":"Ce qu'il faut savoir sur l'interdiction des \"produits du tabac \u00e0 chauffer\" aromatis\u00e9s dans l'Union europ\u00e9enne","og_description":"Le nombre de consommateurs de \"tabac chauff\u00e9\" a consid\u00e9rablement augment\u00e9 dans l'Union europ\u00e9enne au cours des derni\u00e8res ann\u00e9es. Mais ils ne peuvent plus acheter de produits aromatis\u00e9s puisqu'ils doivent d\u00e9sormais avoir un ar\u00f4me neutre pour \u00eatre l\u00e9gaux.","og_url":"https:\/\/www.newsendip.com\/fr\/ce-quil-faut-savoir-sur-linterdiction-des-produits-du-tabac-a-chauffer-aromatises-dans-lunion-europeenne\/","og_site_name":"Newsendip","article_publisher":"https:\/\/www.facebook.com\/newsendip","article_published_time":"2023-10-24T16:20:31+00:00","og_image":[{"width":1280,"height":853,"url":"https:\/\/www.newsendip.com\/wp-content\/uploads\/2023\/10\/heated-tobacco-iqos.jpeg","type":"image\/jpeg"}],"author":"Alexander Saraff Marcos","twitter_card":"summary_large_image","twitter_image":"https:\/\/www.newsendip.com\/wp-content\/uploads\/2023\/10\/heated-tobacco-iqos.jpeg","twitter_creator":"@https:\/\/twitter.com\/AlexanderSaraff","twitter_site":"@newsendip","twitter_misc":{"\u00c9crit par":"Alexander Saraff Marcos","Dur\u00e9e de lecture estim\u00e9e":"5 minutes"},"schema":{"@context":"https:\/\/schema.org","@graph":[{"@type":"NewsArticle","@id":"https:\/\/www.newsendip.com\/fr\/ce-quil-faut-savoir-sur-linterdiction-des-produits-du-tabac-a-chauffer-aromatises-dans-lunion-europeenne\/#article","isPartOf":{"@id":"https:\/\/www.newsendip.com\/fr\/ce-quil-faut-savoir-sur-linterdiction-des-produits-du-tabac-a-chauffer-aromatises-dans-lunion-europeenne\/"},"author":{"name":"Alexander Saraff Marcos","@id":"https:\/\/www.newsendip.com\/fr\/#\/schema\/person\/e3467cf4a38ff8f5b92c83c7422ae321"},"headline":"Ce qu\u2019il faut savoir sur l\u2019interdiction des \u00ab\u202fproduits du tabac \u00e0 chauffer\u202f\u00bb aromatis\u00e9s dans l\u2019Union europ\u00e9enne","datePublished":"2023-10-24T16:20:31+00:00","mainEntityOfPage":{"@id":"https:\/\/www.newsendip.com\/fr\/ce-quil-faut-savoir-sur-linterdiction-des-produits-du-tabac-a-chauffer-aromatises-dans-lunion-europeenne\/"},"wordCount":1048,"publisher":{"@id":"https:\/\/www.newsendip.com\/fr\/#organization"},"image":{"@id":"https:\/\/www.newsendip.com\/fr\/ce-quil-faut-savoir-sur-linterdiction-des-produits-du-tabac-a-chauffer-aromatises-dans-lunion-europeenne\/#primaryimage"},"thumbnailUrl":"https:\/\/www.newsendip.com\/wp-content\/uploads\/2023\/10\/heated-tobacco-iqos.webp","keywords":["Monde","R\u00e9cent"],"articleSection":["Sciences et sant\u00e9"],"inLanguage":"fr-FR","copyrightYear":"2023","copyrightHolder":{"@id":"https:\/\/www.newsendip.com\/#organization"}},{"@type":"WebPage","@id":"https:\/\/www.newsendip.com\/fr\/ce-quil-faut-savoir-sur-linterdiction-des-produits-du-tabac-a-chauffer-aromatises-dans-lunion-europeenne\/","url":"https:\/\/www.newsendip.com\/fr\/ce-quil-faut-savoir-sur-linterdiction-des-produits-du-tabac-a-chauffer-aromatises-dans-lunion-europeenne\/","name":"Ce qu'il faut savoir sur l'interdiction des \"produits du tabac \u00e0 chauffer\" aromatis\u00e9s dans l'Union europ\u00e9enne","isPartOf":{"@id":"https:\/\/www.newsendip.com\/fr\/#website"},"primaryImageOfPage":{"@id":"https:\/\/www.newsendip.com\/fr\/ce-quil-faut-savoir-sur-linterdiction-des-produits-du-tabac-a-chauffer-aromatises-dans-lunion-europeenne\/#primaryimage"},"image":{"@id":"https:\/\/www.newsendip.com\/fr\/ce-quil-faut-savoir-sur-linterdiction-des-produits-du-tabac-a-chauffer-aromatises-dans-lunion-europeenne\/#primaryimage"},"thumbnailUrl":"https:\/\/www.newsendip.com\/wp-content\/uploads\/2023\/10\/heated-tobacco-iqos.webp","datePublished":"2023-10-24T16:20:31+00:00","description":"Le nombre de consommateurs de \"tabac chauff\u00e9\" a consid\u00e9rablement augment\u00e9 dans l'Union europ\u00e9enne au cours des derni\u00e8res ann\u00e9es. Mais ils ne peuvent plus acheter de produits aromatis\u00e9s puisqu'ils doivent d\u00e9sormais avoir un ar\u00f4me neutre pour \u00eatre l\u00e9gaux.","breadcrumb":{"@id":"https:\/\/www.newsendip.com\/fr\/ce-quil-faut-savoir-sur-linterdiction-des-produits-du-tabac-a-chauffer-aromatises-dans-lunion-europeenne\/#breadcrumb"},"inLanguage":"fr-FR","potentialAction":[{"@type":"ReadAction","target":["https:\/\/www.newsendip.com\/fr\/ce-quil-faut-savoir-sur-linterdiction-des-produits-du-tabac-a-chauffer-aromatises-dans-lunion-europeenne\/"]}]},{"@type":"ImageObject","inLanguage":"fr-FR","@id":"https:\/\/www.newsendip.com\/fr\/ce-quil-faut-savoir-sur-linterdiction-des-produits-du-tabac-a-chauffer-aromatises-dans-lunion-europeenne\/#primaryimage","url":"https:\/\/www.newsendip.com\/wp-content\/uploads\/2023\/10\/heated-tobacco-iqos.webp","contentUrl":"https:\/\/www.newsendip.com\/wp-content\/uploads\/2023\/10\/heated-tobacco-iqos.webp","width":1280,"height":853,"caption":"La vente de produits du tabac chauff\u00e9s a consid\u00e9rablement augment\u00e9 en quelques ann\u00e9es en Europe. Les autorit\u00e9s ont interdit les produits du tabac aromatis\u00e9s comme pour les cigarettes plus classiques | \u00a9 \u017darko Lazarevi\u0107"},{"@type":"BreadcrumbList","@id":"https:\/\/www.newsendip.com\/fr\/ce-quil-faut-savoir-sur-linterdiction-des-produits-du-tabac-a-chauffer-aromatises-dans-lunion-europeenne\/#breadcrumb","itemListElement":[{"@type":"ListItem","position":1,"name":"Accueil","item":"https:\/\/www.newsendip.com\/fr\/"},{"@type":"ListItem","position":2,"name":"Ce qu\u2019il faut savoir sur l\u2019interdiction des \u201cproduits du tabac \u00e0 chauffer\u201d aromatis\u00e9s dans l\u2019Union europ\u00e9enne"}]},{"@type":"WebSite","@id":"https:\/\/www.newsendip.com\/fr\/#website","url":"https:\/\/www.newsendip.com\/fr\/","name":"Newsendip","description":"Red\u00e9couvrez l&#039;actualit\u00e9 internationale","publisher":{"@id":"https:\/\/www.newsendip.com\/fr\/#organization"},"potentialAction":[{"@type":"SearchAction","target":{"@type":"EntryPoint","urlTemplate":"https:\/\/www.newsendip.com\/fr\/?s={search_term_string}"},"query-input":{"@type":"PropertyValueSpecification","valueRequired":true,"valueName":"search_term_string"}}],"inLanguage":"fr-FR"},{"@type":"Organization","@id":"https:\/\/www.newsendip.com\/fr\/#organization","name":"Newsendip","url":"https:\/\/www.newsendip.com\/fr\/","logo":{"@type":"ImageObject","inLanguage":"fr-FR","@id":"https:\/\/www.newsendip.com\/fr\/#\/schema\/logo\/image\/","url":"https:\/\/www.newsendip.com\/wp-content\/uploads\/2023\/12\/512x512.svg","contentUrl":"https:\/\/www.newsendip.com\/wp-content\/uploads\/2023\/12\/512x512.svg","width":1,"height":1,"caption":"Newsendip"},"image":{"@id":"https:\/\/www.newsendip.com\/fr\/#\/schema\/logo\/image\/"},"sameAs":["https:\/\/www.facebook.com\/newsendip","https:\/\/x.com\/newsendip","https:\/\/mastodon.social\/@newsendip","https:\/\/www.linkedin.com\/company\/newsendip"],"description":"Newsendip est un site qui a pour mission de rendre l'actualit\u00e9 internationale accessible et diversifi\u00e9e","email":"contact@newsendip.com","legalName":"Newsendip SAS","foundingDate":"2022-11-04","vatID":"FR60921124723","numberOfEmployees":{"@type":"QuantitativeValue","minValue":"1","maxValue":"10"},"publishingPrinciples":"https:\/\/www.newsendip.com\/about-us\/","ownershipFundingInfo":"https:\/\/www.newsendip.com\/legal-notice\/","actionableFeedbackPolicy":"https:\/\/www.newsendip.com\/about-us\/","correctionsPolicy":"https:\/\/www.newsendip.com\/about-us\/","ethicsPolicy":"https:\/\/www.newsendip.com\/about-us\/","diversityPolicy":"https:\/\/www.newsendip.com\/about-us\/"},{"@type":"Person","@id":"https:\/\/www.newsendip.com\/fr\/#\/schema\/person\/e3467cf4a38ff8f5b92c83c7422ae321","name":"Alexander Saraff Marcos","description":"Alexander is a writer for Newsendip. He is a dual citizen of the United States and Spain and lives between Spain and France. He graduated from the University of Pittsburgh with a major in philosophy and a minor in French. He loves watching e-sport on his spare time.","sameAs":["https:\/\/www.linkedin.com\/in\/alexander-saraff-b132bb226\/","https:\/\/x.com\/https:\/\/twitter.com\/AlexanderSaraff"],"knowsAbout":["News"],"knowsLanguage":["English","Spanish","French"],"url":"https:\/\/www.newsendip.com\/fr\/author\/alexander-saraff\/"}]}},"_links":{"self":[{"href":"https:\/\/www.newsendip.com\/fr\/wp-json\/wp\/v2\/posts\/32688","targetHints":{"allow":["GET"]}}],"collection":[{"href":"https:\/\/www.newsendip.com\/fr\/wp-json\/wp\/v2\/posts"}],"about":[{"href":"https:\/\/www.newsendip.com\/fr\/wp-json\/wp\/v2\/types\/post"}],"author":[{"embeddable":true,"href":"https:\/\/www.newsendip.com\/fr\/wp-json\/wp\/v2\/users\/226"}],"replies":[{"embeddable":true,"href":"https:\/\/www.newsendip.com\/fr\/wp-json\/wp\/v2\/comments?post=32688"}],"version-history":[{"count":0,"href":"https:\/\/www.newsendip.com\/fr\/wp-json\/wp\/v2\/posts\/32688\/revisions"}],"wp:featuredmedia":[{"embeddable":true,"href":"https:\/\/www.newsendip.com\/fr\/wp-json\/wp\/v2\/media\/32719"}],"wp:attachment":[{"href":"https:\/\/www.newsendip.com\/fr\/wp-json\/wp\/v2\/media?parent=32688"}],"wp:term":[{"taxonomy":"category","embeddable":true,"href":"https:\/\/www.newsendip.com\/fr\/wp-json\/wp\/v2\/categories?post=32688"},{"taxonomy":"post_tag","embeddable":true,"href":"https:\/\/www.newsendip.com\/fr\/wp-json\/wp\/v2\/tags?post=32688"}],"curies":[{"name":"wp","href":"https:\/\/api.w.org\/{rel}","templated":true}]}}