{"id":32741,"date":"2023-10-24T18:35:10","date_gmt":"2023-10-24T16:35:10","guid":{"rendered":"https:\/\/www.newsendip.com\/?p=32741"},"modified":"2024-07-18T15:35:28","modified_gmt":"2024-07-18T13:35:28","slug":"des-cables-sous-marins-dans-la-mer-baltique-et-un-gazoduc-endommages-par-des-forces-exterieures","status":"publish","type":"post","link":"https:\/\/www.newsendip.com\/fr\/des-cables-sous-marins-dans-la-mer-baltique-et-un-gazoduc-endommages-par-des-forces-exterieures\/","title":{"rendered":"Des c\u00e2bles sous-marins dans la Mer Baltique et un gazoduc endommag\u00e9s par des \u00ab\u202fforces ext\u00e9rieures\u202f\u00bb"},"content":{"rendered":"<p><strong>Un gazoduc sous-marin et deux c\u00e2bles de donn\u00e9es reliant la Scandinavie et l\u2019Estonie ont \u00e9t\u00e9 retrouv\u00e9s endommag\u00e9s en octobre. L\u2019enqu\u00eate a r\u00e9v\u00e9l\u00e9 que les dommages provenaient de l\u2019ext\u00e9rieur et a d\u00e9sign\u00e9 un navire asiatique comme principal suspect, bien qu\u2019il n\u2019ait pas \u00e9t\u00e9 confirm\u00e9 qu\u2019il s\u2019agissait d\u2019un acte intentionnel.<\/strong><\/p>\n<figure id=\"attachment_32752\" aria-describedby=\"caption-attachment-32752\" style=\"width: 800px\" class=\"wp-caption aligncenter\"><img decoding=\"async\" class=\"wp-image-32752 size-full\" src=\"https:\/\/www.newsendip.com\/wp-content\/uploads\/2023\/10\/Balticconnector.webp\" alt=\"Balticconnector\" width=\"800\" height=\"533\" srcset=\"https:\/\/www.newsendip.com\/wp-content\/uploads\/2023\/10\/Balticconnector.webp 800w, https:\/\/www.newsendip.com\/wp-content\/uploads\/2023\/10\/Balticconnector-60x40.webp 60w, https:\/\/www.newsendip.com\/wp-content\/uploads\/2023\/10\/Balticconnector-720x480.webp 720w, https:\/\/www.newsendip.com\/wp-content\/uploads\/2023\/10\/Balticconnector-300x200.webp 300w, https:\/\/www.newsendip.com\/wp-content\/uploads\/2023\/10\/Balticconnector-768x512.webp 768w\" sizes=\"(max-width: 800px) 100vw, 800px\"><figcaption id=\"caption-attachment-32752\" class=\"wp-caption-text\">Balticconnector | \u00a9 Elering<\/figcaption><\/figure>\n<p>\u00c0 ce jour, plusieurs points de connexion sous-marins entre l\u2019Estonie, la Finlande et la <a href=\"https:\/\/www.newsendip.com\/fr\/etiquette\/suede\/\">Su\u00e8de<\/a> ont \u00e9t\u00e9 endommag\u00e9s, peut-\u00eatre intentionnellement, en attendant une enqu\u00eate plus approfondie. Selon les derni\u00e8res informations, une force ext\u00e9rieure aurait provoqu\u00e9 ces dommages, bien que la nature de cette force ne soit pas \u00e9lucid\u00e9e. Un navire chinois est soup\u00e7onn\u00e9 d\u2019avoir \u00e9t\u00e9 dans la zone au moment des d\u00e9g\u00e2ts.<\/p>\n<p>Le 8 octobre, les gouvernements finlandais et estonien ont d\u00e9couvert que leur gazoduc \u00ab\u202fBalticconnector\u202f\u00bb avait une fuite et qu\u2019un c\u00e2ble de t\u00e9l\u00e9communications avait \u00e9t\u00e9 endommag\u00e9. Le 17 octobre, le <a href=\"https:\/\/www.government.se\/articles\/2023\/10\/damaged-telecommunications-cable-between-sweden-and-estonia\/\">ministre su\u00e9dois de la d\u00e9fense civile<\/a>, Carl-Oskar Bohlin, a signal\u00e9 que leur c\u00e2ble de t\u00e9l\u00e9communications avec l\u2019Estonie avait \u00e9galement \u00e9t\u00e9 endommag\u00e9, bien qu\u2019il soit encore pleinement fonctionnel.<\/p>\n<p>Le 10 octobre, le <a href=\"https:\/\/poliisi.fi\/en\/-\/national-bureau-of-investigation-launched-investigation-into-the-incident-in-the-gulf-of-finland\">Bureau national d\u2019enqu\u00eate finlandais<\/a> (NBI) a ouvert une enqu\u00eate criminelle en collaboration avec les autorit\u00e9s estoniennes concernant les d\u00e9g\u00e2ts de leur <a href=\"https:\/\/www.newsendip.com\/fr\/la-norvege-dit-finalement-non-au-cable-sous-marin-avec-lecosse-pour-transporter-energie-renouvelable-electricite\/\">pipeline<\/a> et de leur c\u00e2ble communs. Une semaine plus tard, l\u2019enqu\u00eate a permis d\u2019identifier deux navires qui se trouvaient dans la zone au moment de l\u2019incident&nbsp;: le Newnew Polar Bear (de Hong Kong) et le Sevmorput (Russie). Il a \u00e9galement \u00e9t\u00e9 constat\u00e9 que l\u2019avarie s\u2019\u00e9tait produite dans la zone \u00e9conomique estonienne.<\/p>\n<p><a href=\"https:\/\/poliisi.fi\/en\/-\/the-investigation-is-now-focused-on-the-role-of-the-vessel-newnew-polar-bear\">Selon la Finlande<\/a>, l\u2019enqu\u00eate sur le gazoduc a confirm\u00e9 qu\u2019il avait \u00e9t\u00e9 caus\u00e9 par une force m\u00e9canique externe.<\/p>\n<p>Un objet extr\u00eamement lourd aurait \u00e9t\u00e9 trouv\u00e9 sur le fond marin, qui pourrait \u00eatre li\u00e9 aux dommages mais qui doit encore \u00eatre extrait et analys\u00e9. Le gouvernement finlandais a annonc\u00e9 le 20 octobre que son enqu\u00eate se concentrait d\u00e9sormais sur le navire chinois, le Newnew Polar&nbsp;Bear.<\/p>\n<p>Hier, le <a href=\"https:\/\/www.government.se\/articles\/2023\/10\/damaged-telecommunications-cable-between-sweden-and-estonia\/\">gouvernement su\u00e9dois<\/a> a confirm\u00e9 que son c\u00e2ble de t\u00e9l\u00e9communications avec l\u2019Estonie avait \u00e9t\u00e9 endommag\u00e9 \u00ab\u202f<em>par une force ext\u00e9rieure ou une manipulation<\/em>\u202f\u00bb, bien qu\u2019il soit encore pleinement fonctionnel. Il a \u00e9galement pr\u00e9cis\u00e9 que l\u2019endommagement de ce c\u00e2ble s\u2019\u00e9tait produit dans la zone \u00e9conomique estonienne.<\/p>\n<p>La porte-parole du minist\u00e8re chinois des affaires \u00e9trang\u00e8res, Mao Ning, a \u00e9voqu\u00e9 l\u2019enqu\u00eate lors d\u2019<a href=\"http:\/\/pg.china-embassy.gov.cn\/eng\/fyrth\/202310\/t20231023_11166320.htm\">une conf\u00e9rence de presse<\/a> tenue hier. Lorsqu\u2019un journaliste de la publication finlandaise Helsingin Sanomat a demand\u00e9 un commentaire sur l\u2019enqu\u00eate et si la Chine allait coop\u00e9rer, Mme Ning a ni\u00e9 que le navire chinois \u00e9tait impliqu\u00e9.<\/p>\n<p>\u00ab\u202f<em>\u00c0 ma connaissance, le navire chinois naviguait normalement dans les eaux concern\u00e9es lorsque l\u2019incident s\u2019est produit<\/em>\u202f\u00bb, a d\u00e9clar\u00e9 Mme Ning. \u00ab\u202f<em>Nous esp\u00e9rons que les autorit\u00e9s comp\u00e9tentes d\u00e9couvriront rapidement ce qui s\u2019est pass\u00e9 et veilleront \u00e0 ce que l\u2019enqu\u00eate soit men\u00e9e de mani\u00e8re objective, juste et professionnelle.<\/em>\u202f\u00bb<\/p>\n","protected":false},"excerpt":{"rendered":"<p>Un gazoduc sous-marin et deux c\u00e2bles de donn\u00e9es reliant la Scandinavie et l\u2019Estonie ont \u00e9t\u00e9 retrouv\u00e9s endommag\u00e9s en octobre. L\u2019enqu\u00eate a r\u00e9v\u00e9l\u00e9 que les dommages provenaient de l\u2019ext\u00e9rieur et a d\u00e9sign\u00e9 un navire asiatique comme principal suspect, bien qu\u2019il n\u2019ait pas \u00e9t\u00e9 confirm\u00e9 qu\u2019il s\u2019agissait d\u2019un acte intentionnel.<\/p>\n","protected":false},"author":226,"featured_media":32752,"comment_status":"closed","ping_status":"open","sticky":false,"template":"","format":"standard","meta":{"wp_typography_post_enhancements_disabled":false,"footnotes":""},"categories":[416],"tags":[1921,1479,513,421],"class_list":["post-32741","post","type-post","status-publish","format-standard","has-post-thumbnail","hentry","category-politique","tag-estonie","tag-finlande","tag-suede","tag-vieux"],"yoast_head":"<!-- This site is optimized with the Yoast SEO Premium plugin v27.4 (Yoast SEO v27.4) - https:\/\/yoast.com\/product\/yoast-seo-premium-wordpress\/ -->\n<title>Des c\u00e2bles sous-marins dans la Mer Baltique et un gazoduc endommag\u00e9s par des &quot;forces ext\u00e9rieures&quot;<\/title>\n<meta name=\"description\" content=\"Un gazoduc sous-marin et deux c\u00e2bles de donn\u00e9es reliant la Scandinavie et l&#039;Estonie ont \u00e9t\u00e9 retrouv\u00e9s endommag\u00e9s en octobre. L&#039;enqu\u00eate a r\u00e9v\u00e9l\u00e9 que les dommages provenaient de l&#039;ext\u00e9rieur et a d\u00e9sign\u00e9 un navire asiatique comme principal suspect, bien qu&#039;il n&#039;ait pas \u00e9t\u00e9 confirm\u00e9 qu&#039;il s&#039;agissait d&#039;un acte intentionnel.\" \/>\n<meta name=\"robots\" content=\"index, follow, max-snippet:-1, max-image-preview:large, max-video-preview:-1\" \/>\n<link rel=\"canonical\" href=\"https:\/\/www.newsendip.com\/fr\/des-cables-sous-marins-dans-la-mer-baltique-et-un-gazoduc-endommages-par-des-forces-exterieures\/\" \/>\n<meta property=\"og:locale\" content=\"fr_FR\" \/>\n<meta property=\"og:type\" content=\"article\" \/>\n<meta property=\"og:title\" content=\"Des c\u00e2bles sous-marins dans la Mer Baltique et un gazoduc endommag\u00e9s par des &quot;forces ext\u00e9rieures&quot;\" \/>\n<meta property=\"og:description\" content=\"Un gazoduc sous-marin et deux c\u00e2bles de donn\u00e9es reliant la Scandinavie et l&#039;Estonie ont \u00e9t\u00e9 retrouv\u00e9s endommag\u00e9s en octobre. L&#039;enqu\u00eate a r\u00e9v\u00e9l\u00e9 que les dommages provenaient de l&#039;ext\u00e9rieur et a d\u00e9sign\u00e9 un navire asiatique comme principal suspect, bien qu&#039;il n&#039;ait pas \u00e9t\u00e9 confirm\u00e9 qu&#039;il s&#039;agissait d&#039;un acte intentionnel.\" \/>\n<meta property=\"og:url\" content=\"https:\/\/www.newsendip.com\/fr\/des-cables-sous-marins-dans-la-mer-baltique-et-un-gazoduc-endommages-par-des-forces-exterieures\/\" \/>\n<meta property=\"og:site_name\" content=\"Newsendip\" \/>\n<meta property=\"article:publisher\" content=\"https:\/\/www.facebook.com\/newsendip\" \/>\n<meta property=\"article:published_time\" content=\"2023-10-24T16:35:10+00:00\" \/>\n<meta property=\"article:modified_time\" content=\"2024-07-18T13:35:28+00:00\" \/>\n<meta property=\"og:image\" content=\"https:\/\/www.newsendip.com\/wp-content\/uploads\/2023\/10\/Balticconnector.jpeg\" \/>\n\t<meta property=\"og:image:width\" content=\"800\" \/>\n\t<meta property=\"og:image:height\" content=\"533\" \/>\n\t<meta property=\"og:image:type\" content=\"image\/jpeg\" \/>\n<meta name=\"author\" content=\"Alexander Saraff Marcos\" \/>\n<meta name=\"twitter:card\" content=\"summary_large_image\" \/>\n<meta name=\"twitter:image\" content=\"https:\/\/www.newsendip.com\/wp-content\/uploads\/2023\/10\/Balticconnector.jpeg\" \/>\n<meta name=\"twitter:creator\" content=\"@https:\/\/twitter.com\/AlexanderSaraff\" \/>\n<meta name=\"twitter:site\" content=\"@newsendip\" \/>\n<meta name=\"twitter:label1\" content=\"\u00c9crit par\" \/>\n\t<meta name=\"twitter:data1\" content=\"Alexander Saraff Marcos\" \/>\n\t<meta name=\"twitter:label2\" content=\"Dur\u00e9e de lecture estim\u00e9e\" \/>\n\t<meta name=\"twitter:data2\" content=\"3 minutes\" \/>\n<!-- \/ Yoast SEO Premium plugin. -->","yoast_head_json":{"title":"Des c\u00e2bles sous-marins dans la Mer Baltique et un gazoduc endommag\u00e9s par des \"forces ext\u00e9rieures\"","description":"Un gazoduc sous-marin et deux c\u00e2bles de donn\u00e9es reliant la Scandinavie et l'Estonie ont \u00e9t\u00e9 retrouv\u00e9s endommag\u00e9s en octobre. L'enqu\u00eate a r\u00e9v\u00e9l\u00e9 que les dommages provenaient de l'ext\u00e9rieur et a d\u00e9sign\u00e9 un navire asiatique comme principal suspect, bien qu'il n'ait pas \u00e9t\u00e9 confirm\u00e9 qu'il s'agissait d'un acte intentionnel.","robots":{"index":"index","follow":"follow","max-snippet":"max-snippet:-1","max-image-preview":"max-image-preview:large","max-video-preview":"max-video-preview:-1"},"canonical":"https:\/\/www.newsendip.com\/fr\/des-cables-sous-marins-dans-la-mer-baltique-et-un-gazoduc-endommages-par-des-forces-exterieures\/","og_locale":"fr_FR","og_type":"article","og_title":"Des c\u00e2bles sous-marins dans la Mer Baltique et un gazoduc endommag\u00e9s par des \"forces ext\u00e9rieures\"","og_description":"Un gazoduc sous-marin et deux c\u00e2bles de donn\u00e9es reliant la Scandinavie et l'Estonie ont \u00e9t\u00e9 retrouv\u00e9s endommag\u00e9s en octobre. L'enqu\u00eate a r\u00e9v\u00e9l\u00e9 que les dommages provenaient de l'ext\u00e9rieur et a d\u00e9sign\u00e9 un navire asiatique comme principal suspect, bien qu'il n'ait pas \u00e9t\u00e9 confirm\u00e9 qu'il s'agissait d'un acte intentionnel.","og_url":"https:\/\/www.newsendip.com\/fr\/des-cables-sous-marins-dans-la-mer-baltique-et-un-gazoduc-endommages-par-des-forces-exterieures\/","og_site_name":"Newsendip","article_publisher":"https:\/\/www.facebook.com\/newsendip","article_published_time":"2023-10-24T16:35:10+00:00","article_modified_time":"2024-07-18T13:35:28+00:00","og_image":[{"width":800,"height":533,"url":"https:\/\/www.newsendip.com\/wp-content\/uploads\/2023\/10\/Balticconnector.jpeg","type":"image\/jpeg"}],"author":"Alexander Saraff Marcos","twitter_card":"summary_large_image","twitter_image":"https:\/\/www.newsendip.com\/wp-content\/uploads\/2023\/10\/Balticconnector.jpeg","twitter_creator":"@https:\/\/twitter.com\/AlexanderSaraff","twitter_site":"@newsendip","twitter_misc":{"\u00c9crit par":"Alexander Saraff Marcos","Dur\u00e9e de lecture estim\u00e9e":"3 minutes"},"schema":{"@context":"https:\/\/schema.org","@graph":[{"@type":"NewsArticle","@id":"https:\/\/www.newsendip.com\/fr\/des-cables-sous-marins-dans-la-mer-baltique-et-un-gazoduc-endommages-par-des-forces-exterieures\/#article","isPartOf":{"@id":"https:\/\/www.newsendip.com\/fr\/des-cables-sous-marins-dans-la-mer-baltique-et-un-gazoduc-endommages-par-des-forces-exterieures\/"},"author":{"name":"Alexander Saraff Marcos","@id":"https:\/\/www.newsendip.com\/fr\/#\/schema\/person\/e3467cf4a38ff8f5b92c83c7422ae321"},"headline":"Des c\u00e2bles sous-marins dans la Mer Baltique et un gazoduc endommag\u00e9s par des \u00ab\u202fforces ext\u00e9rieures\u202f\u00bb","datePublished":"2023-10-24T16:35:10+00:00","dateModified":"2024-07-18T13:35:28+00:00","mainEntityOfPage":{"@id":"https:\/\/www.newsendip.com\/fr\/des-cables-sous-marins-dans-la-mer-baltique-et-un-gazoduc-endommages-par-des-forces-exterieures\/"},"wordCount":563,"publisher":{"@id":"https:\/\/www.newsendip.com\/fr\/#organization"},"image":{"@id":"https:\/\/www.newsendip.com\/fr\/des-cables-sous-marins-dans-la-mer-baltique-et-un-gazoduc-endommages-par-des-forces-exterieures\/#primaryimage"},"thumbnailUrl":"https:\/\/www.newsendip.com\/wp-content\/uploads\/2023\/10\/Balticconnector.webp","keywords":["Estonie","Finlande","Su\u00e8de","Vieux"],"articleSection":["Politique"],"inLanguage":"fr-FR","copyrightYear":"2023","copyrightHolder":{"@id":"https:\/\/www.newsendip.com\/#organization"}},{"@type":"WebPage","@id":"https:\/\/www.newsendip.com\/fr\/des-cables-sous-marins-dans-la-mer-baltique-et-un-gazoduc-endommages-par-des-forces-exterieures\/","url":"https:\/\/www.newsendip.com\/fr\/des-cables-sous-marins-dans-la-mer-baltique-et-un-gazoduc-endommages-par-des-forces-exterieures\/","name":"Des c\u00e2bles sous-marins dans la Mer Baltique et un gazoduc endommag\u00e9s par des \"forces ext\u00e9rieures\"","isPartOf":{"@id":"https:\/\/www.newsendip.com\/fr\/#website"},"primaryImageOfPage":{"@id":"https:\/\/www.newsendip.com\/fr\/des-cables-sous-marins-dans-la-mer-baltique-et-un-gazoduc-endommages-par-des-forces-exterieures\/#primaryimage"},"image":{"@id":"https:\/\/www.newsendip.com\/fr\/des-cables-sous-marins-dans-la-mer-baltique-et-un-gazoduc-endommages-par-des-forces-exterieures\/#primaryimage"},"thumbnailUrl":"https:\/\/www.newsendip.com\/wp-content\/uploads\/2023\/10\/Balticconnector.webp","datePublished":"2023-10-24T16:35:10+00:00","dateModified":"2024-07-18T13:35:28+00:00","description":"Un gazoduc sous-marin et deux c\u00e2bles de donn\u00e9es reliant la Scandinavie et l'Estonie ont \u00e9t\u00e9 retrouv\u00e9s endommag\u00e9s en octobre. L'enqu\u00eate a r\u00e9v\u00e9l\u00e9 que les dommages provenaient de l'ext\u00e9rieur et a d\u00e9sign\u00e9 un navire asiatique comme principal suspect, bien qu'il n'ait pas \u00e9t\u00e9 confirm\u00e9 qu'il s'agissait d'un acte intentionnel.","breadcrumb":{"@id":"https:\/\/www.newsendip.com\/fr\/des-cables-sous-marins-dans-la-mer-baltique-et-un-gazoduc-endommages-par-des-forces-exterieures\/#breadcrumb"},"inLanguage":"fr-FR","potentialAction":[{"@type":"ReadAction","target":["https:\/\/www.newsendip.com\/fr\/des-cables-sous-marins-dans-la-mer-baltique-et-un-gazoduc-endommages-par-des-forces-exterieures\/"]}]},{"@type":"ImageObject","inLanguage":"fr-FR","@id":"https:\/\/www.newsendip.com\/fr\/des-cables-sous-marins-dans-la-mer-baltique-et-un-gazoduc-endommages-par-des-forces-exterieures\/#primaryimage","url":"https:\/\/www.newsendip.com\/wp-content\/uploads\/2023\/10\/Balticconnector.webp","contentUrl":"https:\/\/www.newsendip.com\/wp-content\/uploads\/2023\/10\/Balticconnector.webp","width":800,"height":533,"caption":"Balticconnector | \u00a9 Elering"},{"@type":"BreadcrumbList","@id":"https:\/\/www.newsendip.com\/fr\/des-cables-sous-marins-dans-la-mer-baltique-et-un-gazoduc-endommages-par-des-forces-exterieures\/#breadcrumb","itemListElement":[{"@type":"ListItem","position":1,"name":"Accueil","item":"https:\/\/www.newsendip.com\/fr\/"},{"@type":"ListItem","position":2,"name":"Des c\u00e2bles sous-marins dans la Mer Baltique et un gazoduc endommag\u00e9s par des &#8220;forces ext\u00e9rieures&#8221;"}]},{"@type":"WebSite","@id":"https:\/\/www.newsendip.com\/fr\/#website","url":"https:\/\/www.newsendip.com\/fr\/","name":"Newsendip","description":"Red\u00e9couvrez l&#039;actualit\u00e9 internationale","publisher":{"@id":"https:\/\/www.newsendip.com\/fr\/#organization"},"potentialAction":[{"@type":"SearchAction","target":{"@type":"EntryPoint","urlTemplate":"https:\/\/www.newsendip.com\/fr\/?s={search_term_string}"},"query-input":{"@type":"PropertyValueSpecification","valueRequired":true,"valueName":"search_term_string"}}],"inLanguage":"fr-FR"},{"@type":"Organization","@id":"https:\/\/www.newsendip.com\/fr\/#organization","name":"Newsendip","url":"https:\/\/www.newsendip.com\/fr\/","logo":{"@type":"ImageObject","inLanguage":"fr-FR","@id":"https:\/\/www.newsendip.com\/fr\/#\/schema\/logo\/image\/","url":"https:\/\/www.newsendip.com\/wp-content\/uploads\/2023\/12\/512x512.svg","contentUrl":"https:\/\/www.newsendip.com\/wp-content\/uploads\/2023\/12\/512x512.svg","width":1,"height":1,"caption":"Newsendip"},"image":{"@id":"https:\/\/www.newsendip.com\/fr\/#\/schema\/logo\/image\/"},"sameAs":["https:\/\/www.facebook.com\/newsendip","https:\/\/x.com\/newsendip","https:\/\/mastodon.social\/@newsendip","https:\/\/www.linkedin.com\/company\/newsendip"],"description":"Newsendip est un site qui a pour mission de rendre l'actualit\u00e9 internationale accessible et diversifi\u00e9e","email":"contact@newsendip.com","legalName":"Newsendip SAS","foundingDate":"2022-11-04","vatID":"FR60921124723","numberOfEmployees":{"@type":"QuantitativeValue","minValue":"1","maxValue":"10"},"publishingPrinciples":"https:\/\/www.newsendip.com\/about-us\/","ownershipFundingInfo":"https:\/\/www.newsendip.com\/legal-notice\/","actionableFeedbackPolicy":"https:\/\/www.newsendip.com\/about-us\/","correctionsPolicy":"https:\/\/www.newsendip.com\/about-us\/","ethicsPolicy":"https:\/\/www.newsendip.com\/about-us\/","diversityPolicy":"https:\/\/www.newsendip.com\/about-us\/"},{"@type":"Person","@id":"https:\/\/www.newsendip.com\/fr\/#\/schema\/person\/e3467cf4a38ff8f5b92c83c7422ae321","name":"Alexander Saraff Marcos","description":"Alexander is a writer for Newsendip. He is a dual citizen of the United States and Spain and lives between Spain and France. He graduated from the University of Pittsburgh with a major in philosophy and a minor in French. He loves watching e-sport on his spare time.","sameAs":["https:\/\/www.linkedin.com\/in\/alexander-saraff-b132bb226\/","https:\/\/x.com\/https:\/\/twitter.com\/AlexanderSaraff"],"knowsAbout":["News"],"knowsLanguage":["English","Spanish","French"],"url":"https:\/\/www.newsendip.com\/fr\/author\/alexander-saraff\/"}]}},"_links":{"self":[{"href":"https:\/\/www.newsendip.com\/fr\/wp-json\/wp\/v2\/posts\/32741","targetHints":{"allow":["GET"]}}],"collection":[{"href":"https:\/\/www.newsendip.com\/fr\/wp-json\/wp\/v2\/posts"}],"about":[{"href":"https:\/\/www.newsendip.com\/fr\/wp-json\/wp\/v2\/types\/post"}],"author":[{"embeddable":true,"href":"https:\/\/www.newsendip.com\/fr\/wp-json\/wp\/v2\/users\/226"}],"replies":[{"embeddable":true,"href":"https:\/\/www.newsendip.com\/fr\/wp-json\/wp\/v2\/comments?post=32741"}],"version-history":[{"count":0,"href":"https:\/\/www.newsendip.com\/fr\/wp-json\/wp\/v2\/posts\/32741\/revisions"}],"wp:featuredmedia":[{"embeddable":true,"href":"https:\/\/www.newsendip.com\/fr\/wp-json\/wp\/v2\/media\/32752"}],"wp:attachment":[{"href":"https:\/\/www.newsendip.com\/fr\/wp-json\/wp\/v2\/media?parent=32741"}],"wp:term":[{"taxonomy":"category","embeddable":true,"href":"https:\/\/www.newsendip.com\/fr\/wp-json\/wp\/v2\/categories?post=32741"},{"taxonomy":"post_tag","embeddable":true,"href":"https:\/\/www.newsendip.com\/fr\/wp-json\/wp\/v2\/tags?post=32741"}],"curies":[{"name":"wp","href":"https:\/\/api.w.org\/{rel}","templated":true}]}}