{"id":32920,"date":"2023-10-30T17:14:04","date_gmt":"2023-10-30T16:14:04","guid":{"rendered":"https:\/\/www.newsendip.com\/?p=32920"},"modified":"2023-11-23T23:56:07","modified_gmt":"2023-11-23T22:56:07","slug":"en-belgique-le-gouvernement-rend-public-une-liste-noire-des-entrepreneurs","status":"publish","type":"post","link":"https:\/\/www.newsendip.com\/fr\/en-belgique-le-gouvernement-rend-public-une-liste-noire-des-entrepreneurs\/","title":{"rendered":"En Belgique, le gouvernement rend public une \u00ab\u202fliste noire\u202f\u00bb des entrepreneurs"},"content":{"rendered":"<p><strong>Le minist\u00e8re belge de la justice a publi\u00e9 une base de donn\u00e9es appel\u00e9e \u00ab\u202fJustBan\u202f\u00bb, qui contient des informations sur quelque 10 000 interdictions de gestion d\u2019entreprises. Les citoyens de Belgique et de l\u2019Union europ\u00e9enne pourront acc\u00e9der \u00e0 ces informations pour identifier les \u00ab\u202fentrepreneurs frauduleux\u202f\u00bb.<\/strong><\/p>\n<figure id=\"attachment_32932\" aria-describedby=\"caption-attachment-32932\" style=\"width: 1024px\" class=\"wp-caption aligncenter\"><img decoding=\"async\" class=\"wp-image-32932 size-large\" src=\"https:\/\/www.newsendip.com\/wp-content\/uploads\/2023\/10\/fraud-prevention-website-1024x638.webp\" alt=\"Pr\u00e9vention fraude site Belgique\" width=\"1024\" height=\"638\" srcset=\"https:\/\/www.newsendip.com\/wp-content\/uploads\/2023\/10\/fraud-prevention-website-1024x638.webp 1024w, https:\/\/www.newsendip.com\/wp-content\/uploads\/2023\/10\/fraud-prevention-website-60x37.webp 60w, https:\/\/www.newsendip.com\/wp-content\/uploads\/2023\/10\/fraud-prevention-website-300x187.webp 300w, https:\/\/www.newsendip.com\/wp-content\/uploads\/2023\/10\/fraud-prevention-website-768x478.webp 768w, https:\/\/www.newsendip.com\/wp-content\/uploads\/2023\/10\/fraud-prevention-website.webp 1280w\" sizes=\"(max-width: 1024px) 100vw, 1024px\"><figcaption id=\"caption-attachment-32932\" class=\"wp-caption-text\">Illustration | \u00a9 Mohamed Hassan<\/figcaption><\/figure>\n<p>En Belgique, les entrepreneurs et entrepreneuses coupables de fraude et d\u2019autres d\u00e9lits financiers vont \u00eatre beaucoup plus expos\u00e9s avec une nouvelle base de donn\u00e9es.<\/p>\n<p>Normalement, ces entrepreneurs ont \u00e9t\u00e9 condamn\u00e9s \u00e0 une peine de prison et ont re\u00e7u en outre une interdiction de trois \u00e0 dix ans d\u2019exercer une fonction de direction dans une entreprise. Alors que la liste des personnes frapp\u00e9es d\u2019interdiction \u00e9tait d\u00e9j\u00e0 connue de la police belge et des institutions officielles, le gouvernement a d\u00e9cid\u00e9 de la rendre publique.<\/p>\n<p><a href=\"https:\/\/justitie.belgium.be\/nl\/nieuws\/persberichten\/lancering_justban_speur_naar_malafide_ondernemers_via_just_on_web\">Selon le minist\u00e8re de la justice<\/a>, cette mesure est destin\u00e9e \u00e0 \u00ab\u202f<em>veiller \u00e0 ce que les entrepreneurs frauduleux fassent moins de victimes<\/em>\u202f\u00bb. Il a indiqu\u00e9 que le service JustBan, disponible depuis le 20 octobre, contient des informations sur environ 10 000 interdictions en cours. Ils ont annonc\u00e9 que ces interdictions d\u2019avoir des fonctions dirigeantes seront supprim\u00e9es au fur et \u00e0 mesure qu\u2019elles expirent ou sont annul\u00e9es par le tribunal.<\/p>\n<p>Il a \u00e9galement annonc\u00e9 que les informations seront \u00e9galement accessibles aux citoyens de l\u2019Union europ\u00e9eenne. Les informations sur les interdictions seront ajout\u00e9es \u00e0 la base de donn\u00e9es de l\u2019UE contenant toutes les informations sur les entreprises, le syst\u00e8me d\u2019interconnexion des registres du commerce europ\u00e9ens (BRIS).<\/p>\n<p>Le projet de loi visant \u00e0 cr\u00e9er un registre public des d\u00e9linquants financiers fut initialement propos\u00e9 en 2022 par l\u2019ancien ministre de la justice, Vincent van Quickenborne, qui estimait que les interdictions administratives n\u2019\u00e9taient pas suffisamment appliqu\u00e9es. Selon lui, le contr\u00f4le de ces interdictions \u00e9tait inad\u00e9quat, ce qui permettait aux personnes interdites de profiter de clients peu m\u00e9fiants. Selon lui, un registre public contribue \u00e0 prot\u00e9ger les citoyens et les entreprises. Le <a href=\"https:\/\/www.teamjustitie.be\/2022\/12\/16\/betere-controle-op-bestuursverboden-dankzij-centraal-openbaar-register\/\">projet de loi<\/a> fut rapidement approuv\u00e9 par le Conseil des ministres.<\/p>\n<p>Le nouveau ministre de la justice, Paul van Tigchelt, en poste depuis le 20 octobre 2023, est devenu l\u2019un des visages de cette initiative. Il \u00e9tait auparavant le chef de cabinet de Quickenborne avant d\u2019\u00eatre nomm\u00e9. M. Tigchelt a repris l\u2019id\u00e9e de M. Quickenborne selon laquelle le niveau actuel d\u2019application des interdictions administratives \u00e9tait insuffisant et que le registre permettrait d\u2019\u00e9viter d\u2019autres victimes de la fraude, en <a href=\"https:\/\/justitie.belgium.be\/nl\/nieuws\/persberichten\/lancering_justban_speur_naar_malafide_ondernemers_via_just_on_web#:~:text=Paul%20Van%20Tigchelt,being%20a%20director.\">utilisant des termes similaires<\/a>.<\/p>\n<p>Des rapports font \u00e9tat de fraudes massives en <a href=\"https:\/\/www.newsendip.com\/fr\/etiquette\/belgique\/\">Belgique<\/a>, en particulier dans le secteur de la construction.<\/p>\n<p>En octobre 2021, Europol a publi\u00e9 un rapport sur une enqu\u00eate polici\u00e8re conjointe concernant 20 sous-traitants du secteur de la construction en Belgique, qui ont embauch\u00e9 des immigrants amen\u00e9s par la mafia italienne, les soumettant \u00e0 des conditions de travail ill\u00e9gales. La fraude totale avait \u00e9t\u00e9 estim\u00e9e \u00e0 20 millions d\u2019euros par Europol.<\/p>\n<p>En ao\u00fbt 2022, <a href=\"https:\/\/www.borealisgroup.com\/news\/borealis-suspends-construction-in-kallo-after-serious-allegations-against-contractor-and-continues-to-support-belgian-authorities-in-investigation\">le groupe Borealis<\/a>, l\u2019un des leaders de la chimie en Europe, a annonc\u00e9 publiquement qu\u2019il rompait ses liens avec un entrepreneur appel\u00e9 IREM, qui faisait l\u2019objet d\u2019une enqu\u00eate pour <a href=\"https:\/\/www.newsendip.com\/fr\/en-slovenie-une-demande-pour-revoir-sa-definition-de-la-traite-des-etres-humains-pour-que-les-victimes-sachent-quand-elles-le-sont\/\">traite d\u2019\u00eatres humains<\/a> et \u00ab\u202f<em>fraude sociale \u00e0 grande \u00e9chelle<\/em>\u202f\u00bb. Ils travaillaient ensemble \u00e0 la construction d\u2019une usine chimique qui aurait \u00e9t\u00e9 construite par des travailleurs victimes de la traite des \u00eatres humains.<\/p>\n<p>Ce ne sont l\u00e0 que quelques exemples d\u2019un probl\u00e8me plus vaste, que le <a href=\"https:\/\/www.europeansources.info\/record\/tackling-social-dumping-and-fraud-in-the-belgian-construction-sector\/\">R\u00e9seau europ\u00e9en de politique sociale<\/a> de la Commission europ\u00e9enne a signal\u00e9 en 2016, indiquant que les entrepreneurs belges du secteur de la construction recevaient un nombre important d\u2019offres apparemment fausses ou suspectes de la part de sous-traitants.<\/p>\n<p>Un rapport du secteur du fret a\u00e9rien belge fut \u00e9t\u00e9 publi\u00e9 en septembre dernier, concernant huit acteurs belges de fret a\u00e9rien qui ont \u00e9t\u00e9 victimes d\u2019un syst\u00e8me de fraude. Un sous-traitant a contact\u00e9 ces entreprises pour organiser le processus logistique d\u2019exportation de marchandises depuis l\u2019Inde et le Pakistan. Selon le rapport, les sous-traitants \u00ab\u202f<em>se sont comport\u00e9s de mani\u00e8re professionnelle<\/em>\u202f\u00bb et \u00ab\u202f<em>semblaient irr\u00e9prochables<\/em>\u202f\u00bb aux yeux des clients. Cependant, une fois le sous-traitant pay\u00e9, l\u2019entreprise s\u2019est \u00e9vanouie dans la nature sans fournir les services contract\u00e9s.<\/p>\n<p>L\u2019ex-ministre Quickenborne, qui avait lanc\u00e9 la mesure, a d\u00e9missionn\u00e9 plus t\u00f4t dans le mois pour avoir commis \u00ab\u202f<em>une erreur inexcusable<\/em>\u202f\u00bb, selon ses propres termes, en ne donnait pas suite \u00e0 l\u2019accord d\u2019extradition re\u00e7u l\u2019ann\u00e9e derni\u00e8re de la part de la Tunisie pour l\u2019immigr\u00e9 clandestin qui a tu\u00e9 deux Su\u00e9dois lors d\u2019une attaque terroriste ce mois-ci.<\/p>\n","protected":false},"excerpt":{"rendered":"<p>Le minist\u00e8re belge de la justice a publi\u00e9 une base de donn\u00e9es appel\u00e9e \u00ab\u202fJustBan\u202f\u00bb, qui contient des informations sur quelque 10 000 interdictions de gestion d\u2019entreprises. Les citoyens de Belgique et de l\u2019Union europ\u00e9enne pourront acc\u00e9der \u00e0 ces informations pour identifier les \u00ab\u202fentrepreneurs frauduleux\u202f\u00bb.<\/p>\n","protected":false},"author":226,"featured_media":32932,"comment_status":"closed","ping_status":"open","sticky":false,"template":"","format":"standard","meta":{"wp_typography_post_enhancements_disabled":false,"footnotes":""},"categories":[414],"tags":[464,1334],"class_list":["post-32920","post","type-post","status-publish","format-standard","has-post-thumbnail","hentry","category-economie","tag-belgique","tag-nouveau"],"yoast_head":"<!-- This site is optimized with the Yoast SEO Premium plugin v27.4 (Yoast SEO v27.4) - https:\/\/yoast.com\/product\/yoast-seo-premium-wordpress\/ -->\n<title>En Belgique, le gouvernement rend public une &quot;liste noire&quot; des entrepreneurs<\/title>\n<meta name=\"description\" content=\"Le minist\u00e8re belge de la justice a publi\u00e9 une base de donn\u00e9es appel\u00e9e &quot;JustBan&quot;, qui contient des informations sur quelque 10 000 interdictions de gestion d&#039;entreprises. Les citoyens de Belgique et de l&#039;Union europ\u00e9enne pourront acc\u00e9der \u00e0 ces informations pour identifier les &quot;entrepreneurs frauduleux&quot;.\" \/>\n<meta name=\"robots\" content=\"index, follow, max-snippet:-1, max-image-preview:large, max-video-preview:-1\" \/>\n<link rel=\"canonical\" href=\"https:\/\/www.newsendip.com\/fr\/en-belgique-le-gouvernement-rend-public-une-liste-noire-des-entrepreneurs\/\" \/>\n<meta property=\"og:locale\" content=\"fr_FR\" \/>\n<meta property=\"og:type\" content=\"article\" \/>\n<meta property=\"og:title\" content=\"En Belgique, le gouvernement rend public une &quot;liste noire&quot; des entrepreneurs\" \/>\n<meta property=\"og:description\" content=\"Le minist\u00e8re belge de la justice a publi\u00e9 une base de donn\u00e9es appel\u00e9e &quot;JustBan&quot;, qui contient des informations sur quelque 10 000 interdictions de gestion d&#039;entreprises. Les citoyens de Belgique et de l&#039;Union europ\u00e9enne pourront acc\u00e9der \u00e0 ces informations pour identifier les &quot;entrepreneurs frauduleux&quot;.\" \/>\n<meta property=\"og:url\" content=\"https:\/\/www.newsendip.com\/fr\/en-belgique-le-gouvernement-rend-public-une-liste-noire-des-entrepreneurs\/\" \/>\n<meta property=\"og:site_name\" content=\"Newsendip\" \/>\n<meta property=\"article:publisher\" content=\"https:\/\/www.facebook.com\/newsendip\" \/>\n<meta property=\"article:published_time\" content=\"2023-10-30T16:14:04+00:00\" \/>\n<meta property=\"article:modified_time\" content=\"2023-11-23T22:56:07+00:00\" \/>\n<meta property=\"og:image\" content=\"https:\/\/www.newsendip.com\/wp-content\/uploads\/2023\/10\/fraud-prevention-website.jpeg\" \/>\n\t<meta property=\"og:image:width\" content=\"1280\" \/>\n\t<meta property=\"og:image:height\" content=\"797\" \/>\n\t<meta property=\"og:image:type\" content=\"image\/jpeg\" \/>\n<meta name=\"author\" content=\"Alexander Saraff Marcos\" \/>\n<meta name=\"twitter:card\" content=\"summary_large_image\" \/>\n<meta name=\"twitter:image\" content=\"https:\/\/www.newsendip.com\/wp-content\/uploads\/2023\/10\/fraud-prevention-website.jpeg\" \/>\n<meta name=\"twitter:creator\" content=\"@https:\/\/twitter.com\/AlexanderSaraff\" \/>\n<meta name=\"twitter:site\" content=\"@newsendip\" \/>\n<meta name=\"twitter:label1\" content=\"\u00c9crit par\" \/>\n\t<meta name=\"twitter:data1\" content=\"Alexander Saraff Marcos\" \/>\n\t<meta name=\"twitter:label2\" content=\"Dur\u00e9e de lecture estim\u00e9e\" \/>\n\t<meta name=\"twitter:data2\" content=\"4 minutes\" \/>\n<!-- \/ Yoast SEO Premium plugin. -->","yoast_head_json":{"title":"En Belgique, le gouvernement rend public une \"liste noire\" des entrepreneurs","description":"Le minist\u00e8re belge de la justice a publi\u00e9 une base de donn\u00e9es appel\u00e9e \"JustBan\", qui contient des informations sur quelque 10 000 interdictions de gestion d'entreprises. Les citoyens de Belgique et de l'Union europ\u00e9enne pourront acc\u00e9der \u00e0 ces informations pour identifier les \"entrepreneurs frauduleux\".","robots":{"index":"index","follow":"follow","max-snippet":"max-snippet:-1","max-image-preview":"max-image-preview:large","max-video-preview":"max-video-preview:-1"},"canonical":"https:\/\/www.newsendip.com\/fr\/en-belgique-le-gouvernement-rend-public-une-liste-noire-des-entrepreneurs\/","og_locale":"fr_FR","og_type":"article","og_title":"En Belgique, le gouvernement rend public une \"liste noire\" des entrepreneurs","og_description":"Le minist\u00e8re belge de la justice a publi\u00e9 une base de donn\u00e9es appel\u00e9e \"JustBan\", qui contient des informations sur quelque 10 000 interdictions de gestion d'entreprises. Les citoyens de Belgique et de l'Union europ\u00e9enne pourront acc\u00e9der \u00e0 ces informations pour identifier les \"entrepreneurs frauduleux\".","og_url":"https:\/\/www.newsendip.com\/fr\/en-belgique-le-gouvernement-rend-public-une-liste-noire-des-entrepreneurs\/","og_site_name":"Newsendip","article_publisher":"https:\/\/www.facebook.com\/newsendip","article_published_time":"2023-10-30T16:14:04+00:00","article_modified_time":"2023-11-23T22:56:07+00:00","og_image":[{"width":1280,"height":797,"url":"https:\/\/www.newsendip.com\/wp-content\/uploads\/2023\/10\/fraud-prevention-website.jpeg","type":"image\/jpeg"}],"author":"Alexander Saraff Marcos","twitter_card":"summary_large_image","twitter_image":"https:\/\/www.newsendip.com\/wp-content\/uploads\/2023\/10\/fraud-prevention-website.jpeg","twitter_creator":"@https:\/\/twitter.com\/AlexanderSaraff","twitter_site":"@newsendip","twitter_misc":{"\u00c9crit par":"Alexander Saraff Marcos","Dur\u00e9e de lecture estim\u00e9e":"4 minutes"},"schema":{"@context":"https:\/\/schema.org","@graph":[{"@type":"NewsArticle","@id":"https:\/\/www.newsendip.com\/fr\/en-belgique-le-gouvernement-rend-public-une-liste-noire-des-entrepreneurs\/#article","isPartOf":{"@id":"https:\/\/www.newsendip.com\/fr\/en-belgique-le-gouvernement-rend-public-une-liste-noire-des-entrepreneurs\/"},"author":{"name":"Alexander Saraff Marcos","@id":"https:\/\/www.newsendip.com\/fr\/#\/schema\/person\/e3467cf4a38ff8f5b92c83c7422ae321"},"headline":"En Belgique, le gouvernement rend public une \u00ab\u202fliste noire\u202f\u00bb des entrepreneurs","datePublished":"2023-10-30T16:14:04+00:00","dateModified":"2023-11-23T22:56:07+00:00","mainEntityOfPage":{"@id":"https:\/\/www.newsendip.com\/fr\/en-belgique-le-gouvernement-rend-public-une-liste-noire-des-entrepreneurs\/"},"wordCount":802,"publisher":{"@id":"https:\/\/www.newsendip.com\/fr\/#organization"},"image":{"@id":"https:\/\/www.newsendip.com\/fr\/en-belgique-le-gouvernement-rend-public-une-liste-noire-des-entrepreneurs\/#primaryimage"},"thumbnailUrl":"https:\/\/www.newsendip.com\/wp-content\/uploads\/2023\/10\/fraud-prevention-website.webp","keywords":["Belgique","R\u00e9cent"],"articleSection":["\u00c9conomie"],"inLanguage":"fr-FR","copyrightYear":"2023","copyrightHolder":{"@id":"https:\/\/www.newsendip.com\/#organization"}},{"@type":"WebPage","@id":"https:\/\/www.newsendip.com\/fr\/en-belgique-le-gouvernement-rend-public-une-liste-noire-des-entrepreneurs\/","url":"https:\/\/www.newsendip.com\/fr\/en-belgique-le-gouvernement-rend-public-une-liste-noire-des-entrepreneurs\/","name":"En Belgique, le gouvernement rend public une \"liste noire\" des entrepreneurs","isPartOf":{"@id":"https:\/\/www.newsendip.com\/fr\/#website"},"primaryImageOfPage":{"@id":"https:\/\/www.newsendip.com\/fr\/en-belgique-le-gouvernement-rend-public-une-liste-noire-des-entrepreneurs\/#primaryimage"},"image":{"@id":"https:\/\/www.newsendip.com\/fr\/en-belgique-le-gouvernement-rend-public-une-liste-noire-des-entrepreneurs\/#primaryimage"},"thumbnailUrl":"https:\/\/www.newsendip.com\/wp-content\/uploads\/2023\/10\/fraud-prevention-website.webp","datePublished":"2023-10-30T16:14:04+00:00","dateModified":"2023-11-23T22:56:07+00:00","description":"Le minist\u00e8re belge de la justice a publi\u00e9 une base de donn\u00e9es appel\u00e9e \"JustBan\", qui contient des informations sur quelque 10 000 interdictions de gestion d'entreprises. Les citoyens de Belgique et de l'Union europ\u00e9enne pourront acc\u00e9der \u00e0 ces informations pour identifier les \"entrepreneurs frauduleux\".","breadcrumb":{"@id":"https:\/\/www.newsendip.com\/fr\/en-belgique-le-gouvernement-rend-public-une-liste-noire-des-entrepreneurs\/#breadcrumb"},"inLanguage":"fr-FR","potentialAction":[{"@type":"ReadAction","target":["https:\/\/www.newsendip.com\/fr\/en-belgique-le-gouvernement-rend-public-une-liste-noire-des-entrepreneurs\/"]}]},{"@type":"ImageObject","inLanguage":"fr-FR","@id":"https:\/\/www.newsendip.com\/fr\/en-belgique-le-gouvernement-rend-public-une-liste-noire-des-entrepreneurs\/#primaryimage","url":"https:\/\/www.newsendip.com\/wp-content\/uploads\/2023\/10\/fraud-prevention-website.webp","contentUrl":"https:\/\/www.newsendip.com\/wp-content\/uploads\/2023\/10\/fraud-prevention-website.webp","width":1280,"height":797,"caption":"Illustration | \u00a9 Mohamed Hassan"},{"@type":"BreadcrumbList","@id":"https:\/\/www.newsendip.com\/fr\/en-belgique-le-gouvernement-rend-public-une-liste-noire-des-entrepreneurs\/#breadcrumb","itemListElement":[{"@type":"ListItem","position":1,"name":"Accueil","item":"https:\/\/www.newsendip.com\/fr\/"},{"@type":"ListItem","position":2,"name":"En Belgique, le gouvernement rend public une &#8220;liste noire&#8221; des entrepreneurs"}]},{"@type":"WebSite","@id":"https:\/\/www.newsendip.com\/fr\/#website","url":"https:\/\/www.newsendip.com\/fr\/","name":"Newsendip","description":"Red\u00e9couvrez l&#039;actualit\u00e9 internationale","publisher":{"@id":"https:\/\/www.newsendip.com\/fr\/#organization"},"potentialAction":[{"@type":"SearchAction","target":{"@type":"EntryPoint","urlTemplate":"https:\/\/www.newsendip.com\/fr\/?s={search_term_string}"},"query-input":{"@type":"PropertyValueSpecification","valueRequired":true,"valueName":"search_term_string"}}],"inLanguage":"fr-FR"},{"@type":"Organization","@id":"https:\/\/www.newsendip.com\/fr\/#organization","name":"Newsendip","url":"https:\/\/www.newsendip.com\/fr\/","logo":{"@type":"ImageObject","inLanguage":"fr-FR","@id":"https:\/\/www.newsendip.com\/fr\/#\/schema\/logo\/image\/","url":"https:\/\/www.newsendip.com\/wp-content\/uploads\/2023\/12\/512x512.svg","contentUrl":"https:\/\/www.newsendip.com\/wp-content\/uploads\/2023\/12\/512x512.svg","width":1,"height":1,"caption":"Newsendip"},"image":{"@id":"https:\/\/www.newsendip.com\/fr\/#\/schema\/logo\/image\/"},"sameAs":["https:\/\/www.facebook.com\/newsendip","https:\/\/x.com\/newsendip","https:\/\/mastodon.social\/@newsendip","https:\/\/www.linkedin.com\/company\/newsendip"],"description":"Newsendip est un site qui a pour mission de rendre l'actualit\u00e9 internationale accessible et diversifi\u00e9e","email":"contact@newsendip.com","legalName":"Newsendip SAS","foundingDate":"2022-11-04","vatID":"FR60921124723","numberOfEmployees":{"@type":"QuantitativeValue","minValue":"1","maxValue":"10"},"publishingPrinciples":"https:\/\/www.newsendip.com\/about-us\/","ownershipFundingInfo":"https:\/\/www.newsendip.com\/legal-notice\/","actionableFeedbackPolicy":"https:\/\/www.newsendip.com\/about-us\/","correctionsPolicy":"https:\/\/www.newsendip.com\/about-us\/","ethicsPolicy":"https:\/\/www.newsendip.com\/about-us\/","diversityPolicy":"https:\/\/www.newsendip.com\/about-us\/"},{"@type":"Person","@id":"https:\/\/www.newsendip.com\/fr\/#\/schema\/person\/e3467cf4a38ff8f5b92c83c7422ae321","name":"Alexander Saraff Marcos","description":"Alexander is a writer for Newsendip. He is a dual citizen of the United States and Spain and lives between Spain and France. He graduated from the University of Pittsburgh with a major in philosophy and a minor in French. He loves watching e-sport on his spare time.","sameAs":["https:\/\/www.linkedin.com\/in\/alexander-saraff-b132bb226\/","https:\/\/x.com\/https:\/\/twitter.com\/AlexanderSaraff"],"knowsAbout":["News"],"knowsLanguage":["English","Spanish","French"],"url":"https:\/\/www.newsendip.com\/fr\/author\/alexander-saraff\/"}]}},"_links":{"self":[{"href":"https:\/\/www.newsendip.com\/fr\/wp-json\/wp\/v2\/posts\/32920","targetHints":{"allow":["GET"]}}],"collection":[{"href":"https:\/\/www.newsendip.com\/fr\/wp-json\/wp\/v2\/posts"}],"about":[{"href":"https:\/\/www.newsendip.com\/fr\/wp-json\/wp\/v2\/types\/post"}],"author":[{"embeddable":true,"href":"https:\/\/www.newsendip.com\/fr\/wp-json\/wp\/v2\/users\/226"}],"replies":[{"embeddable":true,"href":"https:\/\/www.newsendip.com\/fr\/wp-json\/wp\/v2\/comments?post=32920"}],"version-history":[{"count":0,"href":"https:\/\/www.newsendip.com\/fr\/wp-json\/wp\/v2\/posts\/32920\/revisions"}],"wp:featuredmedia":[{"embeddable":true,"href":"https:\/\/www.newsendip.com\/fr\/wp-json\/wp\/v2\/media\/32932"}],"wp:attachment":[{"href":"https:\/\/www.newsendip.com\/fr\/wp-json\/wp\/v2\/media?parent=32920"}],"wp:term":[{"taxonomy":"category","embeddable":true,"href":"https:\/\/www.newsendip.com\/fr\/wp-json\/wp\/v2\/categories?post=32920"},{"taxonomy":"post_tag","embeddable":true,"href":"https:\/\/www.newsendip.com\/fr\/wp-json\/wp\/v2\/tags?post=32920"}],"curies":[{"name":"wp","href":"https:\/\/api.w.org\/{rel}","templated":true}]}}