{"id":32969,"date":"2023-10-31T16:16:00","date_gmt":"2023-10-31T15:16:00","guid":{"rendered":"https:\/\/www.newsendip.com\/?p=32969"},"modified":"2024-07-18T15:35:12","modified_gmt":"2024-07-18T13:35:12","slug":"en-italie-giorgia-meloni-va-t-elle-changer-le-systeme-de-nomination-des-premiers-ministres","status":"publish","type":"post","link":"https:\/\/www.newsendip.com\/fr\/en-italie-giorgia-meloni-va-t-elle-changer-le-systeme-de-nomination-des-premiers-ministres\/","title":{"rendered":"En Italie, Giorgia Meloni va-t-elle changer le syst\u00e8me de nomination des Premiers ministres\u202f?"},"content":{"rendered":"<p><strong>Ce lundi, la pr\u00e9sidente du Conseil italien Giorgia Meloni et ses ministres ont soutenu une proposition de r\u00e9forme constitutionnelle introduisant l\u2019\u00e9lection directe du Premier ministre. Il est probable qu\u2019une telle r\u00e9forme, r\u00e9guli\u00e8rement mise sur la table en Italie, soit valid\u00e9e cette&nbsp;fois.<\/strong><\/p>\n<figure id=\"attachment_32990\" aria-describedby=\"caption-attachment-32990\" style=\"width: 1024px\" class=\"wp-caption aligncenter\"><img decoding=\"async\" class=\"wp-image-32990 size-large\" src=\"https:\/\/www.newsendip.com\/wp-content\/uploads\/2023\/10\/giorgia-meloni-1024x832.webp\" alt=\"Giorgia Meloni\" width=\"1024\" height=\"832\" srcset=\"https:\/\/www.newsendip.com\/wp-content\/uploads\/2023\/10\/giorgia-meloni-1024x832.webp 1024w, https:\/\/www.newsendip.com\/wp-content\/uploads\/2023\/10\/giorgia-meloni-1536x1248.webp 1536w, https:\/\/www.newsendip.com\/wp-content\/uploads\/2023\/10\/giorgia-meloni-2048x1664.webp 2048w, https:\/\/www.newsendip.com\/wp-content\/uploads\/2023\/10\/giorgia-meloni-60x49.webp 60w, https:\/\/www.newsendip.com\/wp-content\/uploads\/2023\/10\/giorgia-meloni-300x244.webp 300w, https:\/\/www.newsendip.com\/wp-content\/uploads\/2023\/10\/giorgia-meloni-768x624.webp 768w\" sizes=\"(max-width: 1024px) 100vw, 1024px\"><figcaption id=\"caption-attachment-32990\" class=\"wp-caption-text\">Giorgia Meloni, la premi\u00e8re ministre italienne | \u00a9 Giorgia Meloni, Twitter<\/figcaption><\/figure>\n<p>Giorgia Meloni s\u2019attaque \u00e0 la Constitution italienne. La <a href=\"https:\/\/www.governo.it\/it\/articolo\/progetto-di-riforma-costituzionale-riunione-palazzo-chigi\/24089\">pr\u00e9sidente du Conseil a engag\u00e9 une vaste r\u00e9forme<\/a> visant \u00e0 donner plus de pouvoirs au chef du gouvernement par le biais d\u2019un texte qui sera pr\u00e9sent\u00e9 au Conseil des ministres ce vendredi 3 novembre.<\/p>\n<p>Cette r\u00e9forme, inspir\u00e9e du mod\u00e8le fran\u00e7ais, pr\u00e9voit notamment l\u2019\u00e9lection du Premier ministre en un seul scrutin et une majorit\u00e9 de 55\u202f% pour assurer la gouvernabilit\u00e9, ainsi que la fin de la possibilit\u00e9 pour le <em>Quirinale<\/em>, si\u00e8ge de la pr\u00e9sidence <a href=\"https:\/\/www.newsendip.com\/fr\/etiquette\/italie\/\">italienne<\/a>, de nommer les s\u00e9nateurs \u00e0&nbsp;vie.<\/p>\n<p>Cette d\u00e9cision intervient dans le cadre d\u2019une s\u00e9rie de mesure engag\u00e9es pour mettre fin \u00e0 l\u2019instabilit\u00e9 politique chronique du pays, qui a vu se succ\u00e9der 68 diff\u00e9rent gouvernements au cours des 77 derni\u00e8res ann\u00e9es.<\/p>\n<p>Lors de sa campagne \u00e9lectorale, Giorgia Meloni s\u2019\u00e9tait engag\u00e9e \u00e0 introduire des r\u00e9formes constitutionnelles visant \u00e0 garantir une dur\u00e9e plus longue aux gouvernements italiens, et un nouvel \u00e9quilibre des pouvoirs entre le Premier ministre, le Pr\u00e9sident et le Parlement.<\/p>\n<p>La pr\u00e9sidente du Conseil s\u2019est cependant heurt\u00e9e \u00e0 une forte r\u00e9sistance de la part de l\u2019opposition, qui craint que ces r\u00e9formes ne concentrent trop de pouvoirs entre les mains d\u2019une seule et m\u00eame personne. C\u2019est pr\u00e9cis\u00e9ment ce que les dirigeants italiens d\u2019apr\u00e8s-guerre souhaitaient \u00e9viter en instaurant le syst\u00e8me politique actuel apr\u00e8s 18 ans de dictature fasciste sous Benito Mussolini.<\/p>\n<p>En vertu de la loi italienne, toute modification de la Constitution requiert une majorit\u00e9 de deux tiers dans les deux chambres du Parlement.<\/p>\n<p>En cas d\u2019\u00e9chec, <a href=\"https:\/\/www.newsendip.com\/fr\/litalie-organisera-un-referendum-sur-5-lois-du-systeme-judiciaire-les-demandes-pour-le-suicide-assiste-ou-la-depenalisation-du-cannabis-rejetees\/\">un r\u00e9f\u00e9rendum<\/a> doit \u00eatre organis\u00e9. Les pr\u00e9c\u00e9dents r\u00e9f\u00e9rendums concernant des changements constitutionnels se sont tous sold\u00e9s par des \u00e9checs. Le dernier en date, propos\u00e9 par Matteo Renzi, alors premier ministre, a entrain\u00e9 sa d\u00e9mission, tandis qu\u2019un r\u00e9f\u00e9rendum concernant le renforcement des pouvoirs pr\u00e9sidentiels, men\u00e9 par Silvio Berlusconi, alors premier ministre, a \u00e9galement \u00e9chou\u00e9 en&nbsp;2006.<\/p>\n","protected":false},"excerpt":{"rendered":"<p>Ce lundi, la pr\u00e9sidente du Conseil italien Giorgia Meloni et ses ministres ont soutenu une proposition de r\u00e9forme constitutionnelle introduisant l\u2019\u00e9lection directe du Premier ministre. Il est probable qu\u2019une telle r\u00e9forme, r\u00e9guli\u00e8rement mise sur la table en Italie, soit valid\u00e9e cette&nbsp;fois.<\/p>\n","protected":false},"author":237,"featured_media":32990,"comment_status":"closed","ping_status":"open","sticky":false,"template":"","format":"standard","meta":{"wp_typography_post_enhancements_disabled":false,"footnotes":""},"categories":[416],"tags":[418,421],"class_list":["post-32969","post","type-post","status-publish","format-standard","has-post-thumbnail","hentry","category-politique","tag-italie","tag-vieux"],"yoast_head":"<!-- This site is optimized with the Yoast SEO Premium plugin v27.4 (Yoast SEO v27.4) - https:\/\/yoast.com\/product\/yoast-seo-premium-wordpress\/ -->\n<title>En Italie, Giorgia Meloni va-t-elle changer le syst\u00e8me de nomination des Premiers ministres ?<\/title>\n<meta name=\"description\" content=\"Ce lundi, la pr\u00e9sidente du Conseil italien Giorgia Meloni et ses ministres ont soutenu une proposition de r\u00e9forme constitutionnelle introduisant l&#039;\u00e9lection directe du Premier ministre. Il est probable qu&#039;une telle r\u00e9forme, r\u00e9guli\u00e8rement mise sur la table en Italie, soit valid\u00e9e cette fois.\" \/>\n<meta name=\"robots\" content=\"index, follow, max-snippet:-1, max-image-preview:large, max-video-preview:-1\" \/>\n<link rel=\"canonical\" href=\"https:\/\/www.newsendip.com\/fr\/en-italie-giorgia-meloni-va-t-elle-changer-le-systeme-de-nomination-des-premiers-ministres\/\" \/>\n<meta property=\"og:locale\" content=\"fr_FR\" \/>\n<meta property=\"og:type\" content=\"article\" \/>\n<meta property=\"og:title\" content=\"En Italie, Giorgia Meloni va-t-elle changer le syst\u00e8me de nomination des Premiers ministres ?\" \/>\n<meta property=\"og:description\" content=\"Ce lundi, la pr\u00e9sidente du Conseil italien Giorgia Meloni et ses ministres ont soutenu une proposition de r\u00e9forme constitutionnelle introduisant l&#039;\u00e9lection directe du Premier ministre. Il est probable qu&#039;une telle r\u00e9forme, r\u00e9guli\u00e8rement mise sur la table en Italie, soit valid\u00e9e cette fois.\" \/>\n<meta property=\"og:url\" content=\"https:\/\/www.newsendip.com\/fr\/en-italie-giorgia-meloni-va-t-elle-changer-le-systeme-de-nomination-des-premiers-ministres\/\" \/>\n<meta property=\"og:site_name\" content=\"Newsendip\" \/>\n<meta property=\"article:publisher\" content=\"https:\/\/www.facebook.com\/newsendip\" \/>\n<meta property=\"article:published_time\" content=\"2023-10-31T15:16:00+00:00\" \/>\n<meta property=\"article:modified_time\" content=\"2024-07-18T13:35:12+00:00\" \/>\n<meta property=\"og:image\" content=\"https:\/\/www.newsendip.com\/wp-content\/uploads\/2023\/10\/giorgia-meloni-min-scaled.jpeg\" \/>\n\t<meta property=\"og:image:width\" content=\"2560\" \/>\n\t<meta property=\"og:image:height\" content=\"2079\" \/>\n\t<meta property=\"og:image:type\" content=\"image\/jpeg\" \/>\n<meta name=\"author\" content=\"Julie Carballo\" \/>\n<meta name=\"twitter:card\" content=\"summary_large_image\" \/>\n<meta name=\"twitter:image\" content=\"https:\/\/www.newsendip.com\/wp-content\/uploads\/2023\/10\/giorgia-meloni-min-scaled.jpeg\" \/>\n<meta name=\"twitter:creator\" content=\"@https:\/\/twitter.com\/JulieCarballo\" \/>\n<meta name=\"twitter:site\" content=\"@newsendip\" \/>\n<meta name=\"twitter:label1\" content=\"\u00c9crit par\" \/>\n\t<meta name=\"twitter:data1\" content=\"Julie Carballo\" \/>\n\t<meta name=\"twitter:label2\" content=\"Dur\u00e9e de lecture estim\u00e9e\" \/>\n\t<meta name=\"twitter:data2\" content=\"2 minutes\" \/>\n<!-- \/ Yoast SEO Premium plugin. -->","yoast_head_json":{"title":"En Italie, Giorgia Meloni va-t-elle changer le syst\u00e8me de nomination des Premiers ministres ?","description":"Ce lundi, la pr\u00e9sidente du Conseil italien Giorgia Meloni et ses ministres ont soutenu une proposition de r\u00e9forme constitutionnelle introduisant l'\u00e9lection directe du Premier ministre. Il est probable qu'une telle r\u00e9forme, r\u00e9guli\u00e8rement mise sur la table en Italie, soit valid\u00e9e cette fois.","robots":{"index":"index","follow":"follow","max-snippet":"max-snippet:-1","max-image-preview":"max-image-preview:large","max-video-preview":"max-video-preview:-1"},"canonical":"https:\/\/www.newsendip.com\/fr\/en-italie-giorgia-meloni-va-t-elle-changer-le-systeme-de-nomination-des-premiers-ministres\/","og_locale":"fr_FR","og_type":"article","og_title":"En Italie, Giorgia Meloni va-t-elle changer le syst\u00e8me de nomination des Premiers ministres ?","og_description":"Ce lundi, la pr\u00e9sidente du Conseil italien Giorgia Meloni et ses ministres ont soutenu une proposition de r\u00e9forme constitutionnelle introduisant l'\u00e9lection directe du Premier ministre. Il est probable qu'une telle r\u00e9forme, r\u00e9guli\u00e8rement mise sur la table en Italie, soit valid\u00e9e cette fois.","og_url":"https:\/\/www.newsendip.com\/fr\/en-italie-giorgia-meloni-va-t-elle-changer-le-systeme-de-nomination-des-premiers-ministres\/","og_site_name":"Newsendip","article_publisher":"https:\/\/www.facebook.com\/newsendip","article_published_time":"2023-10-31T15:16:00+00:00","article_modified_time":"2024-07-18T13:35:12+00:00","og_image":[{"width":2560,"height":2079,"url":"https:\/\/www.newsendip.com\/wp-content\/uploads\/2023\/10\/giorgia-meloni-min-scaled.jpeg","type":"image\/jpeg"}],"author":"Julie Carballo","twitter_card":"summary_large_image","twitter_image":"https:\/\/www.newsendip.com\/wp-content\/uploads\/2023\/10\/giorgia-meloni-min-scaled.jpeg","twitter_creator":"@https:\/\/twitter.com\/JulieCarballo","twitter_site":"@newsendip","twitter_misc":{"\u00c9crit par":"Julie Carballo","Dur\u00e9e de lecture estim\u00e9e":"2 minutes"},"schema":{"@context":"https:\/\/schema.org","@graph":[{"@type":"NewsArticle","@id":"https:\/\/www.newsendip.com\/fr\/en-italie-giorgia-meloni-va-t-elle-changer-le-systeme-de-nomination-des-premiers-ministres\/#article","isPartOf":{"@id":"https:\/\/www.newsendip.com\/fr\/en-italie-giorgia-meloni-va-t-elle-changer-le-systeme-de-nomination-des-premiers-ministres\/"},"author":{"name":"Julie Carballo","@id":"https:\/\/www.newsendip.com\/fr\/#\/schema\/person\/4fd26e598eb9518ae499a7bbc3538f1e"},"headline":"En Italie, Giorgia Meloni va-t-elle changer le syst\u00e8me de nomination des Premiers ministres\u202f?","datePublished":"2023-10-31T15:16:00+00:00","dateModified":"2024-07-18T13:35:12+00:00","mainEntityOfPage":{"@id":"https:\/\/www.newsendip.com\/fr\/en-italie-giorgia-meloni-va-t-elle-changer-le-systeme-de-nomination-des-premiers-ministres\/"},"wordCount":425,"publisher":{"@id":"https:\/\/www.newsendip.com\/fr\/#organization"},"image":{"@id":"https:\/\/www.newsendip.com\/fr\/en-italie-giorgia-meloni-va-t-elle-changer-le-systeme-de-nomination-des-premiers-ministres\/#primaryimage"},"thumbnailUrl":"https:\/\/www.newsendip.com\/wp-content\/uploads\/2023\/10\/giorgia-meloni-scaled.webp","keywords":["Italie","Vieux"],"articleSection":["Politique"],"inLanguage":"fr-FR","copyrightYear":"2023","copyrightHolder":{"@id":"https:\/\/www.newsendip.com\/#organization"}},{"@type":"WebPage","@id":"https:\/\/www.newsendip.com\/fr\/en-italie-giorgia-meloni-va-t-elle-changer-le-systeme-de-nomination-des-premiers-ministres\/","url":"https:\/\/www.newsendip.com\/fr\/en-italie-giorgia-meloni-va-t-elle-changer-le-systeme-de-nomination-des-premiers-ministres\/","name":"En Italie, Giorgia Meloni va-t-elle changer le syst\u00e8me de nomination des Premiers ministres ?","isPartOf":{"@id":"https:\/\/www.newsendip.com\/fr\/#website"},"primaryImageOfPage":{"@id":"https:\/\/www.newsendip.com\/fr\/en-italie-giorgia-meloni-va-t-elle-changer-le-systeme-de-nomination-des-premiers-ministres\/#primaryimage"},"image":{"@id":"https:\/\/www.newsendip.com\/fr\/en-italie-giorgia-meloni-va-t-elle-changer-le-systeme-de-nomination-des-premiers-ministres\/#primaryimage"},"thumbnailUrl":"https:\/\/www.newsendip.com\/wp-content\/uploads\/2023\/10\/giorgia-meloni-scaled.webp","datePublished":"2023-10-31T15:16:00+00:00","dateModified":"2024-07-18T13:35:12+00:00","description":"Ce lundi, la pr\u00e9sidente du Conseil italien Giorgia Meloni et ses ministres ont soutenu une proposition de r\u00e9forme constitutionnelle introduisant l'\u00e9lection directe du Premier ministre. Il est probable qu'une telle r\u00e9forme, r\u00e9guli\u00e8rement mise sur la table en Italie, soit valid\u00e9e cette fois.","breadcrumb":{"@id":"https:\/\/www.newsendip.com\/fr\/en-italie-giorgia-meloni-va-t-elle-changer-le-systeme-de-nomination-des-premiers-ministres\/#breadcrumb"},"inLanguage":"fr-FR","potentialAction":[{"@type":"ReadAction","target":["https:\/\/www.newsendip.com\/fr\/en-italie-giorgia-meloni-va-t-elle-changer-le-systeme-de-nomination-des-premiers-ministres\/"]}]},{"@type":"ImageObject","inLanguage":"fr-FR","@id":"https:\/\/www.newsendip.com\/fr\/en-italie-giorgia-meloni-va-t-elle-changer-le-systeme-de-nomination-des-premiers-ministres\/#primaryimage","url":"https:\/\/www.newsendip.com\/wp-content\/uploads\/2023\/10\/giorgia-meloni-scaled.webp","contentUrl":"https:\/\/www.newsendip.com\/wp-content\/uploads\/2023\/10\/giorgia-meloni-scaled.webp","width":2560,"height":2079,"caption":"Giorgia Meloni, la premi\u00e8re ministre italienne | \u00a9 Giorgia Meloni, Twitter"},{"@type":"BreadcrumbList","@id":"https:\/\/www.newsendip.com\/fr\/en-italie-giorgia-meloni-va-t-elle-changer-le-systeme-de-nomination-des-premiers-ministres\/#breadcrumb","itemListElement":[{"@type":"ListItem","position":1,"name":"Accueil","item":"https:\/\/www.newsendip.com\/fr\/"},{"@type":"ListItem","position":2,"name":"En Italie, Giorgia Meloni va-t-elle changer le syst\u00e8me de nomination des Premiers ministres ?"}]},{"@type":"WebSite","@id":"https:\/\/www.newsendip.com\/fr\/#website","url":"https:\/\/www.newsendip.com\/fr\/","name":"Newsendip","description":"Red\u00e9couvrez l&#039;actualit\u00e9 internationale","publisher":{"@id":"https:\/\/www.newsendip.com\/fr\/#organization"},"potentialAction":[{"@type":"SearchAction","target":{"@type":"EntryPoint","urlTemplate":"https:\/\/www.newsendip.com\/fr\/?s={search_term_string}"},"query-input":{"@type":"PropertyValueSpecification","valueRequired":true,"valueName":"search_term_string"}}],"inLanguage":"fr-FR"},{"@type":"Organization","@id":"https:\/\/www.newsendip.com\/fr\/#organization","name":"Newsendip","url":"https:\/\/www.newsendip.com\/fr\/","logo":{"@type":"ImageObject","inLanguage":"fr-FR","@id":"https:\/\/www.newsendip.com\/fr\/#\/schema\/logo\/image\/","url":"https:\/\/www.newsendip.com\/wp-content\/uploads\/2023\/12\/512x512.svg","contentUrl":"https:\/\/www.newsendip.com\/wp-content\/uploads\/2023\/12\/512x512.svg","width":1,"height":1,"caption":"Newsendip"},"image":{"@id":"https:\/\/www.newsendip.com\/fr\/#\/schema\/logo\/image\/"},"sameAs":["https:\/\/www.facebook.com\/newsendip","https:\/\/x.com\/newsendip","https:\/\/mastodon.social\/@newsendip","https:\/\/www.linkedin.com\/company\/newsendip"],"description":"Newsendip est un site qui a pour mission de rendre l'actualit\u00e9 internationale accessible et diversifi\u00e9e","email":"contact@newsendip.com","legalName":"Newsendip SAS","foundingDate":"2022-11-04","vatID":"FR60921124723","numberOfEmployees":{"@type":"QuantitativeValue","minValue":"1","maxValue":"10"},"publishingPrinciples":"https:\/\/www.newsendip.com\/about-us\/","ownershipFundingInfo":"https:\/\/www.newsendip.com\/legal-notice\/","actionableFeedbackPolicy":"https:\/\/www.newsendip.com\/about-us\/","correctionsPolicy":"https:\/\/www.newsendip.com\/about-us\/","ethicsPolicy":"https:\/\/www.newsendip.com\/about-us\/","diversityPolicy":"https:\/\/www.newsendip.com\/about-us\/"},{"@type":"Person","@id":"https:\/\/www.newsendip.com\/fr\/#\/schema\/person\/4fd26e598eb9518ae499a7bbc3538f1e","name":"Julie Carballo","description":"Julie Carballo is a journalist for Newsendip. She used to work for the French newspaper Le Figaro and at the Italian bureau of the international press agency AFP.","sameAs":["https:\/\/www.linkedin.com\/in\/julie-carballo12\/","https:\/\/x.com\/https:\/\/twitter.com\/JulieCarballo"],"knowsAbout":["News"],"knowsLanguage":["French","English","German"],"jobTitle":"Journalist","worksFor":"Newsendip","url":"https:\/\/www.newsendip.com\/fr\/author\/julie-carballo\/"}]}},"_links":{"self":[{"href":"https:\/\/www.newsendip.com\/fr\/wp-json\/wp\/v2\/posts\/32969","targetHints":{"allow":["GET"]}}],"collection":[{"href":"https:\/\/www.newsendip.com\/fr\/wp-json\/wp\/v2\/posts"}],"about":[{"href":"https:\/\/www.newsendip.com\/fr\/wp-json\/wp\/v2\/types\/post"}],"author":[{"embeddable":true,"href":"https:\/\/www.newsendip.com\/fr\/wp-json\/wp\/v2\/users\/237"}],"replies":[{"embeddable":true,"href":"https:\/\/www.newsendip.com\/fr\/wp-json\/wp\/v2\/comments?post=32969"}],"version-history":[{"count":0,"href":"https:\/\/www.newsendip.com\/fr\/wp-json\/wp\/v2\/posts\/32969\/revisions"}],"wp:featuredmedia":[{"embeddable":true,"href":"https:\/\/www.newsendip.com\/fr\/wp-json\/wp\/v2\/media\/32990"}],"wp:attachment":[{"href":"https:\/\/www.newsendip.com\/fr\/wp-json\/wp\/v2\/media?parent=32969"}],"wp:term":[{"taxonomy":"category","embeddable":true,"href":"https:\/\/www.newsendip.com\/fr\/wp-json\/wp\/v2\/categories?post=32969"},{"taxonomy":"post_tag","embeddable":true,"href":"https:\/\/www.newsendip.com\/fr\/wp-json\/wp\/v2\/tags?post=32969"}],"curies":[{"name":"wp","href":"https:\/\/api.w.org\/{rel}","templated":true}]}}