{"id":33129,"date":"2023-11-03T14:51:13","date_gmt":"2023-11-03T13:51:13","guid":{"rendered":"https:\/\/www.newsendip.com\/?p=33129"},"modified":"2023-11-24T11:50:59","modified_gmt":"2023-11-24T10:50:59","slug":"en-espagne-le-premier-bebe-deurope-ne-apres-que-les-deux-meres-ont-partage-la-grossesse","status":"publish","type":"post","link":"https:\/\/www.newsendip.com\/fr\/en-espagne-le-premier-bebe-deurope-ne-apres-que-les-deux-meres-ont-partage-la-grossesse\/","title":{"rendered":"En Espagne, le premier b\u00e9b\u00e9 d\u2019Europe n\u00e9 apr\u00e8s que les deux m\u00e8res ont partag\u00e9 la grossesse"},"content":{"rendered":"<p><strong>En Espagne, un b\u00e9b\u00e9 est n\u00e9 apr\u00e8s que deux m\u00e8res ont partag\u00e9 la m\u00eame grossesse. Une premi\u00e8re en Europe.<\/strong><\/p>\n<figure id=\"attachment_33135\" aria-describedby=\"caption-attachment-33135\" style=\"width: 1024px\" class=\"wp-caption aligncenter\"><img decoding=\"async\" class=\"wp-image-33135 size-large\" src=\"https:\/\/www.newsendip.com\/wp-content\/uploads\/2023\/11\/baby-1024x683.webp\" alt=\"B\u00e9b\u00e9\" width=\"1024\" height=\"683\" srcset=\"https:\/\/www.newsendip.com\/wp-content\/uploads\/2023\/11\/baby-1024x683.webp 1024w, https:\/\/www.newsendip.com\/wp-content\/uploads\/2023\/11\/baby-60x40.webp 60w, https:\/\/www.newsendip.com\/wp-content\/uploads\/2023\/11\/baby-720x480.webp 720w, https:\/\/www.newsendip.com\/wp-content\/uploads\/2023\/11\/baby-300x200.webp 300w, https:\/\/www.newsendip.com\/wp-content\/uploads\/2023\/11\/baby-768x512.webp 768w, https:\/\/www.newsendip.com\/wp-content\/uploads\/2023\/11\/baby-1536x1024.webp 1536w, https:\/\/www.newsendip.com\/wp-content\/uploads\/2023\/11\/baby.webp 1920w\" sizes=\"(max-width: 1024px) 100vw, 1024px\"><figcaption id=\"caption-attachment-33135\" class=\"wp-caption-text\">Illustration | \u00a9 F\u00e9&nbsp;Ng\u00f4<\/figcaption><\/figure>\n<p>\u00c0 Majorque, en <a href=\"https:\/\/www.newsendip.com\/fr\/etiquette\/espagne\/\">Espagne<\/a>, deux femmes, pour la premi\u00e8re fois en Europe, ont effectivement partag\u00e9 la grossesse du m\u00eame enfant, comme l\u2019a rapport\u00e9 le journal <a href=\"https:\/\/www.elmundo.es\/baleares\/2023\/11\/02\/6543608fe4d4d804558b45a0.html\">El Mundo<\/a>.<\/p>\n<p>Azahara et Estefan\u00eda, \u00e2g\u00e9es de 27 et 30 ans, ont pu partager le processus de grossesse entre les deux membres du couple.<\/p>\n<p>Des ovules, du sperme d\u2019un donneur et du milieu de culture ont \u00e9t\u00e9 combin\u00e9s dans un dispositif de traitement de la fertilit\u00e9 et ins\u00e9r\u00e9s dans l\u2019une des femmes, sous le col de l\u2019ut\u00e9rus.<\/p>\n<p>Contrairement \u00e0 la <a href=\"https:\/\/www.newsendip.com\/fr\/en-afrique-du-sud-la-parentalite-du-conjoint-sur-un-enfant-concu-par-fiv-doit-etre-reconnue-automatiquement\/\">f\u00e9condation in vitro<\/a>, le processus de f\u00e9condation entre l\u2019ovule et le sperme n\u2019est pas enti\u00e8rement r\u00e9alis\u00e9 en laboratoire, ce qui permet \u00e0 la \u00ab\u202f<em>f\u00e9condation et \u00e0 l\u2019incubation de se d\u00e9rouler d\u2019une mani\u00e8re similaire \u00e0 la conception naturelle<\/em> \u00ab\u202fet de \u00ab\u202f<em>garder les femmes \u00e9troitement li\u00e9es \u00e0 l\u2019exp\u00e9rience<\/em>\u202f\u00bb, selon la soci\u00e9t\u00e9 am\u00e9ricaine qui commercialise le dispositif INVOcell utilis\u00e9 pour cette grossesse.<\/p>\n<p>Apr\u00e8s la p\u00e9riode d\u2019incubation, les m\u00e9decins ont s\u00e9lectionn\u00e9 un embryon et l\u2019ont plac\u00e9 dans l\u2019ut\u00e9rus de l\u2019autre femme qui a accouch\u00e9 lundi dernier de Derek, un petit gar\u00e7on pesant 3,3\u202fkg. C\u2019est la premi\u00e8re fois que ce type de proc\u00e9dure fut effectu\u00e9 en Europe.<\/p>\n","protected":false},"excerpt":{"rendered":"<p>En Espagne, un b\u00e9b\u00e9 est n\u00e9 apr\u00e8s que deux m\u00e8res ont partag\u00e9 la m\u00eame grossesse. Une premi\u00e8re en Europe.<\/p>\n","protected":false},"author":226,"featured_media":33135,"comment_status":"closed","ping_status":"open","sticky":false,"template":"","format":"standard","meta":{"wp_typography_post_enhancements_disabled":false,"footnotes":""},"categories":[412],"tags":[433,1334],"class_list":["post-33129","post","type-post","status-publish","format-standard","has-post-thumbnail","hentry","category-sciences-et-sante","tag-espagne","tag-nouveau"],"yoast_head":"<!-- This site is optimized with the Yoast SEO Premium plugin v27.4 (Yoast SEO v27.4) - https:\/\/yoast.com\/product\/yoast-seo-premium-wordpress\/ -->\n<title>En Espagne, le premier b\u00e9b\u00e9 d&#039;Europe n\u00e9 apr\u00e8s que les deux m\u00e8res ont partag\u00e9 la grossesse<\/title>\n<meta name=\"description\" content=\"En Espagne, un b\u00e9b\u00e9 est n\u00e9 apr\u00e8s que deux m\u00e8res ont partag\u00e9 la m\u00eame grossesse. Une premi\u00e8re en Europe.\" \/>\n<meta name=\"robots\" content=\"index, follow, max-snippet:-1, max-image-preview:large, max-video-preview:-1\" \/>\n<link rel=\"canonical\" href=\"https:\/\/www.newsendip.com\/fr\/en-espagne-le-premier-bebe-deurope-ne-apres-que-les-deux-meres-ont-partage-la-grossesse\/\" \/>\n<meta property=\"og:locale\" content=\"fr_FR\" \/>\n<meta property=\"og:type\" content=\"article\" \/>\n<meta property=\"og:title\" content=\"En Espagne, le premier b\u00e9b\u00e9 d&#039;Europe n\u00e9 apr\u00e8s que les deux m\u00e8res ont partag\u00e9 la grossesse\" \/>\n<meta property=\"og:description\" content=\"En Espagne, un b\u00e9b\u00e9 est n\u00e9 apr\u00e8s que deux m\u00e8res ont partag\u00e9 la m\u00eame grossesse. Une premi\u00e8re en Europe.\" \/>\n<meta property=\"og:url\" content=\"https:\/\/www.newsendip.com\/fr\/en-espagne-le-premier-bebe-deurope-ne-apres-que-les-deux-meres-ont-partage-la-grossesse\/\" \/>\n<meta property=\"og:site_name\" content=\"Newsendip\" \/>\n<meta property=\"article:publisher\" content=\"https:\/\/www.facebook.com\/newsendip\" \/>\n<meta property=\"article:published_time\" content=\"2023-11-03T13:51:13+00:00\" \/>\n<meta property=\"article:modified_time\" content=\"2023-11-24T10:50:59+00:00\" \/>\n<meta property=\"og:image\" content=\"https:\/\/www.newsendip.com\/wp-content\/uploads\/2023\/11\/baby.jpeg\" \/>\n\t<meta property=\"og:image:width\" content=\"1920\" \/>\n\t<meta property=\"og:image:height\" content=\"1280\" \/>\n\t<meta property=\"og:image:type\" content=\"image\/jpeg\" \/>\n<meta name=\"author\" content=\"Alexander Saraff Marcos\" \/>\n<meta name=\"twitter:card\" content=\"summary_large_image\" \/>\n<meta name=\"twitter:image\" content=\"https:\/\/www.newsendip.com\/wp-content\/uploads\/2023\/11\/baby.jpeg\" \/>\n<meta name=\"twitter:creator\" content=\"@https:\/\/twitter.com\/AlexanderSaraff\" \/>\n<meta name=\"twitter:site\" content=\"@newsendip\" \/>\n<meta name=\"twitter:label1\" content=\"\u00c9crit par\" \/>\n\t<meta name=\"twitter:data1\" content=\"Alexander Saraff Marcos\" \/>\n\t<meta name=\"twitter:label2\" content=\"Dur\u00e9e de lecture estim\u00e9e\" \/>\n\t<meta name=\"twitter:data2\" content=\"2 minutes\" \/>\n<!-- \/ Yoast SEO Premium plugin. -->","yoast_head_json":{"title":"En Espagne, le premier b\u00e9b\u00e9 d'Europe n\u00e9 apr\u00e8s que les deux m\u00e8res ont partag\u00e9 la grossesse","description":"En Espagne, un b\u00e9b\u00e9 est n\u00e9 apr\u00e8s que deux m\u00e8res ont partag\u00e9 la m\u00eame grossesse. Une premi\u00e8re en Europe.","robots":{"index":"index","follow":"follow","max-snippet":"max-snippet:-1","max-image-preview":"max-image-preview:large","max-video-preview":"max-video-preview:-1"},"canonical":"https:\/\/www.newsendip.com\/fr\/en-espagne-le-premier-bebe-deurope-ne-apres-que-les-deux-meres-ont-partage-la-grossesse\/","og_locale":"fr_FR","og_type":"article","og_title":"En Espagne, le premier b\u00e9b\u00e9 d'Europe n\u00e9 apr\u00e8s que les deux m\u00e8res ont partag\u00e9 la grossesse","og_description":"En Espagne, un b\u00e9b\u00e9 est n\u00e9 apr\u00e8s que deux m\u00e8res ont partag\u00e9 la m\u00eame grossesse. Une premi\u00e8re en Europe.","og_url":"https:\/\/www.newsendip.com\/fr\/en-espagne-le-premier-bebe-deurope-ne-apres-que-les-deux-meres-ont-partage-la-grossesse\/","og_site_name":"Newsendip","article_publisher":"https:\/\/www.facebook.com\/newsendip","article_published_time":"2023-11-03T13:51:13+00:00","article_modified_time":"2023-11-24T10:50:59+00:00","og_image":[{"width":1920,"height":1280,"url":"https:\/\/www.newsendip.com\/wp-content\/uploads\/2023\/11\/baby.jpeg","type":"image\/jpeg"}],"author":"Alexander Saraff Marcos","twitter_card":"summary_large_image","twitter_image":"https:\/\/www.newsendip.com\/wp-content\/uploads\/2023\/11\/baby.jpeg","twitter_creator":"@https:\/\/twitter.com\/AlexanderSaraff","twitter_site":"@newsendip","twitter_misc":{"\u00c9crit par":"Alexander Saraff Marcos","Dur\u00e9e de lecture estim\u00e9e":"2 minutes"},"schema":{"@context":"https:\/\/schema.org","@graph":[{"@type":"NewsArticle","@id":"https:\/\/www.newsendip.com\/fr\/en-espagne-le-premier-bebe-deurope-ne-apres-que-les-deux-meres-ont-partage-la-grossesse\/#article","isPartOf":{"@id":"https:\/\/www.newsendip.com\/fr\/en-espagne-le-premier-bebe-deurope-ne-apres-que-les-deux-meres-ont-partage-la-grossesse\/"},"author":{"name":"Alexander Saraff Marcos","@id":"https:\/\/www.newsendip.com\/fr\/#\/schema\/person\/e3467cf4a38ff8f5b92c83c7422ae321"},"headline":"En Espagne, le premier b\u00e9b\u00e9 d\u2019Europe n\u00e9 apr\u00e8s que les deux m\u00e8res ont partag\u00e9 la grossesse","datePublished":"2023-11-03T13:51:13+00:00","dateModified":"2023-11-24T10:50:59+00:00","mainEntityOfPage":{"@id":"https:\/\/www.newsendip.com\/fr\/en-espagne-le-premier-bebe-deurope-ne-apres-que-les-deux-meres-ont-partage-la-grossesse\/"},"wordCount":274,"publisher":{"@id":"https:\/\/www.newsendip.com\/fr\/#organization"},"image":{"@id":"https:\/\/www.newsendip.com\/fr\/en-espagne-le-premier-bebe-deurope-ne-apres-que-les-deux-meres-ont-partage-la-grossesse\/#primaryimage"},"thumbnailUrl":"https:\/\/www.newsendip.com\/wp-content\/uploads\/2023\/11\/baby.webp","keywords":["Espagne","R\u00e9cent"],"articleSection":["Sciences et sant\u00e9"],"inLanguage":"fr-FR","copyrightYear":"2023","copyrightHolder":{"@id":"https:\/\/www.newsendip.com\/#organization"}},{"@type":"WebPage","@id":"https:\/\/www.newsendip.com\/fr\/en-espagne-le-premier-bebe-deurope-ne-apres-que-les-deux-meres-ont-partage-la-grossesse\/","url":"https:\/\/www.newsendip.com\/fr\/en-espagne-le-premier-bebe-deurope-ne-apres-que-les-deux-meres-ont-partage-la-grossesse\/","name":"En Espagne, le premier b\u00e9b\u00e9 d'Europe n\u00e9 apr\u00e8s que les deux m\u00e8res ont partag\u00e9 la grossesse","isPartOf":{"@id":"https:\/\/www.newsendip.com\/fr\/#website"},"primaryImageOfPage":{"@id":"https:\/\/www.newsendip.com\/fr\/en-espagne-le-premier-bebe-deurope-ne-apres-que-les-deux-meres-ont-partage-la-grossesse\/#primaryimage"},"image":{"@id":"https:\/\/www.newsendip.com\/fr\/en-espagne-le-premier-bebe-deurope-ne-apres-que-les-deux-meres-ont-partage-la-grossesse\/#primaryimage"},"thumbnailUrl":"https:\/\/www.newsendip.com\/wp-content\/uploads\/2023\/11\/baby.webp","datePublished":"2023-11-03T13:51:13+00:00","dateModified":"2023-11-24T10:50:59+00:00","description":"En Espagne, un b\u00e9b\u00e9 est n\u00e9 apr\u00e8s que deux m\u00e8res ont partag\u00e9 la m\u00eame grossesse. Une premi\u00e8re en Europe.","breadcrumb":{"@id":"https:\/\/www.newsendip.com\/fr\/en-espagne-le-premier-bebe-deurope-ne-apres-que-les-deux-meres-ont-partage-la-grossesse\/#breadcrumb"},"inLanguage":"fr-FR","potentialAction":[{"@type":"ReadAction","target":["https:\/\/www.newsendip.com\/fr\/en-espagne-le-premier-bebe-deurope-ne-apres-que-les-deux-meres-ont-partage-la-grossesse\/"]}]},{"@type":"ImageObject","inLanguage":"fr-FR","@id":"https:\/\/www.newsendip.com\/fr\/en-espagne-le-premier-bebe-deurope-ne-apres-que-les-deux-meres-ont-partage-la-grossesse\/#primaryimage","url":"https:\/\/www.newsendip.com\/wp-content\/uploads\/2023\/11\/baby.webp","contentUrl":"https:\/\/www.newsendip.com\/wp-content\/uploads\/2023\/11\/baby.webp","width":1920,"height":1280,"caption":"Illustration | \u00a9 F\u00e9 Ng\u00f4"},{"@type":"BreadcrumbList","@id":"https:\/\/www.newsendip.com\/fr\/en-espagne-le-premier-bebe-deurope-ne-apres-que-les-deux-meres-ont-partage-la-grossesse\/#breadcrumb","itemListElement":[{"@type":"ListItem","position":1,"name":"Accueil","item":"https:\/\/www.newsendip.com\/fr\/"},{"@type":"ListItem","position":2,"name":"En Espagne, le premier b\u00e9b\u00e9 d\u2019Europe n\u00e9 apr\u00e8s que les deux m\u00e8res ont partag\u00e9 la grossesse"}]},{"@type":"WebSite","@id":"https:\/\/www.newsendip.com\/fr\/#website","url":"https:\/\/www.newsendip.com\/fr\/","name":"Newsendip","description":"Red\u00e9couvrez l&#039;actualit\u00e9 internationale","publisher":{"@id":"https:\/\/www.newsendip.com\/fr\/#organization"},"potentialAction":[{"@type":"SearchAction","target":{"@type":"EntryPoint","urlTemplate":"https:\/\/www.newsendip.com\/fr\/?s={search_term_string}"},"query-input":{"@type":"PropertyValueSpecification","valueRequired":true,"valueName":"search_term_string"}}],"inLanguage":"fr-FR"},{"@type":"Organization","@id":"https:\/\/www.newsendip.com\/fr\/#organization","name":"Newsendip","url":"https:\/\/www.newsendip.com\/fr\/","logo":{"@type":"ImageObject","inLanguage":"fr-FR","@id":"https:\/\/www.newsendip.com\/fr\/#\/schema\/logo\/image\/","url":"https:\/\/www.newsendip.com\/wp-content\/uploads\/2023\/12\/512x512.svg","contentUrl":"https:\/\/www.newsendip.com\/wp-content\/uploads\/2023\/12\/512x512.svg","width":1,"height":1,"caption":"Newsendip"},"image":{"@id":"https:\/\/www.newsendip.com\/fr\/#\/schema\/logo\/image\/"},"sameAs":["https:\/\/www.facebook.com\/newsendip","https:\/\/x.com\/newsendip","https:\/\/mastodon.social\/@newsendip","https:\/\/www.linkedin.com\/company\/newsendip"],"description":"Newsendip est un site qui a pour mission de rendre l'actualit\u00e9 internationale accessible et diversifi\u00e9e","email":"contact@newsendip.com","legalName":"Newsendip SAS","foundingDate":"2022-11-04","vatID":"FR60921124723","numberOfEmployees":{"@type":"QuantitativeValue","minValue":"1","maxValue":"10"},"publishingPrinciples":"https:\/\/www.newsendip.com\/about-us\/","ownershipFundingInfo":"https:\/\/www.newsendip.com\/legal-notice\/","actionableFeedbackPolicy":"https:\/\/www.newsendip.com\/about-us\/","correctionsPolicy":"https:\/\/www.newsendip.com\/about-us\/","ethicsPolicy":"https:\/\/www.newsendip.com\/about-us\/","diversityPolicy":"https:\/\/www.newsendip.com\/about-us\/"},{"@type":"Person","@id":"https:\/\/www.newsendip.com\/fr\/#\/schema\/person\/e3467cf4a38ff8f5b92c83c7422ae321","name":"Alexander Saraff Marcos","description":"Alexander is a writer for Newsendip. He is a dual citizen of the United States and Spain and lives between Spain and France. He graduated from the University of Pittsburgh with a major in philosophy and a minor in French. He loves watching e-sport on his spare time.","sameAs":["https:\/\/www.linkedin.com\/in\/alexander-saraff-b132bb226\/","https:\/\/x.com\/https:\/\/twitter.com\/AlexanderSaraff"],"knowsAbout":["News"],"knowsLanguage":["English","Spanish","French"],"url":"https:\/\/www.newsendip.com\/fr\/author\/alexander-saraff\/"}]}},"_links":{"self":[{"href":"https:\/\/www.newsendip.com\/fr\/wp-json\/wp\/v2\/posts\/33129","targetHints":{"allow":["GET"]}}],"collection":[{"href":"https:\/\/www.newsendip.com\/fr\/wp-json\/wp\/v2\/posts"}],"about":[{"href":"https:\/\/www.newsendip.com\/fr\/wp-json\/wp\/v2\/types\/post"}],"author":[{"embeddable":true,"href":"https:\/\/www.newsendip.com\/fr\/wp-json\/wp\/v2\/users\/226"}],"replies":[{"embeddable":true,"href":"https:\/\/www.newsendip.com\/fr\/wp-json\/wp\/v2\/comments?post=33129"}],"version-history":[{"count":0,"href":"https:\/\/www.newsendip.com\/fr\/wp-json\/wp\/v2\/posts\/33129\/revisions"}],"wp:featuredmedia":[{"embeddable":true,"href":"https:\/\/www.newsendip.com\/fr\/wp-json\/wp\/v2\/media\/33135"}],"wp:attachment":[{"href":"https:\/\/www.newsendip.com\/fr\/wp-json\/wp\/v2\/media?parent=33129"}],"wp:term":[{"taxonomy":"category","embeddable":true,"href":"https:\/\/www.newsendip.com\/fr\/wp-json\/wp\/v2\/categories?post=33129"},{"taxonomy":"post_tag","embeddable":true,"href":"https:\/\/www.newsendip.com\/fr\/wp-json\/wp\/v2\/tags?post=33129"}],"curies":[{"name":"wp","href":"https:\/\/api.w.org\/{rel}","templated":true}]}}