{"id":33343,"date":"2023-11-08T15:39:00","date_gmt":"2023-11-08T14:39:00","guid":{"rendered":"https:\/\/www.newsendip.com\/?p=33343"},"modified":"2023-11-24T11:40:57","modified_gmt":"2023-11-24T10:40:57","slug":"aux-pays-bas-le-risque-de-pauvrete-au-plus-bas-depuis-45-ans","status":"publish","type":"post","link":"https:\/\/www.newsendip.com\/fr\/aux-pays-bas-le-risque-de-pauvrete-au-plus-bas-depuis-45-ans\/","title":{"rendered":"Aux Pays-Bas, le risque de pauvret\u00e9 au plus bas depuis 45&nbsp;ans"},"content":{"rendered":"<p><strong>Le risque de pauvret\u00e9 aux Pays-Bas a atteint en 2022 son niveau le plus bas depuis 1977, avec 637 000 personnes vivant en dessous du seuil de risque, soit 3,8% de la population n\u00e9erlandaise. Mais sans les aides de l\u2019\u00c9tat pour contrer l\u2019inflation, le risque de pauvret\u00e9 aurait augment\u00e9 pour la premi\u00e8re fois en dix&nbsp;ans.<\/strong><\/p>\n<figure id=\"attachment_33331\" aria-describedby=\"caption-attachment-33331\" style=\"width: 1024px\" class=\"wp-caption aligncenter\"><img decoding=\"async\" class=\"size-full wp-image-33331\" src=\"https:\/\/www.newsendip.com\/wp-content\/uploads\/2023\/11\/rotterdam-netherlands.webp\" alt=\"Rotterdam aux Pays-Bas\" width=\"1024\" height=\"415\" srcset=\"https:\/\/www.newsendip.com\/wp-content\/uploads\/2023\/11\/rotterdam-netherlands.webp 1024w, https:\/\/www.newsendip.com\/wp-content\/uploads\/2023\/11\/rotterdam-netherlands-60x24.webp 60w, https:\/\/www.newsendip.com\/wp-content\/uploads\/2023\/11\/rotterdam-netherlands-300x122.webp 300w, https:\/\/www.newsendip.com\/wp-content\/uploads\/2023\/11\/rotterdam-netherlands-768x311.webp 768w\" sizes=\"(max-width: 1024px) 100vw, 1024px\"><figcaption id=\"caption-attachment-33331\" class=\"wp-caption-text\">Rotterdam, la ville des Pays-Bas o\u00f9 le taux de pauvret\u00e9 est le plus \u00e9lev\u00e9, atteignant 7,9% de la population | \u00a9 Mlefter<\/figcaption><\/figure>\n<p>L\u2019ann\u00e9e derni\u00e8re aux <a href=\"https:\/\/www.newsendip.com\/fr\/etiquette\/pays-bas\/\">Pays-Bas<\/a>, 637 000 personnes vivaient en dessous du seuil de risque de pauvret\u00e9, soit 3,8% de la population. Ce chiffre repr\u00e9sente le niveau de risque de pauvret\u00e9 le plus bas enregistr\u00e9 depuis 1977, selon l\u2019agence de statistiques des Pays-Bas CBS <a href=\"https:\/\/www.cbs.nl\/nl-nl\/nieuws\/2023\/45\/laagste-armoederisico-in-45-jaar-door-energietoeslag\">dans une \u00e9tude<\/a> publi\u00e9e le 8 novembre.<\/p>\n<p>En 2021, ce taux \u00e9tait nettement plus \u00e9lev\u00e9, atteignant 5,4% de la population.<\/p>\n<p>L\u2019\u00e9tude r\u00e9v\u00e8le que le gouvernement a largement contribu\u00e9 \u00e0 r\u00e9duire le risque de pauvret\u00e9.<\/p>\n<p>ela s\u2019est manifest\u00e9 \u00e0 travers de nombreuses mesures comme une aide ponctuelle, le \u00ab\u202fsuppl\u00e9ment \u00e9nergie\u202f\u00bb, de 1 300 euros pour les personnes \u00e0 faible revenu pour compenser les factures d\u2019\u00e9nergie exceptionnellement \u00e9lev\u00e9es ainsi que la r\u00e9duction de 380 euros sur la facture d\u2019\u00e9nergie de tous les N\u00e9erlandais \u00e0 cause de l\u2019inflation. Dans le m\u00eame temps, les Pays-Bas ont enregistr\u00e9 <a href=\"https:\/\/www.newsendip.com\/fr\/la-consommation-de-gaz-naturel-aux-pays-bas-en-2022-a-son-plus-bas-niveau-depuis-50-ans\/\">la plus faible consommation de gaz du pays en 50 ans<\/a> en&nbsp;2022.<\/p>\n<p>Sans ces aides, pr\u00e8s d\u2019un million de personnes auraient \u00e9t\u00e9 \u00e0 risque de pauvret\u00e9 et aurait \u00e9lev\u00e9 le taux de pauvret\u00e9 total \u00e0 5,9% de la population. Cela aurait marqu\u00e9 la premi\u00e8re augmentation du taux de pauvret\u00e9 en 10&nbsp;ans.<\/p>\n<figure id=\"attachment_33329\" aria-describedby=\"caption-attachment-33329\" style=\"width: 973px\" class=\"wp-caption aligncenter\"><img decoding=\"async\" class=\"size-full wp-image-33329\" src=\"https:\/\/www.newsendip.com\/wp-content\/uploads\/2023\/11\/netherlands-population-risk-poverty-2022.webp\" alt=\"risque de pauvret\u00e9 aux Pays-Bas\" width=\"973\" height=\"591\" srcset=\"https:\/\/www.newsendip.com\/wp-content\/uploads\/2023\/11\/netherlands-population-risk-poverty-2022.webp 973w, https:\/\/www.newsendip.com\/wp-content\/uploads\/2023\/11\/netherlands-population-risk-poverty-2022-300x182.webp 300w, https:\/\/www.newsendip.com\/wp-content\/uploads\/2023\/11\/netherlands-population-risk-poverty-2022-768x466.webp 768w\" sizes=\"(max-width: 973px) 100vw, 973px\"><figcaption id=\"caption-attachment-33329\" class=\"wp-caption-text\">Le risque des pauvret\u00e9 est descendu en 2022 \u00e0 3.8% de la population aux Pays-Bas. Mais sans les aides de l\u2019\u00c9tat, le risque aurait augment\u00e9 pour la premi\u00e8re fois depuis 10 ans pour atteindre le niveau de 2019, soit avant la pand\u00e9mie de Covid-19 | \u00a9 Statistiques des Pays-Bas<\/figcaption><\/figure>\n<p>Diff\u00e9rent du seuil de pauvret\u00e9 ou d\u2019un indicateur de richesse ou de niveau de vie, le <a href=\"https:\/\/www.newsendip.com\/fr\/les-portugais-plus-exposes-au-risque-de-pauvrete-en-2021-le-premier-recul-depuis-2014\/\">risque de pauvret\u00e9<\/a> permet de comparer des bas revenus par rapport aux revenus du reste de la population d\u2019un pays donn\u00e9. Bas\u00e9 sur le revenu des foyers, ce qui n\u2019inclut pas le patrimoine ou l\u2019\u00e9pargne d\u2019un m\u00e9nage, les personnes encourent ce risque lorsqu\u2019elles appartiennent \u00e0 un foyer dont le revenu est inf\u00e9rieur \u00e0 60% du revenu m\u00e9dian national apr\u00e8s les transferts sociaux.<\/p>\n<p>Le seuil du risque de pauvret\u00e9 varie selon les m\u00e9nages, allant de 1 200 euros net par mois pour les c\u00e9libataires \u00e0 2 300 euros net par mois pour les couples avec deux enfants.<\/p>\n<p>Le risque de pauvret\u00e9 se concentre majoritairement dans les grandes villes des Pays-Bas \u00e0 savoir Amsterdam, <a href=\"https:\/\/www.newsendip.com\/fr\/les-pays-bas-et-linterdiction-des-investissements-immobiliers-plus-facile-mais-pas-moins-cher-de-devenir-proprietaire\/\">Rotterdam<\/a>, La Haye et Utrecht. Plus de 24% des m\u00e9nages \u00e0 risque r\u00e9sident dans ces villes.<\/p>\n<p>CBS souligne \u00e9galement que le nombre d\u2019enfants menac\u00e9s de pauvret\u00e9 \u00e9tait relativement bas par rapport aux ann\u00e9es pr\u00e9c\u00e9dentes. L\u2019ann\u00e9e derni\u00e8re, 165 000 enfants vivaient dans des foyers menac\u00e9s de pauvret\u00e9, soit 27 000 de moins que l\u2019ann\u00e9e pr\u00e9c\u00e9dente.<\/p>\n<p>Cependant, la pauvret\u00e9 des enfants issus de l\u2019immigration reste un probl\u00e8me majeur. Parmi ceux qui ne sont pas n\u00e9s aux Pays-Bas, pr\u00e8s d\u2019un enfant sur cinq vit en dessous de la limite basse des revenus. La situation est encore plus pr\u00e9occupante pour les enfants syriens, o\u00f9 un enfant sur deux vit dans une famille dont les revenus ne sont pas suffisants pour subvenir \u00e0 leurs besoins.<\/p>\n<p>Pour 2023, le suppl\u00e9ment \u00e9nergie fut renouvel\u00e9 mais \u00e0 hauteur de 800 euros, et les \u00e9tudiants vivant en dehors du foyer familial pouvaient recevoir une aide de 400 euros. L\u2019\u00c9tat n\u00e9erlandais avait budg\u00e9t\u00e9 un co\u00fbt de 1,4 milliard d\u2019euros pour 2023, dont 500 million d\u2019euros avaient d\u00e9j\u00e0 \u00e9t\u00e9 utilis\u00e9 pour financer les aides de&nbsp;2022.<\/p>\n","protected":false},"excerpt":{"rendered":"<p>Le risque de pauvret\u00e9 aux Pays-Bas a atteint en 2022 son niveau le plus bas depuis 1977. Mais sans les aides de l\u2019\u00c9tat pour contrer l\u2019inflation, il aurait augment\u00e9 pour la premi\u00e8re fois en dix&nbsp;ans.<\/p>\n","protected":false},"author":225,"featured_media":33331,"comment_status":"closed","ping_status":"open","sticky":false,"template":"","format":"standard","meta":{"wp_typography_post_enhancements_disabled":false,"footnotes":""},"categories":[409],"tags":[434,1334],"class_list":["post-33343","post","type-post","status-publish","format-standard","has-post-thumbnail","hentry","category-societe","tag-pays-bas","tag-nouveau"],"yoast_head":"<!-- This site is optimized with the Yoast SEO Premium plugin v27.4 (Yoast SEO v27.4) - https:\/\/yoast.com\/product\/yoast-seo-premium-wordpress\/ -->\n<title>Aux Pays-Bas, le risque de pauvret\u00e9 au plus bas depuis 45 ans<\/title>\n<meta name=\"description\" content=\"Le risque de pauvret\u00e9 aux Pays-Bas a atteint en 2022 son niveau le plus bas depuis 1977. Mais sans les aides de l\u2019\u00c9tat pour contrer l\u2019inflation, il aurait augment\u00e9 pour la premi\u00e8re fois en dix ans.\" \/>\n<meta name=\"robots\" content=\"index, follow, max-snippet:-1, max-image-preview:large, max-video-preview:-1\" \/>\n<link rel=\"canonical\" href=\"https:\/\/www.newsendip.com\/fr\/aux-pays-bas-le-risque-de-pauvrete-au-plus-bas-depuis-45-ans\/\" \/>\n<meta property=\"og:locale\" content=\"fr_FR\" \/>\n<meta property=\"og:type\" content=\"article\" \/>\n<meta property=\"og:title\" content=\"Aux Pays-Bas, le risque de pauvret\u00e9 au plus bas depuis 45 ans\" \/>\n<meta property=\"og:description\" content=\"Le risque de pauvret\u00e9 aux Pays-Bas a atteint en 2022 son niveau le plus bas depuis 1977. Mais sans les aides de l\u2019\u00c9tat pour contrer l\u2019inflation, il aurait augment\u00e9 pour la premi\u00e8re fois en dix ans.\" \/>\n<meta property=\"og:url\" content=\"https:\/\/www.newsendip.com\/fr\/aux-pays-bas-le-risque-de-pauvrete-au-plus-bas-depuis-45-ans\/\" \/>\n<meta property=\"og:site_name\" content=\"Newsendip\" \/>\n<meta property=\"article:publisher\" content=\"https:\/\/www.facebook.com\/newsendip\" \/>\n<meta property=\"article:published_time\" content=\"2023-11-08T14:39:00+00:00\" \/>\n<meta property=\"article:modified_time\" content=\"2023-11-24T10:40:57+00:00\" \/>\n<meta property=\"og:image\" content=\"https:\/\/www.newsendip.com\/wp-content\/uploads\/2023\/11\/rotterdam-netherlands.webp\" \/>\n\t<meta property=\"og:image:width\" content=\"1024\" \/>\n\t<meta property=\"og:image:height\" content=\"415\" \/>\n\t<meta property=\"og:image:type\" content=\"image\/webp\" \/>\n<meta name=\"author\" content=\"Paul Raymond\" \/>\n<meta name=\"twitter:card\" content=\"summary_large_image\" \/>\n<meta name=\"twitter:creator\" content=\"@https:\/\/x.com\/p_phasino\" \/>\n<meta name=\"twitter:site\" content=\"@newsendip\" \/>\n<meta name=\"twitter:label1\" content=\"\u00c9crit par\" \/>\n\t<meta name=\"twitter:data1\" content=\"Paul Raymond\" \/>\n\t<meta name=\"twitter:label2\" content=\"Dur\u00e9e de lecture estim\u00e9e\" \/>\n\t<meta name=\"twitter:data2\" content=\"4 minutes\" \/>\n<!-- \/ Yoast SEO Premium plugin. -->","yoast_head_json":{"title":"Aux Pays-Bas, le risque de pauvret\u00e9 au plus bas depuis 45 ans","description":"Le risque de pauvret\u00e9 aux Pays-Bas a atteint en 2022 son niveau le plus bas depuis 1977. Mais sans les aides de l\u2019\u00c9tat pour contrer l\u2019inflation, il aurait augment\u00e9 pour la premi\u00e8re fois en dix ans.","robots":{"index":"index","follow":"follow","max-snippet":"max-snippet:-1","max-image-preview":"max-image-preview:large","max-video-preview":"max-video-preview:-1"},"canonical":"https:\/\/www.newsendip.com\/fr\/aux-pays-bas-le-risque-de-pauvrete-au-plus-bas-depuis-45-ans\/","og_locale":"fr_FR","og_type":"article","og_title":"Aux Pays-Bas, le risque de pauvret\u00e9 au plus bas depuis 45 ans","og_description":"Le risque de pauvret\u00e9 aux Pays-Bas a atteint en 2022 son niveau le plus bas depuis 1977. Mais sans les aides de l\u2019\u00c9tat pour contrer l\u2019inflation, il aurait augment\u00e9 pour la premi\u00e8re fois en dix ans.","og_url":"https:\/\/www.newsendip.com\/fr\/aux-pays-bas-le-risque-de-pauvrete-au-plus-bas-depuis-45-ans\/","og_site_name":"Newsendip","article_publisher":"https:\/\/www.facebook.com\/newsendip","article_published_time":"2023-11-08T14:39:00+00:00","article_modified_time":"2023-11-24T10:40:57+00:00","og_image":[{"width":1024,"height":415,"url":"https:\/\/www.newsendip.com\/wp-content\/uploads\/2023\/11\/rotterdam-netherlands.webp","type":"image\/webp"}],"author":"Paul Raymond","twitter_card":"summary_large_image","twitter_creator":"@https:\/\/x.com\/p_phasino","twitter_site":"@newsendip","twitter_misc":{"\u00c9crit par":"Paul Raymond","Dur\u00e9e de lecture estim\u00e9e":"4 minutes"},"schema":{"@context":"https:\/\/schema.org","@graph":[{"@type":"NewsArticle","@id":"https:\/\/www.newsendip.com\/fr\/aux-pays-bas-le-risque-de-pauvrete-au-plus-bas-depuis-45-ans\/#article","isPartOf":{"@id":"https:\/\/www.newsendip.com\/fr\/aux-pays-bas-le-risque-de-pauvrete-au-plus-bas-depuis-45-ans\/"},"author":{"name":"Paul Raymond","@id":"https:\/\/www.newsendip.com\/fr\/#\/schema\/person\/a27d453e1ade16f6bb1e2a51cb961f82"},"headline":"Aux Pays-Bas, le risque de pauvret\u00e9 au plus bas depuis 45&nbsp;ans","datePublished":"2023-11-08T14:39:00+00:00","dateModified":"2023-11-24T10:40:57+00:00","mainEntityOfPage":{"@id":"https:\/\/www.newsendip.com\/fr\/aux-pays-bas-le-risque-de-pauvrete-au-plus-bas-depuis-45-ans\/"},"wordCount":656,"publisher":{"@id":"https:\/\/www.newsendip.com\/fr\/#organization"},"image":{"@id":"https:\/\/www.newsendip.com\/fr\/aux-pays-bas-le-risque-de-pauvrete-au-plus-bas-depuis-45-ans\/#primaryimage"},"thumbnailUrl":"https:\/\/www.newsendip.com\/wp-content\/uploads\/2023\/11\/rotterdam-netherlands.webp","keywords":["Pays-Bas","R\u00e9cent"],"articleSection":["Soci\u00e9t\u00e9"],"inLanguage":"fr-FR","copyrightYear":"2023","copyrightHolder":{"@id":"https:\/\/www.newsendip.com\/#organization"}},{"@type":"WebPage","@id":"https:\/\/www.newsendip.com\/fr\/aux-pays-bas-le-risque-de-pauvrete-au-plus-bas-depuis-45-ans\/","url":"https:\/\/www.newsendip.com\/fr\/aux-pays-bas-le-risque-de-pauvrete-au-plus-bas-depuis-45-ans\/","name":"Aux Pays-Bas, le risque de pauvret\u00e9 au plus bas depuis 45 ans","isPartOf":{"@id":"https:\/\/www.newsendip.com\/fr\/#website"},"primaryImageOfPage":{"@id":"https:\/\/www.newsendip.com\/fr\/aux-pays-bas-le-risque-de-pauvrete-au-plus-bas-depuis-45-ans\/#primaryimage"},"image":{"@id":"https:\/\/www.newsendip.com\/fr\/aux-pays-bas-le-risque-de-pauvrete-au-plus-bas-depuis-45-ans\/#primaryimage"},"thumbnailUrl":"https:\/\/www.newsendip.com\/wp-content\/uploads\/2023\/11\/rotterdam-netherlands.webp","datePublished":"2023-11-08T14:39:00+00:00","dateModified":"2023-11-24T10:40:57+00:00","description":"Le risque de pauvret\u00e9 aux Pays-Bas a atteint en 2022 son niveau le plus bas depuis 1977. Mais sans les aides de l\u2019\u00c9tat pour contrer l\u2019inflation, il aurait augment\u00e9 pour la premi\u00e8re fois en dix ans.","breadcrumb":{"@id":"https:\/\/www.newsendip.com\/fr\/aux-pays-bas-le-risque-de-pauvrete-au-plus-bas-depuis-45-ans\/#breadcrumb"},"inLanguage":"fr-FR","potentialAction":[{"@type":"ReadAction","target":["https:\/\/www.newsendip.com\/fr\/aux-pays-bas-le-risque-de-pauvrete-au-plus-bas-depuis-45-ans\/"]}]},{"@type":"ImageObject","inLanguage":"fr-FR","@id":"https:\/\/www.newsendip.com\/fr\/aux-pays-bas-le-risque-de-pauvrete-au-plus-bas-depuis-45-ans\/#primaryimage","url":"https:\/\/www.newsendip.com\/wp-content\/uploads\/2023\/11\/rotterdam-netherlands.webp","contentUrl":"https:\/\/www.newsendip.com\/wp-content\/uploads\/2023\/11\/rotterdam-netherlands.webp","width":1024,"height":415,"caption":"Rotterdam, la ville des Pays-Bas o\u00f9 le taux de pauvret\u00e9 est le plus \u00e9lev\u00e9, atteignant 7,9% de la population | \u00a9 Mlefter"},{"@type":"BreadcrumbList","@id":"https:\/\/www.newsendip.com\/fr\/aux-pays-bas-le-risque-de-pauvrete-au-plus-bas-depuis-45-ans\/#breadcrumb","itemListElement":[{"@type":"ListItem","position":1,"name":"Accueil","item":"https:\/\/www.newsendip.com\/fr\/"},{"@type":"ListItem","position":2,"name":"Aux Pays-Bas, le risque de pauvret\u00e9 au plus bas depuis 45&nbsp;ans"}]},{"@type":"WebSite","@id":"https:\/\/www.newsendip.com\/fr\/#website","url":"https:\/\/www.newsendip.com\/fr\/","name":"Newsendip","description":"Red\u00e9couvrez l&#039;actualit\u00e9 internationale","publisher":{"@id":"https:\/\/www.newsendip.com\/fr\/#organization"},"potentialAction":[{"@type":"SearchAction","target":{"@type":"EntryPoint","urlTemplate":"https:\/\/www.newsendip.com\/fr\/?s={search_term_string}"},"query-input":{"@type":"PropertyValueSpecification","valueRequired":true,"valueName":"search_term_string"}}],"inLanguage":"fr-FR"},{"@type":"Organization","@id":"https:\/\/www.newsendip.com\/fr\/#organization","name":"Newsendip","url":"https:\/\/www.newsendip.com\/fr\/","logo":{"@type":"ImageObject","inLanguage":"fr-FR","@id":"https:\/\/www.newsendip.com\/fr\/#\/schema\/logo\/image\/","url":"https:\/\/www.newsendip.com\/wp-content\/uploads\/2023\/12\/512x512.svg","contentUrl":"https:\/\/www.newsendip.com\/wp-content\/uploads\/2023\/12\/512x512.svg","width":1,"height":1,"caption":"Newsendip"},"image":{"@id":"https:\/\/www.newsendip.com\/fr\/#\/schema\/logo\/image\/"},"sameAs":["https:\/\/www.facebook.com\/newsendip","https:\/\/x.com\/newsendip","https:\/\/mastodon.social\/@newsendip","https:\/\/www.linkedin.com\/company\/newsendip"],"description":"Newsendip est un site qui a pour mission de rendre l'actualit\u00e9 internationale accessible et diversifi\u00e9e","email":"contact@newsendip.com","legalName":"Newsendip SAS","foundingDate":"2022-11-04","vatID":"FR60921124723","numberOfEmployees":{"@type":"QuantitativeValue","minValue":"1","maxValue":"10"},"publishingPrinciples":"https:\/\/www.newsendip.com\/about-us\/","ownershipFundingInfo":"https:\/\/www.newsendip.com\/legal-notice\/","actionableFeedbackPolicy":"https:\/\/www.newsendip.com\/about-us\/","correctionsPolicy":"https:\/\/www.newsendip.com\/about-us\/","ethicsPolicy":"https:\/\/www.newsendip.com\/about-us\/","diversityPolicy":"https:\/\/www.newsendip.com\/about-us\/"},{"@type":"Person","@id":"https:\/\/www.newsendip.com\/fr\/#\/schema\/person\/a27d453e1ade16f6bb1e2a51cb961f82","name":"Paul Raymond","description":"Paul is a writer for Newsendip. He studied political science and international relations at the European School of Politics and loves Japanese culture.","sameAs":["https:\/\/www.linkedin.com\/in\/paul-raymond-66573325a\/","https:\/\/x.com\/https:\/\/x.com\/p_phasino"],"knowsAbout":["News"],"knowsLanguage":["English","French","Japanese"],"url":"https:\/\/www.newsendip.com\/fr\/author\/paul-raymond\/"}]}},"_links":{"self":[{"href":"https:\/\/www.newsendip.com\/fr\/wp-json\/wp\/v2\/posts\/33343","targetHints":{"allow":["GET"]}}],"collection":[{"href":"https:\/\/www.newsendip.com\/fr\/wp-json\/wp\/v2\/posts"}],"about":[{"href":"https:\/\/www.newsendip.com\/fr\/wp-json\/wp\/v2\/types\/post"}],"author":[{"embeddable":true,"href":"https:\/\/www.newsendip.com\/fr\/wp-json\/wp\/v2\/users\/225"}],"replies":[{"embeddable":true,"href":"https:\/\/www.newsendip.com\/fr\/wp-json\/wp\/v2\/comments?post=33343"}],"version-history":[{"count":0,"href":"https:\/\/www.newsendip.com\/fr\/wp-json\/wp\/v2\/posts\/33343\/revisions"}],"wp:featuredmedia":[{"embeddable":true,"href":"https:\/\/www.newsendip.com\/fr\/wp-json\/wp\/v2\/media\/33331"}],"wp:attachment":[{"href":"https:\/\/www.newsendip.com\/fr\/wp-json\/wp\/v2\/media?parent=33343"}],"wp:term":[{"taxonomy":"category","embeddable":true,"href":"https:\/\/www.newsendip.com\/fr\/wp-json\/wp\/v2\/categories?post=33343"},{"taxonomy":"post_tag","embeddable":true,"href":"https:\/\/www.newsendip.com\/fr\/wp-json\/wp\/v2\/tags?post=33343"}],"curies":[{"name":"wp","href":"https:\/\/api.w.org\/{rel}","templated":true}]}}