{"id":33351,"date":"2023-11-08T17:22:00","date_gmt":"2023-11-08T16:22:00","guid":{"rendered":"https:\/\/www.newsendip.com\/?p=33351"},"modified":"2024-07-16T17:05:41","modified_gmt":"2024-07-16T15:05:41","slug":"canada-la-pause-de-la-taxe-carbone-fait-enrager-les-experts-climatiques-et-les-agriculteurs","status":"publish","type":"post","link":"https:\/\/www.newsendip.com\/fr\/canada-la-pause-de-la-taxe-carbone-fait-enrager-les-experts-climatiques-et-les-agriculteurs\/","title":{"rendered":"Canada&nbsp;: la pause de la taxe carbone fait enrager les experts climatiques\u2026 et les agriculteurs"},"content":{"rendered":"<p><strong>La d\u00e9cision de suspendre la taxe carbone sur le fioul domestique inqui\u00e8te les experts de la lutte contre le r\u00e9chauffement climatique\u2026 et les agriculteurs.<\/strong><\/p>\n<figure id=\"attachment_33337\" aria-describedby=\"caption-attachment-33337\" style=\"width: 1024px\" class=\"wp-caption aligncenter\"><img decoding=\"async\" class=\"wp-image-33337 size-large\" src=\"https:\/\/www.newsendip.com\/wp-content\/uploads\/2023\/11\/Canada-landscape-alberta-1024x578.webp\" alt=\"Route dans l'Alberta au Canada\" width=\"1024\" height=\"578\" srcset=\"https:\/\/www.newsendip.com\/wp-content\/uploads\/2023\/11\/Canada-landscape-alberta-1024x578.webp 1024w, https:\/\/www.newsendip.com\/wp-content\/uploads\/2023\/11\/Canada-landscape-alberta-60x34.webp 60w, https:\/\/www.newsendip.com\/wp-content\/uploads\/2023\/11\/Canada-landscape-alberta-300x169.webp 300w, https:\/\/www.newsendip.com\/wp-content\/uploads\/2023\/11\/Canada-landscape-alberta-768x433.webp 768w, https:\/\/www.newsendip.com\/wp-content\/uploads\/2023\/11\/Canada-landscape-alberta.webp 1280w\" sizes=\"(max-width: 1024px) 100vw, 1024px\"><figcaption id=\"caption-attachment-33337\" class=\"wp-caption-text\">Route dans l\u2019Alberta au Canada | \u00a9 Sealy9000<\/figcaption><\/figure>\n<p>R\u00e9trop\u00e9dalage pour Justin Trudeau. Le mois dernier, le Premier Ministre du <a href=\"https:\/\/www.newsendip.com\/fr\/etiquette\/canada-fr\/\">Canada<\/a> a annonc\u00e9 une pause temporaire de trois ans de la taxe carbone sur le fioul domestique.<\/p>\n<p>La mesure vise \u00e0 r\u00e9duire les co\u00fbts pour les foyers canadiens les plus modestes, \u00e0 l\u2019heure o\u00f9 l\u2019inflation fait rage dans le pays. M\u00eame si la d\u00e9cision s\u2019applique \u00e0 l\u2019\u00e9chelle nationale, la grande majorit\u00e9 du fioul domestique est utilis\u00e9e dans la r\u00e9gion de l\u2019Atlantique pour chauffer des foyers \u00e0 faible revenus.<\/p>\n<p>Introduite en 2019, <a href=\"https:\/\/www.canada.ca\/fr\/environnement-changement-climatique\/services\/changements-climatiques\/fonctionnement-tarification-pollution\/mesures-pour-mettre-un-prix-sur-carbone.html\">la taxe carbone<\/a> \u00e9tait une des principales mesures prises par le gouvernement Trudeau pour r\u00e9duire de 30% les \u00e9missions de gaz \u00e0 effet de serre du pays d\u2019ici 2030, comme il s\u2019y \u00e9tait engag\u00e9 dans le cadre des accords de&nbsp;Paris.<\/p>\n<p>Mais ces derni\u00e8res semaines, Trudeau a chang\u00e9 de cap, laissant derri\u00e8re lui des ann\u00e9es de messages politiques de lutte contre le changement climatique. La d\u00e9cision a suscit\u00e9 de nombreuses critiques. Tout d\u2019abord de la part des experts climatiques, qui s\u2019inqui\u00e8tent des cons\u00e9quences qu\u2019une telle d\u00e9cision pourrait avoir sur la politique de lutte contre la crise climatique, mais \u00e9galement de la part des dirigeants provinciaux et syndicats agricoles.<\/p>\n<p>En effet, le projet de loi C\u2011234 exempterait les \u00e9tablissements agricoles et b\u00e2timents d\u2019\u00e9levage. Les syndicats d\u2019agriculteurs, qui souhaitent maintenir les co\u00fbts de la production alimentaire habituels sur le carburant utilis\u00e9 pour s\u00e9cher leurs c\u00e9r\u00e9ales, sont rapidement mont\u00e9s au cr\u00e9neau.<\/p>\n<p>Le prix de la tonne de fioul, qui est actuellement de 65 dollars, pourrait atteindre les 170 dollars la tonne d\u2019ici 2030 suite aux inflations r\u00e9p\u00e9t\u00e9es, selon <a href=\"https:\/\/gfo.ca\/news-releases\/grain-farmers-of-ontario-urges-senate-to-pass-bill-c-234\/\">Grain Farmers of Ontario (GFO)<\/a>, l\u2019un des plus importants syndicats agricoles, repr\u00e9sentant plus de 28 000 producteurs d\u2019orge, de ma\u00efs, d\u2019avoine, de soja et de bl\u00e9 de l\u2019Ontario.<\/p>\n<p>Mais l\u2019exon\u00e9ration de la <a href=\"https:\/\/www.newsendip.com\/fr\/le-prix-du-carbone-et-les-effets-sur-le-budget-de-la-nouvelle-zelande\/\">taxe carbone<\/a> permettrait aux agriculteurs d\u2019\u00e9conomiser 1 milliard de dollars d\u2019ici \u00e0 2030, <a href=\"https:\/\/www.taxpayer.com\/newsroom\/expanding-carbon-tax-exemption-would-save-farmers-1-billion-pbo?__cf_chl_rt_tk=hq8fj1_yFGbTbRXGGvOxwdExREJ3o637fjCV2MNASMI-1699439215-0-gaNycGzNC9A\">selon la Canadian Taxpayers Federation<\/a>, l\u2019association canadienne des contribuables.<\/p>\n<p>Brendan Byrne, dirigeant et porte-parole de Grain Farmers of Ontario, a appel\u00e9 tous les agriculteurs et citoyens souhaitant maintenir les co\u00fbts de production \u00e0 leur niveau actuel <a href=\"https:\/\/www.grainforgood.ca\/email-your-mp\">a envoy\u00e9 une lettre<\/a> \u00e0 leur d\u00e9put\u00e9s et s\u00e9nateurs, leur demandant de lever l\u2019exemption.<\/p>\n<p>Principal opposant \u00e0 la lev\u00e9e de l\u2019exemption, le s\u00e9nateur du Qu\u00e9bec Pierre Dalphond, <a href=\"https:\/\/www.ontariofarmer.com\/business\/farm-business\/carbon-tax-exemption-trimmed\">a affirm\u00e9<\/a> que \u00ab\u202f<em>les agriculteurs n\u2019ont pas d\u2019alternative pour le s\u00e9chage des grains, mais qu\u2019ils ont d\u2019autres possibilit\u00e9s de chauffer les granges et les serres<\/em>\u202f\u00bb.<\/p>\n<p>\u00ab\u202f<em>La tarification du carbone est consid\u00e9r\u00e9e par les meilleurs \u00e9conomistes comme le moyen le plus efficace de r\u00e9duire les \u00e9missions de carbone<\/em>, <a href=\"https:\/\/nationalpost.com\/news\/farm-heat-carbon-tax-exemption-survives-senate-vote\">a\u2011t-il d\u00e9clar\u00e9<\/a>. <em>La hausse annuelle des prix est un signal puissant envoy\u00e9 aux consommateurs&nbsp;: les combustibles fossiles deviendront de plus en plus chers et les d\u00e9cisions de se tourner vers des \u00e9nergies renouvelables se traduiront par des \u00e9conomies substantielles.<\/em>\u202f\u00bb<\/p>\n<p>Un communiqu\u00e9 publi\u00e9 mardi soir par le Grain Farmers of Ontario (GFO) a soulign\u00e9 que les producteurs n\u2019ont pas d\u2019alternatives viables en dehors du propane ou du gaz naturel pour s\u00e9cher les c\u00e9r\u00e9ales ou chauffer leurs granges.<\/p>\n<p>Justin Trudeau avait d\u00e9j\u00e0 connu des critiques en 2019, lorsqu\u2019il avait approuv\u00e9 l\u2019extension d\u2019un ol\u00e9oduc, ouvrant la voie \u00e0 un triplement de la production canadienne de p\u00e9trole alors qu\u2019il venait de d\u00e9cr\u00e9ter \u00ab\u202fl\u2019urgence climatique\u202f\u00bb.<\/p>\n<p>Lors d\u2019un vote mardi dernier, les s\u00e9nateurs ont rejet\u00e9 \u00e0 une \u00e9crasante majorit\u00e9 l\u2019amendement controvers\u00e9 qui aurait supprim\u00e9 du projet de loi C\u2011234 toutes les utilisations, \u00e0 l\u2019exception du s\u00e9chage des grains.<\/p>\n","protected":false},"excerpt":{"rendered":"<p>La d\u00e9cision de suspendre la taxe carbone sur le fioul domestique inqui\u00e8te les experts de la lutte contre le r\u00e9chauffement climatique\u2026 et les agriculteurs.<\/p>\n","protected":false},"author":237,"featured_media":33337,"comment_status":"closed","ping_status":"open","sticky":false,"template":"","format":"standard","meta":{"wp_typography_post_enhancements_disabled":false,"footnotes":""},"categories":[3016],"tags":[450,1334],"class_list":["post-33351","post","type-post","status-publish","format-standard","has-post-thumbnail","hentry","category-environnement","tag-canada-fr","tag-nouveau"],"yoast_head":"<!-- This site is optimized with the Yoast SEO Premium plugin v27.4 (Yoast SEO v27.4) - https:\/\/yoast.com\/product\/yoast-seo-premium-wordpress\/ -->\n<title>Canada : la pause de la taxe carbone fait enrager les experts climatiques\u2026 et les agriculteurs<\/title>\n<meta name=\"description\" content=\"La d\u00e9cision de suspendre la taxe carbone sur le fioul domestique inqui\u00e8te les experts de la lutte contre le r\u00e9chauffement climatique\u2026 et les agriculteurs.\" \/>\n<meta name=\"robots\" content=\"index, follow, max-snippet:-1, max-image-preview:large, max-video-preview:-1\" \/>\n<link rel=\"canonical\" href=\"https:\/\/www.newsendip.com\/fr\/canada-la-pause-de-la-taxe-carbone-fait-enrager-les-experts-climatiques-et-les-agriculteurs\/\" \/>\n<meta property=\"og:locale\" content=\"fr_FR\" \/>\n<meta property=\"og:type\" content=\"article\" \/>\n<meta property=\"og:title\" content=\"Canada : la pause de la taxe carbone fait enrager les experts climatiques\u2026 et les agriculteurs\" \/>\n<meta property=\"og:description\" content=\"La d\u00e9cision de suspendre la taxe carbone sur le fioul domestique inqui\u00e8te les experts de la lutte contre le r\u00e9chauffement climatique\u2026 et les agriculteurs.\" \/>\n<meta property=\"og:url\" content=\"https:\/\/www.newsendip.com\/fr\/canada-la-pause-de-la-taxe-carbone-fait-enrager-les-experts-climatiques-et-les-agriculteurs\/\" \/>\n<meta property=\"og:site_name\" content=\"Newsendip\" \/>\n<meta property=\"article:publisher\" content=\"https:\/\/www.facebook.com\/newsendip\" \/>\n<meta property=\"article:published_time\" content=\"2023-11-08T16:22:00+00:00\" \/>\n<meta property=\"article:modified_time\" content=\"2024-07-16T15:05:41+00:00\" \/>\n<meta property=\"og:image\" content=\"https:\/\/www.newsendip.com\/wp-content\/uploads\/2023\/11\/Canada-landscape-alberta.jpeg\" \/>\n\t<meta property=\"og:image:width\" content=\"1280\" \/>\n\t<meta property=\"og:image:height\" content=\"722\" \/>\n\t<meta property=\"og:image:type\" content=\"image\/jpeg\" \/>\n<meta name=\"author\" content=\"Julie Carballo\" \/>\n<meta name=\"twitter:card\" content=\"summary_large_image\" \/>\n<meta name=\"twitter:image\" content=\"https:\/\/www.newsendip.com\/wp-content\/uploads\/2023\/11\/Canada-landscape-alberta.jpeg\" \/>\n<meta name=\"twitter:creator\" content=\"@https:\/\/twitter.com\/JulieCarballo\" \/>\n<meta name=\"twitter:site\" content=\"@newsendip\" \/>\n<meta name=\"twitter:label1\" content=\"\u00c9crit par\" \/>\n\t<meta name=\"twitter:data1\" content=\"Julie Carballo\" \/>\n\t<meta name=\"twitter:label2\" content=\"Dur\u00e9e de lecture estim\u00e9e\" \/>\n\t<meta name=\"twitter:data2\" content=\"3 minutes\" \/>\n<!-- \/ Yoast SEO Premium plugin. -->","yoast_head_json":{"title":"Canada : la pause de la taxe carbone fait enrager les experts climatiques\u2026 et les agriculteurs","description":"La d\u00e9cision de suspendre la taxe carbone sur le fioul domestique inqui\u00e8te les experts de la lutte contre le r\u00e9chauffement climatique\u2026 et les agriculteurs.","robots":{"index":"index","follow":"follow","max-snippet":"max-snippet:-1","max-image-preview":"max-image-preview:large","max-video-preview":"max-video-preview:-1"},"canonical":"https:\/\/www.newsendip.com\/fr\/canada-la-pause-de-la-taxe-carbone-fait-enrager-les-experts-climatiques-et-les-agriculteurs\/","og_locale":"fr_FR","og_type":"article","og_title":"Canada : la pause de la taxe carbone fait enrager les experts climatiques\u2026 et les agriculteurs","og_description":"La d\u00e9cision de suspendre la taxe carbone sur le fioul domestique inqui\u00e8te les experts de la lutte contre le r\u00e9chauffement climatique\u2026 et les agriculteurs.","og_url":"https:\/\/www.newsendip.com\/fr\/canada-la-pause-de-la-taxe-carbone-fait-enrager-les-experts-climatiques-et-les-agriculteurs\/","og_site_name":"Newsendip","article_publisher":"https:\/\/www.facebook.com\/newsendip","article_published_time":"2023-11-08T16:22:00+00:00","article_modified_time":"2024-07-16T15:05:41+00:00","og_image":[{"width":1280,"height":722,"url":"https:\/\/www.newsendip.com\/wp-content\/uploads\/2023\/11\/Canada-landscape-alberta.jpeg","type":"image\/jpeg"}],"author":"Julie Carballo","twitter_card":"summary_large_image","twitter_image":"https:\/\/www.newsendip.com\/wp-content\/uploads\/2023\/11\/Canada-landscape-alberta.jpeg","twitter_creator":"@https:\/\/twitter.com\/JulieCarballo","twitter_site":"@newsendip","twitter_misc":{"\u00c9crit par":"Julie Carballo","Dur\u00e9e de lecture estim\u00e9e":"3 minutes"},"schema":{"@context":"https:\/\/schema.org","@graph":[{"@type":"NewsArticle","@id":"https:\/\/www.newsendip.com\/fr\/canada-la-pause-de-la-taxe-carbone-fait-enrager-les-experts-climatiques-et-les-agriculteurs\/#article","isPartOf":{"@id":"https:\/\/www.newsendip.com\/fr\/canada-la-pause-de-la-taxe-carbone-fait-enrager-les-experts-climatiques-et-les-agriculteurs\/"},"author":{"name":"Julie Carballo","@id":"https:\/\/www.newsendip.com\/fr\/#\/schema\/person\/4fd26e598eb9518ae499a7bbc3538f1e"},"headline":"Canada&nbsp;: la pause de la taxe carbone fait enrager les experts climatiques\u2026 et les agriculteurs","datePublished":"2023-11-08T16:22:00+00:00","dateModified":"2024-07-16T15:05:41+00:00","mainEntityOfPage":{"@id":"https:\/\/www.newsendip.com\/fr\/canada-la-pause-de-la-taxe-carbone-fait-enrager-les-experts-climatiques-et-les-agriculteurs\/"},"wordCount":677,"publisher":{"@id":"https:\/\/www.newsendip.com\/fr\/#organization"},"image":{"@id":"https:\/\/www.newsendip.com\/fr\/canada-la-pause-de-la-taxe-carbone-fait-enrager-les-experts-climatiques-et-les-agriculteurs\/#primaryimage"},"thumbnailUrl":"https:\/\/www.newsendip.com\/wp-content\/uploads\/2023\/11\/Canada-landscape-alberta.webp","keywords":["Canada","R\u00e9cent"],"articleSection":["Environnement"],"inLanguage":"fr-FR","copyrightYear":"2023","copyrightHolder":{"@id":"https:\/\/www.newsendip.com\/#organization"}},{"@type":"WebPage","@id":"https:\/\/www.newsendip.com\/fr\/canada-la-pause-de-la-taxe-carbone-fait-enrager-les-experts-climatiques-et-les-agriculteurs\/","url":"https:\/\/www.newsendip.com\/fr\/canada-la-pause-de-la-taxe-carbone-fait-enrager-les-experts-climatiques-et-les-agriculteurs\/","name":"Canada : la pause de la taxe carbone fait enrager les experts climatiques\u2026 et les agriculteurs","isPartOf":{"@id":"https:\/\/www.newsendip.com\/fr\/#website"},"primaryImageOfPage":{"@id":"https:\/\/www.newsendip.com\/fr\/canada-la-pause-de-la-taxe-carbone-fait-enrager-les-experts-climatiques-et-les-agriculteurs\/#primaryimage"},"image":{"@id":"https:\/\/www.newsendip.com\/fr\/canada-la-pause-de-la-taxe-carbone-fait-enrager-les-experts-climatiques-et-les-agriculteurs\/#primaryimage"},"thumbnailUrl":"https:\/\/www.newsendip.com\/wp-content\/uploads\/2023\/11\/Canada-landscape-alberta.webp","datePublished":"2023-11-08T16:22:00+00:00","dateModified":"2024-07-16T15:05:41+00:00","description":"La d\u00e9cision de suspendre la taxe carbone sur le fioul domestique inqui\u00e8te les experts de la lutte contre le r\u00e9chauffement climatique\u2026 et les agriculteurs.","breadcrumb":{"@id":"https:\/\/www.newsendip.com\/fr\/canada-la-pause-de-la-taxe-carbone-fait-enrager-les-experts-climatiques-et-les-agriculteurs\/#breadcrumb"},"inLanguage":"fr-FR","potentialAction":[{"@type":"ReadAction","target":["https:\/\/www.newsendip.com\/fr\/canada-la-pause-de-la-taxe-carbone-fait-enrager-les-experts-climatiques-et-les-agriculteurs\/"]}]},{"@type":"ImageObject","inLanguage":"fr-FR","@id":"https:\/\/www.newsendip.com\/fr\/canada-la-pause-de-la-taxe-carbone-fait-enrager-les-experts-climatiques-et-les-agriculteurs\/#primaryimage","url":"https:\/\/www.newsendip.com\/wp-content\/uploads\/2023\/11\/Canada-landscape-alberta.webp","contentUrl":"https:\/\/www.newsendip.com\/wp-content\/uploads\/2023\/11\/Canada-landscape-alberta.webp","width":1280,"height":722,"caption":"Route dans l'Alberta au Canada | \u00a9 Sealy9000"},{"@type":"BreadcrumbList","@id":"https:\/\/www.newsendip.com\/fr\/canada-la-pause-de-la-taxe-carbone-fait-enrager-les-experts-climatiques-et-les-agriculteurs\/#breadcrumb","itemListElement":[{"@type":"ListItem","position":1,"name":"Accueil","item":"https:\/\/www.newsendip.com\/fr\/"},{"@type":"ListItem","position":2,"name":"Canada : la pause de la taxe carbone fait enrager les experts climatiques\u2026 et les agriculteurs"}]},{"@type":"WebSite","@id":"https:\/\/www.newsendip.com\/fr\/#website","url":"https:\/\/www.newsendip.com\/fr\/","name":"Newsendip","description":"Red\u00e9couvrez l&#039;actualit\u00e9 internationale","publisher":{"@id":"https:\/\/www.newsendip.com\/fr\/#organization"},"potentialAction":[{"@type":"SearchAction","target":{"@type":"EntryPoint","urlTemplate":"https:\/\/www.newsendip.com\/fr\/?s={search_term_string}"},"query-input":{"@type":"PropertyValueSpecification","valueRequired":true,"valueName":"search_term_string"}}],"inLanguage":"fr-FR"},{"@type":"Organization","@id":"https:\/\/www.newsendip.com\/fr\/#organization","name":"Newsendip","url":"https:\/\/www.newsendip.com\/fr\/","logo":{"@type":"ImageObject","inLanguage":"fr-FR","@id":"https:\/\/www.newsendip.com\/fr\/#\/schema\/logo\/image\/","url":"https:\/\/www.newsendip.com\/wp-content\/uploads\/2023\/12\/512x512.svg","contentUrl":"https:\/\/www.newsendip.com\/wp-content\/uploads\/2023\/12\/512x512.svg","width":1,"height":1,"caption":"Newsendip"},"image":{"@id":"https:\/\/www.newsendip.com\/fr\/#\/schema\/logo\/image\/"},"sameAs":["https:\/\/www.facebook.com\/newsendip","https:\/\/x.com\/newsendip","https:\/\/mastodon.social\/@newsendip","https:\/\/www.linkedin.com\/company\/newsendip"],"description":"Newsendip est un site qui a pour mission de rendre l'actualit\u00e9 internationale accessible et diversifi\u00e9e","email":"contact@newsendip.com","legalName":"Newsendip SAS","foundingDate":"2022-11-04","vatID":"FR60921124723","numberOfEmployees":{"@type":"QuantitativeValue","minValue":"1","maxValue":"10"},"publishingPrinciples":"https:\/\/www.newsendip.com\/about-us\/","ownershipFundingInfo":"https:\/\/www.newsendip.com\/legal-notice\/","actionableFeedbackPolicy":"https:\/\/www.newsendip.com\/about-us\/","correctionsPolicy":"https:\/\/www.newsendip.com\/about-us\/","ethicsPolicy":"https:\/\/www.newsendip.com\/about-us\/","diversityPolicy":"https:\/\/www.newsendip.com\/about-us\/"},{"@type":"Person","@id":"https:\/\/www.newsendip.com\/fr\/#\/schema\/person\/4fd26e598eb9518ae499a7bbc3538f1e","name":"Julie Carballo","description":"Julie Carballo is a journalist for Newsendip. She used to work for the French newspaper Le Figaro and at the Italian bureau of the international press agency AFP.","sameAs":["https:\/\/www.linkedin.com\/in\/julie-carballo12\/","https:\/\/x.com\/https:\/\/twitter.com\/JulieCarballo"],"knowsAbout":["News"],"knowsLanguage":["French","English","German"],"jobTitle":"Journalist","worksFor":"Newsendip","url":"https:\/\/www.newsendip.com\/fr\/author\/julie-carballo\/"}]}},"_links":{"self":[{"href":"https:\/\/www.newsendip.com\/fr\/wp-json\/wp\/v2\/posts\/33351","targetHints":{"allow":["GET"]}}],"collection":[{"href":"https:\/\/www.newsendip.com\/fr\/wp-json\/wp\/v2\/posts"}],"about":[{"href":"https:\/\/www.newsendip.com\/fr\/wp-json\/wp\/v2\/types\/post"}],"author":[{"embeddable":true,"href":"https:\/\/www.newsendip.com\/fr\/wp-json\/wp\/v2\/users\/237"}],"replies":[{"embeddable":true,"href":"https:\/\/www.newsendip.com\/fr\/wp-json\/wp\/v2\/comments?post=33351"}],"version-history":[{"count":0,"href":"https:\/\/www.newsendip.com\/fr\/wp-json\/wp\/v2\/posts\/33351\/revisions"}],"wp:featuredmedia":[{"embeddable":true,"href":"https:\/\/www.newsendip.com\/fr\/wp-json\/wp\/v2\/media\/33337"}],"wp:attachment":[{"href":"https:\/\/www.newsendip.com\/fr\/wp-json\/wp\/v2\/media?parent=33351"}],"wp:term":[{"taxonomy":"category","embeddable":true,"href":"https:\/\/www.newsendip.com\/fr\/wp-json\/wp\/v2\/categories?post=33351"},{"taxonomy":"post_tag","embeddable":true,"href":"https:\/\/www.newsendip.com\/fr\/wp-json\/wp\/v2\/tags?post=33351"}],"curies":[{"name":"wp","href":"https:\/\/api.w.org\/{rel}","templated":true}]}}