{"id":33355,"date":"2023-11-10T01:00:00","date_gmt":"2023-11-10T00:00:00","guid":{"rendered":"https:\/\/www.newsendip.com\/?p=33355"},"modified":"2023-11-24T11:39:50","modified_gmt":"2023-11-24T10:39:50","slug":"kenya-un-jour-ferie-national-pour-planter-des-arbres","status":"publish","type":"post","link":"https:\/\/www.newsendip.com\/fr\/kenya-un-jour-ferie-national-pour-planter-des-arbres\/","title":{"rendered":"Kenya&nbsp;: un jour f\u00e9ri\u00e9 national\u2026pour planter des arbres"},"content":{"rendered":"<p><strong>Le gouvernement k\u00e9nyan a annonc\u00e9 ce lundi 6 novembre un jour f\u00e9ri\u00e9 national pour\u2026 planter des arbres. La d\u00e9cision intervient cependant quelques mois apr\u00e8s avoir de nouveau autoris\u00e9 l\u2019exploitation des for\u00eats dans le&nbsp;pays.<\/strong><\/p>\n<figure id=\"attachment_33341\" aria-describedby=\"caption-attachment-33341\" style=\"width: 1024px\" class=\"wp-caption aligncenter\"><img decoding=\"async\" class=\"wp-image-33341 size-large\" src=\"https:\/\/www.newsendip.com\/wp-content\/uploads\/2023\/11\/kenya-national-reserve-masai-mara-1024x665.webp\" alt=\"R\u00e9serve nationale du Masai Mara au Kenya\" width=\"1024\" height=\"665\" srcset=\"https:\/\/www.newsendip.com\/wp-content\/uploads\/2023\/11\/kenya-national-reserve-masai-mara-1024x665.webp 1024w, https:\/\/www.newsendip.com\/wp-content\/uploads\/2023\/11\/kenya-national-reserve-masai-mara-60x39.webp 60w, https:\/\/www.newsendip.com\/wp-content\/uploads\/2023\/11\/kenya-national-reserve-masai-mara-300x195.webp 300w, https:\/\/www.newsendip.com\/wp-content\/uploads\/2023\/11\/kenya-national-reserve-masai-mara-768x499.webp 768w, https:\/\/www.newsendip.com\/wp-content\/uploads\/2023\/11\/kenya-national-reserve-masai-mara-1536x998.webp 1536w, https:\/\/www.newsendip.com\/wp-content\/uploads\/2023\/11\/kenya-national-reserve-masai-mara.webp 1920w\" sizes=\"(max-width: 1024px) 100vw, 1024px\"><figcaption id=\"caption-attachment-33341\" class=\"wp-caption-text\">R\u00e9serve nationale du Masai Mara au Kenya | \u00a9 David&nbsp;Clode<\/figcaption><\/figure>\n<p>Le 13 novembre, tous les k\u00e9nyans planteront des arbres. Ce projet insolite s\u2019inscrit dans le cadre d\u2019une annonce r\u00e9cente du gouvernement&nbsp;: un jour f\u00e9ri\u00e9 surprise pour reboiser le&nbsp;pays.<\/p>\n<p>Le secr\u00e9taire du cabinet du minist\u00e8re de l\u2019int\u00e9rieur, Kithure Kindiki, a annonc\u00e9 la nouvelle mesure <a href=\"https:\/\/twitter.com\/KindikiKithure\/status\/1721584017999290605\">via le r\u00e9seau social X<\/a> (anciennement Twitter), \u00e0 l\u2019issue d\u2019un conseil des ministres pr\u00e9sid\u00e9 par le pr\u00e9sident William Ruto.<\/p>\n<p>\u00ab\u202f<em>Le gouvernement a d\u00e9clar\u00e9 un jour f\u00e9ri\u00e9 sp\u00e9cial le lundi 13 novembre 2023, au cours duquel tous les citoyens devront planter des arbres pour contribuer aux efforts nationaux visant \u00e0 sauver notre pays des effets d\u00e9vastateurs du changement climatique<\/em>\u202f\u00bb, a d\u00e9clar\u00e9 M. Kindiki.<\/p>\n<p>Cette d\u00e9cision intervient dans le cadre d\u2019un ambitieux plan du gouvernement visant \u00e0 planter 15 milliards d\u2019arbres d\u2019ici \u00e0 2032. De 2001 \u00e0 2022, le <a href=\"https:\/\/www.newsendip.com\/fr\/etiquette\/kenya-fr\/\">Kenya<\/a> a perdu pr\u00e8s de 375 000\u202fhectares de for\u00eats, ce qui \u00e9quivaut \u00e0 une diminution de 11% de la couverture foresti\u00e8re depuis 2000, selon les donn\u00e9es fournies par <a href=\"https:\/\/www.globalforestwatch.org\/dashboards\/country\/KEN?category=undefined\">Global Forest Watch<\/a>.<\/p>\n<h2>L\u2019exploitation des for\u00eats du Kenya de nouveau autoris\u00e9e<\/h2>\n<p>Cependant, en juillet dernier, le Pr\u00e9sident William Ruto, souvent salu\u00e9 \u00e0 l\u2019\u00e9tranger comme l\u2019un des champions \u00e9cologiques d\u2019Afrique, s\u2019\u00e9tait attir\u00e9 les foudres des militants de la lutte contre le changement climatique en levant l\u2019interdiction sur l\u2019exploitation foresti\u00e8re, bannie du Kenya depuis 2018.<\/p>\n<p>Cette d\u00e9cision, qui avait inqui\u00e9t\u00e9 les associations de d\u00e9fense de l\u2019environnement, visait \u00e0 favoriser la cr\u00e9ation d\u2019emplois et le d\u00e9veloppement des secteurs d\u00e9pendant des produits forestiers.<\/p>\n<p>\u00ab\u202f<em>Nous ne supportons plus de voir des arbres matures pourrir dans les for\u00eats, alors que nos citoyens souffrent du manque de bois<\/em>\u202f\u00bb, avait-il alors d\u00e9clar\u00e9 lors d\u2019un service religieux pr\u00e8s de Nairobi. Cette d\u00e9cision \u00e9tait intervenue moins d\u2019un an apr\u00e8s l\u2019annonce du Pr\u00e9sident d\u2019augmenter les hectares de for\u00eats du Kenya de plus de 30% d\u2019ici \u00e0&nbsp;2032.<\/p>\n<p>Depuis, l\u2019exploitation foresti\u00e8re a contribu\u00e9 en 2022 \u00e0 1,6\u202f% du PIB du Kenya, o\u00f9 les for\u00eats recouvraient 8,8\u202f% du territoire, d\u2019apr\u00e8s des donn\u00e9es du gouvernement.<\/p>\n<p><a href=\"https:\/\/www.globalforestwatch.org\/blog\/data-and-research\/when-a-tree-falls-is-it-deforestation\/\">Les donn\u00e9es de Global Forest Watch<\/a> sugg\u00e8rent que les activit\u00e9s foresti\u00e8res sont une cause mineure de d\u00e9forestation, compar\u00e9e au r\u00f4le beaucoup plus important jou\u00e9 par l\u2019agriculture itin\u00e9rante. Une \u00e9tude <a href=\"https:\/\/news.un.org\/en\/story\/2012\/11\/424842\">men\u00e9e par le Programme des Nations Unis Pour l\u2019Environnement<\/a> en 2012 avait d\u00e9montr\u00e9 que les pertes \u00e9conomiques dues \u00e0 la d\u00e9forestation exc\u00e8dent largement les revenus g\u00e9n\u00e9r\u00e9s par les activit\u00e9s foresti\u00e8res.<\/p>\n<p>La <a href=\"https:\/\/www.newsendip.com\/fr\/en-ouganda-du-charbon-de-bois-saisi-de-commerce-illegal-distribue-aux-ecoles-plutot-que-vendu-aux-encheres\/\">d\u00e9forestation<\/a> aurait priv\u00e9 l\u2019\u00e9conomie du Kenya de 5,8 milliards de shillings (68 millions de dollars) en 2010 et de 6,6 milliards de shillings en 2009, d\u00e9passant de loin les quelque 1,3 milliard de shillings inject\u00e9s chaque ann\u00e9e par l\u2019exploitation foresti\u00e8re \u00e0 l\u2019\u00e9poque.<\/p>\n<p>Selon cette m\u00eame \u00e9tude, les cinq ch\u00e2teaux d\u2019eau du Kenya \u2013 Mau Forest Complex, Mount Kenya, Aberdares, Mount Elgon et Cherangani \u2013 alimentent les rivi\u00e8res et les lacs en eau de pluie filtr\u00e9e et fournissent plus de 15 800 millions de m\u00e8tres cubes d\u2019eau par an, ce qui repr\u00e9sente plus de 75% des ressources renouvelables du&nbsp;pays.<\/p>\n<p>Pourtant, entre 2000 et 2010, la d\u00e9forestation a entra\u00een\u00e9 une r\u00e9duction de la disponibilit\u00e9 en eau d\u2019environ 62 millions de m\u00e8tres cubes par&nbsp;an.<\/p>\n<p>L\u2019\u00e9conomie du Kenya est tr\u00e8s vuln\u00e9rable \u00e0 la disponibilit\u00e9 de l\u2019eau. L\u2019inflation a d\u00e9pass\u00e9 les 10% \u00e0 trois reprises entre 2000 et 2010, \u00e0 chaque fois en raison de la s\u00e9cheresse combin\u00e9e \u00e0 la hausse des prix du p\u00e9trole brut et \u00e0 la faiblesse des taux de change.<\/p>\n","protected":false},"excerpt":{"rendered":"<p>Le gouvernement k\u00e9nyan a annonc\u00e9 ce lundi 6 novembre un jour f\u00e9ri\u00e9 national pour planter des arbres. La d\u00e9cision intervient cependant quelques mois apr\u00e8s avoir de nouveau autoris\u00e9 l\u2019exploitation des for\u00eats dans le&nbsp;pays.<\/p>\n","protected":false},"author":237,"featured_media":33341,"comment_status":"closed","ping_status":"open","sticky":false,"template":"","format":"standard","meta":{"wp_typography_post_enhancements_disabled":false,"footnotes":""},"categories":[3016],"tags":[922,1334],"class_list":["post-33355","post","type-post","status-publish","format-standard","has-post-thumbnail","hentry","category-environnement","tag-kenya-fr","tag-nouveau"],"yoast_head":"<!-- This site is optimized with the Yoast SEO Premium plugin v27.4 (Yoast SEO v27.4) - https:\/\/yoast.com\/product\/yoast-seo-premium-wordpress\/ -->\n<title>Kenya : un jour f\u00e9ri\u00e9 national...pour planter des arbres<\/title>\n<meta name=\"description\" content=\"Le gouvernement k\u00e9nyan a annonc\u00e9 ce lundi 6 novembre un jour f\u00e9ri\u00e9 national pour planter des arbres. La d\u00e9cision intervient cependant quelques mois apr\u00e8s avoir de nouveau autoris\u00e9 l&#039;exploitation des for\u00eats dans le pays.\" \/>\n<meta name=\"robots\" content=\"index, follow, max-snippet:-1, max-image-preview:large, max-video-preview:-1\" \/>\n<link rel=\"canonical\" href=\"https:\/\/www.newsendip.com\/fr\/kenya-un-jour-ferie-national-pour-planter-des-arbres\/\" \/>\n<meta property=\"og:locale\" content=\"fr_FR\" \/>\n<meta property=\"og:type\" content=\"article\" \/>\n<meta property=\"og:title\" content=\"Kenya : un jour f\u00e9ri\u00e9 national...pour planter des arbres\" \/>\n<meta property=\"og:description\" content=\"Le gouvernement k\u00e9nyan a annonc\u00e9 ce lundi 6 novembre un jour f\u00e9ri\u00e9 national pour planter des arbres. La d\u00e9cision intervient cependant quelques mois apr\u00e8s avoir de nouveau autoris\u00e9 l&#039;exploitation des for\u00eats dans le pays.\" \/>\n<meta property=\"og:url\" content=\"https:\/\/www.newsendip.com\/fr\/kenya-un-jour-ferie-national-pour-planter-des-arbres\/\" \/>\n<meta property=\"og:site_name\" content=\"Newsendip\" \/>\n<meta property=\"article:publisher\" content=\"https:\/\/www.facebook.com\/newsendip\" \/>\n<meta property=\"article:published_time\" content=\"2023-11-10T00:00:00+00:00\" \/>\n<meta property=\"article:modified_time\" content=\"2023-11-24T10:39:50+00:00\" \/>\n<meta property=\"og:image\" content=\"https:\/\/www.newsendip.com\/wp-content\/uploads\/2023\/11\/kenya-national-reserve-masai-mara.jpeg\" \/>\n\t<meta property=\"og:image:width\" content=\"1920\" \/>\n\t<meta property=\"og:image:height\" content=\"1247\" \/>\n\t<meta property=\"og:image:type\" content=\"image\/jpeg\" \/>\n<meta name=\"author\" content=\"Julie Carballo\" \/>\n<meta name=\"twitter:card\" content=\"summary_large_image\" \/>\n<meta name=\"twitter:image\" content=\"https:\/\/www.newsendip.com\/wp-content\/uploads\/2023\/11\/kenya-national-reserve-masai-mara.jpeg\" \/>\n<meta name=\"twitter:creator\" content=\"@https:\/\/twitter.com\/JulieCarballo\" \/>\n<meta name=\"twitter:site\" content=\"@newsendip\" \/>\n<meta name=\"twitter:label1\" content=\"\u00c9crit par\" \/>\n\t<meta name=\"twitter:data1\" content=\"Julie Carballo\" \/>\n\t<meta name=\"twitter:label2\" content=\"Dur\u00e9e de lecture estim\u00e9e\" \/>\n\t<meta name=\"twitter:data2\" content=\"3 minutes\" \/>\n<!-- \/ Yoast SEO Premium plugin. -->","yoast_head_json":{"title":"Kenya : un jour f\u00e9ri\u00e9 national...pour planter des arbres","description":"Le gouvernement k\u00e9nyan a annonc\u00e9 ce lundi 6 novembre un jour f\u00e9ri\u00e9 national pour planter des arbres. La d\u00e9cision intervient cependant quelques mois apr\u00e8s avoir de nouveau autoris\u00e9 l'exploitation des for\u00eats dans le pays.","robots":{"index":"index","follow":"follow","max-snippet":"max-snippet:-1","max-image-preview":"max-image-preview:large","max-video-preview":"max-video-preview:-1"},"canonical":"https:\/\/www.newsendip.com\/fr\/kenya-un-jour-ferie-national-pour-planter-des-arbres\/","og_locale":"fr_FR","og_type":"article","og_title":"Kenya : un jour f\u00e9ri\u00e9 national...pour planter des arbres","og_description":"Le gouvernement k\u00e9nyan a annonc\u00e9 ce lundi 6 novembre un jour f\u00e9ri\u00e9 national pour planter des arbres. La d\u00e9cision intervient cependant quelques mois apr\u00e8s avoir de nouveau autoris\u00e9 l'exploitation des for\u00eats dans le pays.","og_url":"https:\/\/www.newsendip.com\/fr\/kenya-un-jour-ferie-national-pour-planter-des-arbres\/","og_site_name":"Newsendip","article_publisher":"https:\/\/www.facebook.com\/newsendip","article_published_time":"2023-11-10T00:00:00+00:00","article_modified_time":"2023-11-24T10:39:50+00:00","og_image":[{"width":1920,"height":1247,"url":"https:\/\/www.newsendip.com\/wp-content\/uploads\/2023\/11\/kenya-national-reserve-masai-mara.jpeg","type":"image\/jpeg"}],"author":"Julie Carballo","twitter_card":"summary_large_image","twitter_image":"https:\/\/www.newsendip.com\/wp-content\/uploads\/2023\/11\/kenya-national-reserve-masai-mara.jpeg","twitter_creator":"@https:\/\/twitter.com\/JulieCarballo","twitter_site":"@newsendip","twitter_misc":{"\u00c9crit par":"Julie Carballo","Dur\u00e9e de lecture estim\u00e9e":"3 minutes"},"schema":{"@context":"https:\/\/schema.org","@graph":[{"@type":"NewsArticle","@id":"https:\/\/www.newsendip.com\/fr\/kenya-un-jour-ferie-national-pour-planter-des-arbres\/#article","isPartOf":{"@id":"https:\/\/www.newsendip.com\/fr\/kenya-un-jour-ferie-national-pour-planter-des-arbres\/"},"author":{"name":"Julie Carballo","@id":"https:\/\/www.newsendip.com\/fr\/#\/schema\/person\/4fd26e598eb9518ae499a7bbc3538f1e"},"headline":"Kenya&nbsp;: un jour f\u00e9ri\u00e9 national\u2026pour planter des arbres","datePublished":"2023-11-10T00:00:00+00:00","dateModified":"2023-11-24T10:39:50+00:00","mainEntityOfPage":{"@id":"https:\/\/www.newsendip.com\/fr\/kenya-un-jour-ferie-national-pour-planter-des-arbres\/"},"wordCount":681,"publisher":{"@id":"https:\/\/www.newsendip.com\/fr\/#organization"},"image":{"@id":"https:\/\/www.newsendip.com\/fr\/kenya-un-jour-ferie-national-pour-planter-des-arbres\/#primaryimage"},"thumbnailUrl":"https:\/\/www.newsendip.com\/wp-content\/uploads\/2023\/11\/kenya-national-reserve-masai-mara.webp","keywords":["Kenya","R\u00e9cent"],"articleSection":["Environnement"],"inLanguage":"fr-FR","copyrightYear":"2023","copyrightHolder":{"@id":"https:\/\/www.newsendip.com\/#organization"}},{"@type":"WebPage","@id":"https:\/\/www.newsendip.com\/fr\/kenya-un-jour-ferie-national-pour-planter-des-arbres\/","url":"https:\/\/www.newsendip.com\/fr\/kenya-un-jour-ferie-national-pour-planter-des-arbres\/","name":"Kenya : un jour f\u00e9ri\u00e9 national...pour planter des arbres","isPartOf":{"@id":"https:\/\/www.newsendip.com\/fr\/#website"},"primaryImageOfPage":{"@id":"https:\/\/www.newsendip.com\/fr\/kenya-un-jour-ferie-national-pour-planter-des-arbres\/#primaryimage"},"image":{"@id":"https:\/\/www.newsendip.com\/fr\/kenya-un-jour-ferie-national-pour-planter-des-arbres\/#primaryimage"},"thumbnailUrl":"https:\/\/www.newsendip.com\/wp-content\/uploads\/2023\/11\/kenya-national-reserve-masai-mara.webp","datePublished":"2023-11-10T00:00:00+00:00","dateModified":"2023-11-24T10:39:50+00:00","description":"Le gouvernement k\u00e9nyan a annonc\u00e9 ce lundi 6 novembre un jour f\u00e9ri\u00e9 national pour planter des arbres. La d\u00e9cision intervient cependant quelques mois apr\u00e8s avoir de nouveau autoris\u00e9 l'exploitation des for\u00eats dans le pays.","breadcrumb":{"@id":"https:\/\/www.newsendip.com\/fr\/kenya-un-jour-ferie-national-pour-planter-des-arbres\/#breadcrumb"},"inLanguage":"fr-FR","potentialAction":[{"@type":"ReadAction","target":["https:\/\/www.newsendip.com\/fr\/kenya-un-jour-ferie-national-pour-planter-des-arbres\/"]}]},{"@type":"ImageObject","inLanguage":"fr-FR","@id":"https:\/\/www.newsendip.com\/fr\/kenya-un-jour-ferie-national-pour-planter-des-arbres\/#primaryimage","url":"https:\/\/www.newsendip.com\/wp-content\/uploads\/2023\/11\/kenya-national-reserve-masai-mara.webp","contentUrl":"https:\/\/www.newsendip.com\/wp-content\/uploads\/2023\/11\/kenya-national-reserve-masai-mara.webp","width":1920,"height":1247,"caption":"R\u00e9serve nationale du Masai Mara au Kenya | \u00a9 David Clode"},{"@type":"BreadcrumbList","@id":"https:\/\/www.newsendip.com\/fr\/kenya-un-jour-ferie-national-pour-planter-des-arbres\/#breadcrumb","itemListElement":[{"@type":"ListItem","position":1,"name":"Accueil","item":"https:\/\/www.newsendip.com\/fr\/"},{"@type":"ListItem","position":2,"name":"Kenya : un jour f\u00e9ri\u00e9 national&#8230;pour planter des arbres"}]},{"@type":"WebSite","@id":"https:\/\/www.newsendip.com\/fr\/#website","url":"https:\/\/www.newsendip.com\/fr\/","name":"Newsendip","description":"Red\u00e9couvrez l&#039;actualit\u00e9 internationale","publisher":{"@id":"https:\/\/www.newsendip.com\/fr\/#organization"},"potentialAction":[{"@type":"SearchAction","target":{"@type":"EntryPoint","urlTemplate":"https:\/\/www.newsendip.com\/fr\/?s={search_term_string}"},"query-input":{"@type":"PropertyValueSpecification","valueRequired":true,"valueName":"search_term_string"}}],"inLanguage":"fr-FR"},{"@type":"Organization","@id":"https:\/\/www.newsendip.com\/fr\/#organization","name":"Newsendip","url":"https:\/\/www.newsendip.com\/fr\/","logo":{"@type":"ImageObject","inLanguage":"fr-FR","@id":"https:\/\/www.newsendip.com\/fr\/#\/schema\/logo\/image\/","url":"https:\/\/www.newsendip.com\/wp-content\/uploads\/2023\/12\/512x512.svg","contentUrl":"https:\/\/www.newsendip.com\/wp-content\/uploads\/2023\/12\/512x512.svg","width":1,"height":1,"caption":"Newsendip"},"image":{"@id":"https:\/\/www.newsendip.com\/fr\/#\/schema\/logo\/image\/"},"sameAs":["https:\/\/www.facebook.com\/newsendip","https:\/\/x.com\/newsendip","https:\/\/mastodon.social\/@newsendip","https:\/\/www.linkedin.com\/company\/newsendip"],"description":"Newsendip est un site qui a pour mission de rendre l'actualit\u00e9 internationale accessible et diversifi\u00e9e","email":"contact@newsendip.com","legalName":"Newsendip SAS","foundingDate":"2022-11-04","vatID":"FR60921124723","numberOfEmployees":{"@type":"QuantitativeValue","minValue":"1","maxValue":"10"},"publishingPrinciples":"https:\/\/www.newsendip.com\/about-us\/","ownershipFundingInfo":"https:\/\/www.newsendip.com\/legal-notice\/","actionableFeedbackPolicy":"https:\/\/www.newsendip.com\/about-us\/","correctionsPolicy":"https:\/\/www.newsendip.com\/about-us\/","ethicsPolicy":"https:\/\/www.newsendip.com\/about-us\/","diversityPolicy":"https:\/\/www.newsendip.com\/about-us\/"},{"@type":"Person","@id":"https:\/\/www.newsendip.com\/fr\/#\/schema\/person\/4fd26e598eb9518ae499a7bbc3538f1e","name":"Julie Carballo","description":"Julie Carballo is a journalist for Newsendip. She used to work for the French newspaper Le Figaro and at the Italian bureau of the international press agency AFP.","sameAs":["https:\/\/www.linkedin.com\/in\/julie-carballo12\/","https:\/\/x.com\/https:\/\/twitter.com\/JulieCarballo"],"knowsAbout":["News"],"knowsLanguage":["French","English","German"],"jobTitle":"Journalist","worksFor":"Newsendip","url":"https:\/\/www.newsendip.com\/fr\/author\/julie-carballo\/"}]}},"_links":{"self":[{"href":"https:\/\/www.newsendip.com\/fr\/wp-json\/wp\/v2\/posts\/33355","targetHints":{"allow":["GET"]}}],"collection":[{"href":"https:\/\/www.newsendip.com\/fr\/wp-json\/wp\/v2\/posts"}],"about":[{"href":"https:\/\/www.newsendip.com\/fr\/wp-json\/wp\/v2\/types\/post"}],"author":[{"embeddable":true,"href":"https:\/\/www.newsendip.com\/fr\/wp-json\/wp\/v2\/users\/237"}],"replies":[{"embeddable":true,"href":"https:\/\/www.newsendip.com\/fr\/wp-json\/wp\/v2\/comments?post=33355"}],"version-history":[{"count":0,"href":"https:\/\/www.newsendip.com\/fr\/wp-json\/wp\/v2\/posts\/33355\/revisions"}],"wp:featuredmedia":[{"embeddable":true,"href":"https:\/\/www.newsendip.com\/fr\/wp-json\/wp\/v2\/media\/33341"}],"wp:attachment":[{"href":"https:\/\/www.newsendip.com\/fr\/wp-json\/wp\/v2\/media?parent=33355"}],"wp:term":[{"taxonomy":"category","embeddable":true,"href":"https:\/\/www.newsendip.com\/fr\/wp-json\/wp\/v2\/categories?post=33355"},{"taxonomy":"post_tag","embeddable":true,"href":"https:\/\/www.newsendip.com\/fr\/wp-json\/wp\/v2\/tags?post=33355"}],"curies":[{"name":"wp","href":"https:\/\/api.w.org\/{rel}","templated":true}]}}