{"id":33902,"date":"2023-11-21T16:40:45","date_gmt":"2023-11-21T15:40:45","guid":{"rendered":"https:\/\/www.newsendip.com\/?p=33902"},"modified":"2025-08-08T13:03:55","modified_gmt":"2025-08-08T11:03:55","slug":"trois-belges-sur-quatre-preferent-des-vacances-supplementaires-a-la-semaine-de-quatre-jours","status":"publish","type":"post","link":"https:\/\/www.newsendip.com\/fr\/trois-belges-sur-quatre-preferent-des-vacances-supplementaires-a-la-semaine-de-quatre-jours\/","title":{"rendered":"Trois Belges sur quatre pr\u00e9f\u00e8rent des vacances suppl\u00e9mentaires \u00e0 la semaine de quatre jours"},"content":{"rendered":"<p><strong>La majorit\u00e9 des Belges opterait pour des jours de vacances suppl\u00e9mentaires au lieu d\u2019une semaine de travail de quatre jours, selon une nouvelle \u00e9tude.<\/strong><\/p>\n<figure id=\"attachment_30703\" aria-describedby=\"caption-attachment-30703\" style=\"width: 1920px\" class=\"wp-caption aligncenter\"><img decoding=\"async\" class=\"size-full wp-image-30703\" src=\"https:\/\/www.newsendip.com\/wp-content\/uploads\/2023\/09\/Working-week.webp\" alt=\"Semaine de travail\" width=\"1920\" height=\"1280\" srcset=\"https:\/\/www.newsendip.com\/wp-content\/uploads\/2023\/09\/Working-week.webp 1920w, https:\/\/www.newsendip.com\/wp-content\/uploads\/2023\/09\/Working-week-60x40.webp 60w, https:\/\/www.newsendip.com\/wp-content\/uploads\/2023\/09\/Working-week-720x480.webp 720w, https:\/\/www.newsendip.com\/wp-content\/uploads\/2023\/09\/Working-week-300x200.webp 300w, https:\/\/www.newsendip.com\/wp-content\/uploads\/2023\/09\/Working-week-768x512.webp 768w, https:\/\/www.newsendip.com\/wp-content\/uploads\/2023\/09\/Working-week-1024x683.webp 1024w, https:\/\/www.newsendip.com\/wp-content\/uploads\/2023\/09\/Working-week-1536x1024.webp 1536w\" sizes=\"(max-width: 1920px) 100vw, 1920px\"><figcaption id=\"caption-attachment-30703\" class=\"wp-caption-text\">Illustration | \u00a9 KOBU Agency<\/figcaption><\/figure>\n<p>Depuis le 21 novembre 2022, <a href=\"https:\/\/emploi.belgique.be\/fr\/actualites\/deal-pour-lemploi-publication-des-mesures\">la loi<\/a> donne la possibilit\u00e9 aux salari\u00e9s qui travaillent en <a href=\"https:\/\/www.newsendip.com\/fr\/etiquette\/belgique\/\">Belgique<\/a> d\u2019effectuer leur semaine de travail sur quatre jours, apr\u00e8s autorisation de leur employeur. Mais \u00e0 peine 0,5\u202f% des salari\u00e9s y ont recours, selon <a href=\"https:\/\/www.acerta.be\/nl\/insights\/in-de-pers\/al-5-op-de-1000-werknemers-maken-gebruik-van-systeem-van-vierdagenwerkweek\">une \u00e9tude<\/a> men\u00e9e par Acerta, une entreprise de service de ressources humaines, en f\u00e9vrier 2023.<\/p>\n<p>Une nouvelle \u00e9tude du prestataire de services RH Tempo-Team, men\u00e9e en collaboration avec la professeure Anja Van den Broeck, experte en motivation au travail \u00e0 l\u2019universit\u00e9 de KU Leuven, l\u2019universit\u00e9 catholique de Louvain, et <a href=\"https:\/\/www.rtbf.be\/article\/la-majorite-des-belges-prefere-conserver-un-regime-de-travail-de-cinq-jours-par-semaine-11289222\">cit\u00e9e par la RTBF<\/a>, montre que pr\u00e8s de six personnes interrog\u00e9es sur dix (57\u202f%) d\u00e9clarent craindre les inconv\u00e9nients d\u2019une semaine compl\u00e8te de travail en quatre jours. Pour les employ\u00e9s, ce chiffre s\u2019\u00e9l\u00e8ve m\u00eame \u00e0 61\u202f%. La premi\u00e8re raison invoqu\u00e9e&nbsp;: beaucoup craignent que la charge de travail soit trop importante pour \u00eatre achev\u00e9e en quatre jours ou qu\u2019une semaine de travail de quatre jours \u00e0 temps plein soit trop fatigante ou stressante.<\/p>\n<p>Une grande majorit\u00e9 de travailleurs (74\u202f%) pr\u00e9f\u00e8rent maintenir la semaine de travail de cinq jours et b\u00e9n\u00e9ficier davantage de jours de vacances.<\/p>\n<p>Pr\u00e8s de la moiti\u00e9 des salari\u00e9s (51\u202f%) sont m\u00eame pr\u00eats \u00e0 voir leur salaire diminuer de 10\u202f% contre davantage de jours de vacances, qu\u2019ils consid\u00e8rent comme un meilleur moyen de parvenir \u00e0 un \u00e9quilibre entre vie professionnelle et vie priv\u00e9e.\u200b La diminution de salaire est l\u00e9g\u00e8rement plus populaire parmi les employ\u00e9s (54\u202f%) que chez les ouvriers (46\u202f%). L\u2019id\u00e9e est particuli\u00e8rement appr\u00e9ci\u00e9e par les salari\u00e9s ayant des enfants \u00e0 charge (54\u202f%).<\/p>\n<p>Actuellement en Belgique, la dur\u00e9e des vacances doit \u00eatre de 24 jours au moins pour douze mois de travail.<\/p>\n<p>L\u2019\u00e9tude montre \u00e9galement que la motivation et la satisfaction au travail jouent un r\u00f4le pr\u00e9pond\u00e9rant dans les pr\u00e9f\u00e9rences des sond\u00e9s&nbsp;: ceux qui appr\u00e9cient leur travail d\u00e9clarent qu\u2019ils ont moins besoin de jours de vacances suppl\u00e9mentaires ou de temps&nbsp;libre.<\/p>\n<p>Un \u00e9chantillon repr\u00e9sentatif de 2 500 salari\u00e9s a \u00e9t\u00e9 interrog\u00e9 pour cette \u00e9tude en septembre 2023.<\/p>\n<p>En Belgique, dans la majorit\u00e9 des entreprises, les salari\u00e9s travaillent en moyenne 38 ou 39 heures par semaine. La loi sur la semaine de quatre jours du 21 novembre 2022, aussi connue sous le nom de \u00ab\u202fdeal pour l\u2019emploi\u202f\u00bb, proposait de maintenir la m\u00eame dur\u00e9e hebdomadaire en la r\u00e9partissant sur quatre jours au lieu de cinq. Pas de perte de salaire, ni d\u2019incidence sur le montant de la retraite. En revanche, pour un salari\u00e9 \u00e0 38 heures par semaine, cela repr\u00e9sente quatre journ\u00e9es de travail de&nbsp;9h30.<\/p>\n<p>Pour obtenir cette r\u00e9organisation du temps de travail, le salari\u00e9 doit en faire la demande aupr\u00e8s de son employeur, qui a un mois pour r\u00e9pondre. En cas d\u2019accord, celui-ci est valable pour une dur\u00e9e de six mois, renouvelable. Tout refus doit \u00eatre motiv\u00e9.<\/p>\n<p>L\u2019objectif affich\u00e9 \u00e9tait de favoriser la conciliation entre vie professionnelle et vie priv\u00e9e.<\/p>\n<p>Le pourcentage des 20\u201364 ans ayant un emploi en Belgique est inf\u00e9rieur \u00e0 la moyenne europ\u00e9enne&nbsp;: 71\u202f%, contre 73\u202f% dans la zone euro et 81\u202f% en Allemagne ou aux <a href=\"https:\/\/www.newsendip.com\/fr\/penurie-de-main-doeuvre-record-aux-pays-bas-plus-de-postes-vacants-que-de-sans-emplois\/\">Pays-Bas<\/a>, selon <a href=\"https:\/\/statbel.fgov.be\/fr\/themes\/datalab\/chiffres-mensuels-sur-le-marche-du-travail#:~:text=Selon%20les%20r%C3%A9sultats%20provisoires%20des,%C3%A9tablissait%20%C3%A0%206%2C6%25.\">Stabel<\/a>, l\u2019office belge de statistiques. L\u2019objectif du deal pour l\u2019emploi \u00e9tait de passer \u00e0 80\u202f% d\u2019ici \u00e0 2030, notamment pour pr\u00e9server le syst\u00e8me des retraites. La mesure n\u2019a apparemment pas su convaincre son public.<\/p>\n<p>Au Royaume-Uni, de juin \u00e0 d\u00e9cembre 2022, 61 entreprises ont particip\u00e9 \u00e0 la plus grande exp\u00e9rimentation jamais men\u00e9e sur le sujet&nbsp;: le temps de travail de 2 900 salari\u00e9s a \u00e9t\u00e9 r\u00e9duit de 20\u202f%, sans toucher aux salaires. Les r\u00e9sultats montrent qu\u2019une semaine de travail r\u00e9duite a des effets significatifs sur le bien-\u00eatre du personnel et facilitent la r\u00e9tention des salari\u00e9s, ont <a href=\"https:\/\/autonomy.work\/wp-content\/uploads\/2023\/02\/The-results-are-in-The-UKs-four-day-week-pilot.pdf\">expliqu\u00e9 les chercheurs de l\u2019universit\u00e9 de Cambridge<\/a>, qui ont travaill\u00e9 en collaboration avec l\u2019universit\u00e9 de Boston et le think tank Autonomy sur cette exp\u00e9rimentation men\u00e9e par <a href=\"https:\/\/www.4dayweek.com\/\">4 Day Week Global<\/a>, une organisation mondiale dont l\u2019objectif est de changer l\u2019avenir du travail en travaillant plus intelligemment.<\/p>\n<p>Plus r\u00e9cemment, l\u2019Allemagne a \u00e9galement vu l\u2019<a href=\"https:\/\/www.newsendip.com\/fr\/un-programme-test-de-la-semaine-de-4-jours-ouvre-en-allemagne-pour-50-entreprises\/\">id\u00e9e de la semaine de quatre jours gagner du terrain<\/a>. La soci\u00e9t\u00e9 de conseil en organisation du travail Intrapren\u00f6r va piloter la premi\u00e8re grande exp\u00e9rimentation \u00e0 travers le pays, en partenariat avec 4 Day Week Global.<\/p>\n<p>D\u00e9but 2024, 50 entreprises de tailles et de secteurs diff\u00e9rents vont tester pendant six mois la r\u00e9duction du temps de travail \u00e0 salaire \u00e9gal, avec l\u2019objectif d\u2019une productivit\u00e9 maintenue. Intrapren\u00f6r, qui a d\u00e9j\u00e0 instaur\u00e9 la semaine de quatre jours pour tous ses salari\u00e9s depuis 2016, dit avoir \u00e0 l\u2019heure actuelle 33 candidatures d\u2019entreprises int\u00e9ress\u00e9es.<\/p>\n","protected":false},"excerpt":{"rendered":"<p>La majorit\u00e9 des Belges opterait pour des jours de vacances suppl\u00e9mentaires au lieu d\u2019une semaine de travail de quatre jours, selon une nouvelle \u00e9tude. Un an apr\u00e8s l\u2019application d\u2019une loi permettant de changer son rythme de travail, la semaine de quatre jours peine \u00e0 convaincre.<\/p>\n","protected":false},"author":237,"featured_media":30703,"comment_status":"closed","ping_status":"open","sticky":false,"template":"","format":"standard","meta":{"wp_typography_post_enhancements_disabled":false,"footnotes":""},"categories":[414],"tags":[464,1334],"class_list":["post-33902","post","type-post","status-publish","format-standard","has-post-thumbnail","hentry","category-economie","tag-belgique","tag-nouveau"],"yoast_head":"<!-- This site is optimized with the Yoast SEO Premium plugin v27.4 (Yoast SEO v27.4) - https:\/\/yoast.com\/product\/yoast-seo-premium-wordpress\/ -->\n<title>Trois Belges sur quatre pr\u00e9f\u00e8rent des vacances suppl\u00e9mentaires \u00e0 la semaine de quatre jours<\/title>\n<meta name=\"description\" content=\"La majorit\u00e9 des Belges opterait pour des jours de vacances suppl\u00e9mentaires au lieu d\u2019une semaine de travail de quatre jours, selon une nouvelle \u00e9tude. Un an apr\u00e8s l&#039;application d&#039;une loi permettant de changer son rythme de travail, la semaine de quatre jours peine \u00e0 convaincre.\" \/>\n<meta name=\"robots\" content=\"index, follow, max-snippet:-1, max-image-preview:large, max-video-preview:-1\" \/>\n<link rel=\"canonical\" href=\"https:\/\/www.newsendip.com\/fr\/trois-belges-sur-quatre-preferent-des-vacances-supplementaires-a-la-semaine-de-quatre-jours\/\" \/>\n<meta property=\"og:locale\" content=\"fr_FR\" \/>\n<meta property=\"og:type\" content=\"article\" \/>\n<meta property=\"og:title\" content=\"Trois Belges sur quatre pr\u00e9f\u00e8rent des vacances suppl\u00e9mentaires \u00e0 la semaine de quatre jours\" \/>\n<meta property=\"og:description\" content=\"La majorit\u00e9 des Belges opterait pour des jours de vacances suppl\u00e9mentaires au lieu d\u2019une semaine de travail de quatre jours, selon une nouvelle \u00e9tude. Un an apr\u00e8s l&#039;application d&#039;une loi permettant de changer son rythme de travail, la semaine de quatre jours peine \u00e0 convaincre.\" \/>\n<meta property=\"og:url\" content=\"https:\/\/www.newsendip.com\/fr\/trois-belges-sur-quatre-preferent-des-vacances-supplementaires-a-la-semaine-de-quatre-jours\/\" \/>\n<meta property=\"og:site_name\" content=\"Newsendip\" \/>\n<meta property=\"article:publisher\" content=\"https:\/\/www.facebook.com\/newsendip\" \/>\n<meta property=\"article:published_time\" content=\"2023-11-21T15:40:45+00:00\" \/>\n<meta property=\"article:modified_time\" content=\"2025-08-08T11:03:55+00:00\" \/>\n<meta property=\"og:image\" content=\"https:\/\/www.newsendip.com\/wp-content\/uploads\/2023\/09\/Working-week.jpeg\" \/>\n\t<meta property=\"og:image:width\" content=\"1920\" \/>\n\t<meta property=\"og:image:height\" content=\"1280\" \/>\n\t<meta property=\"og:image:type\" content=\"image\/jpeg\" \/>\n<meta name=\"author\" content=\"Julie Carballo\" \/>\n<meta name=\"twitter:card\" content=\"summary_large_image\" \/>\n<meta name=\"twitter:image\" content=\"https:\/\/www.newsendip.com\/wp-content\/uploads\/2023\/09\/Working-week.jpeg\" \/>\n<meta name=\"twitter:creator\" content=\"@https:\/\/twitter.com\/JulieCarballo\" \/>\n<meta name=\"twitter:site\" content=\"@newsendip\" \/>\n<meta name=\"twitter:label1\" content=\"\u00c9crit par\" \/>\n\t<meta name=\"twitter:data1\" content=\"Julie Carballo\" \/>\n\t<meta name=\"twitter:label2\" content=\"Dur\u00e9e de lecture estim\u00e9e\" \/>\n\t<meta name=\"twitter:data2\" content=\"4 minutes\" \/>\n<!-- \/ Yoast SEO Premium plugin. -->","yoast_head_json":{"title":"Trois Belges sur quatre pr\u00e9f\u00e8rent des vacances suppl\u00e9mentaires \u00e0 la semaine de quatre jours","description":"La majorit\u00e9 des Belges opterait pour des jours de vacances suppl\u00e9mentaires au lieu d\u2019une semaine de travail de quatre jours, selon une nouvelle \u00e9tude. Un an apr\u00e8s l'application d'une loi permettant de changer son rythme de travail, la semaine de quatre jours peine \u00e0 convaincre.","robots":{"index":"index","follow":"follow","max-snippet":"max-snippet:-1","max-image-preview":"max-image-preview:large","max-video-preview":"max-video-preview:-1"},"canonical":"https:\/\/www.newsendip.com\/fr\/trois-belges-sur-quatre-preferent-des-vacances-supplementaires-a-la-semaine-de-quatre-jours\/","og_locale":"fr_FR","og_type":"article","og_title":"Trois Belges sur quatre pr\u00e9f\u00e8rent des vacances suppl\u00e9mentaires \u00e0 la semaine de quatre jours","og_description":"La majorit\u00e9 des Belges opterait pour des jours de vacances suppl\u00e9mentaires au lieu d\u2019une semaine de travail de quatre jours, selon une nouvelle \u00e9tude. Un an apr\u00e8s l'application d'une loi permettant de changer son rythme de travail, la semaine de quatre jours peine \u00e0 convaincre.","og_url":"https:\/\/www.newsendip.com\/fr\/trois-belges-sur-quatre-preferent-des-vacances-supplementaires-a-la-semaine-de-quatre-jours\/","og_site_name":"Newsendip","article_publisher":"https:\/\/www.facebook.com\/newsendip","article_published_time":"2023-11-21T15:40:45+00:00","article_modified_time":"2025-08-08T11:03:55+00:00","og_image":[{"width":1920,"height":1280,"url":"https:\/\/www.newsendip.com\/wp-content\/uploads\/2023\/09\/Working-week.jpeg","type":"image\/jpeg"}],"author":"Julie Carballo","twitter_card":"summary_large_image","twitter_image":"https:\/\/www.newsendip.com\/wp-content\/uploads\/2023\/09\/Working-week.jpeg","twitter_creator":"@https:\/\/twitter.com\/JulieCarballo","twitter_site":"@newsendip","twitter_misc":{"\u00c9crit par":"Julie Carballo","Dur\u00e9e de lecture estim\u00e9e":"4 minutes"},"schema":{"@context":"https:\/\/schema.org","@graph":[{"@type":"NewsArticle","@id":"https:\/\/www.newsendip.com\/fr\/trois-belges-sur-quatre-preferent-des-vacances-supplementaires-a-la-semaine-de-quatre-jours\/#article","isPartOf":{"@id":"https:\/\/www.newsendip.com\/fr\/trois-belges-sur-quatre-preferent-des-vacances-supplementaires-a-la-semaine-de-quatre-jours\/"},"author":{"name":"Julie Carballo","@id":"https:\/\/www.newsendip.com\/fr\/#\/schema\/person\/4fd26e598eb9518ae499a7bbc3538f1e"},"headline":"Trois Belges sur quatre pr\u00e9f\u00e8rent des vacances suppl\u00e9mentaires \u00e0 la semaine de quatre jours","datePublished":"2023-11-21T15:40:45+00:00","dateModified":"2025-08-08T11:03:55+00:00","mainEntityOfPage":{"@id":"https:\/\/www.newsendip.com\/fr\/trois-belges-sur-quatre-preferent-des-vacances-supplementaires-a-la-semaine-de-quatre-jours\/"},"wordCount":854,"publisher":{"@id":"https:\/\/www.newsendip.com\/fr\/#organization"},"image":{"@id":"https:\/\/www.newsendip.com\/fr\/trois-belges-sur-quatre-preferent-des-vacances-supplementaires-a-la-semaine-de-quatre-jours\/#primaryimage"},"thumbnailUrl":"https:\/\/www.newsendip.com\/wp-content\/uploads\/2023\/09\/Working-week.webp","keywords":["Belgique","R\u00e9cent"],"articleSection":["\u00c9conomie"],"inLanguage":"fr-FR","copyrightYear":"2023","copyrightHolder":{"@id":"https:\/\/www.newsendip.com\/#organization"}},{"@type":"WebPage","@id":"https:\/\/www.newsendip.com\/fr\/trois-belges-sur-quatre-preferent-des-vacances-supplementaires-a-la-semaine-de-quatre-jours\/","url":"https:\/\/www.newsendip.com\/fr\/trois-belges-sur-quatre-preferent-des-vacances-supplementaires-a-la-semaine-de-quatre-jours\/","name":"Trois Belges sur quatre pr\u00e9f\u00e8rent des vacances suppl\u00e9mentaires \u00e0 la semaine de quatre jours","isPartOf":{"@id":"https:\/\/www.newsendip.com\/fr\/#website"},"primaryImageOfPage":{"@id":"https:\/\/www.newsendip.com\/fr\/trois-belges-sur-quatre-preferent-des-vacances-supplementaires-a-la-semaine-de-quatre-jours\/#primaryimage"},"image":{"@id":"https:\/\/www.newsendip.com\/fr\/trois-belges-sur-quatre-preferent-des-vacances-supplementaires-a-la-semaine-de-quatre-jours\/#primaryimage"},"thumbnailUrl":"https:\/\/www.newsendip.com\/wp-content\/uploads\/2023\/09\/Working-week.webp","datePublished":"2023-11-21T15:40:45+00:00","dateModified":"2025-08-08T11:03:55+00:00","description":"La majorit\u00e9 des Belges opterait pour des jours de vacances suppl\u00e9mentaires au lieu d\u2019une semaine de travail de quatre jours, selon une nouvelle \u00e9tude. Un an apr\u00e8s l'application d'une loi permettant de changer son rythme de travail, la semaine de quatre jours peine \u00e0 convaincre.","breadcrumb":{"@id":"https:\/\/www.newsendip.com\/fr\/trois-belges-sur-quatre-preferent-des-vacances-supplementaires-a-la-semaine-de-quatre-jours\/#breadcrumb"},"inLanguage":"fr-FR","potentialAction":[{"@type":"ReadAction","target":["https:\/\/www.newsendip.com\/fr\/trois-belges-sur-quatre-preferent-des-vacances-supplementaires-a-la-semaine-de-quatre-jours\/"]}]},{"@type":"ImageObject","inLanguage":"fr-FR","@id":"https:\/\/www.newsendip.com\/fr\/trois-belges-sur-quatre-preferent-des-vacances-supplementaires-a-la-semaine-de-quatre-jours\/#primaryimage","url":"https:\/\/www.newsendip.com\/wp-content\/uploads\/2023\/09\/Working-week.webp","contentUrl":"https:\/\/www.newsendip.com\/wp-content\/uploads\/2023\/09\/Working-week.webp","width":1920,"height":1280,"caption":"Illustration | \u00a9 KOBU Agency"},{"@type":"BreadcrumbList","@id":"https:\/\/www.newsendip.com\/fr\/trois-belges-sur-quatre-preferent-des-vacances-supplementaires-a-la-semaine-de-quatre-jours\/#breadcrumb","itemListElement":[{"@type":"ListItem","position":1,"name":"Accueil","item":"https:\/\/www.newsendip.com\/fr\/"},{"@type":"ListItem","position":2,"name":"Trois Belges sur quatre pr\u00e9f\u00e8rent des vacances suppl\u00e9mentaires \u00e0 la semaine de quatre jours"}]},{"@type":"WebSite","@id":"https:\/\/www.newsendip.com\/fr\/#website","url":"https:\/\/www.newsendip.com\/fr\/","name":"Newsendip","description":"Red\u00e9couvrez l&#039;actualit\u00e9 internationale","publisher":{"@id":"https:\/\/www.newsendip.com\/fr\/#organization"},"potentialAction":[{"@type":"SearchAction","target":{"@type":"EntryPoint","urlTemplate":"https:\/\/www.newsendip.com\/fr\/?s={search_term_string}"},"query-input":{"@type":"PropertyValueSpecification","valueRequired":true,"valueName":"search_term_string"}}],"inLanguage":"fr-FR"},{"@type":"Organization","@id":"https:\/\/www.newsendip.com\/fr\/#organization","name":"Newsendip","url":"https:\/\/www.newsendip.com\/fr\/","logo":{"@type":"ImageObject","inLanguage":"fr-FR","@id":"https:\/\/www.newsendip.com\/fr\/#\/schema\/logo\/image\/","url":"https:\/\/www.newsendip.com\/wp-content\/uploads\/2023\/12\/512x512.svg","contentUrl":"https:\/\/www.newsendip.com\/wp-content\/uploads\/2023\/12\/512x512.svg","width":1,"height":1,"caption":"Newsendip"},"image":{"@id":"https:\/\/www.newsendip.com\/fr\/#\/schema\/logo\/image\/"},"sameAs":["https:\/\/www.facebook.com\/newsendip","https:\/\/x.com\/newsendip","https:\/\/mastodon.social\/@newsendip","https:\/\/www.linkedin.com\/company\/newsendip"],"description":"Newsendip est un site qui a pour mission de rendre l'actualit\u00e9 internationale accessible et diversifi\u00e9e","email":"contact@newsendip.com","legalName":"Newsendip SAS","foundingDate":"2022-11-04","vatID":"FR60921124723","numberOfEmployees":{"@type":"QuantitativeValue","minValue":"1","maxValue":"10"},"publishingPrinciples":"https:\/\/www.newsendip.com\/about-us\/","ownershipFundingInfo":"https:\/\/www.newsendip.com\/legal-notice\/","actionableFeedbackPolicy":"https:\/\/www.newsendip.com\/about-us\/","correctionsPolicy":"https:\/\/www.newsendip.com\/about-us\/","ethicsPolicy":"https:\/\/www.newsendip.com\/about-us\/","diversityPolicy":"https:\/\/www.newsendip.com\/about-us\/"},{"@type":"Person","@id":"https:\/\/www.newsendip.com\/fr\/#\/schema\/person\/4fd26e598eb9518ae499a7bbc3538f1e","name":"Julie Carballo","description":"Julie Carballo is a journalist for Newsendip. She used to work for the French newspaper Le Figaro and at the Italian bureau of the international press agency AFP.","sameAs":["https:\/\/www.linkedin.com\/in\/julie-carballo12\/","https:\/\/x.com\/https:\/\/twitter.com\/JulieCarballo"],"knowsAbout":["News"],"knowsLanguage":["French","English","German"],"jobTitle":"Journalist","worksFor":"Newsendip","url":"https:\/\/www.newsendip.com\/fr\/author\/julie-carballo\/"}]}},"_links":{"self":[{"href":"https:\/\/www.newsendip.com\/fr\/wp-json\/wp\/v2\/posts\/33902","targetHints":{"allow":["GET"]}}],"collection":[{"href":"https:\/\/www.newsendip.com\/fr\/wp-json\/wp\/v2\/posts"}],"about":[{"href":"https:\/\/www.newsendip.com\/fr\/wp-json\/wp\/v2\/types\/post"}],"author":[{"embeddable":true,"href":"https:\/\/www.newsendip.com\/fr\/wp-json\/wp\/v2\/users\/237"}],"replies":[{"embeddable":true,"href":"https:\/\/www.newsendip.com\/fr\/wp-json\/wp\/v2\/comments?post=33902"}],"version-history":[{"count":1,"href":"https:\/\/www.newsendip.com\/fr\/wp-json\/wp\/v2\/posts\/33902\/revisions"}],"predecessor-version":[{"id":44088,"href":"https:\/\/www.newsendip.com\/fr\/wp-json\/wp\/v2\/posts\/33902\/revisions\/44088"}],"wp:featuredmedia":[{"embeddable":true,"href":"https:\/\/www.newsendip.com\/fr\/wp-json\/wp\/v2\/media\/30703"}],"wp:attachment":[{"href":"https:\/\/www.newsendip.com\/fr\/wp-json\/wp\/v2\/media?parent=33902"}],"wp:term":[{"taxonomy":"category","embeddable":true,"href":"https:\/\/www.newsendip.com\/fr\/wp-json\/wp\/v2\/categories?post=33902"},{"taxonomy":"post_tag","embeddable":true,"href":"https:\/\/www.newsendip.com\/fr\/wp-json\/wp\/v2\/tags?post=33902"}],"curies":[{"name":"wp","href":"https:\/\/api.w.org\/{rel}","templated":true}]}}