{"id":34036,"date":"2023-11-24T18:20:11","date_gmt":"2023-11-24T17:20:11","guid":{"rendered":"https:\/\/www.newsendip.com\/?p=34036"},"modified":"2025-08-08T13:03:11","modified_gmt":"2025-08-08T11:03:11","slug":"plus-de-la-moitie-des-espagnols-ne-peuvent-quitter-le-foyer-parental-avec-serenite-qua-partir-de-38-ans-selon-le-premier-syndicat-du-pays","status":"publish","type":"post","link":"https:\/\/www.newsendip.com\/fr\/plus-de-la-moitie-des-espagnols-ne-peuvent-quitter-le-foyer-parental-avec-serenite-qua-partir-de-38-ans-selon-le-premier-syndicat-du-pays\/","title":{"rendered":"Plus de la moiti\u00e9 des Espagnols ne peuvent quitter le foyer parental avec s\u00e9r\u00e9nit\u00e9 qu\u2019\u00e0 partir de 38 ans, selon le premier syndicat du&nbsp;pays"},"content":{"rendered":"<p><strong>Un nouveau rapport sur l\u2019emploi et la s\u00e9curit\u00e9 de l\u2019emploi montre que les jeunes Espagnols s\u2019\u00e9mancipent \u00e0 un \u00e2ge de plus en plus avanc\u00e9 au cours des derni\u00e8res ann\u00e9es. Bien que la grande majorit\u00e9 de la population jeune soit \u00e9duqu\u00e9e ou travaille, l\u2019\u00e2ge d\u2019\u00e9mancipation est l\u2019un des plus \u00e9lev\u00e9s de tous les pays de&nbsp;l\u2019UE.<\/strong><\/p>\n<figure id=\"attachment_33958\" aria-describedby=\"caption-attachment-33958\" style=\"width: 1024px\" class=\"wp-caption aligncenter\"><img decoding=\"async\" class=\"wp-image-33958 size-large\" src=\"https:\/\/www.newsendip.com\/wp-content\/uploads\/2023\/11\/pexels-ketut-subiyanto-4246271-1024x683.webp\" alt=\"Homme qui part de son foyer familial\" width=\"1024\" height=\"683\" srcset=\"https:\/\/www.newsendip.com\/wp-content\/uploads\/2023\/11\/pexels-ketut-subiyanto-4246271-1024x683.webp 1024w, https:\/\/www.newsendip.com\/wp-content\/uploads\/2023\/11\/pexels-ketut-subiyanto-4246271-300x200.webp 300w, https:\/\/www.newsendip.com\/wp-content\/uploads\/2023\/11\/pexels-ketut-subiyanto-4246271-768x512.webp 768w, https:\/\/www.newsendip.com\/wp-content\/uploads\/2023\/11\/pexels-ketut-subiyanto-4246271-1536x1024.webp 1536w, https:\/\/www.newsendip.com\/wp-content\/uploads\/2023\/11\/pexels-ketut-subiyanto-4246271-2048x1365.webp 2048w\" sizes=\"(max-width: 1024px) 100vw, 1024px\"><figcaption id=\"caption-attachment-33958\" class=\"wp-caption-text\">Selon un syndicat de travailleurs espagnol, les jeunes Espagnols ne sont pas bien pr\u00e9par\u00e9s pour s\u2019\u00e9manciper | \u00a9 Ketut Subiyanto<\/figcaption><\/figure>\n<p>La Commission des travailleurs espagnols (CCOO), un syndicat espagnol, a <a href=\"https:\/\/www.ccoo.es\/0d5946985f8e8738f43384fea25cc44e000001.pdf\">publi\u00e9 un rapport sur la situation sociale des jeunes dans le pays<\/a> pour d\u00e9terminer si le gouvernement espagnol \u00ab\u202f<em>tient la promesse faite aux jeunes Espagnols de pouvoir s\u2019\u00e9manciper en toute s\u00e9curit\u00e9<\/em>\u202f\u00bb \u00e0 l\u2019\u00e2ge de 30&nbsp;ans.<\/p>\n<p>Le CCOO, connu aussi sous le terme des Commissions ouvri\u00e8res, a indiqu\u00e9 que l\u2019\u00e2ge moyen d\u2019\u00e9mancipation est de 30,3 ans en Espagne, alors qu\u2019il est de 26,4 ans en 2022 dans l\u2019Union europ\u00e9enne. Toutefois, le rapport constate que 55\u202f% des jeunes en Espagne n\u2019atteignent une capacit\u00e9 d\u2019\u00e9mancipation \u00ab\u202fcompl\u00e8te\u202f\u00bb, ce qui comprend un contrat stable \u00e0 long terme avec un salaire suffisant pour entretenir une famille, qu\u2019\u00e0 l\u2019\u00e2ge de 38&nbsp;ans.<\/p>\n<p>Le CCOO est le syndicat espagnol qui compte le plus grand nombre de membres affili\u00e9s et de d\u00e9l\u00e9gu\u00e9s \u00e9lus du pays. Il a r\u00e9cemment \u00e9t\u00e9 au c\u0153ur de l\u2019actualit\u00e9 en <a href=\"https:\/\/www.newsendip.com\/etiquette\/espagne\/\">Espagne<\/a> en organisant une gr\u00e8ve des travailleurs contre Amazon \u00e0 l\u2019approche des promotions du Black Friday.<\/p>\n<p>Les taux d\u2019\u00e9mancipation en Espagne sont en baisse constante depuis 2009, selon l\u2019Institut national des statistiques (INE). En 2020, 55\u202f% des jeunes \u00e2g\u00e9s de 25 \u00e0 29 ans vivaient encore avec leurs parents.<\/p>\n<p>Malgr\u00e9 cela, 95\u202f% des jeunes sont sur le march\u00e9 du travail, poursuivent des \u00e9tudes sup\u00e9rieures ou sont dipl\u00f4m\u00e9s de l\u2019enseignement sup\u00e9rieur, un taux qui a augment\u00e9 de 2,8 points de pourcentage depuis 2018. Par comparaison, en 2022, 12\u202f% des 15\u201329 ans dans l\u2019UE n\u2019\u00e9taient ni en emploi ni en \u00e9ducation ou en formation, selon <a href=\"https:\/\/ec.europa.eu\/eurostat\/statistics-explained\/index.php?title=Statistics_on_young_people_neither_in_employment_nor_in_education_or_training\">Eurostat<\/a> (ce chiffre est ind\u00fbment augment\u00e9 car il inclut les dipl\u00f4m\u00e9s de l\u2019universit\u00e9 qui ne travaillent pas).<\/p>\n<p>L\u2019arr\u00eat de l\u2019\u00e9cole sans poursuivre d\u2019\u00e9tudes sup\u00e9rieures a \u00e9galement diminu\u00e9 en Espagne, passant de 30\u202f% en 2009 \u00e0 14\u202f% en 2022, selon&nbsp;l\u2019INE.<\/p>\n<p>En Espagne, les jeunes attendent au moins 24 ans pour signer et conserver un contrat \u00e0 long terme, selon le rapport. Bien que la d\u00e9pendance des jeunes \u00e0 l\u2019\u00e9gard des contrats temporaires ait consid\u00e9rablement diminu\u00e9 depuis 2019, seuls 36\u202f% des Espagnols \u00e2g\u00e9s de 20 \u00e0 24 ans ont un contrat \u00e0 long terme et \u00e0 temps plein. Les autres d\u00e9pendent de contrats \u00e0 temps partiel ou temporaires.<\/p>\n<p>Le rapport montre que de nombreux jeunes, en particulier les femmes, d\u00e9pendent du travail \u00e0 temps partiel. Quarante-quatre pour cent des travailleuses \u00e2g\u00e9es de 20 \u00e0 24 ans d\u00e9pendent de contrats \u00e0 temps partiel (30\u202f% pour les hommes). Dans la tranche d\u2019\u00e2ge des 25\u201329 ans, ce chiffre tombe \u00e0 23\u202f% (11\u202f% pour les hommes). Le rapport montre que plus d\u2019un tiers des jeunes travailleurs espagnols (\u00e2g\u00e9s de 25 \u00e0 34 ans) sont surdimensionn\u00e9s pour leur emploi\u202f; leur niveau d\u2019\u00e9tudes et de formation \u00e9tant sup\u00e9rieur \u00e0 celui de leur travail actuel.<\/p>\n<p>Si le salaire et l\u2019emploi font partie de l\u2019\u00e9quation, l\u2019<a href=\"https:\/\/www.newsendip.com\/fr\/les-jeunes-espagnols-recoivent-de-largent-pour-quitter-leurs-parents\/\">acc\u00e8s au logement joue \u00e9galement un r\u00f4le<\/a> dans les \u00e9mancipations tardives.<\/p>\n<p>\u00ab\u202f<em>Les probl\u00e8mes des jeunes [en Espagne] sont de moins en moins li\u00e9s \u00e0 des questions d\u2019emploi et de plus en plus \u00e0 des questions de vie en g\u00e9n\u00e9ral, tr\u00e8s li\u00e9es \u00e0 l\u2019impossibilit\u00e9 de garantir le droit \u00e0 un logement digne et abordable<\/em>\u202f\u00bb, indique le&nbsp;CCOO.<\/p>\n<p>Bien que le rapport fasse l\u2019\u00e9loge d\u2019une <a href=\"https:\/\/www.newsendip.com\/fr\/emancipation-de-la-jeunesse-espagnole-qui-quitte-le-foyer-a-pres-de-30-ans-devrait-rester-difficile-dans-les-annees-a-venir\/\">loi nationale sur le logement adopt\u00e9e en mai 2023<\/a>, qui \u00ab\u202f<em>vise \u00e0 fournir un logement digne et ad\u00e9quat aux personnes en difficult\u00e9<\/em>\u202f\u00bb, il indique que son effet a \u00e9t\u00e9 limit\u00e9 par le fait que le principal parti de droite en Espagne, le Partido Popular (PP), contr\u00f4le la plupart des gouvernements r\u00e9gionaux de l\u2019Espagne depuis la fin de l\u2019ann\u00e9e. Le PP s\u2019oppose \u00e0 la loi et cherche \u00e0 la r\u00e9former.<\/p>\n<p>Le rapport sugg\u00e8re des \u00ab\u202f<em>mesures ambitieuses<\/em>\u202f\u00bb pour rem\u00e9dier \u00e0 l\u2019augmentation de l\u2019\u00e2ge d\u2019\u00e9mancipation. Il propose d\u2019utiliser les cr\u00e9dits de l\u2019Union europ\u00e9enne pour cr\u00e9er des programmes de logements sociaux. \u00ab\u202f<em>En l\u2019absence de mesures ambitieuses de ce type, les difficult\u00e9s d\u2019\u00e9mancipation des jeunes continueront \u00e0 s\u2019accro\u00eetre.<\/em>\u202f\u00bb<\/p>\n<p>Le secr\u00e9taire g\u00e9n\u00e9ral des CCOO, Unai Sordo, a interpell\u00e9 l\u2019actuel pr\u00e9sident du gouvernement espagnol, Pedro S\u00e1nchez, lors de la conf\u00e9rence de presse. Il a demand\u00e9 de faire preuve de \u00ab\u202f<em>courage<\/em>\u202f\u00bb en limitant la hausse des prix des loyers.<\/p>\n<p>\u00ab\u202f<em>La loi sur le logement ne suffira pas, il y aura un boycott r\u00e9gional<\/em>\u202f\u00bb contre l\u2019achat de biens immobiliers a d\u00e9clar\u00e9 M.&nbsp;Sordo.<\/p>\n","protected":false},"excerpt":{"rendered":"<p>Un nouveau rapport sur l\u2019emploi et la s\u00e9curit\u00e9 de l\u2019emploi montre que les jeunes Espagnols s\u2019\u00e9mancipent \u00e0 un \u00e2ge de plus en plus avanc\u00e9 au cours des derni\u00e8res ann\u00e9es. Bien que la grande majorit\u00e9 de la population jeune soit \u00e9duqu\u00e9e ou travaille, l\u2019\u00e2ge d\u2019\u00e9mancipation est l\u2019un des plus \u00e9lev\u00e9s de tous les pays de&nbsp;l\u2019UE.<\/p>\n","protected":false},"author":226,"featured_media":33956,"comment_status":"closed","ping_status":"open","sticky":false,"template":"","format":"standard","meta":{"wp_typography_post_enhancements_disabled":false,"footnotes":""},"categories":[414],"tags":[433,1334],"class_list":["post-34036","post","type-post","status-publish","format-standard","has-post-thumbnail","hentry","category-economie","tag-espagne","tag-nouveau"],"yoast_head":"<!-- This site is optimized with the Yoast SEO Premium plugin v27.4 (Yoast SEO v27.4) - https:\/\/yoast.com\/product\/yoast-seo-premium-wordpress\/ -->\n<title>Plus de la moiti\u00e9 des Espagnols ne peuvent quitter le foyer parental avec s\u00e9r\u00e9nit\u00e9 qu&#039;\u00e0 partir de 38 ans, selon le premier syndicat du pays<\/title>\n<meta name=\"description\" content=\"Un nouveau rapport sur l&#039;emploi et la s\u00e9curit\u00e9 de l&#039;emploi montre que les jeunes Espagnols s&#039;\u00e9mancipent \u00e0 un \u00e2ge de plus en plus avanc\u00e9 au cours des derni\u00e8res ann\u00e9es. Bien que la grande majorit\u00e9 de la population jeune soit \u00e9duqu\u00e9e ou travaille, l&#039;\u00e2ge d&#039;\u00e9mancipation est l&#039;un des plus \u00e9lev\u00e9s de tous les pays de l&#039;UE.\" \/>\n<meta name=\"robots\" content=\"index, follow, max-snippet:-1, max-image-preview:large, max-video-preview:-1\" \/>\n<link rel=\"canonical\" href=\"https:\/\/www.newsendip.com\/fr\/plus-de-la-moitie-des-espagnols-ne-peuvent-quitter-le-foyer-parental-avec-serenite-qua-partir-de-38-ans-selon-le-premier-syndicat-du-pays\/\" \/>\n<meta property=\"og:locale\" content=\"fr_FR\" \/>\n<meta property=\"og:type\" content=\"article\" \/>\n<meta property=\"og:title\" content=\"Plus de la moiti\u00e9 des Espagnols ne peuvent quitter le foyer parental avec s\u00e9r\u00e9nit\u00e9 qu&#039;\u00e0 partir de 38 ans, selon le premier syndicat du pays\" \/>\n<meta property=\"og:description\" content=\"Un nouveau rapport sur l&#039;emploi et la s\u00e9curit\u00e9 de l&#039;emploi montre que les jeunes Espagnols s&#039;\u00e9mancipent \u00e0 un \u00e2ge de plus en plus avanc\u00e9 au cours des derni\u00e8res ann\u00e9es. Bien que la grande majorit\u00e9 de la population jeune soit \u00e9duqu\u00e9e ou travaille, l&#039;\u00e2ge d&#039;\u00e9mancipation est l&#039;un des plus \u00e9lev\u00e9s de tous les pays de l&#039;UE.\" \/>\n<meta property=\"og:url\" content=\"https:\/\/www.newsendip.com\/fr\/plus-de-la-moitie-des-espagnols-ne-peuvent-quitter-le-foyer-parental-avec-serenite-qua-partir-de-38-ans-selon-le-premier-syndicat-du-pays\/\" \/>\n<meta property=\"og:site_name\" content=\"Newsendip\" \/>\n<meta property=\"article:publisher\" content=\"https:\/\/www.facebook.com\/newsendip\" \/>\n<meta property=\"article:published_time\" content=\"2023-11-24T17:20:11+00:00\" \/>\n<meta property=\"article:modified_time\" content=\"2025-08-08T11:03:11+00:00\" \/>\n<meta property=\"og:image\" content=\"https:\/\/www.newsendip.com\/wp-content\/uploads\/2023\/11\/pexels-ketut-subiyanto-4246271-1-scaled.jpg\" \/>\n\t<meta property=\"og:image:width\" content=\"2560\" \/>\n\t<meta property=\"og:image:height\" content=\"1707\" \/>\n\t<meta property=\"og:image:type\" content=\"image\/jpeg\" \/>\n<meta name=\"author\" content=\"Alexander Saraff Marcos\" \/>\n<meta name=\"twitter:card\" content=\"summary_large_image\" \/>\n<meta name=\"twitter:image\" content=\"https:\/\/www.newsendip.com\/wp-content\/uploads\/2023\/11\/pexels-ketut-subiyanto-4246271-1-scaled.jpg\" \/>\n<meta name=\"twitter:creator\" content=\"@https:\/\/twitter.com\/AlexanderSaraff\" \/>\n<meta name=\"twitter:site\" content=\"@newsendip\" \/>\n<meta name=\"twitter:label1\" content=\"\u00c9crit par\" \/>\n\t<meta name=\"twitter:data1\" content=\"Alexander Saraff Marcos\" \/>\n\t<meta name=\"twitter:label2\" content=\"Dur\u00e9e de lecture estim\u00e9e\" \/>\n\t<meta name=\"twitter:data2\" content=\"4 minutes\" \/>\n<!-- \/ Yoast SEO Premium plugin. -->","yoast_head_json":{"title":"Plus de la moiti\u00e9 des Espagnols ne peuvent quitter le foyer parental avec s\u00e9r\u00e9nit\u00e9 qu'\u00e0 partir de 38 ans, selon le premier syndicat du pays","description":"Un nouveau rapport sur l'emploi et la s\u00e9curit\u00e9 de l'emploi montre que les jeunes Espagnols s'\u00e9mancipent \u00e0 un \u00e2ge de plus en plus avanc\u00e9 au cours des derni\u00e8res ann\u00e9es. Bien que la grande majorit\u00e9 de la population jeune soit \u00e9duqu\u00e9e ou travaille, l'\u00e2ge d'\u00e9mancipation est l'un des plus \u00e9lev\u00e9s de tous les pays de l'UE.","robots":{"index":"index","follow":"follow","max-snippet":"max-snippet:-1","max-image-preview":"max-image-preview:large","max-video-preview":"max-video-preview:-1"},"canonical":"https:\/\/www.newsendip.com\/fr\/plus-de-la-moitie-des-espagnols-ne-peuvent-quitter-le-foyer-parental-avec-serenite-qua-partir-de-38-ans-selon-le-premier-syndicat-du-pays\/","og_locale":"fr_FR","og_type":"article","og_title":"Plus de la moiti\u00e9 des Espagnols ne peuvent quitter le foyer parental avec s\u00e9r\u00e9nit\u00e9 qu'\u00e0 partir de 38 ans, selon le premier syndicat du pays","og_description":"Un nouveau rapport sur l'emploi et la s\u00e9curit\u00e9 de l'emploi montre que les jeunes Espagnols s'\u00e9mancipent \u00e0 un \u00e2ge de plus en plus avanc\u00e9 au cours des derni\u00e8res ann\u00e9es. Bien que la grande majorit\u00e9 de la population jeune soit \u00e9duqu\u00e9e ou travaille, l'\u00e2ge d'\u00e9mancipation est l'un des plus \u00e9lev\u00e9s de tous les pays de l'UE.","og_url":"https:\/\/www.newsendip.com\/fr\/plus-de-la-moitie-des-espagnols-ne-peuvent-quitter-le-foyer-parental-avec-serenite-qua-partir-de-38-ans-selon-le-premier-syndicat-du-pays\/","og_site_name":"Newsendip","article_publisher":"https:\/\/www.facebook.com\/newsendip","article_published_time":"2023-11-24T17:20:11+00:00","article_modified_time":"2025-08-08T11:03:11+00:00","og_image":[{"width":2560,"height":1707,"url":"https:\/\/www.newsendip.com\/wp-content\/uploads\/2023\/11\/pexels-ketut-subiyanto-4246271-1-scaled.jpg","type":"image\/jpeg"}],"author":"Alexander Saraff Marcos","twitter_card":"summary_large_image","twitter_image":"https:\/\/www.newsendip.com\/wp-content\/uploads\/2023\/11\/pexels-ketut-subiyanto-4246271-1-scaled.jpg","twitter_creator":"@https:\/\/twitter.com\/AlexanderSaraff","twitter_site":"@newsendip","twitter_misc":{"\u00c9crit par":"Alexander Saraff Marcos","Dur\u00e9e de lecture estim\u00e9e":"4 minutes"},"schema":{"@context":"https:\/\/schema.org","@graph":[{"@type":"NewsArticle","@id":"https:\/\/www.newsendip.com\/fr\/plus-de-la-moitie-des-espagnols-ne-peuvent-quitter-le-foyer-parental-avec-serenite-qua-partir-de-38-ans-selon-le-premier-syndicat-du-pays\/#article","isPartOf":{"@id":"https:\/\/www.newsendip.com\/fr\/plus-de-la-moitie-des-espagnols-ne-peuvent-quitter-le-foyer-parental-avec-serenite-qua-partir-de-38-ans-selon-le-premier-syndicat-du-pays\/"},"author":{"name":"Alexander Saraff Marcos","@id":"https:\/\/www.newsendip.com\/fr\/#\/schema\/person\/e3467cf4a38ff8f5b92c83c7422ae321"},"headline":"Plus de la moiti\u00e9 des Espagnols ne peuvent quitter le foyer parental avec s\u00e9r\u00e9nit\u00e9 qu\u2019\u00e0 partir de 38 ans, selon le premier syndicat du&nbsp;pays","datePublished":"2023-11-24T17:20:11+00:00","dateModified":"2025-08-08T11:03:11+00:00","mainEntityOfPage":{"@id":"https:\/\/www.newsendip.com\/fr\/plus-de-la-moitie-des-espagnols-ne-peuvent-quitter-le-foyer-parental-avec-serenite-qua-partir-de-38-ans-selon-le-premier-syndicat-du-pays\/"},"wordCount":859,"publisher":{"@id":"https:\/\/www.newsendip.com\/fr\/#organization"},"image":{"@id":"https:\/\/www.newsendip.com\/fr\/plus-de-la-moitie-des-espagnols-ne-peuvent-quitter-le-foyer-parental-avec-serenite-qua-partir-de-38-ans-selon-le-premier-syndicat-du-pays\/#primaryimage"},"thumbnailUrl":"https:\/\/www.newsendip.com\/wp-content\/uploads\/2023\/11\/pexels-ketut-subiyanto-4246271-1-scaled.jpg","keywords":["Espagne","R\u00e9cent"],"articleSection":["\u00c9conomie"],"inLanguage":"fr-FR","copyrightYear":"2023","copyrightHolder":{"@id":"https:\/\/www.newsendip.com\/#organization"}},{"@type":"WebPage","@id":"https:\/\/www.newsendip.com\/fr\/plus-de-la-moitie-des-espagnols-ne-peuvent-quitter-le-foyer-parental-avec-serenite-qua-partir-de-38-ans-selon-le-premier-syndicat-du-pays\/","url":"https:\/\/www.newsendip.com\/fr\/plus-de-la-moitie-des-espagnols-ne-peuvent-quitter-le-foyer-parental-avec-serenite-qua-partir-de-38-ans-selon-le-premier-syndicat-du-pays\/","name":"Plus de la moiti\u00e9 des Espagnols ne peuvent quitter le foyer parental avec s\u00e9r\u00e9nit\u00e9 qu'\u00e0 partir de 38 ans, selon le premier syndicat du pays","isPartOf":{"@id":"https:\/\/www.newsendip.com\/fr\/#website"},"primaryImageOfPage":{"@id":"https:\/\/www.newsendip.com\/fr\/plus-de-la-moitie-des-espagnols-ne-peuvent-quitter-le-foyer-parental-avec-serenite-qua-partir-de-38-ans-selon-le-premier-syndicat-du-pays\/#primaryimage"},"image":{"@id":"https:\/\/www.newsendip.com\/fr\/plus-de-la-moitie-des-espagnols-ne-peuvent-quitter-le-foyer-parental-avec-serenite-qua-partir-de-38-ans-selon-le-premier-syndicat-du-pays\/#primaryimage"},"thumbnailUrl":"https:\/\/www.newsendip.com\/wp-content\/uploads\/2023\/11\/pexels-ketut-subiyanto-4246271-1-scaled.jpg","datePublished":"2023-11-24T17:20:11+00:00","dateModified":"2025-08-08T11:03:11+00:00","description":"Un nouveau rapport sur l'emploi et la s\u00e9curit\u00e9 de l'emploi montre que les jeunes Espagnols s'\u00e9mancipent \u00e0 un \u00e2ge de plus en plus avanc\u00e9 au cours des derni\u00e8res ann\u00e9es. Bien que la grande majorit\u00e9 de la population jeune soit \u00e9duqu\u00e9e ou travaille, l'\u00e2ge d'\u00e9mancipation est l'un des plus \u00e9lev\u00e9s de tous les pays de l'UE.","breadcrumb":{"@id":"https:\/\/www.newsendip.com\/fr\/plus-de-la-moitie-des-espagnols-ne-peuvent-quitter-le-foyer-parental-avec-serenite-qua-partir-de-38-ans-selon-le-premier-syndicat-du-pays\/#breadcrumb"},"inLanguage":"fr-FR","potentialAction":[{"@type":"ReadAction","target":["https:\/\/www.newsendip.com\/fr\/plus-de-la-moitie-des-espagnols-ne-peuvent-quitter-le-foyer-parental-avec-serenite-qua-partir-de-38-ans-selon-le-premier-syndicat-du-pays\/"]}]},{"@type":"ImageObject","inLanguage":"fr-FR","@id":"https:\/\/www.newsendip.com\/fr\/plus-de-la-moitie-des-espagnols-ne-peuvent-quitter-le-foyer-parental-avec-serenite-qua-partir-de-38-ans-selon-le-premier-syndicat-du-pays\/#primaryimage","url":"https:\/\/www.newsendip.com\/wp-content\/uploads\/2023\/11\/pexels-ketut-subiyanto-4246271-1-scaled.jpg","contentUrl":"https:\/\/www.newsendip.com\/wp-content\/uploads\/2023\/11\/pexels-ketut-subiyanto-4246271-1-scaled.jpg","width":2560,"height":1707,"caption":"Selon un syndicat de travailleurs espagnol, les jeunes Espagnols ne sont pas bien pr\u00e9par\u00e9s pour s'\u00e9manciper | \u00a9 Ketut Subiyanto"},{"@type":"BreadcrumbList","@id":"https:\/\/www.newsendip.com\/fr\/plus-de-la-moitie-des-espagnols-ne-peuvent-quitter-le-foyer-parental-avec-serenite-qua-partir-de-38-ans-selon-le-premier-syndicat-du-pays\/#breadcrumb","itemListElement":[{"@type":"ListItem","position":1,"name":"Accueil","item":"https:\/\/www.newsendip.com\/fr\/"},{"@type":"ListItem","position":2,"name":"Plus de la moiti\u00e9 des Espagnols ne peuvent quitter le foyer parental avec s\u00e9r\u00e9nit\u00e9 qu&#8217;\u00e0 partir de 38 ans, selon le premier syndicat du pays"}]},{"@type":"WebSite","@id":"https:\/\/www.newsendip.com\/fr\/#website","url":"https:\/\/www.newsendip.com\/fr\/","name":"Newsendip","description":"Red\u00e9couvrez l&#039;actualit\u00e9 internationale","publisher":{"@id":"https:\/\/www.newsendip.com\/fr\/#organization"},"potentialAction":[{"@type":"SearchAction","target":{"@type":"EntryPoint","urlTemplate":"https:\/\/www.newsendip.com\/fr\/?s={search_term_string}"},"query-input":{"@type":"PropertyValueSpecification","valueRequired":true,"valueName":"search_term_string"}}],"inLanguage":"fr-FR"},{"@type":"Organization","@id":"https:\/\/www.newsendip.com\/fr\/#organization","name":"Newsendip","url":"https:\/\/www.newsendip.com\/fr\/","logo":{"@type":"ImageObject","inLanguage":"fr-FR","@id":"https:\/\/www.newsendip.com\/fr\/#\/schema\/logo\/image\/","url":"https:\/\/www.newsendip.com\/wp-content\/uploads\/2023\/12\/512x512.svg","contentUrl":"https:\/\/www.newsendip.com\/wp-content\/uploads\/2023\/12\/512x512.svg","width":1,"height":1,"caption":"Newsendip"},"image":{"@id":"https:\/\/www.newsendip.com\/fr\/#\/schema\/logo\/image\/"},"sameAs":["https:\/\/www.facebook.com\/newsendip","https:\/\/x.com\/newsendip","https:\/\/mastodon.social\/@newsendip","https:\/\/www.linkedin.com\/company\/newsendip"],"description":"Newsendip est un site qui a pour mission de rendre l'actualit\u00e9 internationale accessible et diversifi\u00e9e","email":"contact@newsendip.com","legalName":"Newsendip SAS","foundingDate":"2022-11-04","vatID":"FR60921124723","numberOfEmployees":{"@type":"QuantitativeValue","minValue":"1","maxValue":"10"},"publishingPrinciples":"https:\/\/www.newsendip.com\/about-us\/","ownershipFundingInfo":"https:\/\/www.newsendip.com\/legal-notice\/","actionableFeedbackPolicy":"https:\/\/www.newsendip.com\/about-us\/","correctionsPolicy":"https:\/\/www.newsendip.com\/about-us\/","ethicsPolicy":"https:\/\/www.newsendip.com\/about-us\/","diversityPolicy":"https:\/\/www.newsendip.com\/about-us\/"},{"@type":"Person","@id":"https:\/\/www.newsendip.com\/fr\/#\/schema\/person\/e3467cf4a38ff8f5b92c83c7422ae321","name":"Alexander Saraff Marcos","description":"Alexander is a writer for Newsendip. He is a dual citizen of the United States and Spain and lives between Spain and France. He graduated from the University of Pittsburgh with a major in philosophy and a minor in French. He loves watching e-sport on his spare time.","sameAs":["https:\/\/www.linkedin.com\/in\/alexander-saraff-b132bb226\/","https:\/\/x.com\/https:\/\/twitter.com\/AlexanderSaraff"],"knowsAbout":["News"],"knowsLanguage":["English","Spanish","French"],"url":"https:\/\/www.newsendip.com\/fr\/author\/alexander-saraff\/"}]}},"_links":{"self":[{"href":"https:\/\/www.newsendip.com\/fr\/wp-json\/wp\/v2\/posts\/34036","targetHints":{"allow":["GET"]}}],"collection":[{"href":"https:\/\/www.newsendip.com\/fr\/wp-json\/wp\/v2\/posts"}],"about":[{"href":"https:\/\/www.newsendip.com\/fr\/wp-json\/wp\/v2\/types\/post"}],"author":[{"embeddable":true,"href":"https:\/\/www.newsendip.com\/fr\/wp-json\/wp\/v2\/users\/226"}],"replies":[{"embeddable":true,"href":"https:\/\/www.newsendip.com\/fr\/wp-json\/wp\/v2\/comments?post=34036"}],"version-history":[{"count":1,"href":"https:\/\/www.newsendip.com\/fr\/wp-json\/wp\/v2\/posts\/34036\/revisions"}],"predecessor-version":[{"id":44086,"href":"https:\/\/www.newsendip.com\/fr\/wp-json\/wp\/v2\/posts\/34036\/revisions\/44086"}],"wp:featuredmedia":[{"embeddable":true,"href":"https:\/\/www.newsendip.com\/fr\/wp-json\/wp\/v2\/media\/33956"}],"wp:attachment":[{"href":"https:\/\/www.newsendip.com\/fr\/wp-json\/wp\/v2\/media?parent=34036"}],"wp:term":[{"taxonomy":"category","embeddable":true,"href":"https:\/\/www.newsendip.com\/fr\/wp-json\/wp\/v2\/categories?post=34036"},{"taxonomy":"post_tag","embeddable":true,"href":"https:\/\/www.newsendip.com\/fr\/wp-json\/wp\/v2\/tags?post=34036"}],"curies":[{"name":"wp","href":"https:\/\/api.w.org\/{rel}","templated":true}]}}